{"id":166809,"date":"2020-08-03T15:40:06","date_gmt":"2020-08-03T18:40:06","guid":{"rendered":"https:\/\/aconteceunovale.com.br\/portal\/?p=166809"},"modified":"2020-08-03T15:40:36","modified_gmt":"2020-08-03T18:40:36","slug":"piloto-mineiro-e-novidade-em-maratona-de-formula-e","status":"publish","type":"post","link":"https:\/\/aconteceunovale.com.br\/portal\/?p=166809","title":{"rendered":"Piloto mineiro \u00e9 novidade em maratona de F\u00f3rmula E"},"content":{"rendered":"\n<p>O mineiro S\u00e9rgio Sette C\u00e2mara Filho ser\u00e1 uma das novidades entre os pilotos que disputar\u00e3o as seis corridas finais da temporada 2019\/2020 da F\u00f3rmula E, todas em Berlim (Alemanha), em nove dias. O brasileiro, de 22 anos, substituir\u00e1 o neozeland\u00eas Brendon Hartley na equipe GEOX Dragon, e estrear\u00e1 na categoria dos carros el\u00e9tricos na etapa de quarta-feira (5\/8\/2020), que abrir\u00e1 a &#8220;maratona&#8221; no aeroporto de Tempelhof, na capital alem\u00e3.<\/p>\n\n\n\n<p>Com Sette C\u00e2mara &#8211; piloto reserva das equipes Red Bull e AlphaTauri na F\u00f3rmula 1 &#8211; o Brasil passa a ter tr\u00eas representantes na F\u00f3rmula E. Al\u00e9m dele, competem Lucas Di Grassi, pela Audi, e Felipe Massa, da Venturi. O mineiro \u00e9 f\u00e3 declarado de Massa e o acompanhou de perto quando o agora companheiro de categoria quase foi campe\u00e3o mundial de F1, h\u00e1 12 anos.<\/p>\n\n\n\n<p>&#8220;Eu lembro que em 2008, eu estava na arquibancada [do aut\u00f3dromo de Interlagos] com meu pai e av\u00f4. Na hora que o Massa ganhou a corrida, que foi emocionante, debaixo de chuva, a gente come\u00e7ou a gritar. Na televis\u00e3o, a c\u00e2mera mudou para o momento em que o [Lewis] Hamilton ultrapassou o [Timo] Glock. Mas, quem estava na arquibancada s\u00f3 ficou sabendo que o Massa n\u00e3o foi campe\u00e3o uns dois minutos depois&#8221;, recordou o brasileiro, em entrevista divulgada pela F\u00f3rmula E.<\/p>\n\n\n\n<figure class=\"wp-block-gallery columns-1 is-cropped wp-block-gallery-1 is-layout-flex wp-block-gallery-is-layout-flex\"><ul class=\"blocks-gallery-grid\"><li class=\"blocks-gallery-item\"><figure><img loading=\"lazy\" decoding=\"async\" width=\"650\" height=\"365\" src=\"https:\/\/aconteceunovale.com.br\/portal\/wp-content\/uploads\/2020\/08\/sette_camara.png\" alt=\"\" data-id=\"166810\" data-full-url=\"https:\/\/aconteceunovale.com.br\/portal\/wp-content\/uploads\/2020\/08\/sette_camara.png\" data-link=\"https:\/\/aconteceunovale.com.br\/portal\/?attachment_id=166810\" class=\"wp-image-166810\" srcset=\"https:\/\/aconteceunovale.com.br\/portal\/wp-content\/uploads\/2020\/08\/sette_camara.png 650w, https:\/\/aconteceunovale.com.br\/portal\/wp-content\/uploads\/2020\/08\/sette_camara-300x168.png 300w\" sizes=\"auto, (max-width: 650px) 100vw, 650px\" \/><figcaption class=\"blocks-gallery-item__caption\"><em>Imagem: Reprodu\u00e7\u00e3o \/ Instagram S\u00e9rgio Sette C\u00e2mara<\/em><\/figcaption><\/figure><\/li><\/ul><\/figure>\n\n\n\n<p>&#8220;Nunca imaginei que fosse me profissionalizar como piloto. Sempre fui fan\u00e1tico por corridas e o Massa foi um her\u00f3i para mim na \u00e9poca. Ele e o Rubinho [Barrichello] me inspiraram muito a seguir nesse esporte. O Felipe liderou o automobilismo brasileiro e ainda lidera. Poder compartilhar a pista com algu\u00e9m como ele ser\u00e1 uma honra&#8221;, completou.<\/p>\n\n\n\n<p>Ser\u00e1 a primeira vez de Sette C\u00e2mara na categoria. Segundo ele, apesar de curta, a viv\u00eancia na F\u00f3rmula E ser\u00e1 importante no futuro. &#8220;Em geral, no automobilismo, as equipes sempre preferem pegar os pilotos que j\u00e1 est\u00e3o naquele meio. Como os carros el\u00e9tricos s\u00e3o muito diferentes, eu queria ter no curr\u00edculo algum tipo de experi\u00eancia que me ligasse \u00e0 F\u00f3rmula E&#8221;, explicou.<\/p>\n\n\n\n<p>&#8220;Eu n\u00e3o esperava [a chance] porque dou prioridade \u00e0 fun\u00e7\u00e3o de reserva na F1 e aos compromissos na Super F\u00f3rmula [campeonato de automobilismo japon\u00eas], porque s\u00e3o contratos que eu j\u00e1 tinha assinado. Por conta da pandemia [do novo coronav\u00edrus], achava que seria imposs\u00edvel fazer as tr\u00eas coisas ao mesmo tempo, mas encaixou que essas corridas em Berlim n\u00e3o batem com nada [no calend\u00e1rio]&#8221;, emendou.<\/p>\n\n\n\n<p>A maratona da F\u00f3rmula E ser\u00e1 disputada entre quarta (5) e o pr\u00f3ximo dia 13, sempre com dois dias de prova e dois de intervalo. A cada duas etapas, muda-se o layout da pista. Devido \u00e0 pandemia de covid-19, a Federa\u00e7\u00e3o Internacional de Automobilismo (FIA) aprovou a finaliza\u00e7\u00e3o do Mundial com port\u00f5es fechados. A categoria informou que adota &#8220;rigorosas medidas de seguran\u00e7a&#8221;, como limite de mil pessoas no local de prova, testes e exames di\u00e1rios, uso de m\u00e1scara, distanciamento social e restri\u00e7\u00e3o de movimento nos espa\u00e7os de trabalho.<\/p>\n\n\n\n<p>A temporada 2019\/2020 foi paralisada em mar\u00e7o, ap\u00f3s as etapas de Ar\u00e1bia Saudita (duas), Chile, M\u00e9xico e Marrocos. O portugu\u00eas Ant\u00f3nio F\u00e9lix da Costa lidera o campeonato de pilotos com 67 pontos, 11 \u00e0 frente do brit\u00e2nico Mitch Evans. Entre os brasileiros, Di Grassi \u00e9 o quinto, com 38 pontos, e Massa \u00e9 o 19\u00ba, com dois pontos.<\/p>\n\n\n\n<p>Por causa da pandemia, nove provas do calend\u00e1rio original haviam sido suspensas, entre elas, a de Berlim, a \u00fanica que foi retomada. Com isso, as corridas em Nova York (Estados Unidos), Sanya (China), Roma (It\u00e1lia), Paris (Fran\u00e7a), Seul (Coreia do Sul), Jacarta (Indon\u00e9sia) e Londres (duas corridas no Reino Unido) n\u00e3o ser\u00e3o disputadas nesta temporada.<\/p>\n\n\n\n<p class=\"has-background has-very-light-gray-background-color\">Quer saber as not\u00edcias do <strong>Aconteceu no Vale<\/strong> em primeira m\u00e3o? Siga-nos no Facebook <a rel=\"noreferrer noopener\" href=\"http:\/\/facebook.com\/aconteceunovale\" target=\"_blank\">@aconteceunovale<\/a>, Twitter <a rel=\"noreferrer noopener\" href=\"https:\/\/twitter.com\/noticiadosvales\" target=\"_blank\">@noticiadosvales<\/a> e Instagram <a rel=\"noreferrer noopener\" href=\"https:\/\/www.instagram.com\/aconteceunovale\" target=\"_blank\">@aconteceunovale<\/a>.<\/p>\n","protected":false},"excerpt":{"rendered":"<p>O mineiro S\u00e9rgio Sette C\u00e2mara Filho ser\u00e1 uma das novidades entre os pilotos que disputar\u00e3o as seis corridas finais da temporada 2019\/2020 da F\u00f3rmula E, todas em Berlim (Alemanha), em nove dias. O brasileiro, de 22 anos, substituir\u00e1 o neozeland\u00eas Brendon Hartley na equipe GEOX Dragon, e estrear\u00e1 na categoria dos carros el\u00e9tricos na etapa [&hellip;]<\/p>\n","protected":false},"author":1,"featured_media":166810,"comment_status":"open","ping_status":"closed","sticky":false,"template":"","format":"standard","meta":{"amp_status":"","footnotes":""},"categories":[59,123,28848],"tags":[226714,226712,29154,226710,226705,226711,226706,226713,226707,226704,226708,225677,226364,226709],"class_list":["post-166809","post","type-post","status-publish","format-standard","has-post-thumbnail","hentry","category-sports","category-gerais","category-mundo","tag-alphatauri","tag-brendon-hartley","tag-f1","tag-felipe-massa","tag-formula-e","tag-geox-dragon","tag-maratona-de-formula-e","tag-maratona-de-formula-e-em-tempelhof","tag-novidade-em-formula-e","tag-piloto-mineiro-e-novidade-em-maratona-de-formula-e","tag-piloto-mineiro-em-formula-e","tag-red-bull","tag-sergio-sette-camara","tag-sergio-sette-camara-filho"],"_links":{"self":[{"href":"https:\/\/aconteceunovale.com.br\/portal\/index.php?rest_route=\/wp\/v2\/posts\/166809","targetHints":{"allow":["GET"]}}],"collection":[{"href":"https:\/\/aconteceunovale.com.br\/portal\/index.php?rest_route=\/wp\/v2\/posts"}],"about":[{"href":"https:\/\/aconteceunovale.com.br\/portal\/index.php?rest_route=\/wp\/v2\/types\/post"}],"author":[{"embeddable":true,"href":"https:\/\/aconteceunovale.com.br\/portal\/index.php?rest_route=\/wp\/v2\/users\/1"}],"replies":[{"embeddable":true,"href":"https:\/\/aconteceunovale.com.br\/portal\/index.php?rest_route=%2Fwp%2Fv2%2Fcomments&post=166809"}],"version-history":[{"count":1,"href":"https:\/\/aconteceunovale.com.br\/portal\/index.php?rest_route=\/wp\/v2\/posts\/166809\/revisions"}],"predecessor-version":[{"id":166811,"href":"https:\/\/aconteceunovale.com.br\/portal\/index.php?rest_route=\/wp\/v2\/posts\/166809\/revisions\/166811"}],"wp:featuredmedia":[{"embeddable":true,"href":"https:\/\/aconteceunovale.com.br\/portal\/index.php?rest_route=\/wp\/v2\/media\/166810"}],"wp:attachment":[{"href":"https:\/\/aconteceunovale.com.br\/portal\/index.php?rest_route=%2Fwp%2Fv2%2Fmedia&parent=166809"}],"wp:term":[{"taxonomy":"category","embeddable":true,"href":"https:\/\/aconteceunovale.com.br\/portal\/index.php?rest_route=%2Fwp%2Fv2%2Fcategories&post=166809"},{"taxonomy":"post_tag","embeddable":true,"href":"https:\/\/aconteceunovale.com.br\/portal\/index.php?rest_route=%2Fwp%2Fv2%2Ftags&post=166809"}],"curies":[{"name":"wp","href":"https:\/\/api.w.org\/{rel}","templated":true}]}}