{"id":166804,"date":"2020-08-03T15:01:20","date_gmt":"2020-08-03T18:01:20","guid":{"rendered":"https:\/\/aconteceunovale.com.br\/portal\/?p=166804"},"modified":"2020-08-03T15:01:51","modified_gmt":"2020-08-03T18:01:51","slug":"ministro-da-casa-civil-testa-positivo-para-covid-19","status":"publish","type":"post","link":"https:\/\/aconteceunovale.com.br\/portal\/?p=166804","title":{"rendered":"Ministro da Casa Civil testa positivo para Covid-19"},"content":{"rendered":"\n<p>O ministro-chefe da Casa Civil, Walter Braga Netto, teve a confirma\u00e7\u00e3o hoje (3\/8\/2020) de que testou positivo para covid-19. Em nota, a assessoria da pasta informou que ele passa bem e est\u00e1 assintom\u00e1tico.<\/p>\n\n\n\n<p>\u201cEle ficar\u00e1 em isolamento at\u00e9 novo teste e avalia\u00e7\u00e3o m\u00e9dica. At\u00e9 l\u00e1, continuar\u00e1 cumprindo a sua agenda de forma remota\u201d, diz a nota.<\/p>\n\n\n\n<p>Na semana passada, o ministro da Ci\u00eancia, Tecnologia e Inova\u00e7\u00f5es,\u00a0Marcos Pontes, tamb\u00e9m informou que teve resultado positivo para covid-19. Outros ministros tamb\u00e9m tiveram a doen\u00e7a, como\u00a0Augusto Heleno, do Gabinete de Seguran\u00e7a Institucional;\u00a0Bento Albuquerque, de Minas e Energia;\u00a0Onyx Lorenzoni, da Cidadania;\u00a0Milton Ribeiro, da Educa\u00e7\u00e3o, e Wagner Ros\u00e1rio, da Controladoria-Geral da Uni\u00e3o.<\/p>\n\n\n\n<p>O presidente Jair Bolsonaro tamb\u00e9m j\u00e1 contraiu o novo coronav\u00edrus, assim como a primeira-dama,\u00a0Michellle Bolsonaro. Bolsonaro anunciou o resultado positivo do teste no dia 7 de julho e permaneceu em isolamento no Pal\u00e1cio da Alvorada at\u00e9 o \u00faltimo s\u00e1bado (25), quando informou que estava recuperado.<\/p>\n\n\n\n<figure class=\"wp-block-gallery columns-1 is-cropped wp-block-gallery-1 is-layout-flex wp-block-gallery-is-layout-flex\"><ul class=\"blocks-gallery-grid\"><li class=\"blocks-gallery-item\"><figure><img loading=\"lazy\" decoding=\"async\" width=\"678\" height=\"406\" src=\"https:\/\/aconteceunovale.com.br\/portal\/wp-content\/uploads\/2020\/08\/braga_netto.jpg\" alt=\"\" data-id=\"166805\" data-full-url=\"https:\/\/aconteceunovale.com.br\/portal\/wp-content\/uploads\/2020\/08\/braga_netto.jpg\" data-link=\"https:\/\/aconteceunovale.com.br\/portal\/?attachment_id=166805\" class=\"wp-image-166805\" srcset=\"https:\/\/aconteceunovale.com.br\/portal\/wp-content\/uploads\/2020\/08\/braga_netto.jpg 678w, https:\/\/aconteceunovale.com.br\/portal\/wp-content\/uploads\/2020\/08\/braga_netto-300x180.jpg 300w\" sizes=\"auto, (max-width: 678px) 100vw, 678px\" \/><figcaption class=\"blocks-gallery-item__caption\"><em>Braga Netto &#8211; Foto: Marcello Casal Jr \/ Ag\u00eancia Brasil<\/em><\/figcaption><\/figure><\/li><\/ul><\/figure>\n\n\n\n<p class=\"has-background has-very-light-gray-background-color\">Quer saber as not\u00edcias do <strong>Aconteceu no Vale<\/strong> em primeira m\u00e3o? Siga-nos no Facebook <a rel=\"noreferrer noopener\" href=\"http:\/\/facebook.com\/aconteceunovale\" target=\"_blank\">@aconteceunovale<\/a>, Twitter <a rel=\"noreferrer noopener\" href=\"https:\/\/twitter.com\/noticiadosvales\" target=\"_blank\">@noticiadosvales<\/a> e Instagram <a rel=\"noreferrer noopener\" href=\"https:\/\/www.instagram.com\/aconteceunovale\" target=\"_blank\">@aconteceunovale<\/a>.<\/p>\n","protected":false},"excerpt":{"rendered":"<p>O ministro-chefe da Casa Civil, Walter Braga Netto, teve a confirma\u00e7\u00e3o hoje (3\/8\/2020) de que testou positivo para covid-19. Em nota, a assessoria da pasta informou que ele passa bem e est\u00e1 assintom\u00e1tico. \u201cEle ficar\u00e1 em isolamento at\u00e9 novo teste e avalia\u00e7\u00e3o m\u00e9dica. At\u00e9 l\u00e1, continuar\u00e1 cumprindo a sua agenda de forma remota\u201d, diz a [&hellip;]<\/p>\n","protected":false},"author":1,"featured_media":166805,"comment_status":"open","ping_status":"closed","sticky":false,"template":"","format":"standard","meta":{"amp_status":"","footnotes":""},"categories":[6,40240,40242],"tags":[226699,226702,226703,4785,220477,220660,219520,218049,218205,214884,217997,226700,226690,215394,226695,216498,217998,226701,226691,218043,226696,1018,224944,224945,224943,224942,225311,19326,220349,82915,226692,226693,226689,218044,218045,215653,218206,219105,219104,218876,219519,140166,217692,220478,220479,220944,220945,226694,226697,226698],"class_list":["post-166804","post","type-post","status-publish","format-standard","has-post-thumbnail","hentry","category-br","category-politica-2","category-saude-2","tag-braga-netto","tag-braga-netto-coronavirus","tag-braga-netto-covid-19","tag-brasil","tag-brasil-bate-recorde-de-obitos-e-casos-confirmados-em-um-dia","tag-brasil-ultrapassa-marca-de-4-mil-obitos-por-covid-19","tag-casos-confirmados-e-obitos-no-brasil","tag-casos-de-coronavirus-no-brasil","tag-casos-de-covid-19-no-brasil","tag-coronavirus","tag-coronavirus-bolsonaro","tag-coronavirus-braga-netto","tag-coronavirus-ministro-da-casa-civil","tag-coronavirus-no-brasil","tag-coronavirus-walter-braga-netto","tag-covid-19","tag-covid-19-bolsonaro","tag-covid-19-braga-netto","tag-covid-19-ministro-da-casa-civil","tag-covid-19-no-brasil","tag-covid-19-walter-braga-netto","tag-destaque","tag-exame-bolsonaro","tag-exame-coronavirus-bolsonaro","tag-exame-covid-19-bolsonaro","tag-jair-bolsonaro-faz-exame-de-covid-19","tag-michelle-bolsonaro-diz-que-testou-negativo-para-covid-19","tag-ministerio-da-saude","tag-ministerio-da-saude-atualiza-numeros-do-coronavirus-no-brasil","tag-ministro-da-casa-civil","tag-ministro-da-casa-civil-coronavirus","tag-ministro-da-casa-civil-covid-19","tag-ministro-da-casa-civil-testa-positivo-para-covid-19","tag-mortes-por-coronavirus-no-brasil","tag-mortes-por-covid-19-no-brasil","tag-novo-coronavirus","tag-numero-de-casos-de-covid-19-confirmados-no-brasil","tag-numeros-da-covid-19-no-brasil","tag-numeros-do-coronavirus-no-brasil","tag-obitos-por-coronavirus-no-brasil","tag-obitos-por-covid-19-no-brasil","tag-pandemia","tag-pandemia-de-coronavirus","tag-recorde-de-obitos-por-coronavirus-no-brasil","tag-recorde-de-obitos-por-covid-19-no-brasil","tag-virus-vai-atingir-70-da-populacao","tag-virus-vai-atingir-70-da-populacao-diz-jair-bolsonaro","tag-walter-braga-netto","tag-walter-braga-netto-coronavirus","tag-walter-braga-netto-covid-19"],"_links":{"self":[{"href":"https:\/\/aconteceunovale.com.br\/portal\/index.php?rest_route=\/wp\/v2\/posts\/166804","targetHints":{"allow":["GET"]}}],"collection":[{"href":"https:\/\/aconteceunovale.com.br\/portal\/index.php?rest_route=\/wp\/v2\/posts"}],"about":[{"href":"https:\/\/aconteceunovale.com.br\/portal\/index.php?rest_route=\/wp\/v2\/types\/post"}],"author":[{"embeddable":true,"href":"https:\/\/aconteceunovale.com.br\/portal\/index.php?rest_route=\/wp\/v2\/users\/1"}],"replies":[{"embeddable":true,"href":"https:\/\/aconteceunovale.com.br\/portal\/index.php?rest_route=%2Fwp%2Fv2%2Fcomments&post=166804"}],"version-history":[{"count":1,"href":"https:\/\/aconteceunovale.com.br\/portal\/index.php?rest_route=\/wp\/v2\/posts\/166804\/revisions"}],"predecessor-version":[{"id":166806,"href":"https:\/\/aconteceunovale.com.br\/portal\/index.php?rest_route=\/wp\/v2\/posts\/166804\/revisions\/166806"}],"wp:featuredmedia":[{"embeddable":true,"href":"https:\/\/aconteceunovale.com.br\/portal\/index.php?rest_route=\/wp\/v2\/media\/166805"}],"wp:attachment":[{"href":"https:\/\/aconteceunovale.com.br\/portal\/index.php?rest_route=%2Fwp%2Fv2%2Fmedia&parent=166804"}],"wp:term":[{"taxonomy":"category","embeddable":true,"href":"https:\/\/aconteceunovale.com.br\/portal\/index.php?rest_route=%2Fwp%2Fv2%2Fcategories&post=166804"},{"taxonomy":"post_tag","embeddable":true,"href":"https:\/\/aconteceunovale.com.br\/portal\/index.php?rest_route=%2Fwp%2Fv2%2Ftags&post=166804"}],"curies":[{"name":"wp","href":"https:\/\/api.w.org\/{rel}","templated":true}]}}