{"id":166802,"date":"2020-08-03T14:53:25","date_gmt":"2020-08-03T17:53:25","guid":{"rendered":"https:\/\/aconteceunovale.com.br\/portal\/?p=166802"},"modified":"2020-08-03T15:18:05","modified_gmt":"2020-08-03T18:18:05","slug":"energia-eletrica-de-inadimplentes-pode-ser-cortada-a-partir-de-hoje","status":"publish","type":"post","link":"https:\/\/aconteceunovale.com.br\/portal\/?p=166802","title":{"rendered":"Energia el\u00e9trica de inadimplentes pode ser cortada a partir de hoje"},"content":{"rendered":"\n<p>A energia el\u00e9trica dos consumidores inadimplentes pode voltar a ser cortada a partir desta segunda-feira (3\/8\/2020), desde que sejam avisados. As interrup\u00e7\u00f5es estavam suspensas por determina\u00e7\u00e3o da Ag\u00eancia Nacional de Energia El\u00e9trica (Aneel) desde o dia 24 de mar\u00e7o. Como o prazo final para a isen\u00e7\u00e3o ocorreu no s\u00e1bado (1\u00ba), os cortes s\u00f3 est\u00e3o autorizados a acontecer a partir de hoje porque o desligamento de servi\u00e7os p\u00fablicos n\u00e3o pode acontecer nas sextas-feiras, s\u00e1bados, domingos e feriados.<\/p>\n\n\n\n<p>Segundo a Aneel, enquanto durar o estado de emerg\u00eancia da pandemia, continua proibido o corte para alguns grupos de consumidores. Conforme o&nbsp;<a rel=\"noreferrer noopener\" href=\"http:\/\/www.planalto.gov.br\/ccivil_03\/portaria\/DLG6-2020.htm\" target=\"_blank\">Decreto Legislativo n\u00ba 6\/2020<\/a>, esse prazo atualmente vai at\u00e9 o final de 2020. Neste grupo est\u00e3o consumidores de baixa renda; unidades onde more pessoa que dependa de equipamentos el\u00e9tricos essenciais \u00e0 preserva\u00e7\u00e3o da vida; unidades que deixaram de receber a fatura impressa sem autoriza\u00e7\u00e3o do consumidor, al\u00e9m daquelas cobradas em locais sem postos de arrecada\u00e7\u00e3o em funcionamento como bancos e lot\u00e9ricas, por exemplo, ou nos quais a circula\u00e7\u00e3o de pessoas seja restringida por ato do poder p\u00fablico.<\/p>\n\n\n\n<p class=\"has-background has-very-light-gray-background-color\">Quer saber as not\u00edcias do <strong>Aconteceu no Vale<\/strong> em primeira m\u00e3o? Siga-nos no Facebook <a rel=\"noreferrer noopener\" href=\"http:\/\/facebook.com\/aconteceunovale\" target=\"_blank\">@aconteceunovale<\/a>, Twitter <a rel=\"noreferrer noopener\" href=\"https:\/\/twitter.com\/noticiadosvales\" target=\"_blank\">@noticiadosvales<\/a> e Instagram <a rel=\"noreferrer noopener\" href=\"https:\/\/www.instagram.com\/aconteceunovale\" target=\"_blank\">@aconteceunovale<\/a>.<\/p>\n","protected":false},"excerpt":{"rendered":"<p>A energia el\u00e9trica dos consumidores inadimplentes pode voltar a ser cortada a partir desta segunda-feira (3\/8\/2020), desde que sejam avisados. As interrup\u00e7\u00f5es estavam suspensas por determina\u00e7\u00e3o da Ag\u00eancia Nacional de Energia El\u00e9trica (Aneel) desde o dia 24 de mar\u00e7o. Como o prazo final para a isen\u00e7\u00e3o ocorreu no s\u00e1bado (1\u00ba), os cortes s\u00f3 est\u00e3o autorizados [&hellip;]<\/p>\n","protected":false},"author":1,"featured_media":136246,"comment_status":"open","ping_status":"closed","sticky":false,"template":"","format":"standard","meta":{"amp_status":"","footnotes":""},"categories":[6],"tags":[26917,26918,226685,226688,226686,226687,226684,226683],"class_list":["post-166802","post","type-post","status-publish","format-standard","has-post-thumbnail","hentry","category-br","tag-agencia-nacional-de-energia-eletrica","tag-aneel","tag-cortar-energia-eletrica-de-inadimplentes","tag-cortar-energia-eletrica-dos-consumidores-inadimplentes","tag-corte-de-energia-eletrica-de-inadimplentes","tag-corte-de-energia-eletrica-dos-consumidores-inadimplentes","tag-energia-eletrica-de-inadimplentes","tag-energia-eletrica-de-inadimplentes-pode-ser-cortada-a-partir-de-hoje"],"_links":{"self":[{"href":"https:\/\/aconteceunovale.com.br\/portal\/index.php?rest_route=\/wp\/v2\/posts\/166802","targetHints":{"allow":["GET"]}}],"collection":[{"href":"https:\/\/aconteceunovale.com.br\/portal\/index.php?rest_route=\/wp\/v2\/posts"}],"about":[{"href":"https:\/\/aconteceunovale.com.br\/portal\/index.php?rest_route=\/wp\/v2\/types\/post"}],"author":[{"embeddable":true,"href":"https:\/\/aconteceunovale.com.br\/portal\/index.php?rest_route=\/wp\/v2\/users\/1"}],"replies":[{"embeddable":true,"href":"https:\/\/aconteceunovale.com.br\/portal\/index.php?rest_route=%2Fwp%2Fv2%2Fcomments&post=166802"}],"version-history":[{"count":2,"href":"https:\/\/aconteceunovale.com.br\/portal\/index.php?rest_route=\/wp\/v2\/posts\/166802\/revisions"}],"predecessor-version":[{"id":166808,"href":"https:\/\/aconteceunovale.com.br\/portal\/index.php?rest_route=\/wp\/v2\/posts\/166802\/revisions\/166808"}],"wp:featuredmedia":[{"embeddable":true,"href":"https:\/\/aconteceunovale.com.br\/portal\/index.php?rest_route=\/wp\/v2\/media\/136246"}],"wp:attachment":[{"href":"https:\/\/aconteceunovale.com.br\/portal\/index.php?rest_route=%2Fwp%2Fv2%2Fmedia&parent=166802"}],"wp:term":[{"taxonomy":"category","embeddable":true,"href":"https:\/\/aconteceunovale.com.br\/portal\/index.php?rest_route=%2Fwp%2Fv2%2Fcategories&post=166802"},{"taxonomy":"post_tag","embeddable":true,"href":"https:\/\/aconteceunovale.com.br\/portal\/index.php?rest_route=%2Fwp%2Fv2%2Ftags&post=166802"}],"curies":[{"name":"wp","href":"https:\/\/api.w.org\/{rel}","templated":true}]}}