{"id":16679,"date":"2013-12-24T13:32:15","date_gmt":"2013-12-24T15:32:15","guid":{"rendered":"http:\/\/aconteceunovale.com.br\/portal\/?p=16679"},"modified":"2013-12-24T13:32:15","modified_gmt":"2013-12-24T15:32:15","slug":"ipatinga-decreta-estado-de-calamidade-publica-por-causa-das-chuvas","status":"publish","type":"post","link":"https:\/\/aconteceunovale.com.br\/portal\/?p=16679","title":{"rendered":"Ipatinga decreta estado de calamidade p\u00fablica por causa das chuvas"},"content":{"rendered":"<p><em><strong>Situa\u00e7\u00e3o permite realiza\u00e7\u00e3o de obras sem necessidade de licita\u00e7\u00e3o; prefeita vai nesta quinta-feira (26) a Bras\u00edlia pedir que interven\u00e7\u00f5es sejam agilizadas<\/strong><\/em><\/p>\n<p><img decoding=\"async\" src=\"http:\/\/aconteceunovale.com.br\/portal\/wp-content\/uploads\/2013\/12\/ipatinga_decreta_estado_de_emergencia.jpg\" alt=\"\" \/><\/p>\n<p>A cidade de Ipatinga decretou estado de calamidade p\u00fablica devido \u00e0s fortes chuvas que atingem o munic\u00edpio desde o fim de semana passado. Segundo a prefeitura, pelo menos 200 fam\u00edlias est\u00e3o desabrigadas, e, na tarde dessa segunda-feira (23), j\u00e1 passava de 500 o total de chamados atendidos pela Defesa Civil nos \u00faltimos quatro dias. Com o estado de calamidade p\u00fablica decretado, obras emergenciais ser\u00e3o contratadas, sem necessidade de licita\u00e7\u00e3o.<\/p>\n<p>Nesta quinta-feira (26), a prefeita Cec\u00edlia Ferramenta vai a Bras\u00edlia para se reunir com o ministro da Integra\u00e7\u00e3o Nacional, Francisco Teixeira, e definir as medidas a serem adotadas. Cec\u00edlia vai pedir ao ministro agilidade no in\u00edcio das obras de saneamento b\u00e1sico e infraestrutura do Programa de Acelera\u00e7\u00e3o de Crescimento (PAC 2) aprovadas em outubro.<\/p>\n<p>A situa\u00e7\u00e3o na cidade preocupa. &#8220;Estamos com equipes multiprofissionais nas ruas, 24 horas por dia, para prestar assist\u00eancia \u00e0s v\u00edtimas e minimizar os estragos. Mas fa\u00e7o um apelo que, ao identificar alguma situa\u00e7\u00e3o anormal, as pessoas deixem suas casas imediatamente e acionem a Defesa Civil. A prioridade \u00e9 preservar a vida&#8221;, enfatizou a prefeita, que desde a sexta-feira (20) comanda a for\u00e7a-tarefa de atendimento \u00e0s v\u00edtimas das chuvas.<\/p>\n<p>&#8220;Desde o in\u00edcio do ano, estamos fazendo estudos e levantamentos da situa\u00e7\u00e3o enfrentada pelo munic\u00edpio, especialmente devido a falta de trabalho preventivo e de conten\u00e7\u00e3o nos \u00faltimos anos. J\u00e1 temos projetos aprovados junto ao Governo Federal e agora \u00e9 conseguir a libera\u00e7\u00e3o desses recursos e tamb\u00e9m de outras fontes de investimentos para solu\u00e7\u00e3o dos in\u00fameros problemas que surgiram com as \u00faltimas chuvas&#8221;, refor\u00e7ou Cec\u00edlia Ferramenta.<\/p>\n<p>Fonte: O Tempo<\/p>\n","protected":false},"excerpt":{"rendered":"<p>Situa\u00e7\u00e3o permite realiza\u00e7\u00e3o de obras sem necessidade de licita\u00e7\u00e3o; prefeita vai nesta quinta-feira (26) a Bras\u00edlia pedir que interven\u00e7\u00f5es sejam agilizadas A cidade de Ipatinga decretou estado de calamidade p\u00fablica devido \u00e0s fortes chuvas que atingem o munic\u00edpio desde o fim de semana passado. Segundo a prefeitura, pelo menos 200 fam\u00edlias est\u00e3o desabrigadas, e, na [&hellip;]<\/p>\n","protected":false},"author":1,"featured_media":0,"comment_status":"open","ping_status":"closed","sticky":false,"template":"","format":"standard","meta":{"amp_status":"","footnotes":""},"categories":[121],"tags":[201,2102],"class_list":["post-16679","post","type-post","status-publish","format-standard","hentry","category-leste","tag-ipatinga","tag-ipatinga-decreta-estado-de-calamidade-publica-por-causa-das-chuvas"],"_links":{"self":[{"href":"https:\/\/aconteceunovale.com.br\/portal\/index.php?rest_route=\/wp\/v2\/posts\/16679","targetHints":{"allow":["GET"]}}],"collection":[{"href":"https:\/\/aconteceunovale.com.br\/portal\/index.php?rest_route=\/wp\/v2\/posts"}],"about":[{"href":"https:\/\/aconteceunovale.com.br\/portal\/index.php?rest_route=\/wp\/v2\/types\/post"}],"author":[{"embeddable":true,"href":"https:\/\/aconteceunovale.com.br\/portal\/index.php?rest_route=\/wp\/v2\/users\/1"}],"replies":[{"embeddable":true,"href":"https:\/\/aconteceunovale.com.br\/portal\/index.php?rest_route=%2Fwp%2Fv2%2Fcomments&post=16679"}],"version-history":[{"count":0,"href":"https:\/\/aconteceunovale.com.br\/portal\/index.php?rest_route=\/wp\/v2\/posts\/16679\/revisions"}],"wp:attachment":[{"href":"https:\/\/aconteceunovale.com.br\/portal\/index.php?rest_route=%2Fwp%2Fv2%2Fmedia&parent=16679"}],"wp:term":[{"taxonomy":"category","embeddable":true,"href":"https:\/\/aconteceunovale.com.br\/portal\/index.php?rest_route=%2Fwp%2Fv2%2Fcategories&post=16679"},{"taxonomy":"post_tag","embeddable":true,"href":"https:\/\/aconteceunovale.com.br\/portal\/index.php?rest_route=%2Fwp%2Fv2%2Ftags&post=16679"}],"curies":[{"name":"wp","href":"https:\/\/api.w.org\/{rel}","templated":true}]}}