{"id":16675,"date":"2013-12-24T13:21:43","date_gmt":"2013-12-24T15:21:43","guid":{"rendered":"http:\/\/aconteceunovale.com.br\/portal\/?p=16675"},"modified":"2013-12-24T13:21:43","modified_gmt":"2013-12-24T15:21:43","slug":"vereador-preso-pelo-dhpp-e-empossado-em-santana-do-paraiso","status":"publish","type":"post","link":"https:\/\/aconteceunovale.com.br\/portal\/?p=16675","title":{"rendered":"Vereador preso pelo DHPP \u00e9 empossado em Santana do Para\u00edso"},"content":{"rendered":"<p><em><strong>Vereador estava preso desde maio de 2013.<br \/>\nParlamentar tamb\u00e9m \u00e9 detetive da Pol\u00edcia Civil.<\/strong><\/em><\/p>\n<p><img decoding=\"async\" src=\"http:\/\/aconteceunovale.com.br\/portal\/wp-content\/uploads\/2013\/12\/vereador_elton_pereira_sP1.png\" alt=\"\" \/><\/p>\n<p>Foi empossado nessa segunda-feira (23), em Santana do Para\u00edso, no Vale do A\u00e7o, o vereador Elton Pereira da Costa, do PT. O parlamentar, que tamb\u00e9m \u00e9 detetive da Pol\u00edcia Civil, estava preso desde Abril de 2013 em Belo Horizonte, suspeito de participa\u00e7\u00e3o em dois crimes.<\/p>\n<p>Elton foi solto ap\u00f3s a conclus\u00e3o da Promotoria de Justi\u00e7a de que n\u00e3o h\u00e1 provas suficientes para manter o detetive preso. Ele foi apontado pelas investiga\u00e7\u00f5es de envolvimento num duplo homic\u00eddio em 2012, e no desaparecimento de quatro adolescentes no ano passado.<\/p>\n<p>Muitas pessoas acompanharam a volta do vereador ao cargo. No discurso, ele disse que considerou injusta a a\u00e7\u00e3o Departamento de Homic\u00eddios da Pol\u00edcia Civil de Belo Horizonte ao prend\u00ea-lo sem provas suficientes.<\/p>\n<p>A Pol\u00edcia Civil do estado de Minas Gerais informou que n\u00e3o vai se manifestar em rela\u00e7\u00e3o aos coment\u00e1rios feitos pelo vereador.<\/p>\n<p>Fonte: G1<\/p>\n","protected":false},"excerpt":{"rendered":"<p>Vereador estava preso desde maio de 2013. Parlamentar tamb\u00e9m \u00e9 detetive da Pol\u00edcia Civil. Foi empossado nessa segunda-feira (23), em Santana do Para\u00edso, no Vale do A\u00e7o, o vereador Elton Pereira da Costa, do PT. O parlamentar, que tamb\u00e9m \u00e9 detetive da Pol\u00edcia Civil, estava preso desde Abril de 2013 em Belo Horizonte, suspeito de [&hellip;]<\/p>\n","protected":false},"author":1,"featured_media":0,"comment_status":"open","ping_status":"closed","sticky":false,"template":"","format":"standard","meta":{"amp_status":"","footnotes":""},"categories":[121],"tags":[2101,2100],"class_list":["post-16675","post","type-post","status-publish","format-standard","hentry","category-leste","tag-santana-do-paraiso","tag-vereador-preso-pelo-dhpp-e-empossado-em-santana-do-paraiso"],"_links":{"self":[{"href":"https:\/\/aconteceunovale.com.br\/portal\/index.php?rest_route=\/wp\/v2\/posts\/16675","targetHints":{"allow":["GET"]}}],"collection":[{"href":"https:\/\/aconteceunovale.com.br\/portal\/index.php?rest_route=\/wp\/v2\/posts"}],"about":[{"href":"https:\/\/aconteceunovale.com.br\/portal\/index.php?rest_route=\/wp\/v2\/types\/post"}],"author":[{"embeddable":true,"href":"https:\/\/aconteceunovale.com.br\/portal\/index.php?rest_route=\/wp\/v2\/users\/1"}],"replies":[{"embeddable":true,"href":"https:\/\/aconteceunovale.com.br\/portal\/index.php?rest_route=%2Fwp%2Fv2%2Fcomments&post=16675"}],"version-history":[{"count":0,"href":"https:\/\/aconteceunovale.com.br\/portal\/index.php?rest_route=\/wp\/v2\/posts\/16675\/revisions"}],"wp:attachment":[{"href":"https:\/\/aconteceunovale.com.br\/portal\/index.php?rest_route=%2Fwp%2Fv2%2Fmedia&parent=16675"}],"wp:term":[{"taxonomy":"category","embeddable":true,"href":"https:\/\/aconteceunovale.com.br\/portal\/index.php?rest_route=%2Fwp%2Fv2%2Fcategories&post=16675"},{"taxonomy":"post_tag","embeddable":true,"href":"https:\/\/aconteceunovale.com.br\/portal\/index.php?rest_route=%2Fwp%2Fv2%2Ftags&post=16675"}],"curies":[{"name":"wp","href":"https:\/\/api.w.org\/{rel}","templated":true}]}}