{"id":166733,"date":"2020-08-01T22:37:16","date_gmt":"2020-08-02T01:37:16","guid":{"rendered":"https:\/\/aconteceunovale.com.br\/portal\/?p=166733"},"modified":"2020-08-01T22:37:30","modified_gmt":"2020-08-02T01:37:30","slug":"montes-claros-tem-1-804-casos-e-27-mortes-por-covid-19-58-dos-pacientes-estao-recuperados","status":"publish","type":"post","link":"https:\/\/aconteceunovale.com.br\/portal\/?p=166733","title":{"rendered":"Montes Claros tem 1.804 casos e 27 mortes por Covid-19; 58% dos pacientes est\u00e3o recuperados"},"content":{"rendered":"\n<p>O setor de epidemiologia da Prefeitura de Montes Claros (MG) confirmou, neste s\u00e1bado (1\/8\/2020), 75 novos casos de Covid-19. Segundo informa\u00e7\u00f5es do boletim epidemiol\u00f3gico, o munic\u00edpio soma 1.804 moradores atingidos pelo coronav\u00edrus. 27 (1,5%) pacientes morreram e 1.059 (58,7%) est\u00e3o recuperados.<\/p>\n\n\n\n<p>Dos 75 casos confirmados hoje, 46 s\u00e3o pacientes do sexo feminino e 29 do sexo masculino (com idades entre 4 e 93 anos). Todos est\u00e3o em isolamento domiciliar e s\u00e3o monitorados pela vigil\u00e2ncia epidemiol\u00f3gica.<\/p>\n\n\n\n<p><strong>Hist\u00f3rico de novos casos confirmados:<\/strong><\/p>\n\n\n\n<ul class=\"wp-block-list\"><li>1\/8\/2020 (s\u00e1bado): 75 novos casos<\/li><li>31\/7\/2020 (sexta-feira): 168 novos casos<\/li><li>30\/7\/2020 (quinta-feira): 109 novos casos<\/li><li>29\/7\/2020 (quarta-feira): 104 novos casos<\/li><li>28\/7\/2020 (ter\u00e7a-feira): 85 novos casos<\/li><li>27\/7\/2020 (segunda-feira): 103 novos casos<\/li><li>25\/7\/2020 (s\u00e1bado): 51 novos casos<\/li><li>24\/7\/2020 (sexta-feira): 73 novos casos<\/li><\/ul>\n\n\n\n<h3 class=\"wp-block-heading\"><strong>Munic\u00edpios com mais casos nas regionais de Sa\u00fade de Janu\u00e1ria, Montes Claros e Pirapora (1\/8\/2020 \u2013 22h)<\/strong><\/h3>\n\n\n\n<figure class=\"wp-block-table\"><table><tbody><tr><td><strong>Munic\u00edpio<\/strong><\/td><td class=\"has-text-align-center\" data-align=\"center\"><strong>Casos<\/strong><\/td><td class=\"has-text-align-center\" data-align=\"center\"><strong>\u00d3bitos<\/strong><\/td><td class=\"has-text-align-center\" data-align=\"center\"><strong>Curados<\/strong><\/td><\/tr><tr><td>Montes Claros<\/td><td class=\"has-text-align-center\" data-align=\"center\">1.804<\/td><td class=\"has-text-align-center\" data-align=\"center\">27<\/td><td class=\"has-text-align-center\" data-align=\"center\">1.059<\/td><\/tr><tr><td>Jana\u00faba<\/td><td class=\"has-text-align-center\" data-align=\"center\">543<\/td><td class=\"has-text-align-center\" data-align=\"center\">12<\/td><td class=\"has-text-align-center\" data-align=\"center\">511<\/td><\/tr><tr><td>Salinas (31\/7)<\/td><td class=\"has-text-align-center\" data-align=\"center\">268<\/td><td class=\"has-text-align-center\" data-align=\"center\">10<\/td><td class=\"has-text-align-center\" data-align=\"center\">242<\/td><\/tr><tr><td>Pirapora<\/td><td class=\"has-text-align-center\" data-align=\"center\">227<\/td><td class=\"has-text-align-center\" data-align=\"center\">2<\/td><td class=\"has-text-align-center\" data-align=\"center\">180<\/td><\/tr><tr><td>Espinosa<\/td><td class=\"has-text-align-center\" data-align=\"center\">134<\/td><td class=\"has-text-align-center\" data-align=\"center\">6<\/td><td class=\"has-text-align-center\" data-align=\"center\">126<\/td><\/tr><tr><td>Porteirinha<\/td><td class=\"has-text-align-center\" data-align=\"center\">124<\/td><td class=\"has-text-align-center\" data-align=\"center\">0<\/td><td class=\"has-text-align-center\" data-align=\"center\">111<\/td><\/tr><tr><td>Taiobeiras<\/td><td class=\"has-text-align-center\" data-align=\"center\">105<\/td><td class=\"has-text-align-center\" data-align=\"center\">3<\/td><td class=\"has-text-align-center\" data-align=\"center\">85<\/td><\/tr><tr><td>Bocaiuva (31\/7)<\/td><td class=\"has-text-align-center\" data-align=\"center\">96<\/td><td class=\"has-text-align-center\" data-align=\"center\">2<\/td><td class=\"has-text-align-center\" data-align=\"center\">80<\/td><\/tr><tr><td>Buritizeiro (31\/7)<\/td><td class=\"has-text-align-center\" data-align=\"center\">92<\/td><td class=\"has-text-align-center\" data-align=\"center\">3<\/td><td class=\"has-text-align-center\" data-align=\"center\">82<\/td><\/tr><tr><td>V\u00e1rzea da Palma<\/td><td class=\"has-text-align-center\" data-align=\"center\">83<\/td><td class=\"has-text-align-center\" data-align=\"center\">3<\/td><td class=\"has-text-align-center\" data-align=\"center\">73<\/td><\/tr><tr><td>Monte Azul (SES-MG)<\/td><td class=\"has-text-align-center\" data-align=\"center\">82<\/td><td class=\"has-text-align-center\" data-align=\"center\">3<\/td><td class=\"has-text-align-center\" data-align=\"center\">64<\/td><\/tr><tr><td>Ja\u00edba (31\/7)<\/td><td class=\"has-text-align-center\" data-align=\"center\">80<\/td><td class=\"has-text-align-center\" data-align=\"center\">0<\/td><td class=\"has-text-align-center\" data-align=\"center\">76<\/td><\/tr><tr><td>S\u00e3o Jo\u00e3o do Para\u00edso (SES-MG)<\/td><td class=\"has-text-align-center\" data-align=\"center\">73<\/td><td class=\"has-text-align-center\" data-align=\"center\">0<\/td><td class=\"has-text-align-center\" data-align=\"center\">62<\/td><\/tr><tr><td>Manga (SES-MG)<\/td><td class=\"has-text-align-center\" data-align=\"center\">71<\/td><td class=\"has-text-align-center\" data-align=\"center\">0<\/td><td class=\"has-text-align-center\" data-align=\"center\">3<\/td><\/tr><tr><td>Francisco S\u00e1 (31\/7)<\/td><td class=\"has-text-align-center\" data-align=\"center\">65<\/td><td class=\"has-text-align-center\" data-align=\"center\">1<\/td><td class=\"has-text-align-center\" data-align=\"center\">61<\/td><\/tr><tr><td>S\u00e3o Francisco (31\/7)<\/td><td class=\"has-text-align-center\" data-align=\"center\">61<\/td><td class=\"has-text-align-center\" data-align=\"center\">7<\/td><td class=\"has-text-align-center\" data-align=\"center\">42<\/td><\/tr><\/tbody><\/table><\/figure>\n\n\n\n<p class=\"has-background has-very-light-gray-background-color\">Quer saber as not\u00edcias do <strong>Aconteceu no Vale<\/strong> em primeira m\u00e3o? Siga-nos no Facebook <a rel=\"noreferrer noopener\" href=\"http:\/\/facebook.com\/aconteceunovale\" target=\"_blank\">@aconteceunovale<\/a>, Twitter <a rel=\"noreferrer noopener\" href=\"https:\/\/twitter.com\/noticiadosvales\" target=\"_blank\">@noticiadosvales<\/a> e Instagram <a rel=\"noreferrer noopener\" href=\"https:\/\/www.instagram.com\/aconteceunovale\" target=\"_blank\">@aconteceunovale<\/a>.<\/p>\n","protected":false},"excerpt":{"rendered":"<p>O setor de epidemiologia da Prefeitura de Montes Claros (MG) confirmou, neste s\u00e1bado (1\/8\/2020), 75 novos casos de Covid-19. Segundo informa\u00e7\u00f5es do boletim epidemiol\u00f3gico, o munic\u00edpio soma 1.804 moradores atingidos pelo coronav\u00edrus. 27 (1,5%) pacientes morreram e 1.059 (58,7%) est\u00e3o recuperados. Dos 75 casos confirmados hoje, 46 s\u00e3o pacientes do sexo feminino e 29 do [&hellip;]<\/p>\n","protected":false},"author":1,"featured_media":166097,"comment_status":"open","ping_status":"closed","sticky":false,"template":"","format":"standard","meta":{"amp_status":"","footnotes":""},"categories":[1236,40242],"tags":[645,1535,218086,222764,224270,217228,220749,225519,225625,222765,1278,204,222763,1277,210,225313,226200,225432,225774,225965,226009,221820,222767,254,1194,222864,222766,190,1522,222846,222918,419,1340],"class_list":["post-166733","post","type-post","status-publish","format-standard","has-post-thumbnail","hentry","category-norte_de_minas","category-saude-2","tag-bocaiuva","tag-buritizeiro","tag-casos-de-coronavirus-em-montes-claros","tag-casos-de-covid-19-em-montes-claros","tag-casos-de-covid-19-estao-distribuidos-em-68-bairros-de-montes-claros","tag-coronavirus-em-montes-claros","tag-covid-19-em-montes-claros","tag-covid-19-montes-claros-registra-mais-36-casos","tag-covid-19-montes-claros-registra-mais-um-obito-e-36-casos","tag-curados-do-coronavirus-em-montes-claros","tag-espinosa","tag-janauba","tag-mais-de-60-dos-infectados-com-coronavirus-em-montes-claros-ja-estao-recuperados","tag-monte-azul","tag-montes-claros","tag-montes-claros-confirma-57-novos-casos-de-covid-19","tag-montes-claros-tem-1-263-casos-confirmados-de-covid-19-22-pacientes-morreram-e-802-estao-recuperados","tag-montes-claros-tem-623-casos-confirmados-de-covid-19-nove-pacientes-morreram-e-319-estao-recuperados","tag-montes-claros-tem-762-casos-confirmados-de-covid-19-e-11-mortes","tag-montes-claros-tem-907-casos-confirmados-de-covid-19-e-13-obitos","tag-montes-claros-ultrapassa-marca-de-mil-casos-de-covid-19","tag-mortes-por-coronavirus-em-montes-claros","tag-mortes-por-covid-19-em-montes-claros","tag-pirapora","tag-porteirinha","tag-prefeitura-de-montes-claros-confirma-mais-tres-casos-de-covid-19","tag-recuperados-do-coronavirus-em-montes-claros","tag-salinas","tag-sao-francisco","tag-sobe-para-69-o-numero-de-casos-confirmados-de-covid-19-em-montes-claros","tag-sobe-para-77-o-numero-de-casos-confirmados-de-covid-19-em-montes-claros","tag-taiobeiras","tag-varzea-da-palma"],"_links":{"self":[{"href":"https:\/\/aconteceunovale.com.br\/portal\/index.php?rest_route=\/wp\/v2\/posts\/166733","targetHints":{"allow":["GET"]}}],"collection":[{"href":"https:\/\/aconteceunovale.com.br\/portal\/index.php?rest_route=\/wp\/v2\/posts"}],"about":[{"href":"https:\/\/aconteceunovale.com.br\/portal\/index.php?rest_route=\/wp\/v2\/types\/post"}],"author":[{"embeddable":true,"href":"https:\/\/aconteceunovale.com.br\/portal\/index.php?rest_route=\/wp\/v2\/users\/1"}],"replies":[{"embeddable":true,"href":"https:\/\/aconteceunovale.com.br\/portal\/index.php?rest_route=%2Fwp%2Fv2%2Fcomments&post=166733"}],"version-history":[{"count":1,"href":"https:\/\/aconteceunovale.com.br\/portal\/index.php?rest_route=\/wp\/v2\/posts\/166733\/revisions"}],"predecessor-version":[{"id":166734,"href":"https:\/\/aconteceunovale.com.br\/portal\/index.php?rest_route=\/wp\/v2\/posts\/166733\/revisions\/166734"}],"wp:featuredmedia":[{"embeddable":true,"href":"https:\/\/aconteceunovale.com.br\/portal\/index.php?rest_route=\/wp\/v2\/media\/166097"}],"wp:attachment":[{"href":"https:\/\/aconteceunovale.com.br\/portal\/index.php?rest_route=%2Fwp%2Fv2%2Fmedia&parent=166733"}],"wp:term":[{"taxonomy":"category","embeddable":true,"href":"https:\/\/aconteceunovale.com.br\/portal\/index.php?rest_route=%2Fwp%2Fv2%2Fcategories&post=166733"},{"taxonomy":"post_tag","embeddable":true,"href":"https:\/\/aconteceunovale.com.br\/portal\/index.php?rest_route=%2Fwp%2Fv2%2Ftags&post=166733"}],"curies":[{"name":"wp","href":"https:\/\/api.w.org\/{rel}","templated":true}]}}