{"id":166731,"date":"2020-08-01T21:45:30","date_gmt":"2020-08-02T00:45:30","guid":{"rendered":"https:\/\/aconteceunovale.com.br\/portal\/?p=166731"},"modified":"2020-08-01T21:45:49","modified_gmt":"2020-08-02T00:45:49","slug":"governador-valadares-tem-4-115-casos-e-149-mortes-por-covid-19-88-dos-pacientes-estao-recuperados","status":"publish","type":"post","link":"https:\/\/aconteceunovale.com.br\/portal\/?p=166731","title":{"rendered":"Governador Valadares tem 4.115 casos e 149 mortes por Covid-19; 88% dos pacientes est\u00e3o recuperados"},"content":{"rendered":"\n<p>A Prefeitura de Governador Valadares (MG) confirmou, neste s\u00e1bado (1\/8\/2020), 51 novos casos de Covid-19. Segundo informa\u00e7\u00f5es do boletim epidemiol\u00f3gico, o munic\u00edpio soma 4.115 moradores atingidos pelo coronav\u00edrus.<\/p>\n\n\n\n<p>De acordo com a prefeitura, 67 pacientes est\u00e3o internados (35 em UTI) e 261 em isolamento domiciliar. Dentro das estat\u00edsticas de confirmados, Governador Valadares tem 3.638 recuperados (88,4%) e 149 \u00f3bitos (3,6%).<\/p>\n\n\n\n<p>Ainda segundo o boletim epidemiol\u00f3gico, 365 pessoas est\u00e3o classificadas como suspeitas de terem contra\u00eddo a doen\u00e7a. Dessas, 311 est\u00e3o em isolamento domiciliar e 25 internadas (6 em UTI). 29 \u00f3bitos est\u00e3o em investiga\u00e7\u00e3o.<\/p>\n\n\n\n<p><strong>Confira o boletim de 1\/8\/2020:<\/strong><\/p>\n\n\n\n<figure class=\"wp-block-image size-large\"><img decoding=\"async\" src=\"https:\/\/aconteceu.info\/boletins\/corona_gv_1agosto_1.jpg\" alt=\"\"\/><\/figure>\n\n\n\n<figure class=\"wp-block-image size-large\"><img decoding=\"async\" src=\"https:\/\/aconteceu.info\/boletins\/corona_gv_1agosto_2.jpg\" alt=\"\"\/><\/figure>\n\n\n\n<h2 class=\"wp-block-heading\"><strong>Munic\u00edpios com mais casos na Regional de Sa\u00fade de Governador Valadares (1\/8\/2020 \u2013 21h30)<\/strong><\/h2>\n\n\n\n<figure class=\"wp-block-table\"><table><tbody><tr><td><strong>Munic\u00edpio<\/strong><\/td><td class=\"has-text-align-center\" data-align=\"center\"><strong>Casos<\/strong><\/td><td class=\"has-text-align-center\" data-align=\"center\"><strong>\u00d3bitos<\/strong><\/td><td class=\"has-text-align-center\" data-align=\"center\"><strong>Curados<\/strong><\/td><\/tr><tr><td>Governador Valadares<\/td><td class=\"has-text-align-center\" data-align=\"center\">4.115<\/td><td class=\"has-text-align-center\" data-align=\"center\">149<\/td><td class=\"has-text-align-center\" data-align=\"center\">3.638<\/td><\/tr><tr><td>Mantena (30\/7)<\/td><td class=\"has-text-align-center\" data-align=\"center\">335<\/td><td class=\"has-text-align-center\" data-align=\"center\">11<\/td><td class=\"has-text-align-center\" data-align=\"center\">295<\/td><\/tr><tr><td>Aimor\u00e9s<\/td><td class=\"has-text-align-center\" data-align=\"center\">182<\/td><td class=\"has-text-align-center\" data-align=\"center\">2<\/td><td class=\"has-text-align-center\" data-align=\"center\">143<\/td><\/tr><tr><td>Alpercata (31\/7)<\/td><td class=\"has-text-align-center\" data-align=\"center\">147<\/td><td class=\"has-text-align-center\" data-align=\"center\">3<\/td><td class=\"has-text-align-center\" data-align=\"center\">144<\/td><\/tr><tr><td>Alvarenga (SES-MG)<\/td><td class=\"has-text-align-center\" data-align=\"center\">114<\/td><td class=\"has-text-align-center\" data-align=\"center\">1<\/td><td class=\"has-text-align-center\" data-align=\"center\">109<\/td><\/tr><tr><td>S\u00e3o Jo\u00e3o do Manteninha (31\/7)<\/td><td class=\"has-text-align-center\" data-align=\"center\">106<\/td><td class=\"has-text-align-center\" data-align=\"center\">0<\/td><td class=\"has-text-align-center\" data-align=\"center\">95<\/td><\/tr><tr><td>Resplendor<\/td><td class=\"has-text-align-center\" data-align=\"center\">90<\/td><td class=\"has-text-align-center\" data-align=\"center\">2<\/td><td class=\"has-text-align-center\" data-align=\"center\">54<\/td><\/tr><tr><td>Frei Inoc\u00eancio (31\/7)<\/td><td class=\"has-text-align-center\" data-align=\"center\">85<\/td><td class=\"has-text-align-center\" data-align=\"center\">3<\/td><td class=\"has-text-align-center\" data-align=\"center\">50<\/td><\/tr><tr><td>Itabirinha<\/td><td class=\"has-text-align-center\" data-align=\"center\">69<\/td><td class=\"has-text-align-center\" data-align=\"center\">3<\/td><td class=\"has-text-align-center\" data-align=\"center\">53<\/td><\/tr><tr><td>Divino das Laranjeiras (31\/7)<\/td><td class=\"has-text-align-center\" data-align=\"center\">66<\/td><td class=\"has-text-align-center\" data-align=\"center\">1<\/td><td class=\"has-text-align-center\" data-align=\"center\">63<\/td><\/tr><tr><td>Conselheiro Pena<\/td><td class=\"has-text-align-center\" data-align=\"center\">65<\/td><td class=\"has-text-align-center\" data-align=\"center\">1<\/td><td class=\"has-text-align-center\" data-align=\"center\">45<\/td><\/tr><tr><td>S\u00e3o Jos\u00e9 da Safira (SES-MG)<\/td><td class=\"has-text-align-center\" data-align=\"center\">59<\/td><td class=\"has-text-align-center\" data-align=\"center\">0<\/td><td class=\"has-text-align-center\" data-align=\"center\">59<\/td><\/tr><\/tbody><\/table><\/figure>\n\n\n\n<p class=\"has-background has-very-light-gray-background-color\">Quer saber as not\u00edcias do <strong>Aconteceu no Vale<\/strong> em primeira m\u00e3o? Siga-nos no Facebook <a rel=\"noreferrer noopener\" href=\"http:\/\/facebook.com\/aconteceunovale\" target=\"_blank\">@aconteceunovale<\/a>, Twitter <a rel=\"noreferrer noopener\" href=\"https:\/\/twitter.com\/noticiadosvales\" target=\"_blank\">@noticiadosvales<\/a> e Instagram <a rel=\"noreferrer noopener\" href=\"https:\/\/www.instagram.com\/aconteceunovale\" target=\"_blank\">@aconteceunovale<\/a>.<\/p>\n","protected":false},"excerpt":{"rendered":"<p>A Prefeitura de Governador Valadares (MG) confirmou, neste s\u00e1bado (1\/8\/2020), 51 novos casos de Covid-19. Segundo informa\u00e7\u00f5es do boletim epidemiol\u00f3gico, o munic\u00edpio soma 4.115 moradores atingidos pelo coronav\u00edrus. De acordo com a prefeitura, 67 pacientes est\u00e3o internados (35 em UTI) e 261 em isolamento domiciliar. Dentro das estat\u00edsticas de confirmados, Governador Valadares tem 3.638 recuperados [&hellip;]<\/p>\n","protected":false},"author":1,"featured_media":164463,"comment_status":"open","ping_status":"closed","sticky":false,"template":"","format":"standard","meta":{"amp_status":"","footnotes":""},"categories":[121,40242],"tags":[220829,225145,214884,218094,220825,216498,218304,224548,223531,223293,226006,222873,223206,223479,224938,225326,223376,223962,222851,223026,223730,225147,225144,222875,247,220827,222678,222297,220828,220826,224675,222976,222915,223139,223080,225773,225966,226198,226592,225624,18800,220832,222366,220831,222874,220830,225143,221816,225146,35082,221918,223055,226007,216458,222595,222753,18801,222876],"class_list":["post-166731","post","type-post","status-publish","format-standard","has-post-thumbnail","hentry","category-leste","category-saude-2","tag-casos-de-coronavirus-em-governador-valadares","tag-comercio-em-governador-valadares","tag-coronavirus","tag-coronavirus-em-governador-valadares","tag-coronavirus-governador-valadares-tem-21-casos-confirmados-e-4-obitos","tag-covid-19","tag-covid-19-em-governador-valadares","tag-covid-19-governador-valadares-confirma-mais-dois-obitos-e-42-casos","tag-covid-19-governador-valadares-confirma-mais-nove-casos-e-um-obito","tag-covid-19-governador-valadares-registra-23-novos-casos-e-um-obito","tag-covid-19-governador-valadares-registra-mais-118-casos-e-um-obito","tag-covid-19-governador-valadares-registra-mais-18-casos-e-dois-obitos","tag-covid-19-governador-valadares-registra-mais-24-casos-e-3-obitos","tag-covid-19-governador-valadares-registra-mais-33-casos-e-dois-obitos","tag-covid-19-governador-valadares-registra-mais-36-casos-e-seis-obitos","tag-covid-19-governador-valadares-registra-mais-tres-mortes-e-15-casos","tag-covid-19-governador-valadares-tem-22-obitos-e-351-casos-confirmados","tag-covid-19-governador-valadares-tem-34-obitos-e-357-recuperados","tag-covid-19-prefeitura-de-governador-valadares-confirma-mais-10-casos-e-dois-obitos","tag-covid-19-prefeitura-de-governador-valadares-confirma-mais-14-casos-e-dois-obitos","tag-covid-19-prefeitura-de-governador-valadares-confirma-mais-34-casos-e-dois-obitos","tag-funcionamento-das-autoescolas-em-governador-valadares","tag-funcionamento-do-comercio-em-governador-valadares","tag-funcionario-da-prefeitura-de-governador-valadares","tag-governador-valadares","tag-governador-valadares-confirma-21-casos-de-covid-19","tag-governador-valadares-confirma-mais-13-casos-de-covid-19","tag-governador-valadares-confirma-mais-dois-obitos-por-covid-19","tag-governador-valadares-coronavirus","tag-governador-valadares-covid-19","tag-governador-valadares-passa-de-1-200-casos-confirmados-de-covid-19-53-pacientes-morreram-e-783-estao-recuperados","tag-governador-valadares-registra-15-novos-casos-de-covid-19","tag-governador-valadares-registra-mais-11-casos-de-covid-19","tag-governador-valadares-tem-200-pacientes-recuperados-da-covid-19","tag-governador-valadares-tem-271-casos-de-covid-19-180-pacientes-estao-recuperados-e-18-morreram","tag-governador-valadares-tem-3-103-casos-confirmados-de-covid-19-e-124-mortes","tag-governador-valadares-tem-3-346-casos-confirmados-de-covid-19-e-126-obitos","tag-governador-valadares-tem-3-720-casos-confirmados-de-covid-19-136-pacientes-morreram-e-3-246-estao-recuperados","tag-governador-valadares-tem-4-115-casos-e-149-mortes-por-covid-19-88-dos-pacientes-estao-recuperados","tag-governador-valadares-ultrapassa-marca-de-3-mil-casos-de-covid-19","tag-gv","tag-isolamento-social-em-governador-valadares","tag-mais-de-60-dos-infectados-com-coronavirus-em-governador-valadares-ja-estao-recuperados","tag-monitoramento-do-isolamento-social-em-valadares","tag-morte-de-funcionario-da-prefeitura-de-governador-valadares","tag-mortes-por-coronavirus-em-governador-valadares","tag-novo-decreto-da-prefeitura-de-governador-valadares-permite-praticas-esportivas-individuais-e-funcionamento-de-autoescolas","tag-numero-de-infectados-por-coronavirus-em-governador-valadares-sobe-para-76","tag-praticas-esportivas-em-governador-valadares","tag-prefeitura-de-governador-valadares","tag-prefeitura-de-governador-valadares-confirma-mais-8-casos-de-covid-19","tag-prefeitura-de-governador-valadares-confirma-mais-oito-casos-de-covid-19","tag-prefeitura-de-governador-valadares-vai-aderir-ao-plano-minas-consciente","tag-servidor-da-prefeitura-de-governador-valadares","tag-sobe-para-167-o-numero-de-casos-confirmados-de-coronavirus-em-governador-valadares","tag-sobe-para-193-o-numero-de-casos-confirmados-de-covid-19-em-governador-valadares","tag-valadares","tag-willian-coelho-almeida"],"_links":{"self":[{"href":"https:\/\/aconteceunovale.com.br\/portal\/index.php?rest_route=\/wp\/v2\/posts\/166731","targetHints":{"allow":["GET"]}}],"collection":[{"href":"https:\/\/aconteceunovale.com.br\/portal\/index.php?rest_route=\/wp\/v2\/posts"}],"about":[{"href":"https:\/\/aconteceunovale.com.br\/portal\/index.php?rest_route=\/wp\/v2\/types\/post"}],"author":[{"embeddable":true,"href":"https:\/\/aconteceunovale.com.br\/portal\/index.php?rest_route=\/wp\/v2\/users\/1"}],"replies":[{"embeddable":true,"href":"https:\/\/aconteceunovale.com.br\/portal\/index.php?rest_route=%2Fwp%2Fv2%2Fcomments&post=166731"}],"version-history":[{"count":1,"href":"https:\/\/aconteceunovale.com.br\/portal\/index.php?rest_route=\/wp\/v2\/posts\/166731\/revisions"}],"predecessor-version":[{"id":166732,"href":"https:\/\/aconteceunovale.com.br\/portal\/index.php?rest_route=\/wp\/v2\/posts\/166731\/revisions\/166732"}],"wp:featuredmedia":[{"embeddable":true,"href":"https:\/\/aconteceunovale.com.br\/portal\/index.php?rest_route=\/wp\/v2\/media\/164463"}],"wp:attachment":[{"href":"https:\/\/aconteceunovale.com.br\/portal\/index.php?rest_route=%2Fwp%2Fv2%2Fmedia&parent=166731"}],"wp:term":[{"taxonomy":"category","embeddable":true,"href":"https:\/\/aconteceunovale.com.br\/portal\/index.php?rest_route=%2Fwp%2Fv2%2Fcategories&post=166731"},{"taxonomy":"post_tag","embeddable":true,"href":"https:\/\/aconteceunovale.com.br\/portal\/index.php?rest_route=%2Fwp%2Fv2%2Ftags&post=166731"}],"curies":[{"name":"wp","href":"https:\/\/api.w.org\/{rel}","templated":true}]}}