{"id":166728,"date":"2020-08-01T21:23:32","date_gmt":"2020-08-02T00:23:32","guid":{"rendered":"https:\/\/aconteceunovale.com.br\/portal\/?p=166728"},"modified":"2020-08-01T21:24:02","modified_gmt":"2020-08-02T00:24:02","slug":"teofilo-otoni-tem-1-379-casos-e-62-mortes-por-covid-19-80-dos-pacientes-estao-recuperados","status":"publish","type":"post","link":"https:\/\/aconteceunovale.com.br\/portal\/?p=166728","title":{"rendered":"Te\u00f3filo Otoni tem 1.379 casos e 62 mortes por Covid-19; 80% dos pacientes est\u00e3o recuperados"},"content":{"rendered":"\n<p>A Prefeitura de Te\u00f3filo Otoni (MG) confirmou, neste s\u00e1bado (1\/8\/2020), sete novos casos de Covid-19. Segundo informa\u00e7\u00f5es do boletim epidemiol\u00f3gico, o munic\u00edpio soma 1.379 moradores atingidos pelo coronav\u00edrus.<\/p>\n\n\n\n<p>De acordo com a prefeitura, 18 pacientes est\u00e3o internados (9 em UTI) e 188 em isolamento domiciliar. Dentro das estat\u00edsticas de confirmados, Te\u00f3filo Otoni tem 1.111 recuperados (80,5%) e 62 \u00f3bitos (4,5%).<\/p>\n\n\n\n<p>Ainda segundo o boletim epidemiol\u00f3gico, 156 pessoas est\u00e3o classificadas como suspeitas de terem contra\u00eddo a doen\u00e7a. Dessas, 135 est\u00e3o em isolamento domiciliar e 19 internadas (tr\u00eas em UTI). O munic\u00edpio tem dois \u00f3bitos em investiga\u00e7\u00e3o.<\/p>\n\n\n\n<h4 class=\"wp-block-heading\"><strong>Confira o boletim de 1\/8\/2020:<\/strong><\/h4>\n\n\n\n<figure class=\"wp-block-image size-large\"><img decoding=\"async\" src=\"https:\/\/aconteceu.info\/boletins\/corona_teo_1agosto_1.jpg\" alt=\"\"\/><\/figure>\n\n\n\n<figure class=\"wp-block-image size-large\"><img decoding=\"async\" src=\"https:\/\/aconteceu.info\/boletins\/corona_teo_1agosto_2.jpg\" alt=\"\"\/><\/figure>\n\n\n\n<h4 class=\"wp-block-heading\"><strong>62\u00ba \u00f3bito<\/strong><\/h4>\n\n\n\n<p>O munic\u00edpio de Te\u00f3filo Otoni registrou a 62\u00aa morte em decorr\u00eancia de complica\u00e7\u00f5es por Covid-19. Trata-se de um homem, de 83 anos, que apresentava comorbidades e esteve internado no Hospital Bom Samaritano. O \u00f3bito ocorreu ontem (31\/7) e a infec\u00e7\u00e3o pelo novo coronav\u00edrus foi confirmada atrav\u00e9s de exame RT-PCR.<\/p>\n\n\n\n<h2 class=\"wp-block-heading\"><strong>Munic\u00edpios com mais casos na Regional de Sa\u00fade de Te\u00f3filo Otoni (1\/8\/2020 \u2013 21h)<\/strong><\/h2>\n\n\n\n<figure class=\"wp-block-table\"><table><tbody><tr><td><strong>Munic\u00edpio<\/strong><\/td><td class=\"has-text-align-center\" data-align=\"center\"><strong>Casos<\/strong><\/td><td class=\"has-text-align-center\" data-align=\"center\"><strong>\u00d3bitos<\/strong><\/td><td class=\"has-text-align-center\" data-align=\"center\"><strong>Curados<\/strong><\/td><\/tr><tr><td>Te\u00f3filo Otoni<\/td><td class=\"has-text-align-center\" data-align=\"center\">1.379<\/td><td class=\"has-text-align-center\" data-align=\"center\">62<\/td><td class=\"has-text-align-center\" data-align=\"center\">1.111<\/td><\/tr><tr><td>Nanuque<\/td><td class=\"has-text-align-center\" data-align=\"center\">395<\/td><td class=\"has-text-align-center\" data-align=\"center\">12<\/td><td class=\"has-text-align-center\" data-align=\"center\">198<\/td><\/tr><tr><td>\u00c1guas Formosas (SES-MG)<\/td><td class=\"has-text-align-center\" data-align=\"center\">210<\/td><td class=\"has-text-align-center\" data-align=\"center\">4<\/td><td class=\"has-text-align-center\" data-align=\"center\">112<\/td><\/tr><tr><td>Carlos Chagas<\/td><td class=\"has-text-align-center\" data-align=\"center\">183<\/td><td class=\"has-text-align-center\" data-align=\"center\">4<\/td><td class=\"has-text-align-center\" data-align=\"center\">160<\/td><\/tr><tr><td>Padre Para\u00edso (31\/7)<\/td><td class=\"has-text-align-center\" data-align=\"center\">174<\/td><td class=\"has-text-align-center\" data-align=\"center\">0<\/td><td class=\"has-text-align-center\" data-align=\"center\">136<\/td><\/tr><tr><td>Pot\u00e9 (SES-MG)<\/td><td class=\"has-text-align-center\" data-align=\"center\">92<\/td><td class=\"has-text-align-center\" data-align=\"center\">3<\/td><td class=\"has-text-align-center\" data-align=\"center\">85<\/td><\/tr><tr><td>Cara\u00ed (SES-MG)<\/td><td class=\"has-text-align-center\" data-align=\"center\">74<\/td><td class=\"has-text-align-center\" data-align=\"center\">1<\/td><td class=\"has-text-align-center\" data-align=\"center\">43<\/td><\/tr><tr><td>Novo Oriente de Minas (SES-MG)<\/td><td class=\"has-text-align-center\" data-align=\"center\">74<\/td><td class=\"has-text-align-center\" data-align=\"center\">2<\/td><td class=\"has-text-align-center\" data-align=\"center\">57<\/td><\/tr><tr><td>Atal\u00e9ia (31\/7)<\/td><td class=\"has-text-align-center\" data-align=\"center\">63<\/td><td class=\"has-text-align-center\" data-align=\"center\">5<\/td><td class=\"has-text-align-center\" data-align=\"center\">48<\/td><\/tr><tr><td>Novo Cruzeiro (30\/7)<\/td><td class=\"has-text-align-center\" data-align=\"center\">58<\/td><td class=\"has-text-align-center\" data-align=\"center\">1<\/td><td class=\"has-text-align-center\" data-align=\"center\">52<\/td><\/tr><tr><td>Itambacuri (SES-MG)<\/td><td class=\"has-text-align-center\" data-align=\"center\">57<\/td><td class=\"has-text-align-center\" data-align=\"center\">3<\/td><td class=\"has-text-align-center\" data-align=\"center\">52<\/td><\/tr><\/tbody><\/table><\/figure>\n\n\n\n<p class=\"has-background has-very-light-gray-background-color\">Quer saber as not\u00edcias do <strong>Aconteceu no Vale<\/strong> em primeira m\u00e3o? Siga-nos no Facebook <a rel=\"noreferrer noopener\" href=\"http:\/\/facebook.com\/aconteceunovale\" target=\"_blank\">@aconteceunovale<\/a>, Twitter <a rel=\"noreferrer noopener\" href=\"https:\/\/twitter.com\/noticiadosvales\" target=\"_blank\">@noticiadosvales<\/a> e Instagram <a rel=\"noreferrer noopener\" href=\"https:\/\/www.instagram.com\/aconteceunovale\" target=\"_blank\">@aconteceunovale<\/a>.<\/p>\n","protected":false},"excerpt":{"rendered":"<p>A Prefeitura de Te\u00f3filo Otoni (MG) confirmou, neste s\u00e1bado (1\/8\/2020), sete novos casos de Covid-19. Segundo informa\u00e7\u00f5es do boletim epidemiol\u00f3gico, o munic\u00edpio soma 1.379 moradores atingidos pelo coronav\u00edrus. De acordo com a prefeitura, 18 pacientes est\u00e3o internados (9 em UTI) e 188 em isolamento domiciliar. Dentro das estat\u00edsticas de confirmados, Te\u00f3filo Otoni tem 1.111 recuperados [&hellip;]<\/p>\n","protected":false},"author":1,"featured_media":166729,"comment_status":"open","ping_status":"closed","sticky":false,"template":"","format":"standard","meta":{"amp_status":"","footnotes":""},"categories":[40242,122],"tags":[221839,221837,220816,214884,220365,221558,216498,220363,223227,224894,225365,223476,224937,224689,223377,222877,220815,223228,221486,221485,221783,221483,221484,224225,220817,223054,222824,222971,223292,223729,221836,222853,222679,221646,222462,222101,220818,225068,222365,221096,222916,223140,221917,164,221956,220813,221487,220814,220812,222755,223530,225002,223291,223342,222752,226008,225327,225431,225772,226197,226591,223079,224674],"class_list":["post-166728","post","type-post","status-publish","format-standard","has-post-thumbnail","hentry","category-saude-2","category-mucuri","tag-boletim-covid-19-teofilo-otoni","tag-boletim-epidemiologico-teofilo-otoni","tag-casos-de-coronavirus-em-teofilo-otoni","tag-coronavirus","tag-coronavirus-em-teofilo-otoni","tag-coronavirus-prefeitura-de-teofilo-otoni-confirma-35-casos-e-dois-obitos","tag-covid-19","tag-covid-19-em-teofilo-otoni","tag-covid-19-prefeitura-de-teofilo-otoni-confirma-mais-23-casos-e-3-obitos","tag-covid-19-prefeitura-de-teofilo-otoni-confirma-mais-cinco-casos-e-um-obito","tag-covid-19-teofilo-otoni-confirma-mais-18-casos-e-um-obito","tag-covid-19-teofilo-otoni-confirma-mais-19-casos-e-um-obito","tag-covid-19-teofilo-otoni-registra-mais-13-casos-e-um-obito","tag-covid-19-teofilo-otoni-registra-mais-dois-obitos-e-24-casos","tag-covid-19-teofilo-otoni-tem-19-obitos-e-477-casos-confirmados","tag-covid-19-teofilo-otoni-tem-291-casos-confirmados-e-11-obitos","tag-infectados-por-coronavirus-em-teofilo-otoni","tag-jaqueline-guimaraes-ramos","tag-morte-por-coronavirus-em-teofilo-otoni","tag-morte-por-covid-19-em-teofilo-otoni","tag-numero-de-infectados-por-covid-19-em-teofilo-otoni-sobe-para-50","tag-obito-por-coronavirus-em-teofilo-otoni","tag-obito-por-covid-19-em-teofilo-otoni","tag-otoni","tag-pacientes-de-coronavirus-em-teofilo-otoni","tag-prefeitura-de-teofilo-otoni-atualiza-informacoes-sobre-a-covid-19","tag-prefeitura-de-teofilo-otoni-confirma-11a-morte-por-covid-19","tag-prefeitura-de-teofilo-otoni-confirma-12-novos-casos-de-covid-19","tag-prefeitura-de-teofilo-otoni-confirma-62-novos-casos-de-covid-19","tag-prefeitura-de-teofilo-otoni-confirma-mais-12-casos-de-covid-19","tag-prefeitura-de-teofilo-otoni-confirma-mais-13-casos-de-covid-19","tag-prefeitura-de-teofilo-otoni-confirma-mais-14-casos-de-covid-19","tag-prefeitura-de-teofilo-otoni-confirma-mais-17-casos-de-covid-19","tag-prefeitura-de-teofilo-otoni-confirma-mais-sete-casos-de-covid-19","tag-prefeitura-de-teofilo-otoni-confirma-oitavo-obito-por-covid-19","tag-prefeitura-de-teofilo-otoni-confirma-quinto-obito-por-covid-19","tag-profissionais-de-saude-infectados-com-coronavirus-em-teofilo-otoni","tag-recuperados-da-covid-19-em-teofilo-otoni-representam-mais-de-74-dos-casos-positivos","tag-sobe-para-146-o-numero-de-casos-confirmados-de-covid-19-em-teofilo-otoni","tag-sobe-para-16-o-numero-de-casos-confirmados-de-coronavirus-em-teofilo-otoni","tag-sobe-para-323-o-numero-de-casos-confirmados-de-covid-19-em-teofilo-otoni","tag-sobe-para-371-o-numero-de-casos-confirmados-de-covid-19-em-teofilo-otoni","tag-sobe-para-71-o-numero-de-casos-confirmados-de-covid-19-em-teofilo-otoni","tag-teofilo-otoni","tag-teofilo-otoni-confirma-mais-dois-obitos-por-coronavirus","tag-teofilo-otoni-confirma-oito-casos-de-coronavirus","tag-teofilo-otoni-confirma-primeiro-obito-por-coronavirus","tag-teofilo-otoni-coronavirus","tag-teofilo-otoni-covid-19","tag-teofilo-otoni-passa-de-250-casos-de-covid-19","tag-teofilo-otoni-passa-dos-500-casos-confirmados-de-coronavirus","tag-teofilo-otoni-registra-38a-morte-e-20-novos-casos-de-covid-19","tag-teofilo-otoni-registra-a-17a-morte-em-decorrencia-da-covid-19","tag-teofilo-otoni-registra-a-18a-morte-em-decorrencia-da-covid-19","tag-teofilo-otoni-registra-decimo-obito-por-covid-19","tag-teofilo-otoni-registra-mais-20-casos-de-covid-19","tag-teofilo-otoni-registra-sete-novos-casos-de-covid-19","tag-teofilo-otoni-tem-1-040-casos-confirmados-de-covid-19-46-pacientes-morreram-e-795-estao-recuperados","tag-teofilo-otoni-tem-1-125-casos-confirmados-de-covid-19-e-48-mortes","tag-teofilo-otoni-tem-1-277-casos-confirmados-de-covid-19-55-pacientes-morreram-e-983-estao-recuperados","tag-teofilo-otoni-tem-1-379-casos-e-62-mortes-por-covid-19-80-dos-pacientes-estao-recuperados","tag-teofilo-otoni-tem-361-casos-de-covid-19-139-pacientes-estao-recuperados-e-treze-morreram","tag-teofilo-otoni-tem-760-casos-confirmados-de-covid-19-33-pacientes-morreram-e-528-estao-recuperados"],"_links":{"self":[{"href":"https:\/\/aconteceunovale.com.br\/portal\/index.php?rest_route=\/wp\/v2\/posts\/166728","targetHints":{"allow":["GET"]}}],"collection":[{"href":"https:\/\/aconteceunovale.com.br\/portal\/index.php?rest_route=\/wp\/v2\/posts"}],"about":[{"href":"https:\/\/aconteceunovale.com.br\/portal\/index.php?rest_route=\/wp\/v2\/types\/post"}],"author":[{"embeddable":true,"href":"https:\/\/aconteceunovale.com.br\/portal\/index.php?rest_route=\/wp\/v2\/users\/1"}],"replies":[{"embeddable":true,"href":"https:\/\/aconteceunovale.com.br\/portal\/index.php?rest_route=%2Fwp%2Fv2%2Fcomments&post=166728"}],"version-history":[{"count":1,"href":"https:\/\/aconteceunovale.com.br\/portal\/index.php?rest_route=\/wp\/v2\/posts\/166728\/revisions"}],"predecessor-version":[{"id":166730,"href":"https:\/\/aconteceunovale.com.br\/portal\/index.php?rest_route=\/wp\/v2\/posts\/166728\/revisions\/166730"}],"wp:featuredmedia":[{"embeddable":true,"href":"https:\/\/aconteceunovale.com.br\/portal\/index.php?rest_route=\/wp\/v2\/media\/166729"}],"wp:attachment":[{"href":"https:\/\/aconteceunovale.com.br\/portal\/index.php?rest_route=%2Fwp%2Fv2%2Fmedia&parent=166728"}],"wp:term":[{"taxonomy":"category","embeddable":true,"href":"https:\/\/aconteceunovale.com.br\/portal\/index.php?rest_route=%2Fwp%2Fv2%2Fcategories&post=166728"},{"taxonomy":"post_tag","embeddable":true,"href":"https:\/\/aconteceunovale.com.br\/portal\/index.php?rest_route=%2Fwp%2Fv2%2Ftags&post=166728"}],"curies":[{"name":"wp","href":"https:\/\/api.w.org\/{rel}","templated":true}]}}