{"id":166699,"date":"2020-08-01T12:51:57","date_gmt":"2020-08-01T15:51:57","guid":{"rendered":"https:\/\/aconteceunovale.com.br\/portal\/?p=166699"},"modified":"2020-08-01T12:52:13","modified_gmt":"2020-08-01T15:52:13","slug":"40-das-pessoas-desconhecem-o-glaucoma-aponta-pesquisa","status":"publish","type":"post","link":"https:\/\/aconteceunovale.com.br\/portal\/?p=166699","title":{"rendered":"40% das pessoas desconhecem o glaucoma, aponta pesquisa"},"content":{"rendered":"\n<p>O glaucoma \u00e9 uma doen\u00e7a cr\u00f4nica, que provoca les\u00f5es no nervo \u00f3ptico e n\u00e3o tem cura. Apesar da gravidade do quadro, quatro em cada dez pessoas n\u00e3o sabem o que \u00e9, de acordo com levantamento realizado pelo Ibope Intelig\u00eancia.&nbsp;<\/p>\n\n\n\n<p>O \u00edndice chega a 53% entre jovens com idade entre 18 a 24 anos e a 71% entre adultos com 55 anos ou mais. H\u00e1, ainda, diferen\u00e7a em rela\u00e7\u00e3o ao g\u00eanero: 44% dos homens consultados est\u00e3o desinformados sobre o assunto, contra 38% das mulheres.<\/p>\n\n\n\n<p>A pesquisa, intitulada \u201cUm olhar para o glaucoma no Brasil\u201d, avaliou o n\u00edvel de conhecimento de 2,7 mil internautas sobre a doen\u00e7a. Os participantes eram provenientes de sete estados: S\u00e3o Paulo, Rio&nbsp;de Janeiro, Rio Grande do Sul, Santa Catarina, Bahia, Cear\u00e1 e Pernambuco.<\/p>\n\n\n\n<p>Conforme destaca o Conselho Brasileiro de Oftalmologia, que preparou uma se\u00e7\u00e3o de perguntas e&nbsp;<a href=\"http:\/\/www.cbo.net.br\/novo\/publico-geral\/tudo-sobre-o-glaucoma.php\" target=\"_blank\" rel=\"noreferrer noopener\">respostas sobre glaucoma<\/a>, em 80% dos casos, o paciente n\u00e3o apresenta sintomas logo que se instala. Apesar disso, a doen\u00e7a pode causar cegueira, se n\u00e3o for tratada, aspecto desconhecido por mais da metade (53%) dos entrevistados da sondagem feita pelo Ibope Intelig\u00eancia.&nbsp;<\/p>\n\n\n\n<h2 class=\"wp-block-heading\">Consultas m\u00e9dicas<\/h2>\n\n\n\n<p>Com a aus\u00eancia de sintomas mais evidentes, a recomenda\u00e7\u00e3o \u00e9 de que se consulte um m\u00e9dico oftalmologista regularmente, pois \u00e9 quem poder\u00e1 fazer um diagn\u00f3stico precoce da doen\u00e7a. Para avaliar a sa\u00fade ocular do paciente, o m\u00e9dico solicita ou realiza exames que permitam observar e aferir o fundo dos olhos, campo visual e a press\u00e3o intraocular.&nbsp;<\/p>\n\n\n\n<p>A consulta m\u00e9dica \u00e9 fundamental, porque pode evitar que o paciente descubra tardiamente que tem a doen\u00e7a, quando j\u00e1 corre o risco de perder a vis\u00e3o, como frisa Augusto Paranhos Junior, presidente da Sociedade Brasileira de Glaucoma (SBG), entidade que, em parceria com a Upjohn, divis\u00e3o da Pfizer focada em doen\u00e7as cr\u00f4nicas n\u00e3o transmiss\u00edveis, lan\u00e7ou uma campanha educativa sobre o tema. A a\u00e7\u00e3o, de car\u00e1ter&nbsp;preventivo, por\u00e9m, esbarra em uma consequ\u00eancia da desigualdade social: enquanto 83% dos entrevistados pertencentes \u00e0 classe A declaram ir ao oftalmologista pelo menos uma vez por ano, somente 46% dos entrevistados da classe C mant\u00eam essa mesma frequ\u00eancia.&nbsp;<\/p>\n\n\n\n<p>A propor\u00e7\u00e3o de entrevistados que informaram nunca&nbsp;ter&nbsp;ido a uma consulta com um m\u00e9dico oftalmologista \u00e9 de 10%, e 25% disseram que v\u00e3o somente quando sentem inc\u00f4modo nos olhos. No grupo de pessoas mais jovens, os n\u00fameros continuam preocupantes: 21% relataram nunca&nbsp;ter&nbsp;ido a uma consulta e 10% foram uma \u00fanica vez na vida.&nbsp;<\/p>\n\n\n\n<p>Embora a maioria (73%) dos entrevistados com 55 anos de idade ou mais compare\u00e7am&nbsp;ao consult\u00f3rio uma vez ou mais ao ano, um em cada quatro deles n\u00e3o incorporou uma rotina nesse sentido. Al\u00e9m disso, 30% de todos os entrevistados acreditam que devam procurar o oftalmologista somente depois que come\u00e7am a usar \u00f3culos e 23% ap\u00f3s perceberem alguma perda de vis\u00e3o.<\/p>\n\n\n\n<p>Segundo Paranhos Junior, outro ponto importante \u00e9 a percep\u00e7\u00e3o da maioria quanto ao tratamento atualmente dispon\u00edvel. No total, 51% dos entrevistados n\u00e3o souberam opinar a respeito, acreditam n\u00e3o existir&nbsp;tratamento ou imaginam que usar \u00f3culos ou lentes de contato diariamente \u00e9 o suficiente para se combater o glaucoma.<\/p>\n\n\n\n<p>A automedica\u00e7\u00e3o tamb\u00e9m surgiu na pesquisa como um t\u00f3pico relevante. Ao todo, 28% dos entrevistados disseram discordar da necessidade de consulta m\u00e9dica para uso de col\u00edrios ou que n\u00e3o t\u00eam posi\u00e7\u00e3o formada sobre isso. Entre os jovens de 18 a 24 anos, quase um&nbsp;ter\u00e7o (32%) afirmou acreditar que esses medicamentos s\u00e3o inofensivos ou preferiram n\u00e3o opinar sobre a necessidade de um m\u00e9dico prescrev\u00ea-los corretamente.&nbsp;<\/p>\n\n\n\n<h2 class=\"wp-block-heading\">Fatores de risco<\/h2>\n\n\n\n<p>Especialistas tamb\u00e9m salientam o peso de determinados fatores que aumentam as chances de algu\u00e9m&nbsp;ter&nbsp;glaucoma. A propens\u00e3o \u00e9 maior entre pessoas negras, que tenham hist\u00f3rico da doen\u00e7a na fam\u00edlia (hereditariedade), idosas, portadoras de alto grau de miopia ou que utilizem, de forma constante, col\u00edrios com corticoide na composi\u00e7\u00e3o.&nbsp;<\/p>\n\n\n\n<p>Complementando os demais dados, os pesquisadores do Ibope Intelig\u00eancia apontam que quase metade (47%) das pessoas ouvidas acredita que a rela\u00e7\u00e3o entre hereditariedade e glaucoma \u00e9\u00a0um mito ou\u00a0declarou n\u00e3o saber desse fato. J\u00e1 90% n\u00e3o associam a patologia com o recorte \u00e9tnico-racial, taxa parecida entre entrevistados negros (86%). Ainda em rela\u00e7\u00e3o aos p\u00fablicos de risco, verificou-se que 63% entendem que doen\u00e7as\u00a0metab\u00f3licas, como o diabetes, podem aumentar o risco de glaucoma.\u00a0<\/p>\n\n\n\n<p class=\"has-background has-very-light-gray-background-color\">Quer saber as not\u00edcias do <strong>Aconteceu no Vale<\/strong> em primeira m\u00e3o? Siga-nos no Facebook <a rel=\"noreferrer noopener\" href=\"http:\/\/facebook.com\/aconteceunovale\" target=\"_blank\">@aconteceunovale<\/a>, Twitter <a rel=\"noreferrer noopener\" href=\"https:\/\/twitter.com\/noticiadosvales\" target=\"_blank\">@noticiadosvales<\/a> e Instagram <a rel=\"noreferrer noopener\" href=\"https:\/\/www.instagram.com\/aconteceunovale\" target=\"_blank\">@aconteceunovale<\/a>.<\/p>\n","protected":false},"excerpt":{"rendered":"<p>O glaucoma \u00e9 uma doen\u00e7a cr\u00f4nica, que provoca les\u00f5es no nervo \u00f3ptico e n\u00e3o tem cura. Apesar da gravidade do quadro, quatro em cada dez pessoas n\u00e3o sabem o que \u00e9, de acordo com levantamento realizado pelo Ibope Intelig\u00eancia.&nbsp; O \u00edndice chega a 53% entre jovens com idade entre 18 a 24 anos e a [&hellip;]<\/p>\n","protected":false},"author":1,"featured_media":166700,"comment_status":"open","ping_status":"closed","sticky":false,"template":"","format":"standard","meta":{"amp_status":"","footnotes":""},"categories":[6,40242],"tags":[226536,214852,226540,59225,226539,177276,226537,226541,226538,226545,226543,226544,59228,226542],"class_list":["post-166699","post","type-post","status-publish","format-standard","has-post-thumbnail","hentry","category-br","category-saude-2","tag-40-das-pessoas-desconhecem-o-glaucoma","tag-conselho-brasileiro-de-oftalmologia","tag-doenca-cronica","tag-glaucoma","tag-glaucoma-e-uma-doenca-cronica","tag-ibope-inteligencia","tag-informacoes-sobre-glaucoma","tag-lesoes-no-nervo-optico","tag-orientacoes-sobre-glaucoma","tag-paranhos-junior","tag-perguntas-e-respostas-sobre-glaucoma","tag-sbg","tag-sociedade-brasileira-de-glaucoma","tag-um-olhar-para-o-glaucoma-no-brasil"],"_links":{"self":[{"href":"https:\/\/aconteceunovale.com.br\/portal\/index.php?rest_route=\/wp\/v2\/posts\/166699","targetHints":{"allow":["GET"]}}],"collection":[{"href":"https:\/\/aconteceunovale.com.br\/portal\/index.php?rest_route=\/wp\/v2\/posts"}],"about":[{"href":"https:\/\/aconteceunovale.com.br\/portal\/index.php?rest_route=\/wp\/v2\/types\/post"}],"author":[{"embeddable":true,"href":"https:\/\/aconteceunovale.com.br\/portal\/index.php?rest_route=\/wp\/v2\/users\/1"}],"replies":[{"embeddable":true,"href":"https:\/\/aconteceunovale.com.br\/portal\/index.php?rest_route=%2Fwp%2Fv2%2Fcomments&post=166699"}],"version-history":[{"count":1,"href":"https:\/\/aconteceunovale.com.br\/portal\/index.php?rest_route=\/wp\/v2\/posts\/166699\/revisions"}],"predecessor-version":[{"id":166701,"href":"https:\/\/aconteceunovale.com.br\/portal\/index.php?rest_route=\/wp\/v2\/posts\/166699\/revisions\/166701"}],"wp:featuredmedia":[{"embeddable":true,"href":"https:\/\/aconteceunovale.com.br\/portal\/index.php?rest_route=\/wp\/v2\/media\/166700"}],"wp:attachment":[{"href":"https:\/\/aconteceunovale.com.br\/portal\/index.php?rest_route=%2Fwp%2Fv2%2Fmedia&parent=166699"}],"wp:term":[{"taxonomy":"category","embeddable":true,"href":"https:\/\/aconteceunovale.com.br\/portal\/index.php?rest_route=%2Fwp%2Fv2%2Fcategories&post=166699"},{"taxonomy":"post_tag","embeddable":true,"href":"https:\/\/aconteceunovale.com.br\/portal\/index.php?rest_route=%2Fwp%2Fv2%2Ftags&post=166699"}],"curies":[{"name":"wp","href":"https:\/\/api.w.org\/{rel}","templated":true}]}}