{"id":166696,"date":"2020-08-01T12:39:14","date_gmt":"2020-08-01T15:39:14","guid":{"rendered":"https:\/\/aconteceunovale.com.br\/portal\/?p=166696"},"modified":"2020-08-01T12:39:57","modified_gmt":"2020-08-01T15:39:57","slug":"novos-indicadores-do-plano-minas-consciente-vao-simplificar-tomada-de-decisao-de-prefeitos","status":"publish","type":"post","link":"https:\/\/aconteceunovale.com.br\/portal\/?p=166696","title":{"rendered":"Novos indicadores do plano Minas Consciente v\u00e3o simplificar tomada de decis\u00e3o de prefeitos"},"content":{"rendered":"\n<p>Os indicadores que norteiam a progress\u00e3o de ondas do plano Minas Consciente foram reorganizados para darem um panorama mais amplo, claro e sistematizado dos protocolos e crit\u00e9rios a serem seguidos nas cidades mineiras.<\/p>\n\n\n\n<p>O objetivo \u00e9 facilitar o entendimento e a tomada de decis\u00f5es por parte dos prefeitos e gestores municipais. Os dados, que incluem as taxas de incid\u00eancia da covid-19 e a ocupa\u00e7\u00e3o de leitos nas regi\u00f5es, ser\u00e3o divulgados semanalmente pelo\u00a0Governo de Minas. \u00a0<\/p>\n\n\n\n<p>A medida faz parte das novas regras do plano de retomada econ\u00f4mica, que foi reformulado para atender melhor \u00e0s necessidades espec\u00edficas das cidades mineiras. As mudan\u00e7as passam a valer na pr\u00f3xima quinta-feira (6\/8).<\/p>\n\n\n\n<p>Basicamente os balizadores e indicadores da vers\u00e3o inicial do Minas Consciente foram mantidos e reagrupados, agora como indicadores, propiciando maior clareza.<\/p>\n\n\n\n<p>A mudan\u00e7a feita, nesta nova vers\u00e3o do plano, elaborada ap\u00f3s consulta p\u00fablica que contou com 630 colabora\u00e7\u00f5es, mant\u00e9m como foco principal a sa\u00fade da popula\u00e7\u00e3o e um criterioso acompanhamento dos dados de todo o estado.<\/p>\n\n\n\n<figure class=\"wp-block-image size-large\"><img decoding=\"async\" src=\"https:\/\/aconteceu.info\/boletins\/novos_indicadores_minas_consciente.jpeg\" alt=\"\"\/><\/figure>\n\n\n\n<p>De acordo com o secret\u00e1rio de Estado de\u00a0Sa\u00fade, Carlos Eduardo, o novo formato agrupou alguns crit\u00e9rios de progress\u00e3o para simplificar a divulga\u00e7\u00e3o.<\/p>\n\n\n\n<p>\u201cBasicamente, dividimos os indicadores que eram utilizados anteriormente em tr\u00eas grupos maiores. Temos agora o grupo de crit\u00e9rios relacionados \u00e0 incid\u00eancia dos casos e \u00e0 taxa de transmiss\u00e3o. Outro grupo com os crit\u00e9rios assistenciais, como disponibilidade e ocupa\u00e7\u00e3o de leitos. E um grupo que contempla a evolu\u00e7\u00e3o da doen\u00e7a. Com isso, buscamos ser mais amplos, mais precisos e trazer uma \u00fanica informa\u00e7\u00e3o para cada regi\u00e3o, facilitando a tomada de decis\u00e3o de prefeitos e gestores locais\u201d, explicou.<\/p>\n\n\n\n<p><strong>Indicadores<\/strong><\/p>\n\n\n\n<p>A partir de agora, os dados utilizados pelo Governo de Minas para definir a progress\u00e3o das ondas e a possibilidade de reabertura incluir\u00e3o a taxa de incid\u00eancia da covid-19; taxa de ocupa\u00e7\u00e3o de leitos UTI Adulto; taxa de ocupa\u00e7\u00e3o de leitos por covid-19; quantidade de leitos por 100 mil habitantes; positividade atual RT-PCR; % de aumento da incid\u00eancia; % de aumento da positividade dos exames PCR.<\/p>\n\n\n\n<p>Os dados ser\u00e3o divulgados tanto por macrorregi\u00e3o de Sa\u00fade quanto por microrregi\u00e3o do Minas Consciente e ser\u00e3o utilizados para nortear a tomada de decis\u00e3o semanal. A evolu\u00e7\u00e3o das ondas dever\u00e1 ser avaliada a cada sete dias, para os que estiverem na primeira fase (servi\u00e7os essenciais) e a cada 28 dias para os que estiverem na segunda fase (servi\u00e7os n\u00e3o essenciais).\u00a0<\/p>\n\n\n\n<p class=\"has-background has-very-light-gray-background-color\">Quer saber as not\u00edcias do <strong>Aconteceu no Vale<\/strong> em primeira m\u00e3o? Siga-nos no Facebook <a rel=\"noreferrer noopener\" href=\"http:\/\/facebook.com\/aconteceunovale\" target=\"_blank\">@aconteceunovale<\/a>, Twitter <a rel=\"noreferrer noopener\" href=\"https:\/\/twitter.com\/noticiadosvales\" target=\"_blank\">@noticiadosvales<\/a> e Instagram <a rel=\"noreferrer noopener\" href=\"https:\/\/www.instagram.com\/aconteceunovale\" target=\"_blank\">@aconteceunovale<\/a>.<\/p>\n","protected":false},"excerpt":{"rendered":"<p>Os indicadores que norteiam a progress\u00e3o de ondas do plano Minas Consciente foram reorganizados para darem um panorama mais amplo, claro e sistematizado dos protocolos e crit\u00e9rios a serem seguidos nas cidades mineiras. O objetivo \u00e9 facilitar o entendimento e a tomada de decis\u00f5es por parte dos prefeitos e gestores municipais. Os dados, que incluem [&hellip;]<\/p>\n","protected":false},"author":1,"featured_media":166697,"comment_status":"open","ping_status":"closed","sticky":false,"template":"","format":"standard","meta":{"amp_status":"","footnotes":""},"categories":[123],"tags":[217799,219851,219853,225459,214884,216498,221718,225458,226298,226455,219855,226300,226452,226453,226451,226299,215653,226301,226535,221717,219854,219852,217692,222637,221719,226454,220285,220287,220286],"class_list":["post-166696","post","type-post","status-publish","format-standard","has-post-thumbnail","hentry","category-gerais","tag-casos-de-coronavirus-em-minas-gerais","tag-casos-de-covid-19-em-minas-gerais","tag-cidades-com-casos-de-coronavirus-em-minas-gerais","tag-consulta-publica-minas-consciente","tag-coronavirus","tag-covid-19","tag-curados-do-coronavirus-em-minas-gerais","tag-governo-lanca-consulta-publica-sobre-o-plano-minas-consciente","tag-governo-lanca-novas-regras-para-o-plano-minas-consciente","tag-microrregioes-minas-consciente","tag-mortes-por-coronavirus-em-minas-gerais","tag-mudancas-no-minas-consciente","tag-municipios-pequenos","tag-municipios-pequenos-minas-consciente","tag-municipios-receberao-tratamento-individualizado-na-nova-fase-do-minas-consciente","tag-novas-regras-do-minas-consciente","tag-novo-coronavirus","tag-novo-minas-consciente","tag-novos-indicadores-do-plano-minas-consciente-vao-simplificar-tomada-de-decisao-de-prefeitos","tag-numero-de-curados-do-coronavirus-em-minas-gerais","tag-numeros-do-coronavirus-em-minas-gerais","tag-obitos-por-coronavirus-em-minas-gerias","tag-pandemia-de-coronavirus","tag-plano-minas-consciente","tag-recuperados-do-coronavirus-em-minas-gerais","tag-regioes-minas-consciente","tag-secretaria-de-saude-atualiza-numeros-do-coronavirus-em-minas-gerais","tag-secretaria-de-saude-de-minas-gerais-atualiza-numeros-do-coronavirus","tag-ses-mg-atualiza-numeros-do-coronavirus"],"_links":{"self":[{"href":"https:\/\/aconteceunovale.com.br\/portal\/index.php?rest_route=\/wp\/v2\/posts\/166696","targetHints":{"allow":["GET"]}}],"collection":[{"href":"https:\/\/aconteceunovale.com.br\/portal\/index.php?rest_route=\/wp\/v2\/posts"}],"about":[{"href":"https:\/\/aconteceunovale.com.br\/portal\/index.php?rest_route=\/wp\/v2\/types\/post"}],"author":[{"embeddable":true,"href":"https:\/\/aconteceunovale.com.br\/portal\/index.php?rest_route=\/wp\/v2\/users\/1"}],"replies":[{"embeddable":true,"href":"https:\/\/aconteceunovale.com.br\/portal\/index.php?rest_route=%2Fwp%2Fv2%2Fcomments&post=166696"}],"version-history":[{"count":1,"href":"https:\/\/aconteceunovale.com.br\/portal\/index.php?rest_route=\/wp\/v2\/posts\/166696\/revisions"}],"predecessor-version":[{"id":166698,"href":"https:\/\/aconteceunovale.com.br\/portal\/index.php?rest_route=\/wp\/v2\/posts\/166696\/revisions\/166698"}],"wp:featuredmedia":[{"embeddable":true,"href":"https:\/\/aconteceunovale.com.br\/portal\/index.php?rest_route=\/wp\/v2\/media\/166697"}],"wp:attachment":[{"href":"https:\/\/aconteceunovale.com.br\/portal\/index.php?rest_route=%2Fwp%2Fv2%2Fmedia&parent=166696"}],"wp:term":[{"taxonomy":"category","embeddable":true,"href":"https:\/\/aconteceunovale.com.br\/portal\/index.php?rest_route=%2Fwp%2Fv2%2Fcategories&post=166696"},{"taxonomy":"post_tag","embeddable":true,"href":"https:\/\/aconteceunovale.com.br\/portal\/index.php?rest_route=%2Fwp%2Fv2%2Ftags&post=166696"}],"curies":[{"name":"wp","href":"https:\/\/api.w.org\/{rel}","templated":true}]}}