{"id":166677,"date":"2020-07-31T21:44:40","date_gmt":"2020-08-01T00:44:40","guid":{"rendered":"https:\/\/aconteceunovale.com.br\/portal\/?p=166677"},"modified":"2020-07-31T21:44:55","modified_gmt":"2020-08-01T00:44:55","slug":"motorista-de-caminhao-fica-ferido-em-acidente-no-municipio-de-turmalina-no-vale-do-jequitinhonha","status":"publish","type":"post","link":"https:\/\/aconteceunovale.com.br\/portal\/?p=166677","title":{"rendered":"Motorista de caminh\u00e3o fica ferido em acidente no munic\u00edpio de Turmalina, no Vale do Jequitinhonha"},"content":{"rendered":"\n<p>Um homem de 29 anos ficou ferido em um acidente na MG-308, no munic\u00edpio de Turmalina, na tarde de quinta-feira (30\/7\/2020). Segundo informa\u00e7\u00f5es da Pol\u00edcia Militar Rodovi\u00e1ria (PMRv), o ve\u00edculo seguia para Malacacheta, carregado de tijolos, quando o condutor perdeu o controle da dire\u00e7\u00e3o na altura do km 210.<\/p>\n\n\n\n<p>O motorista disse aos policiais que se assustou quando um p\u00e1ssaro entrou na cabine do ve\u00edculo e, ao tentar espantar a ave, acabou saindo da pista. O caminh\u00e3o e a carga ficaram destru\u00eddos.<\/p>\n\n\n\n<p>Ainda segundo a Pol\u00edcia Rodovi\u00e1ria, o caminhoneiro foi socorrido por uma equipe do SAMU (Servi\u00e7o de Atendimento M\u00f3vel de Urg\u00eancia) e encaminhado ao Hospital de Turmalina. O ve\u00edculo e o material transportado estavam regulares e foram liberados no local.<\/p>\n\n\n\n<figure class=\"wp-block-gallery columns-1 is-cropped wp-block-gallery-1 is-layout-flex wp-block-gallery-is-layout-flex\"><ul class=\"blocks-gallery-grid\"><li class=\"blocks-gallery-item\"><figure><img loading=\"lazy\" decoding=\"async\" width=\"678\" height=\"448\" src=\"https:\/\/aconteceunovale.com.br\/portal\/wp-content\/uploads\/2020\/07\/acidente_caminhao_turmalina.png\" alt=\"\" data-id=\"166678\" data-full-url=\"https:\/\/aconteceunovale.com.br\/portal\/wp-content\/uploads\/2020\/07\/acidente_caminhao_turmalina.png\" data-link=\"https:\/\/aconteceunovale.com.br\/portal\/?attachment_id=166678\" class=\"wp-image-166678\" srcset=\"https:\/\/aconteceunovale.com.br\/portal\/wp-content\/uploads\/2020\/07\/acidente_caminhao_turmalina.png 678w, https:\/\/aconteceunovale.com.br\/portal\/wp-content\/uploads\/2020\/07\/acidente_caminhao_turmalina-300x198.png 300w, https:\/\/aconteceunovale.com.br\/portal\/wp-content\/uploads\/2020\/07\/acidente_caminhao_turmalina-636x420.png 636w\" sizes=\"auto, (max-width: 678px) 100vw, 678px\" \/><figcaption class=\"blocks-gallery-item__caption\"><em>Fotos: Reprodu\u00e7\u00e3o \/ WhatsApp<\/em><\/figcaption><\/figure><\/li><\/ul><\/figure>\n\n\n\n<p class=\"has-background has-very-light-gray-background-color\">Quer saber as not\u00edcias do <strong>Aconteceu no Vale<\/strong> em primeira m\u00e3o? Siga-nos no Facebook <a rel=\"noreferrer noopener\" href=\"http:\/\/facebook.com\/aconteceunovale\" target=\"_blank\">@aconteceunovale<\/a>, Twitter <a rel=\"noreferrer noopener\" href=\"https:\/\/twitter.com\/noticiadosvales\" target=\"_blank\">@noticiadosvales<\/a> e Instagram <a rel=\"noreferrer noopener\" href=\"https:\/\/www.instagram.com\/aconteceunovale\" target=\"_blank\">@aconteceunovale<\/a>.<\/p>\n","protected":false},"excerpt":{"rendered":"<p>Um homem de 29 anos ficou ferido em um acidente na MG-308, no munic\u00edpio de Turmalina, na tarde de quinta-feira (30\/7\/2020). Segundo informa\u00e7\u00f5es da Pol\u00edcia Militar Rodovi\u00e1ria (PMRv), o ve\u00edculo seguia para Malacacheta, carregado de tijolos, quando o condutor perdeu o controle da dire\u00e7\u00e3o na altura do km 210. O motorista disse aos policiais que [&hellip;]<\/p>\n","protected":false},"author":1,"featured_media":166678,"comment_status":"open","ping_status":"closed","sticky":false,"template":"","format":"standard","meta":{"amp_status":"","footnotes":""},"categories":[120],"tags":[226520,226522,226521,53707,13247,95827,226,136414,223813,178],"class_list":["post-166677","post","type-post","status-publish","format-standard","has-post-thumbnail","hentry","category-jequi","tag-acidente-com-caminhao-carregado-de-tijolo-em-turmalina","tag-acidente-com-caminhao-de-malacacheta","tag-acidente-com-caminhao-de-tijolo-de-malacacheta","tag-acidente-com-caminhao-em-turmalina","tag-acidente-em-turmalina","tag-acidente-na-mg-308-em-turmalina","tag-malacacheta","tag-mg-308","tag-motorista-de-caminhao-fica-ferido-em-acidente-no-municipio-de-turmalina","tag-turmalina"],"_links":{"self":[{"href":"https:\/\/aconteceunovale.com.br\/portal\/index.php?rest_route=\/wp\/v2\/posts\/166677","targetHints":{"allow":["GET"]}}],"collection":[{"href":"https:\/\/aconteceunovale.com.br\/portal\/index.php?rest_route=\/wp\/v2\/posts"}],"about":[{"href":"https:\/\/aconteceunovale.com.br\/portal\/index.php?rest_route=\/wp\/v2\/types\/post"}],"author":[{"embeddable":true,"href":"https:\/\/aconteceunovale.com.br\/portal\/index.php?rest_route=\/wp\/v2\/users\/1"}],"replies":[{"embeddable":true,"href":"https:\/\/aconteceunovale.com.br\/portal\/index.php?rest_route=%2Fwp%2Fv2%2Fcomments&post=166677"}],"version-history":[{"count":1,"href":"https:\/\/aconteceunovale.com.br\/portal\/index.php?rest_route=\/wp\/v2\/posts\/166677\/revisions"}],"predecessor-version":[{"id":166679,"href":"https:\/\/aconteceunovale.com.br\/portal\/index.php?rest_route=\/wp\/v2\/posts\/166677\/revisions\/166679"}],"wp:featuredmedia":[{"embeddable":true,"href":"https:\/\/aconteceunovale.com.br\/portal\/index.php?rest_route=\/wp\/v2\/media\/166678"}],"wp:attachment":[{"href":"https:\/\/aconteceunovale.com.br\/portal\/index.php?rest_route=%2Fwp%2Fv2%2Fmedia&parent=166677"}],"wp:term":[{"taxonomy":"category","embeddable":true,"href":"https:\/\/aconteceunovale.com.br\/portal\/index.php?rest_route=%2Fwp%2Fv2%2Fcategories&post=166677"},{"taxonomy":"post_tag","embeddable":true,"href":"https:\/\/aconteceunovale.com.br\/portal\/index.php?rest_route=%2Fwp%2Fv2%2Ftags&post=166677"}],"curies":[{"name":"wp","href":"https:\/\/api.w.org\/{rel}","templated":true}]}}