{"id":166675,"date":"2020-07-31T21:19:25","date_gmt":"2020-08-01T00:19:25","guid":{"rendered":"https:\/\/aconteceunovale.com.br\/portal\/?p=166675"},"modified":"2020-07-31T21:19:38","modified_gmt":"2020-08-01T00:19:38","slug":"dono-de-pousada-sera-indenizado-por-rompimento-de-barragem-em-mariana","status":"publish","type":"post","link":"https:\/\/aconteceunovale.com.br\/portal\/?p=166675","title":{"rendered":"Dono de pousada ser\u00e1 indenizado por rompimento de barragem em Mariana"},"content":{"rendered":"\n<p>A lama do rompimento da estrutura da barragem de Fund\u00e3o, em Mariana, em novembro de 2015, causou preju\u00edzos em 36 munic\u00edpios mineiros e capixabas ao longo do Rio Doce. Uma das cidades mais afetadas foi Barra Longa, vizinha de Ponte Nova, e um empres\u00e1rio que pretendia alugar seu im\u00f3vel na regi\u00e3o para temporada conseguiu na Justi\u00e7a o direito de ser indenizado pelas mineradoras Samarco, Vale, BHP Billiton e pela Funda\u00e7\u00e3o Renova.<\/p>\n\n\n\n<p>A decis\u00e3o \u00e9 do juiz da 2\u00aa Vara C\u00edvel de Ponte Nova, Bruno Henrique Ten\u00f3rio Taveira, que condenou as institui\u00e7\u00f5es a pagar, mensalmente, R$ 72 mil por danos emergentes e, de uma \u00fanica vez, R$ 38 mil por danos materiais, al\u00e9m de um aluguel mensal com valor que ser\u00e1 apurado posteriormente.<\/p>\n\n\n\n<p>O empres\u00e1rio \u00e9 propriet\u00e1rio de um sobrado com tr\u00eas andares \u00e0s margens do Rio Doce e planejava alugar o local para temporada. O im\u00f3vel foi invadido pelos rejeitos da mineradora, que chegaram a mais de um metro de altura.<\/p>\n\n\n\n<p>Antes de ajuizar a a\u00e7\u00e3o, ele tentou receber os danos cadastrando-se, sem sucesso, na Funda\u00e7\u00e3o Renova. Entre os diversos itens perdidos, havia&nbsp;<em>freezers<\/em>, equipamentos de constru\u00e7\u00e3o civil e um acordeom com 30 anos de fabrica\u00e7\u00e3o, que pertencia a seu pai.<\/p>\n\n\n\n<p>As mineradoras contestaram o pedido de indeniza\u00e7\u00e3o, e a Funda\u00e7\u00e3o Renova argumentou que o empres\u00e1rio residia em Belo Horizonte e n\u00e3o sofreu impacto em sua sa\u00fade f\u00edsica e mental ou altera\u00e7\u00e3o em seu modo de vida.<\/p>\n\n\n\n<p>Segundo o juiz Bruno Taveira, no entanto, o desastre privou o empres\u00e1rio de dezenas de momentos de lazer em fam\u00edlia e imp\u00f4s a ele o desgosto de ver seu im\u00f3vel e pertences hist\u00f3ricos destru\u00eddos pela lama.&nbsp;<\/p>\n\n\n\n<p>\u201cPermitir que tal abalo passe desapercebido, sem a indeniza\u00e7\u00e3o, \u00e9 permitir a impunidade ao abalo ps\u00edquico que os cidad\u00e3os perceberam \u00e0 \u00e9poca do acontecimento e pelo dano que sofrem at\u00e9 hoje por nem mesmo terem recebido a justa indeniza\u00e7\u00e3o\u201d, disse.&nbsp;<\/p>\n\n\n\n<p>Sobre as constantes reuni\u00f5es no Programa de Indeniza\u00e7\u00e3o Mediada (PIM), da Funda\u00e7\u00e3o Renova, o magistrado ressaltou que configuram novo dano moral sofrido ap\u00f3s a trag\u00e9dia. \u201cEle precisou reviver todo o sofrimento e, ainda assim, n\u00e3o foi adequadamente indenizado\u201d, concluiu.<\/p>\n\n\n\n<p class=\"has-background has-very-light-gray-background-color\">Quer saber as not\u00edcias do <strong>Aconteceu no Vale<\/strong> em primeira m\u00e3o? Siga-nos no Facebook <a rel=\"noreferrer noopener\" href=\"http:\/\/facebook.com\/aconteceunovale\" target=\"_blank\">@aconteceunovale<\/a>, Twitter <a rel=\"noreferrer noopener\" href=\"https:\/\/twitter.com\/noticiadosvales\" target=\"_blank\">@noticiadosvales<\/a> e Instagram <a rel=\"noreferrer noopener\" href=\"https:\/\/www.instagram.com\/aconteceunovale\" target=\"_blank\">@aconteceunovale<\/a>.<\/p>\n","protected":false},"excerpt":{"rendered":"<p>A lama do rompimento da estrutura da barragem de Fund\u00e3o, em Mariana, em novembro de 2015, causou preju\u00edzos em 36 munic\u00edpios mineiros e capixabas ao longo do Rio Doce. Uma das cidades mais afetadas foi Barra Longa, vizinha de Ponte Nova, e um empres\u00e1rio que pretendia alugar seu im\u00f3vel na regi\u00e3o para temporada conseguiu na [&hellip;]<\/p>\n","protected":false},"author":1,"featured_media":166172,"comment_status":"open","ping_status":"closed","sticky":false,"template":"","format":"standard","meta":{"amp_status":"","footnotes":""},"categories":[123],"tags":[1770,65265,66100,226519,226517,122011,7363,217,65317,32642,2910,226518],"class_list":["post-166675","post","type-post","status-publish","format-standard","has-post-thumbnail","hentry","category-gerais","tag-barra-longa","tag-barragem-de-fundao","tag-bhp-billiton","tag-bruno-henrique-tenorio-taveira","tag-dono-de-pousada-sera-indenizado-por-rompimento-de-barragem-em-mariana","tag-fundacao-renova","tag-mariana","tag-ponte-nova","tag-rompimento-de-barragem-em-mariana","tag-samarco","tag-vale","tag-vara-civel-de-ponte-nova"],"_links":{"self":[{"href":"https:\/\/aconteceunovale.com.br\/portal\/index.php?rest_route=\/wp\/v2\/posts\/166675","targetHints":{"allow":["GET"]}}],"collection":[{"href":"https:\/\/aconteceunovale.com.br\/portal\/index.php?rest_route=\/wp\/v2\/posts"}],"about":[{"href":"https:\/\/aconteceunovale.com.br\/portal\/index.php?rest_route=\/wp\/v2\/types\/post"}],"author":[{"embeddable":true,"href":"https:\/\/aconteceunovale.com.br\/portal\/index.php?rest_route=\/wp\/v2\/users\/1"}],"replies":[{"embeddable":true,"href":"https:\/\/aconteceunovale.com.br\/portal\/index.php?rest_route=%2Fwp%2Fv2%2Fcomments&post=166675"}],"version-history":[{"count":1,"href":"https:\/\/aconteceunovale.com.br\/portal\/index.php?rest_route=\/wp\/v2\/posts\/166675\/revisions"}],"predecessor-version":[{"id":166676,"href":"https:\/\/aconteceunovale.com.br\/portal\/index.php?rest_route=\/wp\/v2\/posts\/166675\/revisions\/166676"}],"wp:featuredmedia":[{"embeddable":true,"href":"https:\/\/aconteceunovale.com.br\/portal\/index.php?rest_route=\/wp\/v2\/media\/166172"}],"wp:attachment":[{"href":"https:\/\/aconteceunovale.com.br\/portal\/index.php?rest_route=%2Fwp%2Fv2%2Fmedia&parent=166675"}],"wp:term":[{"taxonomy":"category","embeddable":true,"href":"https:\/\/aconteceunovale.com.br\/portal\/index.php?rest_route=%2Fwp%2Fv2%2Fcategories&post=166675"},{"taxonomy":"post_tag","embeddable":true,"href":"https:\/\/aconteceunovale.com.br\/portal\/index.php?rest_route=%2Fwp%2Fv2%2Ftags&post=166675"}],"curies":[{"name":"wp","href":"https:\/\/api.w.org\/{rel}","templated":true}]}}