{"id":166672,"date":"2020-07-31T21:05:13","date_gmt":"2020-08-01T00:05:13","guid":{"rendered":"https:\/\/aconteceunovale.com.br\/portal\/?p=166672"},"modified":"2020-07-31T21:05:48","modified_gmt":"2020-08-01T00:05:48","slug":"ciclista-morre-apos-ser-atropelado-por-caminhao-em-governador-valadares","status":"publish","type":"post","link":"https:\/\/aconteceunovale.com.br\/portal\/?p=166672","title":{"rendered":"Ciclista morre ap\u00f3s ser atropelado por caminh\u00e3o em Governador Valadares"},"content":{"rendered":"\n<p>Um jovem de 25 anos morreu ap\u00f3s ser atropelado por um caminh\u00e3o ca\u00e7amba na BR-116, em Governador Valadares, na tarde desta sexta-feira (31\/7\/2020). Jeferson Rocha de Oliveira estava em uma bicicleta e, ao acessar a rodovia, foi atingido pelo ve\u00edculo de carga.<\/p>\n\n\n\n<p>Equipes do SAMU (Servi\u00e7o de Atendimento M\u00f3vel de Urg\u00eancia) e do Corpo de Bombeiros foram acionadas, mas a v\u00edtima n\u00e3o resistiu aos ferimentos e veio a \u00f3bito no local. O acidente aconteceu na altura do bairro JK 3.<\/p>\n\n\n\n<p>O corpo de Jeferson Rocha foi encaminhado ao Instituto M\u00e9dico Legal (IML) de Governador Valadares. As causas do acidente ser\u00e3o apuradas.<\/p>\n\n\n\n<figure class=\"wp-block-gallery columns-1 is-cropped wp-block-gallery-1 is-layout-flex wp-block-gallery-is-layout-flex\"><ul class=\"blocks-gallery-grid\"><li class=\"blocks-gallery-item\"><figure><img loading=\"lazy\" decoding=\"async\" width=\"678\" height=\"381\" src=\"https:\/\/aconteceunovale.com.br\/portal\/wp-content\/uploads\/2020\/07\/atropelamento_gv.jpg\" alt=\"\" data-id=\"166673\" data-full-url=\"https:\/\/aconteceunovale.com.br\/portal\/wp-content\/uploads\/2020\/07\/atropelamento_gv.jpg\" data-link=\"https:\/\/aconteceunovale.com.br\/portal\/?attachment_id=166673\" class=\"wp-image-166673\" srcset=\"https:\/\/aconteceunovale.com.br\/portal\/wp-content\/uploads\/2020\/07\/atropelamento_gv.jpg 678w, https:\/\/aconteceunovale.com.br\/portal\/wp-content\/uploads\/2020\/07\/atropelamento_gv-300x169.jpg 300w\" sizes=\"auto, (max-width: 678px) 100vw, 678px\" \/><figcaption class=\"blocks-gallery-item__caption\"><em>Foto: Leandro Silva<\/em><\/figcaption><\/figure><\/li><\/ul><\/figure>\n\n\n\n<p class=\"has-background has-very-light-gray-background-color\">Quer saber as not\u00edcias do <strong>Aconteceu no Vale<\/strong> em primeira m\u00e3o? Siga-nos no Facebook <a rel=\"noreferrer noopener\" href=\"http:\/\/facebook.com\/aconteceunovale\" target=\"_blank\">@aconteceunovale<\/a>, Twitter <a rel=\"noreferrer noopener\" href=\"https:\/\/twitter.com\/noticiadosvales\" target=\"_blank\">@noticiadosvales<\/a> e Instagram <a rel=\"noreferrer noopener\" href=\"https:\/\/www.instagram.com\/aconteceunovale\" target=\"_blank\">@aconteceunovale<\/a>.<\/p>\n","protected":false},"excerpt":{"rendered":"<p>Um jovem de 25 anos morreu ap\u00f3s ser atropelado por um caminh\u00e3o ca\u00e7amba na BR-116, em Governador Valadares, na tarde desta sexta-feira (31\/7\/2020). Jeferson Rocha de Oliveira estava em uma bicicleta e, ao acessar a rodovia, foi atingido pelo ve\u00edculo de carga. Equipes do SAMU (Servi\u00e7o de Atendimento M\u00f3vel de Urg\u00eancia) e do Corpo de [&hellip;]<\/p>\n","protected":false},"author":1,"featured_media":166673,"comment_status":"open","ping_status":"closed","sticky":false,"template":"","format":"standard","meta":{"amp_status":"","footnotes":""},"categories":[121],"tags":[12667,62745,145692,226515,226514,247,226516],"class_list":["post-166672","post","type-post","status-publish","format-standard","has-post-thumbnail","hentry","category-leste","tag-acidente-em-governador-valadares","tag-atropelamento-de-ciclista-em-governador-valadares","tag-atropelamento-em-governador-valadares","tag-ciclista-atropelada-em-governador-valadares","tag-ciclista-morre-apos-ser-atropelado-por-caminhao-em-governador-valadares","tag-governador-valadares","tag-jeferson-rocha-de-oliveira"],"_links":{"self":[{"href":"https:\/\/aconteceunovale.com.br\/portal\/index.php?rest_route=\/wp\/v2\/posts\/166672","targetHints":{"allow":["GET"]}}],"collection":[{"href":"https:\/\/aconteceunovale.com.br\/portal\/index.php?rest_route=\/wp\/v2\/posts"}],"about":[{"href":"https:\/\/aconteceunovale.com.br\/portal\/index.php?rest_route=\/wp\/v2\/types\/post"}],"author":[{"embeddable":true,"href":"https:\/\/aconteceunovale.com.br\/portal\/index.php?rest_route=\/wp\/v2\/users\/1"}],"replies":[{"embeddable":true,"href":"https:\/\/aconteceunovale.com.br\/portal\/index.php?rest_route=%2Fwp%2Fv2%2Fcomments&post=166672"}],"version-history":[{"count":1,"href":"https:\/\/aconteceunovale.com.br\/portal\/index.php?rest_route=\/wp\/v2\/posts\/166672\/revisions"}],"predecessor-version":[{"id":166674,"href":"https:\/\/aconteceunovale.com.br\/portal\/index.php?rest_route=\/wp\/v2\/posts\/166672\/revisions\/166674"}],"wp:featuredmedia":[{"embeddable":true,"href":"https:\/\/aconteceunovale.com.br\/portal\/index.php?rest_route=\/wp\/v2\/media\/166673"}],"wp:attachment":[{"href":"https:\/\/aconteceunovale.com.br\/portal\/index.php?rest_route=%2Fwp%2Fv2%2Fmedia&parent=166672"}],"wp:term":[{"taxonomy":"category","embeddable":true,"href":"https:\/\/aconteceunovale.com.br\/portal\/index.php?rest_route=%2Fwp%2Fv2%2Fcategories&post=166672"},{"taxonomy":"post_tag","embeddable":true,"href":"https:\/\/aconteceunovale.com.br\/portal\/index.php?rest_route=%2Fwp%2Fv2%2Ftags&post=166672"}],"curies":[{"name":"wp","href":"https:\/\/api.w.org\/{rel}","templated":true}]}}