{"id":166667,"date":"2020-07-31T20:35:59","date_gmt":"2020-07-31T23:35:59","guid":{"rendered":"https:\/\/aconteceunovale.com.br\/portal\/?p=166667"},"modified":"2020-07-31T20:36:11","modified_gmt":"2020-07-31T23:36:11","slug":"mp-obtem-decisao-judicial-que-reconhece-atos-de-improbidade-administrativa-em-medina-no-vale-do-jequitinhonha","status":"publish","type":"post","link":"https:\/\/aconteceunovale.com.br\/portal\/?p=166667","title":{"rendered":"MP obt\u00e9m decis\u00e3o judicial que reconhece atos de improbidade administrativa em Medina, no Vale do Jequitinhonha"},"content":{"rendered":"\n<p>O Minist\u00e9rio P\u00fablico de Minas Gerais (MPMG), por meio da Promotoria de Justi\u00e7a de Medina, obteve decis\u00e3o judicial favor\u00e1vel \u00e0 a\u00e7\u00e3o de improbidade administrativa em face de ex-agentes p\u00fablicos da prefeitura municipal por promoverem ilegalmente, na gest\u00e3o passada, publicidade institucional nas \u00faltimas elei\u00e7\u00f5es para prefeito.\u00a0<\/p>\n\n\n\n<p>Com base em todas as provas apresentadas e produzidas pelo Minist\u00e9rio P\u00fablico, a decis\u00e3o judicial reconheceu a pr\u00e1tica de atos de improbidade administrativa que atentam contra os princ\u00edpios da Administra\u00e7\u00e3o P\u00fablica, por parte de um ex-prefeito de Medina, de uma ex-secret\u00e1ria municipal de Assist\u00eancia Social e de um ex-secret\u00e1rio de Administra\u00e7\u00e3o. A senten\u00e7a condena todos eles \u00e0s penas de suspens\u00e3o dos direitos pol\u00edticos pelo prazo de cinco anos e multa civil no valor de cinco vezes o sal\u00e1rio recebido por eles no cargo que ocuparam \u00e0 \u00e9poca. A multa ser\u00e1 revertida ao Munic\u00edpio lesado.<\/p>\n\n\n\n<p>A a\u00e7\u00e3o de improbidade foi ajuizada pelo Minist\u00e9rio P\u00fablico ap\u00f3s apurar e comprovar que os r\u00e9us praticaram diversas condutas proibidas pela legisla\u00e7\u00e3o eleitoral na campanha de 2016. Nessa \u00e9poca, eles se utilizaram da p\u00e1gina oficial da Prefeitura Municipal de Medina para veicular atos, programas e servi\u00e7os, com a finalidade de promover a candidatura do ex-secret\u00e1rio de Administra\u00e7\u00e3o ao cargo de prefeito. Com isso, os acusados violaram &#8211; mesmo ap\u00f3s Recomenda\u00e7\u00e3o do Minist\u00e9rio P\u00fablico para inibir viola\u00e7\u00f5es \u00e0s disposi\u00e7\u00f5es eleitorais &#8211; a Lei n\u00ba 9.503, de 1997, que veda aos agentes p\u00fablicos, nos tr\u00eas meses que antecedem o pleito eleitoral, autorizar publicidade institucional dos atos, programas, obras, servi\u00e7os e campanhas dos \u00f3rg\u00e3os p\u00fablicos federais, estaduais ou municipais, ou das respectivas entidades da administra\u00e7\u00e3o indireta.<\/p>\n\n\n\n<p>As partes ainda podem recorrer da decis\u00e3o. De acordo com o promotor de Justi\u00e7a de Medina, Uilian Carlos Barbosa de Carvalho, o MPMG continua atento para garantir a probidade administrativa e responsabiliza\u00e7\u00e3o dos agentes \u00edmprobos e violadores das normas que regem a Administra\u00e7\u00e3o P\u00fablica.<\/p>\n\n\n\n<figure class=\"wp-block-gallery columns-1 is-cropped wp-block-gallery-1 is-layout-flex wp-block-gallery-is-layout-flex\"><ul class=\"blocks-gallery-grid\"><li class=\"blocks-gallery-item\"><figure><img loading=\"lazy\" decoding=\"async\" width=\"678\" height=\"381\" src=\"https:\/\/aconteceunovale.com.br\/portal\/wp-content\/uploads\/2020\/06\/medina_mg.jpg\" alt=\"\" data-id=\"163415\" data-full-url=\"https:\/\/aconteceunovale.com.br\/portal\/wp-content\/uploads\/2020\/06\/medina_mg.jpg\" data-link=\"https:\/\/aconteceunovale.com.br\/portal\/?attachment_id=163415\" class=\"wp-image-163415\" srcset=\"https:\/\/aconteceunovale.com.br\/portal\/wp-content\/uploads\/2020\/06\/medina_mg.jpg 678w, https:\/\/aconteceunovale.com.br\/portal\/wp-content\/uploads\/2020\/06\/medina_mg-300x169.jpg 300w\" sizes=\"auto, (max-width: 678px) 100vw, 678px\" \/><figcaption class=\"blocks-gallery-item__caption\"><em>Foto: Divulga\u00e7\u00e3o<\/em><\/figcaption><\/figure><\/li><\/ul><\/figure>\n\n\n\n<p class=\"has-background has-very-light-gray-background-color\">Quer saber as not\u00edcias do <strong>Aconteceu no Vale<\/strong> em primeira m\u00e3o? Siga-nos no Facebook <a rel=\"noreferrer noopener\" href=\"http:\/\/facebook.com\/aconteceunovale\" target=\"_blank\">@aconteceunovale<\/a>, Twitter <a rel=\"noreferrer noopener\" href=\"https:\/\/twitter.com\/noticiadosvales\" target=\"_blank\">@noticiadosvales<\/a> e Instagram <a rel=\"noreferrer noopener\" href=\"https:\/\/www.instagram.com\/aconteceunovale\" target=\"_blank\">@aconteceunovale<\/a>.<\/p>\n","protected":false},"excerpt":{"rendered":"<p>O Minist\u00e9rio P\u00fablico de Minas Gerais (MPMG), por meio da Promotoria de Justi\u00e7a de Medina, obteve decis\u00e3o judicial favor\u00e1vel \u00e0 a\u00e7\u00e3o de improbidade administrativa em face de ex-agentes p\u00fablicos da prefeitura municipal por promoverem ilegalmente, na gest\u00e3o passada, publicidade institucional nas \u00faltimas elei\u00e7\u00f5es para prefeito.\u00a0 Com base em todas as provas apresentadas e produzidas pelo [&hellip;]<\/p>\n","protected":false},"author":1,"featured_media":163415,"comment_status":"open","ping_status":"closed","sticky":false,"template":"","format":"standard","meta":{"amp_status":"","footnotes":""},"categories":[40240,120],"tags":[226507,208013,389,19674,226505,226506,19675,179981,158542],"class_list":["post-166667","post","type-post","status-publish","format-standard","has-post-thumbnail","hentry","category-politica-2","category-jequi","tag-improbidade-administrativa-em-medina","tag-justica-de-medina","tag-medina","tag-ministerio-publico-de-minas-gerais","tag-ministerio-publico-obtem-decisao-judicial-que-reconhece-atos-de-improbidade-administrativa-em-medina","tag-mp-obtem-decisao-judicial-que-reconhece-atos-de-improbidade-administrativa-em-medina","tag-mpmg","tag-promotoria-de-justica-de-medina","tag-uilian-carlos-barbosa-de-carvalho"],"_links":{"self":[{"href":"https:\/\/aconteceunovale.com.br\/portal\/index.php?rest_route=\/wp\/v2\/posts\/166667","targetHints":{"allow":["GET"]}}],"collection":[{"href":"https:\/\/aconteceunovale.com.br\/portal\/index.php?rest_route=\/wp\/v2\/posts"}],"about":[{"href":"https:\/\/aconteceunovale.com.br\/portal\/index.php?rest_route=\/wp\/v2\/types\/post"}],"author":[{"embeddable":true,"href":"https:\/\/aconteceunovale.com.br\/portal\/index.php?rest_route=\/wp\/v2\/users\/1"}],"replies":[{"embeddable":true,"href":"https:\/\/aconteceunovale.com.br\/portal\/index.php?rest_route=%2Fwp%2Fv2%2Fcomments&post=166667"}],"version-history":[{"count":1,"href":"https:\/\/aconteceunovale.com.br\/portal\/index.php?rest_route=\/wp\/v2\/posts\/166667\/revisions"}],"predecessor-version":[{"id":166668,"href":"https:\/\/aconteceunovale.com.br\/portal\/index.php?rest_route=\/wp\/v2\/posts\/166667\/revisions\/166668"}],"wp:featuredmedia":[{"embeddable":true,"href":"https:\/\/aconteceunovale.com.br\/portal\/index.php?rest_route=\/wp\/v2\/media\/163415"}],"wp:attachment":[{"href":"https:\/\/aconteceunovale.com.br\/portal\/index.php?rest_route=%2Fwp%2Fv2%2Fmedia&parent=166667"}],"wp:term":[{"taxonomy":"category","embeddable":true,"href":"https:\/\/aconteceunovale.com.br\/portal\/index.php?rest_route=%2Fwp%2Fv2%2Fcategories&post=166667"},{"taxonomy":"post_tag","embeddable":true,"href":"https:\/\/aconteceunovale.com.br\/portal\/index.php?rest_route=%2Fwp%2Fv2%2Ftags&post=166667"}],"curies":[{"name":"wp","href":"https:\/\/api.w.org\/{rel}","templated":true}]}}