{"id":166664,"date":"2020-07-31T20:11:21","date_gmt":"2020-07-31T23:11:21","guid":{"rendered":"https:\/\/aconteceunovale.com.br\/portal\/?p=166664"},"modified":"2020-07-31T20:11:43","modified_gmt":"2020-07-31T23:11:43","slug":"covid-19-brasil-registrou-1-212-obitos-e-52-383-casos-nas-ultimas-24-horas","status":"publish","type":"post","link":"https:\/\/aconteceunovale.com.br\/portal\/?p=166664","title":{"rendered":"Covid-19: Brasil registrou 1.212 \u00f3bitos e 52.383 casos nas \u00faltimas 24 horas"},"content":{"rendered":"\n<p>O Brasil chegou a 92.475 mortes em fun\u00e7\u00e3o da pandemia de covid-19.&nbsp;Ainda h\u00e1 3.529 \u00f3bitos em investiga\u00e7\u00e3o. As informa\u00e7\u00f5es s\u00e3o do balan\u00e7o di\u00e1rio do Minist\u00e9rio da Sa\u00fade divulgado hoje (31\/7\/2020). O \u00f3rg\u00e3o recebeu das secretarias estaduais 1.212 novos registros nas \u00faltimas 24 horas.&nbsp;<\/p>\n\n\n\n<p>Sobre casos confirmados, o balan\u00e7o mostra&nbsp;2.662.485 casos acumulados do novo coronav\u00edrus. S\u00f3 nas \u00faltimas 24 horas, foram&nbsp;52.383 notifica\u00e7\u00f5es.&nbsp;<\/p>\n\n\n\n<p>Ainda de acordo com a atualiza\u00e7\u00e3o di\u00e1ria do Minist\u00e9rio da Sa\u00fade, h\u00e1 725.959 pacientes em acompanhamento. At\u00e9 o momento, 1.844.051 pessoas j\u00e1 se recuperaram da covid-19, ou seja, 69,3% dos pacientes infectados conseguiram se recuperar da doen\u00e7a.&nbsp;<\/p>\n\n\n\n<p>A taxa de letalidade (n\u00famero de mortes pelo total de casos) ficou em 3,5%. A mortalidade (quantidade de \u00f3bitos por 100 mil habitantes) atingiu 44. A incid\u00eancia dos casos de covid-19 por 100 mil habitantes \u00e9 de 1.267.<\/p>\n\n\n\n<h2 class=\"wp-block-heading\">Covid-19 nos estados<\/h2>\n\n\n\n<p>Os estados com mais mortes por covid-19 s\u00e3o: S\u00e3o Paulo (22.997), Rio&nbsp;de Janeiro&nbsp;(13.477), Cear\u00e1 (7.668), Pernambuco (6.557) e Par\u00e1 (5.728). As Unidades da Federa\u00e7\u00e3o com menos \u00f3bitos provocados pela&nbsp;pandemia s\u00e3o: Mato Grosso do Sul (376), Tocantins (381), Roraima (505), Acre (531) e Amap\u00e1 (565).<\/p>\n\n\n\n<p>J\u00e1 em termos de casos confirmados, S\u00e3o Paulo lidera (542.304), seguido por Cear\u00e1 (173.882), Bahia (166.154), Rio\u00a0de Janeiro\u00a0(165.495) e Par\u00e1 (154.685). A Bahia ultrapassou o Rio\u00a0de Janeiro\u00a0na terceira posi\u00e7\u00e3o. Os estados com menos pessoas infectadas at\u00e9 o momento s\u00e3o:\u00a0 Acre (19.625), Tocantins (24.824), Mato Grosso do Sul (24.936), Roraima (32.016) e Amap\u00e1 (36.468).<\/p>\n\n\n\n<figure class=\"wp-block-gallery columns-1 is-cropped wp-block-gallery-1 is-layout-flex wp-block-gallery-is-layout-flex\"><ul class=\"blocks-gallery-grid\"><li class=\"blocks-gallery-item\"><figure><img loading=\"lazy\" decoding=\"async\" width=\"754\" height=\"423\" src=\"https:\/\/aconteceunovale.com.br\/portal\/wp-content\/uploads\/2020\/07\/corona_br_31julho.jpeg\" alt=\"\" data-id=\"166665\" data-full-url=\"https:\/\/aconteceunovale.com.br\/portal\/wp-content\/uploads\/2020\/07\/corona_br_31julho.jpeg\" data-link=\"https:\/\/aconteceunovale.com.br\/portal\/?attachment_id=166665\" class=\"wp-image-166665\" srcset=\"https:\/\/aconteceunovale.com.br\/portal\/wp-content\/uploads\/2020\/07\/corona_br_31julho.jpeg 754w, https:\/\/aconteceunovale.com.br\/portal\/wp-content\/uploads\/2020\/07\/corona_br_31julho-300x168.jpeg 300w, https:\/\/aconteceunovale.com.br\/portal\/wp-content\/uploads\/2020\/07\/corona_br_31julho-696x390.jpeg 696w, https:\/\/aconteceunovale.com.br\/portal\/wp-content\/uploads\/2020\/07\/corona_br_31julho-749x420.jpeg 749w\" sizes=\"auto, (max-width: 754px) 100vw, 754px\" \/><\/figure><\/li><\/ul><\/figure>\n\n\n\n<p class=\"has-background has-very-light-gray-background-color\">Quer saber as not\u00edcias do <strong>Aconteceu no Vale<\/strong> em primeira m\u00e3o? Siga-nos no Facebook <a rel=\"noreferrer noopener\" href=\"http:\/\/facebook.com\/aconteceunovale\" target=\"_blank\">@aconteceunovale<\/a>, Twitter <a rel=\"noreferrer noopener\" href=\"https:\/\/twitter.com\/noticiadosvales\" target=\"_blank\">@noticiadosvales<\/a> e Instagram <a rel=\"noreferrer noopener\" href=\"https:\/\/www.instagram.com\/aconteceunovale\" target=\"_blank\">@aconteceunovale<\/a>.<\/p>\n","protected":false},"excerpt":{"rendered":"<p>O Brasil chegou a 92.475 mortes em fun\u00e7\u00e3o da pandemia de covid-19.&nbsp;Ainda h\u00e1 3.529 \u00f3bitos em investiga\u00e7\u00e3o. As informa\u00e7\u00f5es s\u00e3o do balan\u00e7o di\u00e1rio do Minist\u00e9rio da Sa\u00fade divulgado hoje (31\/7\/2020). O \u00f3rg\u00e3o recebeu das secretarias estaduais 1.212 novos registros nas \u00faltimas 24 horas.&nbsp; Sobre casos confirmados, o balan\u00e7o mostra&nbsp;2.662.485 casos acumulados do novo coronav\u00edrus. S\u00f3 [&hellip;]<\/p>\n","protected":false},"author":1,"featured_media":166665,"comment_status":"open","ping_status":"closed","sticky":false,"template":"","format":"standard","meta":{"amp_status":"","footnotes":""},"categories":[6,40242],"tags":[4785,220477,220660,219520,218049,218205,214884,215394,216498,218043,226504,19326,220349,218044,218045,215653,218206,219105,219104,218876,219519,140166,217692,220478,220479,220944,220945],"class_list":["post-166664","post","type-post","status-publish","format-standard","has-post-thumbnail","hentry","category-br","category-saude-2","tag-brasil","tag-brasil-bate-recorde-de-obitos-e-casos-confirmados-em-um-dia","tag-brasil-ultrapassa-marca-de-4-mil-obitos-por-covid-19","tag-casos-confirmados-e-obitos-no-brasil","tag-casos-de-coronavirus-no-brasil","tag-casos-de-covid-19-no-brasil","tag-coronavirus","tag-coronavirus-no-brasil","tag-covid-19","tag-covid-19-no-brasil","tag-covid-19-brasil-registrou-1-212-obitos-e-52-383-casos-nas-ultimas-24-horas","tag-ministerio-da-saude","tag-ministerio-da-saude-atualiza-numeros-do-coronavirus-no-brasil","tag-mortes-por-coronavirus-no-brasil","tag-mortes-por-covid-19-no-brasil","tag-novo-coronavirus","tag-numero-de-casos-de-covid-19-confirmados-no-brasil","tag-numeros-da-covid-19-no-brasil","tag-numeros-do-coronavirus-no-brasil","tag-obitos-por-coronavirus-no-brasil","tag-obitos-por-covid-19-no-brasil","tag-pandemia","tag-pandemia-de-coronavirus","tag-recorde-de-obitos-por-coronavirus-no-brasil","tag-recorde-de-obitos-por-covid-19-no-brasil","tag-virus-vai-atingir-70-da-populacao","tag-virus-vai-atingir-70-da-populacao-diz-jair-bolsonaro"],"_links":{"self":[{"href":"https:\/\/aconteceunovale.com.br\/portal\/index.php?rest_route=\/wp\/v2\/posts\/166664","targetHints":{"allow":["GET"]}}],"collection":[{"href":"https:\/\/aconteceunovale.com.br\/portal\/index.php?rest_route=\/wp\/v2\/posts"}],"about":[{"href":"https:\/\/aconteceunovale.com.br\/portal\/index.php?rest_route=\/wp\/v2\/types\/post"}],"author":[{"embeddable":true,"href":"https:\/\/aconteceunovale.com.br\/portal\/index.php?rest_route=\/wp\/v2\/users\/1"}],"replies":[{"embeddable":true,"href":"https:\/\/aconteceunovale.com.br\/portal\/index.php?rest_route=%2Fwp%2Fv2%2Fcomments&post=166664"}],"version-history":[{"count":1,"href":"https:\/\/aconteceunovale.com.br\/portal\/index.php?rest_route=\/wp\/v2\/posts\/166664\/revisions"}],"predecessor-version":[{"id":166666,"href":"https:\/\/aconteceunovale.com.br\/portal\/index.php?rest_route=\/wp\/v2\/posts\/166664\/revisions\/166666"}],"wp:featuredmedia":[{"embeddable":true,"href":"https:\/\/aconteceunovale.com.br\/portal\/index.php?rest_route=\/wp\/v2\/media\/166665"}],"wp:attachment":[{"href":"https:\/\/aconteceunovale.com.br\/portal\/index.php?rest_route=%2Fwp%2Fv2%2Fmedia&parent=166664"}],"wp:term":[{"taxonomy":"category","embeddable":true,"href":"https:\/\/aconteceunovale.com.br\/portal\/index.php?rest_route=%2Fwp%2Fv2%2Fcategories&post=166664"},{"taxonomy":"post_tag","embeddable":true,"href":"https:\/\/aconteceunovale.com.br\/portal\/index.php?rest_route=%2Fwp%2Fv2%2Ftags&post=166664"}],"curies":[{"name":"wp","href":"https:\/\/api.w.org\/{rel}","templated":true}]}}