{"id":166654,"date":"2020-07-31T16:28:07","date_gmt":"2020-07-31T19:28:07","guid":{"rendered":"https:\/\/aconteceunovale.com.br\/portal\/?p=166654"},"modified":"2020-08-01T19:08:10","modified_gmt":"2020-08-01T22:08:10","slug":"acidente-entre-carro-e-caminhao-deixa-dois-mortos-na-mgc-259-no-leste-de-minas","status":"publish","type":"post","link":"https:\/\/aconteceunovale.com.br\/portal\/?p=166654","title":{"rendered":"Acidente entre carro e caminh\u00e3o deixa dois mortos no Leste de Minas"},"content":{"rendered":"\n<p>Um acidente envolvendo&nbsp;um carro e um caminh\u00e3o-ba\u00fa&nbsp;deixou&nbsp;duas pessoas mortas e uma ferida na MGC-259, entre o distrito valadarense de S\u00e3o Vitor e a cidade de Galileia, no Vale do Rio Doce, na manh\u00e3 desta sexta-feira (31\/7\/2020). As v\u00edtimas eram de Ara\u00e7ua\u00ed, no Vale do Jequitinhonha.<\/p>\n\n\n\n<p>De acordo com informa\u00e7\u00f5es da Pol\u00edcia Rodovi\u00e1ria, o condutor de um Chevrolet Onix, identificado como Breno Gomes dos Santos, de 27 anos, perdeu o controle da dire\u00e7\u00e3o em uma curva e invadiu a contram\u00e3o. A lateral do carro colidiu contra a frente do caminh\u00e3o.<\/p>\n\n\n\n<p>Breno e o irm\u00e3o dele, Michael Gomes dos Santos, de 23 anos, ficaram presos \u00e0s ferragens e morreram no local. Eles trabalhavam em Cariacica (ES) e viajavam para a casa de familiares em Ara\u00e7ua\u00ed.<\/p>\n\n\n\n<p>Um terceiro ocupante do Onix, tamb\u00e9m de Ara\u00e7ua\u00ed,&nbsp;que seguia no banco traseiro, ficou gravemente ferido. Ele foi socorrido por uma equipe do SAMU (Servi\u00e7o de Atendimento M\u00f3vel de Urg\u00eancia) e encaminhado ao Hospital Municipal de Governador Valadares. O motorista do caminh\u00e3o n\u00e3o sofreu ferimentos.<\/p>\n\n\n\n<p>Os corpos dos dois irm\u00e3os foram encaminhados ao Instituto M\u00e9dico Legal (IML) de Governador Valadares. As causas do acidente ser\u00e3o apuradas.<\/p>\n\n\n\n<figure class=\"wp-block-gallery columns-1 is-cropped wp-block-gallery-1 is-layout-flex wp-block-gallery-is-layout-flex\"><ul class=\"blocks-gallery-grid\"><li class=\"blocks-gallery-item\"><figure><img loading=\"lazy\" decoding=\"async\" width=\"678\" height=\"450\" src=\"https:\/\/aconteceunovale.com.br\/portal\/wp-content\/uploads\/2020\/08\/acidente_valadares.jpeg\" alt=\"\" data-id=\"166718\" data-full-url=\"https:\/\/aconteceunovale.com.br\/portal\/wp-content\/uploads\/2020\/08\/acidente_valadares.jpeg\" data-link=\"https:\/\/aconteceunovale.com.br\/portal\/?attachment_id=166718\" class=\"wp-image-166718\" srcset=\"https:\/\/aconteceunovale.com.br\/portal\/wp-content\/uploads\/2020\/08\/acidente_valadares.jpeg 678w, https:\/\/aconteceunovale.com.br\/portal\/wp-content\/uploads\/2020\/08\/acidente_valadares-300x199.jpeg 300w, https:\/\/aconteceunovale.com.br\/portal\/wp-content\/uploads\/2020\/08\/acidente_valadares-633x420.jpeg 633w\" sizes=\"auto, (max-width: 678px) 100vw, 678px\" \/><figcaption class=\"blocks-gallery-item__caption\"><em>Foto: Corpo de Bombeiros \/ Divulga\u00e7\u00e3o<\/em><\/figcaption><\/figure><\/li><\/ul><\/figure>\n\n\n\n<figure class=\"wp-block-gallery columns-1 is-cropped wp-block-gallery-2 is-layout-flex wp-block-gallery-is-layout-flex\"><ul class=\"blocks-gallery-grid\"><li class=\"blocks-gallery-item\"><figure><img loading=\"lazy\" decoding=\"async\" width=\"678\" height=\"329\" src=\"https:\/\/aconteceunovale.com.br\/portal\/wp-content\/uploads\/2020\/07\/acidente_259_2.jpg\" alt=\"\" data-id=\"166655\" data-full-url=\"https:\/\/aconteceunovale.com.br\/portal\/wp-content\/uploads\/2020\/07\/acidente_259_2.jpg\" data-link=\"https:\/\/aconteceunovale.com.br\/portal\/?attachment_id=166655\" class=\"wp-image-166655\" srcset=\"https:\/\/aconteceunovale.com.br\/portal\/wp-content\/uploads\/2020\/07\/acidente_259_2.jpg 678w, https:\/\/aconteceunovale.com.br\/portal\/wp-content\/uploads\/2020\/07\/acidente_259_2-300x146.jpg 300w\" sizes=\"auto, (max-width: 678px) 100vw, 678px\" \/><figcaption class=\"blocks-gallery-item__caption\"><em>Foto: Divulga\u00e7\u00e3o \/ Pol\u00edcia Militar<\/em><\/figcaption><\/figure><\/li><li class=\"blocks-gallery-item\"><figure><img loading=\"lazy\" decoding=\"async\" width=\"678\" height=\"366\" src=\"https:\/\/aconteceunovale.com.br\/portal\/wp-content\/uploads\/2020\/07\/acidente_259_1.jpg\" alt=\"\" data-id=\"166656\" data-full-url=\"https:\/\/aconteceunovale.com.br\/portal\/wp-content\/uploads\/2020\/07\/acidente_259_1.jpg\" data-link=\"https:\/\/aconteceunovale.com.br\/portal\/?attachment_id=166656\" class=\"wp-image-166656\" srcset=\"https:\/\/aconteceunovale.com.br\/portal\/wp-content\/uploads\/2020\/07\/acidente_259_1.jpg 678w, https:\/\/aconteceunovale.com.br\/portal\/wp-content\/uploads\/2020\/07\/acidente_259_1-300x162.jpg 300w\" sizes=\"auto, (max-width: 678px) 100vw, 678px\" \/><figcaption class=\"blocks-gallery-item__caption\"><em>Foto: Divulga\u00e7\u00e3o \/ Pol\u00edcia Militar<\/em><\/figcaption><\/figure><\/li><\/ul><\/figure>\n\n\n\n<figure class=\"wp-block-gallery columns-1 is-cropped wp-block-gallery-3 is-layout-flex wp-block-gallery-is-layout-flex\"><ul class=\"blocks-gallery-grid\"><li class=\"blocks-gallery-item\"><figure><img loading=\"lazy\" decoding=\"async\" width=\"668\" height=\"450\" src=\"https:\/\/aconteceunovale.com.br\/portal\/wp-content\/uploads\/2020\/07\/acidente_259_3.jpg\" alt=\"\" data-id=\"166661\" data-full-url=\"https:\/\/aconteceunovale.com.br\/portal\/wp-content\/uploads\/2020\/07\/acidente_259_3.jpg\" data-link=\"https:\/\/aconteceunovale.com.br\/portal\/?attachment_id=166661\" class=\"wp-image-166661\" srcset=\"https:\/\/aconteceunovale.com.br\/portal\/wp-content\/uploads\/2020\/07\/acidente_259_3.jpg 668w, https:\/\/aconteceunovale.com.br\/portal\/wp-content\/uploads\/2020\/07\/acidente_259_3-300x202.jpg 300w, https:\/\/aconteceunovale.com.br\/portal\/wp-content\/uploads\/2020\/07\/acidente_259_3-623x420.jpg 623w\" sizes=\"auto, (max-width: 668px) 100vw, 668px\" \/><figcaption class=\"blocks-gallery-item__caption\"><em>Foto: Not\u00edcias no Leste \/ Reprodu\u00e7\u00e3o<\/em><\/figcaption><\/figure><\/li><li class=\"blocks-gallery-item\"><figure><img loading=\"lazy\" decoding=\"async\" width=\"653\" height=\"450\" src=\"https:\/\/aconteceunovale.com.br\/portal\/wp-content\/uploads\/2020\/07\/acidente_259_5.jpg\" alt=\"\" data-id=\"166659\" data-full-url=\"https:\/\/aconteceunovale.com.br\/portal\/wp-content\/uploads\/2020\/07\/acidente_259_5.jpg\" data-link=\"https:\/\/aconteceunovale.com.br\/portal\/?attachment_id=166659\" class=\"wp-image-166659\" srcset=\"https:\/\/aconteceunovale.com.br\/portal\/wp-content\/uploads\/2020\/07\/acidente_259_5.jpg 653w, https:\/\/aconteceunovale.com.br\/portal\/wp-content\/uploads\/2020\/07\/acidente_259_5-300x207.jpg 300w, https:\/\/aconteceunovale.com.br\/portal\/wp-content\/uploads\/2020\/07\/acidente_259_5-100x70.jpg 100w, https:\/\/aconteceunovale.com.br\/portal\/wp-content\/uploads\/2020\/07\/acidente_259_5-218x150.jpg 218w, https:\/\/aconteceunovale.com.br\/portal\/wp-content\/uploads\/2020\/07\/acidente_259_5-609x420.jpg 609w\" sizes=\"auto, (max-width: 653px) 100vw, 653px\" \/><figcaption class=\"blocks-gallery-item__caption\"><em>Foto: Not\u00edcias no Leste \/ Reprodu\u00e7\u00e3o<\/em><\/figcaption><\/figure><\/li><li class=\"blocks-gallery-item\"><figure><img loading=\"lazy\" decoding=\"async\" width=\"646\" height=\"450\" src=\"https:\/\/aconteceunovale.com.br\/portal\/wp-content\/uploads\/2020\/07\/acidente_259_4.jpg\" alt=\"\" data-id=\"166660\" data-full-url=\"https:\/\/aconteceunovale.com.br\/portal\/wp-content\/uploads\/2020\/07\/acidente_259_4.jpg\" data-link=\"https:\/\/aconteceunovale.com.br\/portal\/?attachment_id=166660\" class=\"wp-image-166660\" srcset=\"https:\/\/aconteceunovale.com.br\/portal\/wp-content\/uploads\/2020\/07\/acidente_259_4.jpg 646w, https:\/\/aconteceunovale.com.br\/portal\/wp-content\/uploads\/2020\/07\/acidente_259_4-300x209.jpg 300w, https:\/\/aconteceunovale.com.br\/portal\/wp-content\/uploads\/2020\/07\/acidente_259_4-100x70.jpg 100w, https:\/\/aconteceunovale.com.br\/portal\/wp-content\/uploads\/2020\/07\/acidente_259_4-603x420.jpg 603w\" sizes=\"auto, (max-width: 646px) 100vw, 646px\" \/><figcaption class=\"blocks-gallery-item__caption\"><em>Foto: Not\u00edcias no Leste \/ Reprodu\u00e7\u00e3o<\/em><\/figcaption><\/figure><\/li><li class=\"blocks-gallery-item\"><figure><img loading=\"lazy\" decoding=\"async\" width=\"675\" height=\"450\" src=\"https:\/\/aconteceunovale.com.br\/portal\/wp-content\/uploads\/2020\/07\/acidente_259_7.jpg\" alt=\"\" data-id=\"166657\" data-full-url=\"https:\/\/aconteceunovale.com.br\/portal\/wp-content\/uploads\/2020\/07\/acidente_259_7.jpg\" data-link=\"https:\/\/aconteceunovale.com.br\/portal\/?attachment_id=166657\" class=\"wp-image-166657\" srcset=\"https:\/\/aconteceunovale.com.br\/portal\/wp-content\/uploads\/2020\/07\/acidente_259_7.jpg 675w, https:\/\/aconteceunovale.com.br\/portal\/wp-content\/uploads\/2020\/07\/acidente_259_7-300x200.jpg 300w, https:\/\/aconteceunovale.com.br\/portal\/wp-content\/uploads\/2020\/07\/acidente_259_7-630x420.jpg 630w\" sizes=\"auto, (max-width: 675px) 100vw, 675px\" \/><figcaption class=\"blocks-gallery-item__caption\"><em>Foto: Not\u00edcias no Leste \/ Reprodu\u00e7\u00e3o<\/em><\/figcaption><\/figure><\/li><li class=\"blocks-gallery-item\"><figure><img loading=\"lazy\" decoding=\"async\" width=\"650\" height=\"450\" src=\"https:\/\/aconteceunovale.com.br\/portal\/wp-content\/uploads\/2020\/07\/acidente_259_6.jpg\" alt=\"\" data-id=\"166658\" data-full-url=\"https:\/\/aconteceunovale.com.br\/portal\/wp-content\/uploads\/2020\/07\/acidente_259_6.jpg\" data-link=\"https:\/\/aconteceunovale.com.br\/portal\/?attachment_id=166658\" class=\"wp-image-166658\" srcset=\"https:\/\/aconteceunovale.com.br\/portal\/wp-content\/uploads\/2020\/07\/acidente_259_6.jpg 650w, https:\/\/aconteceunovale.com.br\/portal\/wp-content\/uploads\/2020\/07\/acidente_259_6-300x208.jpg 300w, https:\/\/aconteceunovale.com.br\/portal\/wp-content\/uploads\/2020\/07\/acidente_259_6-100x70.jpg 100w, https:\/\/aconteceunovale.com.br\/portal\/wp-content\/uploads\/2020\/07\/acidente_259_6-218x150.jpg 218w, https:\/\/aconteceunovale.com.br\/portal\/wp-content\/uploads\/2020\/07\/acidente_259_6-607x420.jpg 607w\" sizes=\"auto, (max-width: 650px) 100vw, 650px\" \/><figcaption class=\"blocks-gallery-item__caption\"><em>Foto: Not\u00edcias no Leste \/ Reprodu\u00e7\u00e3o<\/em><\/figcaption><\/figure><\/li><\/ul><\/figure>\n\n\n\n<p class=\"has-background has-very-light-gray-background-color\">Quer saber as not\u00edcias do <strong>Aconteceu no Vale<\/strong> em primeira m\u00e3o? Siga-nos no Facebook <a rel=\"noreferrer noopener\" href=\"http:\/\/facebook.com\/aconteceunovale\" target=\"_blank\">@aconteceunovale<\/a>, Twitter <a rel=\"noreferrer noopener\" href=\"https:\/\/twitter.com\/noticiadosvales\" target=\"_blank\">@noticiadosvales<\/a> e Instagram <a rel=\"noreferrer noopener\" href=\"https:\/\/www.instagram.com\/aconteceunovale\" target=\"_blank\">@aconteceunovale<\/a>.<\/p>\n","protected":false},"excerpt":{"rendered":"<p>Um acidente envolvendo&nbsp;um carro e um caminh\u00e3o-ba\u00fa&nbsp;deixou&nbsp;duas pessoas mortas e uma ferida na MGC-259, entre o distrito valadarense de S\u00e3o Vitor e a cidade de Galileia, no Vale do Rio Doce, na manh\u00e3 desta sexta-feira (31\/7\/2020). As v\u00edtimas eram de Ara\u00e7ua\u00ed, no Vale do Jequitinhonha. De acordo com informa\u00e7\u00f5es da Pol\u00edcia Rodovi\u00e1ria, o condutor de [&hellip;]<\/p>\n","protected":false},"author":1,"featured_media":166718,"comment_status":"open","ping_status":"closed","sticky":false,"template":"","format":"standard","meta":{"amp_status":"","footnotes":""},"categories":[121],"tags":[226568,226569,12667,226501,135475,226503,226502,211083,199893,87575,89213,3510,186,226571,226570,15869,226576,1018,292,247,226573,226572,109066,107905,226574,226575,1502],"class_list":["post-166654","post","type-post","status-publish","format-standard","has-post-thumbnail","hentry","category-leste","tag-acidente-com-jovens-de-aracuai","tag-acidente-com-moradores-de-cariacica","tag-acidente-em-governador-valadares","tag-acidente-entre-carro-e-caminhao-deixa-dois-mortos-na-mgc-259","tag-acidente-entre-carro-e-caminhao-em-governador-valadares","tag-acidente-entre-carro-e-caminhao-na-mgc-259","tag-acidente-entre-sao-vitor-e-galileia","tag-acidente-na-mgc-259-2","tag-acidente-na-mgc-259-em-governador-valadares","tag-acidente-no-municipio-de-governador-valadares","tag-acidente-perto-de-governador-valadares","tag-acidente-proximo-a-governador-valadares","tag-aracuai","tag-breno-gomes-dos-santos","tag-breno-santos","tag-cariacica","tag-darlan-fernandes","tag-destaque","tag-galileia","tag-governador-valadares","tag-maicon-gomes-dos-santos","tag-maicon-santos","tag-marco-antonio-da-silva","tag-mgc-259","tag-michael-gomes-dos-santos","tag-michael-santos","tag-muriae"],"_links":{"self":[{"href":"https:\/\/aconteceunovale.com.br\/portal\/index.php?rest_route=\/wp\/v2\/posts\/166654","targetHints":{"allow":["GET"]}}],"collection":[{"href":"https:\/\/aconteceunovale.com.br\/portal\/index.php?rest_route=\/wp\/v2\/posts"}],"about":[{"href":"https:\/\/aconteceunovale.com.br\/portal\/index.php?rest_route=\/wp\/v2\/types\/post"}],"author":[{"embeddable":true,"href":"https:\/\/aconteceunovale.com.br\/portal\/index.php?rest_route=\/wp\/v2\/users\/1"}],"replies":[{"embeddable":true,"href":"https:\/\/aconteceunovale.com.br\/portal\/index.php?rest_route=%2Fwp%2Fv2%2Fcomments&post=166654"}],"version-history":[{"count":3,"href":"https:\/\/aconteceunovale.com.br\/portal\/index.php?rest_route=\/wp\/v2\/posts\/166654\/revisions"}],"predecessor-version":[{"id":166719,"href":"https:\/\/aconteceunovale.com.br\/portal\/index.php?rest_route=\/wp\/v2\/posts\/166654\/revisions\/166719"}],"wp:featuredmedia":[{"embeddable":true,"href":"https:\/\/aconteceunovale.com.br\/portal\/index.php?rest_route=\/wp\/v2\/media\/166718"}],"wp:attachment":[{"href":"https:\/\/aconteceunovale.com.br\/portal\/index.php?rest_route=%2Fwp%2Fv2%2Fmedia&parent=166654"}],"wp:term":[{"taxonomy":"category","embeddable":true,"href":"https:\/\/aconteceunovale.com.br\/portal\/index.php?rest_route=%2Fwp%2Fv2%2Fcategories&post=166654"},{"taxonomy":"post_tag","embeddable":true,"href":"https:\/\/aconteceunovale.com.br\/portal\/index.php?rest_route=%2Fwp%2Fv2%2Ftags&post=166654"}],"curies":[{"name":"wp","href":"https:\/\/api.w.org\/{rel}","templated":true}]}}