{"id":166651,"date":"2020-07-31T16:00:02","date_gmt":"2020-07-31T19:00:02","guid":{"rendered":"https:\/\/aconteceunovale.com.br\/portal\/?p=166651"},"modified":"2020-07-31T16:00:41","modified_gmt":"2020-07-31T19:00:41","slug":"covid-19-minas-gerais-e-o-estado-com-menor-taxa-de-obito-por-100-mil-habitantes","status":"publish","type":"post","link":"https:\/\/aconteceunovale.com.br\/portal\/?p=166651","title":{"rendered":"Covid-19: Minas Gerais \u00e9 o estado com menor taxa de \u00f3bito por 100 mil habitantes"},"content":{"rendered":"\n<p>Em coletiva virtual realizada nesta sexta-feira (31\/7\/2020), o chefe de Gabinete da\u00a0Secretaria de Estado de Sa\u00fade de Minas Gerais (SES-MG), Jo\u00e3o Pinho, informou que o estado apresenta a menor taxa de \u00f3bito pela covid-19\u00a0por 100 mil habitantes.<\/p>\n\n\n\n<p>\u201cEstamos bem satisfeitos com o trabalho que vem sendo realizado, fruto de um movimento de muitos profissionais tanto do Estado, quanto dos munic\u00edpios e tamb\u00e9m de outras secretarias que partilham&nbsp;deste cotidiano conosco\u201d, afirmou Jo\u00e3o Pinho.<\/p>\n\n\n\n<p>At\u00e9 o momento,&nbsp;foram registrados&nbsp;2.769 \u00f3bitos por covid-19 em Minas e a taxa de mortalidade no estado \u00e9 de 12,7 por 100 mil habitantes, segundo o Minist\u00e9rio da Sa\u00fade. Nesse contexto,&nbsp;Jo\u00e3o Pinho destacou o rigor&nbsp;de&nbsp;crit\u00e9rios para testagem adotados pela SES-MG. \u201cNossos crit\u00e9rios s\u00e3o muito bem trabalhados e vale refor\u00e7ar que todos os \u00f3bitos suspeitos s\u00e3o testados\u201d, disse.<\/p>\n\n\n\n<p>Confira o gr\u00e1fico:\u00a0<\/p>\n\n\n\n<figure class=\"wp-block-gallery columns-1 is-cropped wp-block-gallery-1 is-layout-flex wp-block-gallery-is-layout-flex\"><ul class=\"blocks-gallery-grid\"><li class=\"blocks-gallery-item\"><figure><img loading=\"lazy\" decoding=\"async\" width=\"678\" height=\"369\" src=\"https:\/\/aconteceunovale.com.br\/portal\/wp-content\/uploads\/2020\/07\/corona_taxa_100mil.jpeg\" alt=\"\" data-id=\"166652\" data-full-url=\"https:\/\/aconteceunovale.com.br\/portal\/wp-content\/uploads\/2020\/07\/corona_taxa_100mil.jpeg\" data-link=\"https:\/\/aconteceunovale.com.br\/portal\/?attachment_id=166652\" class=\"wp-image-166652\" srcset=\"https:\/\/aconteceunovale.com.br\/portal\/wp-content\/uploads\/2020\/07\/corona_taxa_100mil.jpeg 678w, https:\/\/aconteceunovale.com.br\/portal\/wp-content\/uploads\/2020\/07\/corona_taxa_100mil-300x163.jpeg 300w\" sizes=\"auto, (max-width: 678px) 100vw, 678px\" \/><\/figure><\/li><\/ul><\/figure>\n\n\n\n<p>Minas Gerais j\u00e1 vinha mantendo a posi\u00e7\u00e3o de segunda menor taxa de mortalidade por covid-19 no pa\u00eds. Em\u00a0coletiva\u00a0do \u00faltimo dia 20\/7, o secret\u00e1rio de Estado de Sa\u00fade, Carlos Eduardo Amaral,\u00a0destacou\u00a0uma propens\u00e3o \u00e0 estabiliza\u00e7\u00e3o de\u00a0\u00f3bitos, considerando\u00a0a data de ocorr\u00eancia.<\/p>\n\n\n\n<p><strong>A\u00e7\u00f5es<\/strong><\/p>\n\n\n\n<p>O primeiro caso da covid-19 em Minas Gerais&nbsp;foi confirmado&nbsp;em 8 de mar\u00e7o. Mas, desde o in\u00edcio do ano, o Governo de Minas vem atuando preventivamente no enfrentamento \u00e0 pandemia.<\/p>\n\n\n\n<p>Em janeiro, foi&nbsp;criado o Centro de Opera\u00e7\u00f5es de Emerg\u00eancia em Sa\u00fade (Coes-Minas)&nbsp;para monitoramento e estudo dos casos e para atua\u00e7\u00e3o na tomada de decis\u00f5es, organizando, assim, as a\u00e7\u00f5es de enfrentamento. No&nbsp;m\u00eas seguinte, em&nbsp;27 de&nbsp;fevereiro, a SES-MG apresentou o Plano de Conting\u00eancia para Emerg\u00eancia em Sa\u00fade P\u00fablica Covid-19.<\/p>\n\n\n\n<p>Em abril,&nbsp;com o objetivo de garantir Equipamentos de Prote\u00e7\u00e3o Individual (EPIs) para profissionais de Sa\u00fade que trabalham na linha frente contra a&nbsp;covid-19 no estado, foi lan\u00e7ado o programa&nbsp;<a href=\"http:\/\/www.agenciaminas.mg.gov.br\/noticia\/governo-de-minas-garante-epis-para-profissionais-de-saude-que-atuam-em-municipios-mineiros\" target=\"_blank\" rel=\"noreferrer noopener\">Protege Minas<\/a>. No mesmo m\u00eas tamb\u00e9m teve in\u00edcio o plano&nbsp;<a href=\"https:\/\/www.mg.gov.br\/minasconsciente\" target=\"_blank\" rel=\"noreferrer noopener\">Minas Consciente<\/a>, para&nbsp;orientar prefeitos na retomada segura das atividades econ\u00f4micas, a partir de crit\u00e9rios t\u00e9cnicos e epidemiol\u00f3gicos.&nbsp;<\/p>\n\n\n\n<p>Com&nbsp;rela\u00e7\u00e3o \u00e0 qualifica\u00e7\u00e3o da rede de sa\u00fade p\u00fablica de Minas Gerais, de fevereiro a julho deste ano, foram abertos 1.655 leitos de UTI em todo o estado.&nbsp;Al\u00e9m disso,&nbsp;o&nbsp;governo&nbsp;adquiriu 1.047&nbsp;respiradores para auxiliar os munic\u00edpios no enfrentamento da pandemia.&nbsp;Outros 343 equipamentos foram enviados ao estado pelo Minist\u00e9rio da Sa\u00fade, sendo 174 para uso em UTI\u2019s, e 169 ventiladores de transporte, utilizados em ambul\u00e2ncias.&nbsp;<\/p>\n\n\n\n<p>Todos os 1.390&nbsp;respiradores&nbsp;que chegaram a Minas durante a pandemia&nbsp;far\u00e3o parte do legado do Estado para a Rede P\u00fablica de Sa\u00fade.<\/p>\n\n\n\n<p>\u201cChegar a este momento de plat\u00f4, que tudo indica ser o \u00e1pice da doen\u00e7a em Minas Gerais, com essa taxa de mortalidade e com n\u00fameros bem abaixo dos registrados em outros estados, mostra-nos que o trabalho realizado at\u00e9 aqui no enfrentamento \u00e0 epidemia est\u00e1 no caminho adequado\u201d, disse\u00a0o\u00a0chefe de Gabinete da SES-MG, Jo\u00e3o Pinho.<\/p>\n\n\n\n<p class=\"has-background has-very-light-gray-background-color\">Quer saber as not\u00edcias do <strong>Aconteceu no Vale<\/strong> em primeira m\u00e3o? Siga-nos no Facebook <a rel=\"noreferrer noopener\" href=\"http:\/\/facebook.com\/aconteceunovale\" target=\"_blank\">@aconteceunovale<\/a>, Twitter <a rel=\"noreferrer noopener\" href=\"https:\/\/twitter.com\/noticiadosvales\" target=\"_blank\">@noticiadosvales<\/a> e Instagram <a rel=\"noreferrer noopener\" href=\"https:\/\/www.instagram.com\/aconteceunovale\" target=\"_blank\">@aconteceunovale<\/a>.<\/p>\n","protected":false},"excerpt":{"rendered":"<p>Em coletiva virtual realizada nesta sexta-feira (31\/7\/2020), o chefe de Gabinete da\u00a0Secretaria de Estado de Sa\u00fade de Minas Gerais (SES-MG), Jo\u00e3o Pinho, informou que o estado apresenta a menor taxa de \u00f3bito pela covid-19\u00a0por 100 mil habitantes. \u201cEstamos bem satisfeitos com o trabalho que vem sendo realizado, fruto de um movimento de muitos profissionais tanto [&hellip;]<\/p>\n","protected":false},"author":1,"featured_media":166652,"comment_status":"open","ping_status":"closed","sticky":false,"template":"","format":"standard","meta":{"amp_status":"","footnotes":""},"categories":[6,123,40242],"tags":[4785,220477,220660,219520,217799,218049,219851,218205,219853,214884,215394,216498,218043,221718,19326,220349,219855,218044,218045,215653,218206,221717,219105,219854,219104,219852,218876,219519,140166,217692,220478,220479,221719,220285,220287,220286,220944,220945],"class_list":["post-166651","post","type-post","status-publish","format-standard","has-post-thumbnail","hentry","category-br","category-gerais","category-saude-2","tag-brasil","tag-brasil-bate-recorde-de-obitos-e-casos-confirmados-em-um-dia","tag-brasil-ultrapassa-marca-de-4-mil-obitos-por-covid-19","tag-casos-confirmados-e-obitos-no-brasil","tag-casos-de-coronavirus-em-minas-gerais","tag-casos-de-coronavirus-no-brasil","tag-casos-de-covid-19-em-minas-gerais","tag-casos-de-covid-19-no-brasil","tag-cidades-com-casos-de-coronavirus-em-minas-gerais","tag-coronavirus","tag-coronavirus-no-brasil","tag-covid-19","tag-covid-19-no-brasil","tag-curados-do-coronavirus-em-minas-gerais","tag-ministerio-da-saude","tag-ministerio-da-saude-atualiza-numeros-do-coronavirus-no-brasil","tag-mortes-por-coronavirus-em-minas-gerais","tag-mortes-por-coronavirus-no-brasil","tag-mortes-por-covid-19-no-brasil","tag-novo-coronavirus","tag-numero-de-casos-de-covid-19-confirmados-no-brasil","tag-numero-de-curados-do-coronavirus-em-minas-gerais","tag-numeros-da-covid-19-no-brasil","tag-numeros-do-coronavirus-em-minas-gerais","tag-numeros-do-coronavirus-no-brasil","tag-obitos-por-coronavirus-em-minas-gerias","tag-obitos-por-coronavirus-no-brasil","tag-obitos-por-covid-19-no-brasil","tag-pandemia","tag-pandemia-de-coronavirus","tag-recorde-de-obitos-por-coronavirus-no-brasil","tag-recorde-de-obitos-por-covid-19-no-brasil","tag-recuperados-do-coronavirus-em-minas-gerais","tag-secretaria-de-saude-atualiza-numeros-do-coronavirus-em-minas-gerais","tag-secretaria-de-saude-de-minas-gerais-atualiza-numeros-do-coronavirus","tag-ses-mg-atualiza-numeros-do-coronavirus","tag-virus-vai-atingir-70-da-populacao","tag-virus-vai-atingir-70-da-populacao-diz-jair-bolsonaro"],"_links":{"self":[{"href":"https:\/\/aconteceunovale.com.br\/portal\/index.php?rest_route=\/wp\/v2\/posts\/166651","targetHints":{"allow":["GET"]}}],"collection":[{"href":"https:\/\/aconteceunovale.com.br\/portal\/index.php?rest_route=\/wp\/v2\/posts"}],"about":[{"href":"https:\/\/aconteceunovale.com.br\/portal\/index.php?rest_route=\/wp\/v2\/types\/post"}],"author":[{"embeddable":true,"href":"https:\/\/aconteceunovale.com.br\/portal\/index.php?rest_route=\/wp\/v2\/users\/1"}],"replies":[{"embeddable":true,"href":"https:\/\/aconteceunovale.com.br\/portal\/index.php?rest_route=%2Fwp%2Fv2%2Fcomments&post=166651"}],"version-history":[{"count":1,"href":"https:\/\/aconteceunovale.com.br\/portal\/index.php?rest_route=\/wp\/v2\/posts\/166651\/revisions"}],"predecessor-version":[{"id":166653,"href":"https:\/\/aconteceunovale.com.br\/portal\/index.php?rest_route=\/wp\/v2\/posts\/166651\/revisions\/166653"}],"wp:featuredmedia":[{"embeddable":true,"href":"https:\/\/aconteceunovale.com.br\/portal\/index.php?rest_route=\/wp\/v2\/media\/166652"}],"wp:attachment":[{"href":"https:\/\/aconteceunovale.com.br\/portal\/index.php?rest_route=%2Fwp%2Fv2%2Fmedia&parent=166651"}],"wp:term":[{"taxonomy":"category","embeddable":true,"href":"https:\/\/aconteceunovale.com.br\/portal\/index.php?rest_route=%2Fwp%2Fv2%2Fcategories&post=166651"},{"taxonomy":"post_tag","embeddable":true,"href":"https:\/\/aconteceunovale.com.br\/portal\/index.php?rest_route=%2Fwp%2Fv2%2Ftags&post=166651"}],"curies":[{"name":"wp","href":"https:\/\/api.w.org\/{rel}","templated":true}]}}