{"id":166648,"date":"2020-07-31T15:26:52","date_gmt":"2020-07-31T18:26:52","guid":{"rendered":"https:\/\/aconteceunovale.com.br\/portal\/?p=166648"},"modified":"2020-07-31T15:27:11","modified_gmt":"2020-07-31T18:27:11","slug":"azul-volta-a-operar-em-governador-valadares-na-proxima-segunda-feira","status":"publish","type":"post","link":"https:\/\/aconteceunovale.com.br\/portal\/?p=166648","title":{"rendered":"Azul volta a operar em Governador Valadares na pr\u00f3xima segunda-feira"},"content":{"rendered":"\n<p>A Azul Linhas A\u00e9reas Brasileiras anunciou a retomada de voos entre Belo Horizonte (MG) e Governador Valadares (MG) a partir de segunda-feira (3\/7\/2020). De acordo com a companhia, as viagens de ida e volta ocorrer\u00e3o de segunda a sexta-feira em aeronaves com capacidade para 70 passageiros.<\/p>\n\n\n\n<p><strong>Confira os hor\u00e1rios de voos:<\/strong><\/p>\n\n\n\n<figure class=\"wp-block-table\"><table><tbody><tr><td class=\"has-text-align-center\" data-align=\"center\"><strong>Origem<\/strong><\/td><td class=\"has-text-align-center\" data-align=\"center\"><strong>Sa\u00edda<\/strong><\/td><td class=\"has-text-align-center\" data-align=\"center\"><strong>Destino<\/strong><\/td><td class=\"has-text-align-center\" data-align=\"center\"><strong>Chegada<\/strong><\/td><\/tr><tr><td class=\"has-text-align-center\" data-align=\"center\">Belo Horizonte<\/td><td class=\"has-text-align-center\" data-align=\"center\">11h00<\/td><td class=\"has-text-align-center\" data-align=\"center\">Governador Valadares<\/td><td class=\"has-text-align-center\" data-align=\"center\">11h55<\/td><\/tr><tr><td class=\"has-text-align-center\" data-align=\"center\">Governador Valadares<\/td><td class=\"has-text-align-center\" data-align=\"center\">14h00<\/td><td class=\"has-text-align-center\" data-align=\"center\">Belo Horizonte<\/td><td class=\"has-text-align-center\" data-align=\"center\">14h55<\/td><\/tr><\/tbody><\/table><\/figure>\n\n\n\n<figure class=\"wp-block-gallery columns-1 is-cropped wp-block-gallery-1 is-layout-flex wp-block-gallery-is-layout-flex\"><ul class=\"blocks-gallery-grid\"><li class=\"blocks-gallery-item\"><figure><img loading=\"lazy\" decoding=\"async\" width=\"678\" height=\"450\" src=\"https:\/\/aconteceunovale.com.br\/portal\/wp-content\/uploads\/2020\/07\/azul_valadares.jpeg\" alt=\"\" data-id=\"166649\" data-full-url=\"https:\/\/aconteceunovale.com.br\/portal\/wp-content\/uploads\/2020\/07\/azul_valadares.jpeg\" data-link=\"https:\/\/aconteceunovale.com.br\/portal\/?attachment_id=166649\" class=\"wp-image-166649\" srcset=\"https:\/\/aconteceunovale.com.br\/portal\/wp-content\/uploads\/2020\/07\/azul_valadares.jpeg 678w, https:\/\/aconteceunovale.com.br\/portal\/wp-content\/uploads\/2020\/07\/azul_valadares-300x199.jpeg 300w, https:\/\/aconteceunovale.com.br\/portal\/wp-content\/uploads\/2020\/07\/azul_valadares-633x420.jpeg 633w\" sizes=\"auto, (max-width: 678px) 100vw, 678px\" \/><figcaption class=\"blocks-gallery-item__caption\"><em>Foto: Site da Prefeitura de Valadares \/ Divulga\u00e7\u00e3o<\/em><\/figcaption><\/figure><\/li><\/ul><\/figure>\n\n\n\n<h2 class=\"wp-block-heading\">Medidas contra a Covid-19<\/h2>\n\n\n\n<p>Para combater a dissemina\u00e7\u00e3o da Covid-19, a companhia a\u00e9rea informou que a limpeza das aeronaves foi refor\u00e7ada a cada voo, bem como ao fim do expediente.<\/p>\n\n\n\n<p>Al\u00e9m disso, \u00e9 obrigat\u00f3rio o uso de m\u00e1scaras por passageiros e tripulantes, a bordo ou em solo. Os tripulantes tamb\u00e9m ter\u00e3o a temperatura medida a cada in\u00edcio de turno. Os avi\u00f5es contam ainda com kits com luvas, \u00e1lcool em gel e len\u00e7o umedecido.<\/p>\n\n\n\n<p>Para garantir o uso da m\u00e1scara durante toda a viagem, o servi\u00e7o de bordo passa a ser realizado ao final do voo. Por fim, o desembarque agora \u00e9 realizado por fileiras, evitando aglomera\u00e7\u00f5es no corredor no momento de sa\u00edda da aeronave.<\/p>\n\n\n\n<p class=\"has-background has-very-light-gray-background-color\">Quer saber as not\u00edcias do <strong>Aconteceu no Vale<\/strong> em primeira m\u00e3o? Siga-nos no Facebook <a rel=\"noreferrer noopener\" href=\"http:\/\/facebook.com\/aconteceunovale\" target=\"_blank\">@aconteceunovale<\/a>, Twitter <a rel=\"noreferrer noopener\" href=\"https:\/\/twitter.com\/noticiadosvales\" target=\"_blank\">@noticiadosvales<\/a> e Instagram <a rel=\"noreferrer noopener\" href=\"https:\/\/www.instagram.com\/aconteceunovale\" target=\"_blank\">@aconteceunovale<\/a>.<\/p>\n","protected":false},"excerpt":{"rendered":"<p>A Azul Linhas A\u00e9reas Brasileiras anunciou a retomada de voos entre Belo Horizonte (MG) e Governador Valadares (MG) a partir de segunda-feira (3\/7\/2020). De acordo com a companhia, as viagens de ida e volta ocorrer\u00e3o de segunda a sexta-feira em aeronaves com capacidade para 70 passageiros. Confira os hor\u00e1rios de voos: Origem Sa\u00edda Destino Chegada [&hellip;]<\/p>\n","protected":false},"author":1,"featured_media":166649,"comment_status":"open","ping_status":"closed","sticky":false,"template":"","format":"standard","meta":{"amp_status":"","footnotes":""},"categories":[121],"tags":[2472,79072,225005,225003,226500,1018,147068,225004,147069],"class_list":["post-166648","post","type-post","status-publish","format-standard","has-post-thumbnail","hentry","category-leste","tag-aeroporto-coronel-altino-machado","tag-aeroporto-de-governador-valadares","tag-azul-governador-valadares","tag-azul-volta-a-operar-em-governador-valadares-a-partir-de-agosto","tag-azul-volta-a-operar-em-governador-valadares-na-proxima-segunda-feira","tag-destaque","tag-operacao-da-azul-em-governador-valadares","tag-retorno-da-azul-em-governador-valadares","tag-voos-da-azul-em-governador-valadares"],"_links":{"self":[{"href":"https:\/\/aconteceunovale.com.br\/portal\/index.php?rest_route=\/wp\/v2\/posts\/166648","targetHints":{"allow":["GET"]}}],"collection":[{"href":"https:\/\/aconteceunovale.com.br\/portal\/index.php?rest_route=\/wp\/v2\/posts"}],"about":[{"href":"https:\/\/aconteceunovale.com.br\/portal\/index.php?rest_route=\/wp\/v2\/types\/post"}],"author":[{"embeddable":true,"href":"https:\/\/aconteceunovale.com.br\/portal\/index.php?rest_route=\/wp\/v2\/users\/1"}],"replies":[{"embeddable":true,"href":"https:\/\/aconteceunovale.com.br\/portal\/index.php?rest_route=%2Fwp%2Fv2%2Fcomments&post=166648"}],"version-history":[{"count":1,"href":"https:\/\/aconteceunovale.com.br\/portal\/index.php?rest_route=\/wp\/v2\/posts\/166648\/revisions"}],"predecessor-version":[{"id":166650,"href":"https:\/\/aconteceunovale.com.br\/portal\/index.php?rest_route=\/wp\/v2\/posts\/166648\/revisions\/166650"}],"wp:featuredmedia":[{"embeddable":true,"href":"https:\/\/aconteceunovale.com.br\/portal\/index.php?rest_route=\/wp\/v2\/media\/166649"}],"wp:attachment":[{"href":"https:\/\/aconteceunovale.com.br\/portal\/index.php?rest_route=%2Fwp%2Fv2%2Fmedia&parent=166648"}],"wp:term":[{"taxonomy":"category","embeddable":true,"href":"https:\/\/aconteceunovale.com.br\/portal\/index.php?rest_route=%2Fwp%2Fv2%2Fcategories&post=166648"},{"taxonomy":"post_tag","embeddable":true,"href":"https:\/\/aconteceunovale.com.br\/portal\/index.php?rest_route=%2Fwp%2Fv2%2Ftags&post=166648"}],"curies":[{"name":"wp","href":"https:\/\/api.w.org\/{rel}","templated":true}]}}