{"id":166645,"date":"2020-07-31T15:15:59","date_gmt":"2020-07-31T18:15:59","guid":{"rendered":"https:\/\/aconteceunovale.com.br\/portal\/?p=166645"},"modified":"2020-07-31T15:16:12","modified_gmt":"2020-07-31T18:16:12","slug":"colisao-entre-carro-e-caminhao-deixa-idoso-ferido-em-fruta-de-leite-no-norte-de-minas","status":"publish","type":"post","link":"https:\/\/aconteceunovale.com.br\/portal\/?p=166645","title":{"rendered":"Colis\u00e3o entre carro e caminh\u00e3o deixa idoso ferido em Fruta de Leite, no Norte de Minas"},"content":{"rendered":"\n<p>Um idoso de 63 anos ficou ferido em um acidente na LMG-626, em Fruta de Leite, na noite de quinta-feira (30\/7\/2020). Ele conduzia um carro e bateu na lateral de um caminh\u00e3o na altura do quil\u00f4metro 115 da rodovia.<\/p>\n\n\n\n<p>De acordo com informa\u00e7\u00f5es da Pol\u00edcia Militar, o caminhoneiro contou que a v\u00edtima invadiu a contram\u00e3o ao fazer uma curva em um trecho em declive.<\/p>\n\n\n\n<p>Uma equipe do Samu prestou os primeiros socorros no local e depois encaminhou o idoso para o Hospital Municipal de Salinas. Ele sofreu trauma de face e escoria\u00e7\u00f5es.<\/p>\n\n\n\n<p>O caminhoneiro n\u00e3o ficou ferido. O carro do idoso foi removido por um guincho.<\/p>\n\n\n\n<figure class=\"wp-block-gallery columns-1 is-cropped wp-block-gallery-1 is-layout-flex wp-block-gallery-is-layout-flex\"><ul class=\"blocks-gallery-grid\"><li class=\"blocks-gallery-item\"><figure><img loading=\"lazy\" decoding=\"async\" width=\"678\" height=\"386\" src=\"https:\/\/aconteceunovale.com.br\/portal\/wp-content\/uploads\/2020\/07\/acidente_fruta_de_leite.jpg\" alt=\"\" data-id=\"166646\" data-full-url=\"https:\/\/aconteceunovale.com.br\/portal\/wp-content\/uploads\/2020\/07\/acidente_fruta_de_leite.jpg\" data-link=\"https:\/\/aconteceunovale.com.br\/portal\/?attachment_id=166646\" class=\"wp-image-166646\" srcset=\"https:\/\/aconteceunovale.com.br\/portal\/wp-content\/uploads\/2020\/07\/acidente_fruta_de_leite.jpg 678w, https:\/\/aconteceunovale.com.br\/portal\/wp-content\/uploads\/2020\/07\/acidente_fruta_de_leite-300x171.jpg 300w\" sizes=\"auto, (max-width: 678px) 100vw, 678px\" \/><figcaption class=\"blocks-gallery-item__caption\"><em>Foto: Pol\u00edcia Militar \/ Divulga\u00e7\u00e3o<\/em><\/figcaption><\/figure><\/li><\/ul><\/figure>\n\n\n\n<p class=\"has-background has-very-light-gray-background-color\">Quer saber as not\u00edcias do <strong>Aconteceu no Vale<\/strong> em primeira m\u00e3o? Siga-nos no Facebook <a rel=\"noreferrer noopener\" href=\"http:\/\/facebook.com\/aconteceunovale\" target=\"_blank\">@aconteceunovale<\/a>, Twitter <a rel=\"noreferrer noopener\" href=\"https:\/\/twitter.com\/noticiadosvales\" target=\"_blank\">@noticiadosvales<\/a> e Instagram <a rel=\"noreferrer noopener\" href=\"https:\/\/www.instagram.com\/aconteceunovale\" target=\"_blank\">@aconteceunovale<\/a>.<\/p>\n","protected":false},"excerpt":{"rendered":"<p>Um idoso de 63 anos ficou ferido em um acidente na LMG-626, em Fruta de Leite, na noite de quinta-feira (30\/7\/2020). Ele conduzia um carro e bateu na lateral de um caminh\u00e3o na altura do quil\u00f4metro 115 da rodovia. De acordo com informa\u00e7\u00f5es da Pol\u00edcia Militar, o caminhoneiro contou que a v\u00edtima invadiu a contram\u00e3o [&hellip;]<\/p>\n","protected":false},"author":1,"featured_media":166646,"comment_status":"open","ping_status":"closed","sticky":false,"template":"","format":"standard","meta":{"amp_status":"","footnotes":""},"categories":[1236],"tags":[140370,226499,226498,1034,190],"class_list":["post-166645","post","type-post","status-publish","format-standard","has-post-thumbnail","hentry","category-norte_de_minas","tag-acidente-em-fruta-de-leite","tag-acidente-entre-carro-e-caminhao-em-fruta-de-leite","tag-colisao-entre-carro-e-caminhao-deixa-idoso-ferido-em-fruta-de-leite","tag-fruta-de-leite","tag-salinas"],"_links":{"self":[{"href":"https:\/\/aconteceunovale.com.br\/portal\/index.php?rest_route=\/wp\/v2\/posts\/166645","targetHints":{"allow":["GET"]}}],"collection":[{"href":"https:\/\/aconteceunovale.com.br\/portal\/index.php?rest_route=\/wp\/v2\/posts"}],"about":[{"href":"https:\/\/aconteceunovale.com.br\/portal\/index.php?rest_route=\/wp\/v2\/types\/post"}],"author":[{"embeddable":true,"href":"https:\/\/aconteceunovale.com.br\/portal\/index.php?rest_route=\/wp\/v2\/users\/1"}],"replies":[{"embeddable":true,"href":"https:\/\/aconteceunovale.com.br\/portal\/index.php?rest_route=%2Fwp%2Fv2%2Fcomments&post=166645"}],"version-history":[{"count":1,"href":"https:\/\/aconteceunovale.com.br\/portal\/index.php?rest_route=\/wp\/v2\/posts\/166645\/revisions"}],"predecessor-version":[{"id":166647,"href":"https:\/\/aconteceunovale.com.br\/portal\/index.php?rest_route=\/wp\/v2\/posts\/166645\/revisions\/166647"}],"wp:featuredmedia":[{"embeddable":true,"href":"https:\/\/aconteceunovale.com.br\/portal\/index.php?rest_route=\/wp\/v2\/media\/166646"}],"wp:attachment":[{"href":"https:\/\/aconteceunovale.com.br\/portal\/index.php?rest_route=%2Fwp%2Fv2%2Fmedia&parent=166645"}],"wp:term":[{"taxonomy":"category","embeddable":true,"href":"https:\/\/aconteceunovale.com.br\/portal\/index.php?rest_route=%2Fwp%2Fv2%2Fcategories&post=166645"},{"taxonomy":"post_tag","embeddable":true,"href":"https:\/\/aconteceunovale.com.br\/portal\/index.php?rest_route=%2Fwp%2Fv2%2Ftags&post=166645"}],"curies":[{"name":"wp","href":"https:\/\/api.w.org\/{rel}","templated":true}]}}