{"id":166640,"date":"2020-07-31T14:50:05","date_gmt":"2020-07-31T17:50:05","guid":{"rendered":"https:\/\/aconteceunovale.com.br\/portal\/?p=166640"},"modified":"2020-07-31T14:51:00","modified_gmt":"2020-07-31T17:51:00","slug":"caminhao-carregado-de-madeira-tomba-na-mgc-451-no-norte-de-minas","status":"publish","type":"post","link":"https:\/\/aconteceunovale.com.br\/portal\/?p=166640","title":{"rendered":"Caminh\u00e3o carregado de madeira tomba na MGC-451, no Norte de Minas"},"content":{"rendered":"\n<p>Um caminh\u00e3o carregado com toras de eucalipto tombou na MGC-451, em Olhos D&#8217;\u00c1gua, na noite de quinta-feira (30\/7\/2020). Segundo informa\u00e7\u00f5es do Corpo de Bombeiros, o motorista perdeu o controle pr\u00f3ximo da ponte do Rio Jequitinhonha e parou \u00e0s margens da rodovia.<\/p>\n\n\n\n<p>O caminhoneiro, de 41 anos, teve escoria\u00e7\u00f5es no abd\u00f4men, se queixava de dores na regi\u00e3o p\u00e9lvica, estava com suspeita de luxa\u00e7\u00e3o no ombro e uma poss\u00edvel fratura no tornozelo. A equipe do Samu esteve no local, prestou os primeiros socorros ao paciente e, em seguida, o encaminhou para o hospital de Bocaiuva.<\/p>\n\n\n\n<p>Ainda de acordo com os bombeiros, o caminh\u00e3o seguia de Diamantina para Montes Claros e a carga de eucalipto ficou espalhada fora da pista.<\/p>\n\n\n\n<figure class=\"wp-block-gallery columns-1 is-cropped wp-block-gallery-1 is-layout-flex wp-block-gallery-is-layout-flex\"><ul class=\"blocks-gallery-grid\"><li class=\"blocks-gallery-item\"><figure><img loading=\"lazy\" decoding=\"async\" width=\"678\" height=\"400\" src=\"https:\/\/aconteceunovale.com.br\/portal\/wp-content\/uploads\/2020\/07\/acidente_caminhao_olhosdagua.jpg\" alt=\"\" data-id=\"166641\" data-full-url=\"https:\/\/aconteceunovale.com.br\/portal\/wp-content\/uploads\/2020\/07\/acidente_caminhao_olhosdagua.jpg\" data-link=\"https:\/\/aconteceunovale.com.br\/portal\/?attachment_id=166641\" class=\"wp-image-166641\" srcset=\"https:\/\/aconteceunovale.com.br\/portal\/wp-content\/uploads\/2020\/07\/acidente_caminhao_olhosdagua.jpg 678w, https:\/\/aconteceunovale.com.br\/portal\/wp-content\/uploads\/2020\/07\/acidente_caminhao_olhosdagua-300x177.jpg 300w\" sizes=\"auto, (max-width: 678px) 100vw, 678px\" \/><figcaption class=\"blocks-gallery-item__caption\"><em>Foto: Corpo de Bombeiros\/Divulga\u00e7\u00e3o<\/em><\/figcaption><\/figure><\/li><\/ul><\/figure>\n\n\n\n<p class=\"has-background has-very-light-gray-background-color\">Quer saber as not\u00edcias do <strong>Aconteceu no Vale<\/strong> em primeira m\u00e3o? Siga-nos no Facebook <a rel=\"noreferrer noopener\" href=\"http:\/\/facebook.com\/aconteceunovale\" target=\"_blank\">@aconteceunovale<\/a>, Twitter <a rel=\"noreferrer noopener\" href=\"https:\/\/twitter.com\/noticiadosvales\" target=\"_blank\">@noticiadosvales<\/a> e Instagram <a rel=\"noreferrer noopener\" href=\"https:\/\/www.instagram.com\/aconteceunovale\" target=\"_blank\">@aconteceunovale<\/a>.<\/p>\n","protected":false},"excerpt":{"rendered":"<p>Um caminh\u00e3o carregado com toras de eucalipto tombou na MGC-451, em Olhos D&#8217;\u00c1gua, na noite de quinta-feira (30\/7\/2020). Segundo informa\u00e7\u00f5es do Corpo de Bombeiros, o motorista perdeu o controle pr\u00f3ximo da ponte do Rio Jequitinhonha e parou \u00e0s margens da rodovia. O caminhoneiro, de 41 anos, teve escoria\u00e7\u00f5es no abd\u00f4men, se queixava de dores na [&hellip;]<\/p>\n","protected":false},"author":1,"featured_media":166641,"comment_status":"open","ping_status":"closed","sticky":false,"template":"","format":"standard","meta":{"amp_status":"","footnotes":""},"categories":[1236,120],"tags":[6269,226497,645,226496,226495,198,210,207263],"class_list":["post-166640","post","type-post","status-publish","format-standard","has-post-thumbnail","hentry","category-norte_de_minas","category-jequi","tag-acidente-em-olhos-dagua","tag-acidente-na-mgc-451-em-olhos-dagua","tag-bocaiuva","tag-caminhao-carregado-de-madeira-tomba-na-mgc-451-em-olhos-dagua","tag-caminhao-carregado-de-madeira-tomba-na-mgc-451-no-norte-de-minas","tag-diamantina","tag-montes-claros","tag-olhos-dagua-2"],"_links":{"self":[{"href":"https:\/\/aconteceunovale.com.br\/portal\/index.php?rest_route=\/wp\/v2\/posts\/166640","targetHints":{"allow":["GET"]}}],"collection":[{"href":"https:\/\/aconteceunovale.com.br\/portal\/index.php?rest_route=\/wp\/v2\/posts"}],"about":[{"href":"https:\/\/aconteceunovale.com.br\/portal\/index.php?rest_route=\/wp\/v2\/types\/post"}],"author":[{"embeddable":true,"href":"https:\/\/aconteceunovale.com.br\/portal\/index.php?rest_route=\/wp\/v2\/users\/1"}],"replies":[{"embeddable":true,"href":"https:\/\/aconteceunovale.com.br\/portal\/index.php?rest_route=%2Fwp%2Fv2%2Fcomments&post=166640"}],"version-history":[{"count":1,"href":"https:\/\/aconteceunovale.com.br\/portal\/index.php?rest_route=\/wp\/v2\/posts\/166640\/revisions"}],"predecessor-version":[{"id":166642,"href":"https:\/\/aconteceunovale.com.br\/portal\/index.php?rest_route=\/wp\/v2\/posts\/166640\/revisions\/166642"}],"wp:featuredmedia":[{"embeddable":true,"href":"https:\/\/aconteceunovale.com.br\/portal\/index.php?rest_route=\/wp\/v2\/media\/166641"}],"wp:attachment":[{"href":"https:\/\/aconteceunovale.com.br\/portal\/index.php?rest_route=%2Fwp%2Fv2%2Fmedia&parent=166640"}],"wp:term":[{"taxonomy":"category","embeddable":true,"href":"https:\/\/aconteceunovale.com.br\/portal\/index.php?rest_route=%2Fwp%2Fv2%2Fcategories&post=166640"},{"taxonomy":"post_tag","embeddable":true,"href":"https:\/\/aconteceunovale.com.br\/portal\/index.php?rest_route=%2Fwp%2Fv2%2Ftags&post=166640"}],"curies":[{"name":"wp","href":"https:\/\/api.w.org\/{rel}","templated":true}]}}