{"id":166635,"date":"2020-07-31T14:31:13","date_gmt":"2020-07-31T17:31:13","guid":{"rendered":"https:\/\/aconteceunovale.com.br\/portal\/?p=166635"},"modified":"2020-07-31T14:32:24","modified_gmt":"2020-07-31T17:32:24","slug":"brasil-tem-mais-de-12-milhoes-de-pessoas-sem-trabalho-segundo-ibge","status":"publish","type":"post","link":"https:\/\/aconteceunovale.com.br\/portal\/?p=166635","title":{"rendered":"Brasil tem mais de 12 milh\u00f5es de pessoas sem trabalho, segundo IBGE"},"content":{"rendered":"\n<p>A taxa de pessoas desocupadas no Brasil \u00e9 de 13,1% da popula\u00e7\u00e3o, em um total de 12,2 milh\u00f5es de pessoas sem trabalho. Os dados fazem parte da Pesquisa Nacional por Amostra de Domic\u00edlios Covid-19 (Pnad Covid-19) para a segunda semana de julho, entre os 5 a 11, divulgada hoje (31\/7\/2020) pelo Instituto Brasileiro de Geografia e Estat\u00edstica (IBGE).<\/p>\n\n\n\n<p>O n\u00famero fica&nbsp;acima da taxa de 12,3% da semana anterior (11,5 milh\u00f5es) e da primeira semana de maio, que registrou 10,5% da popula\u00e7\u00e3o desocupada.<\/p>\n\n\n\n<h2 class=\"wp-block-heading\">Ocupados<\/h2>\n\n\n\n<p>A Pnad Covid-19 estima&nbsp;em 81,1 milh\u00f5es de pessoas a popula\u00e7\u00e3o ocupada do pa\u00eds na segunda semana de julho, enquanto nos sete dias anteriores o n\u00famero estava em 81,8 milh\u00f5es, o que mostra queda relacionada \u00e0 primeira semana da pesquisa, na primeira semana de maio. L\u00e1 eram 83,9 milh\u00f5es de pessoas ocupadas.<\/p>\n\n\n\n<p>Em termos percentuais, o n\u00edvel de ocupa\u00e7\u00e3o alcan\u00e7ou 47,6%. O IBGE considerou est\u00e1vel na compara\u00e7\u00e3o com a semana anterior (48,1%), mas recuo em rela\u00e7\u00e3o \u00e0 semana de 3 a 9 de maio (49,4%). A proximidade da taxa de informalidade chegou a 34%, tamb\u00e9m uma estabilidade frente a semana anterior (34,2%) e de queda se relacionada \u00e0 semana entre 3 a 9 de maio (35,7%).<\/p>\n\n\n\n<h2 class=\"wp-block-heading\">Distanciamento<\/h2>\n\n\n\n<p>Entre 5 e 11 de julho, 8,6% das pessoas ocupadas, 7 milh\u00f5es, estavam afastadas do trabalho por causa do distanciamento social. Na semana que antecedeu eram de 10,1%. A diferen\u00e7a \u00e9 ainda maior na compara\u00e7\u00e3o com a primeira semana da pesquisa, de 3 a 9 de maio, quando a taxa era de 19,8%, 16,6 milh\u00f5es de ocupados afastados.<\/p>\n\n\n\n<p>A popula\u00e7\u00e3o ocupada e n\u00e3o afastada do trabalho chegou a 71 milh\u00f5es de pessoas, est\u00e1vel em rela\u00e7\u00e3o \u00e0 semana anterior (71,1 milh\u00f5es) e aumento na compara\u00e7\u00e3o com o per\u00edodo de 3 a 9 de maio, quando eram 63,9 milh\u00f5es de pessoas. A pesquisa indicou ainda que nesse grupo, 8,2 milh\u00f5es ou 11,6% trabalhavam remotamente. Em n\u00fameros absolutos, o contingente ficou est\u00e1vel em rela\u00e7\u00e3o \u00e0 semana de 3 a 9 de maio (8,6 milh\u00f5es), mas significa queda em termos percentuais (13,4%). Segundo o IBGE, pela primeira vez, o n\u00famero de pessoas ocupadas que trabalhavam de forma remota caiu, porque na primeira semana de julho eram 8,9 milh\u00f5es.<\/p>\n\n\n\n<p>Para a coordenadora da pesquisa, Maria L\u00facia Vieira, esse movimento indica um retorno ao trabalho presencial com a flexibiliza\u00e7\u00e3o das medidas de distanciamento social.<\/p>\n\n\n\n<p>\u201cEssa \u00e9 a primeira queda significativa nesse grupo desde o in\u00edcio de maio, quando a pesquisa come\u00e7ou. A redu\u00e7\u00e3o foi observada tanto em valores absolutos (643 mil) quanto percentuais (11,6%) e reflete o que j\u00e1 estamos vendo, que \u00e9 o retorno de parte dessas pessoas aos seus locais de trabalho de antes da pandemia\u201d, observou.<\/p>\n\n\n\n<h2 class=\"wp-block-heading\">For\u00e7a de trabalho<\/h2>\n\n\n\n<p>O IBGE informou tamb\u00e9m que a taxa de participa\u00e7\u00e3o na for\u00e7a de trabalho ficou em 54,8% na segunda semana deste m\u00eas, bem perto do per\u00edodo anterior (54,9%) e da primeira semana de maio (55,2%).<\/p>\n\n\n\n<p>J\u00e1 a popula\u00e7\u00e3o fora da for\u00e7a de trabalho, as pessoas que n\u00e3o estavam trabalhando nem procurava por trabalho, era de 76,9 milh\u00f5es de pessoas. Isso representa estabilidade em rela\u00e7\u00e3o \u00e0 semana anterior (76,8 milh\u00f5es) e tamb\u00e9m em rela\u00e7\u00e3o \u00e0 semana de 3 a 9 de maio (76,2 milh\u00f5es).&nbsp;<\/p>\n\n\n\n<p>Conforme a pesquisa, cerca de 28,3 milh\u00f5es de pessoas ou 36,7% da popula\u00e7\u00e3o fora da for\u00e7a de trabalho disseram que gostariam de trabalhar. O contingente ficou est\u00e1vel frente a semana anterior (28,7 milh\u00f5es ou 37,4%), no entanto, cresceu frente a semana de 3 a 9 de maio (27,1 milh\u00f5es ou 35,5%).<\/p>\n\n\n\n<p>A pandemia ou a falta de uma ocupa\u00e7\u00e3o na localidade em que moravam foram as causas para cerca de 19,2 milh\u00f5es de pessoas fora da for\u00e7a que gostariam de trabalhar, n\u00e3o procurarem trabalho. Esse dado corresponde a 68% das pessoas n\u00e3o ocupadas que n\u00e3o buscaram por trabalho e gostariam de trabalhar. O resultado se manteve est\u00e1vel na compara\u00e7\u00e3o com a semana anterior (19,4 milh\u00f5es ou 67,4%) e tamb\u00e9m na rela\u00e7\u00e3o com a semana de 3 a 9 de maio (19,1 milh\u00f5es ou 70,7%).<\/p>\n\n\n\n<h2 class=\"wp-block-heading\">Sa\u00fade<\/h2>\n\n\n\n<p>Ainda entre 5 a 11 de julho, a estimativa \u00e9 de que 13,9 milh\u00f5es de pessoas (ou 6,6% da popula\u00e7\u00e3o do pa\u00eds) apresentavam pelo menos um dos 12 sintomas associados \u00e0 s\u00edndrome gripal, que s\u00e3o febre, tosse, dor de garganta, dificuldade para respirar, dor de cabe\u00e7a, dor no peito, n\u00e1usea, nariz entupido ou escorrendo, fadiga, dor nos olhos, perda de olfato ou paladar e dor muscular. Esses s\u00e3o os sintomas investigados pela pesquisa. O total \u00e9 est\u00e1vel se comparado \u00e0 semana anterior (14,3 milh\u00f5es ou 6,8% da popula\u00e7\u00e3o), mas de queda em rela\u00e7\u00e3o \u00e0 de 3 a 9 de maio (26,8 milh\u00f5es ou 12,7%).<\/p>\n\n\n\n<p>De acordo com a Pnad Covid-19, aproximadamente 3 milh\u00f5es de pessoas ou 21,5% daqueles que apresentaram algum sintoma, procuraram um estabelecimento de sa\u00fade como postos de sa\u00fade, equipe de sa\u00fade da fam\u00edlia, pronto socorro ou hospital do SUS ou, ainda, ambulat\u00f3rio \/consult\u00f3rio, pronto socorro ou hospital privado, para ter atendimento. O resultado ficou bem perto da semana anterior (3,1 milh\u00f5es ou 21,5%). Embora, seja de queda em n\u00fameros absolutos, foi de alta em termos percentuais em rela\u00e7\u00e3o \u00e0 semana de 3 a 9 de maio (3,7 milh\u00f5es ou 13,7%). Mais de 84% destes atendimentos foram na rede p\u00fablica de sa\u00fade.<\/p>\n\n\n\n<p>Entre as pessoas que tiveram sintomas de s\u00edndrome gripal de 5 e 11 de julho, 315 mil (10,6%) procuraram atendimento em ambulat\u00f3rio ou consult\u00f3rio privado ou ligado \u00e0s for\u00e7as armadas. Essa resultado \u00e9 de estabilidade tanto na compara\u00e7\u00e3o com a semana anterior (311 mil ou 10,1%), como em rela\u00e7\u00e3o \u00e0 primeira semana de maio (320 mil ou 8,7%).<\/p>\n\n\n\n<p>De forma geral, 914 mil pessoas que tiveram os sintomas procuraram o servi\u00e7o de hospitais na semana entre 5 e 11 de julho. Estatisticamente, o n\u00famero ficou est\u00e1vel em rela\u00e7\u00e3o \u00e0 semana anterior (933 mil) e, ainda \u00e0 semana de 3 a 9 de maio (1,1 milh\u00e3o). Entre os que procuraram atendimento, 124 mil (13,6%) precisaram ficar internados. Nesse caso, tamb\u00e9m houve estabilidade frente a semana anterior (136 mil ou 14,6%) e a semana de 3 a 9 de maio (97 mil ou 9,1%).<\/p>\n\n\n\n<p class=\"has-background has-very-light-gray-background-color\">Quer saber as not\u00edcias do <strong>Aconteceu no Vale<\/strong> em primeira m\u00e3o? Siga-nos no Facebook <a rel=\"noreferrer noopener\" href=\"http:\/\/facebook.com\/aconteceunovale\" target=\"_blank\">@aconteceunovale<\/a>, Twitter <a rel=\"noreferrer noopener\" href=\"https:\/\/twitter.com\/noticiadosvales\" target=\"_blank\">@noticiadosvales<\/a> e Instagram <a rel=\"noreferrer noopener\" href=\"https:\/\/www.instagram.com\/aconteceunovale\" target=\"_blank\">@aconteceunovale<\/a>.<\/p>\n","protected":false},"excerpt":{"rendered":"<p>A taxa de pessoas desocupadas no Brasil \u00e9 de 13,1% da popula\u00e7\u00e3o, em um total de 12,2 milh\u00f5es de pessoas sem trabalho. Os dados fazem parte da Pesquisa Nacional por Amostra de Domic\u00edlios Covid-19 (Pnad Covid-19) para a segunda semana de julho, entre os 5 a 11, divulgada hoje (31\/7\/2020) pelo Instituto Brasileiro de Geografia [&hellip;]<\/p>\n","protected":false},"author":1,"featured_media":75756,"comment_status":"open","ping_status":"closed","sticky":false,"template":"","format":"standard","meta":{"amp_status":"","footnotes":""},"categories":[6,40236],"tags":[225107,226493,46533,225108,225109,89407,74572,53907,120427,1018,1062,184661,164072,89408,226494,225110,225111,225997,225999,225998],"class_list":["post-166635","post","type-post","status-publish","format-standard","has-post-thumbnail","hentry","category-br","category-empregos-2","tag-brasil-registrou-mais-de-653-mil-pedidos-de-seguro-desemprego-em-junho","tag-brasil-tem-mais-de-12-milhoes-de-pessoas-sem-trabalho","tag-crise-no-brasil","tag-demissoes-no-brasil","tag-desempregados-minas-gerais","tag-desempregados-no-brasil","tag-desemprego-em-minas-gerais","tag-desemprego-no-brasil","tag-desocupados-no-brasil","tag-destaque","tag-ibge","tag-ministerio-da-economia","tag-numero-de-desempregados-no-brasil","tag-numeros-do-desemprego-no-brasil","tag-pessoas-sem-trabalho-no-brasil","tag-seguro-desemprego-brasil","tag-seguro-desemprego-minas-gerais","tag-seguro-desemprego-podera-ser-recebido-em-conta-a-partir-de-amanha","tag-solicitacao-do-seguro-desemprego","tag-solicitar-seguro-desemprego"],"_links":{"self":[{"href":"https:\/\/aconteceunovale.com.br\/portal\/index.php?rest_route=\/wp\/v2\/posts\/166635","targetHints":{"allow":["GET"]}}],"collection":[{"href":"https:\/\/aconteceunovale.com.br\/portal\/index.php?rest_route=\/wp\/v2\/posts"}],"about":[{"href":"https:\/\/aconteceunovale.com.br\/portal\/index.php?rest_route=\/wp\/v2\/types\/post"}],"author":[{"embeddable":true,"href":"https:\/\/aconteceunovale.com.br\/portal\/index.php?rest_route=\/wp\/v2\/users\/1"}],"replies":[{"embeddable":true,"href":"https:\/\/aconteceunovale.com.br\/portal\/index.php?rest_route=%2Fwp%2Fv2%2Fcomments&post=166635"}],"version-history":[{"count":1,"href":"https:\/\/aconteceunovale.com.br\/portal\/index.php?rest_route=\/wp\/v2\/posts\/166635\/revisions"}],"predecessor-version":[{"id":166636,"href":"https:\/\/aconteceunovale.com.br\/portal\/index.php?rest_route=\/wp\/v2\/posts\/166635\/revisions\/166636"}],"wp:featuredmedia":[{"embeddable":true,"href":"https:\/\/aconteceunovale.com.br\/portal\/index.php?rest_route=\/wp\/v2\/media\/75756"}],"wp:attachment":[{"href":"https:\/\/aconteceunovale.com.br\/portal\/index.php?rest_route=%2Fwp%2Fv2%2Fmedia&parent=166635"}],"wp:term":[{"taxonomy":"category","embeddable":true,"href":"https:\/\/aconteceunovale.com.br\/portal\/index.php?rest_route=%2Fwp%2Fv2%2Fcategories&post=166635"},{"taxonomy":"post_tag","embeddable":true,"href":"https:\/\/aconteceunovale.com.br\/portal\/index.php?rest_route=%2Fwp%2Fv2%2Ftags&post=166635"}],"curies":[{"name":"wp","href":"https:\/\/api.w.org\/{rel}","templated":true}]}}