{"id":166631,"date":"2020-07-31T14:15:49","date_gmt":"2020-07-31T17:15:49","guid":{"rendered":"https:\/\/aconteceunovale.com.br\/portal\/?p=166631"},"modified":"2020-07-31T15:05:24","modified_gmt":"2020-07-31T18:05:24","slug":"acidente-deixa-varios-feridos-na-br-251-no-norte-de-minas","status":"publish","type":"post","link":"https:\/\/aconteceunovale.com.br\/portal\/?p=166631","title":{"rendered":"Acidente deixa v\u00e1rios feridos na BR-251, no Norte de Minas"},"content":{"rendered":"\n<p>Um acidente envolvendo tr\u00eas caminh\u00f5es e um \u00f4nibus deixou v\u00e1rias pessoas feridas na BR-251, em Francisco S\u00e1, na manh\u00e3 desta sexta-feira (31\/7\/2020). A rodovia foi interditada na altura do quil\u00f4metro 474.<\/p>\n\n\n\n<p>Segundo as primeiras informa\u00e7\u00f5es do Corpo de Bombeiros, um dos caminh\u00f5es perdeu os freios na Serra de Francisco S\u00e1 e atingiu outros dois ve\u00edculos de carga. Em seguida, bateu de frente com um \u00f4nibus, que tombou na rodovia.<\/p>\n\n\n\n<p>O Samu informou que encaminhou oito feridos para o hospital de Francisco S\u00e1. Dezessete pessoas viajavam no \u00f4nibus e o motorista, de 40 anos, foi socorrido com suspeita de fraturas.<\/p>\n\n\n\n<figure class=\"wp-block-gallery columns-1 is-cropped wp-block-gallery-1 is-layout-flex wp-block-gallery-is-layout-flex\"><ul class=\"blocks-gallery-grid\"><li class=\"blocks-gallery-item\"><figure><img loading=\"lazy\" decoding=\"async\" width=\"678\" height=\"431\" src=\"https:\/\/aconteceunovale.com.br\/portal\/wp-content\/uploads\/2020\/07\/acidente_251_franciscosa_1.jpg\" alt=\"\" data-id=\"166633\" data-full-url=\"https:\/\/aconteceunovale.com.br\/portal\/wp-content\/uploads\/2020\/07\/acidente_251_franciscosa_1.jpg\" data-link=\"https:\/\/aconteceunovale.com.br\/portal\/?attachment_id=166633\" class=\"wp-image-166633\" srcset=\"https:\/\/aconteceunovale.com.br\/portal\/wp-content\/uploads\/2020\/07\/acidente_251_franciscosa_1.jpg 678w, https:\/\/aconteceunovale.com.br\/portal\/wp-content\/uploads\/2020\/07\/acidente_251_franciscosa_1-300x191.jpg 300w, https:\/\/aconteceunovale.com.br\/portal\/wp-content\/uploads\/2020\/07\/acidente_251_franciscosa_1-661x420.jpg 661w\" sizes=\"auto, (max-width: 678px) 100vw, 678px\" \/><figcaption class=\"blocks-gallery-item__caption\"><em>Foto: Corpo de Bombeiros\/Divulga\u00e7\u00e3o<\/em><\/figcaption><\/figure><\/li><li class=\"blocks-gallery-item\"><figure><img loading=\"lazy\" decoding=\"async\" width=\"678\" height=\"339\" src=\"https:\/\/aconteceunovale.com.br\/portal\/wp-content\/uploads\/2020\/07\/acidente_251_franciscosa_2.jpg\" alt=\"\" data-id=\"166632\" data-full-url=\"https:\/\/aconteceunovale.com.br\/portal\/wp-content\/uploads\/2020\/07\/acidente_251_franciscosa_2.jpg\" data-link=\"https:\/\/aconteceunovale.com.br\/portal\/?attachment_id=166632\" class=\"wp-image-166632\" srcset=\"https:\/\/aconteceunovale.com.br\/portal\/wp-content\/uploads\/2020\/07\/acidente_251_franciscosa_2.jpg 678w, https:\/\/aconteceunovale.com.br\/portal\/wp-content\/uploads\/2020\/07\/acidente_251_franciscosa_2-300x150.jpg 300w\" sizes=\"auto, (max-width: 678px) 100vw, 678px\" \/><figcaption class=\"blocks-gallery-item__caption\"><em>Foto: Corpo de Bombeiros\/Divulga\u00e7\u00e3o<\/em><\/figcaption><\/figure><\/li><\/ul><\/figure>\n\n\n\n<h4 class=\"wp-block-heading\"><strong>V\u00eddeos do local<\/strong><\/h4>\n\n\n\n<figure><iframe loading=\"lazy\" width=\"100%\" height=\"400\" src=\"https:\/\/www.youtube.com\/embed\/wkUqKBPrFUA\" allowfullscreen=\"\"><\/iframe><\/figure>\n\n\n\n<h2 class=\"wp-block-heading\"><strong>Outro acidente<\/strong><\/h2>\n\n\n\n<p>O motorista de uma carreta ficou ferido em um acidente na BR-251, em Padre Carvalho, na madrugada de quinta-feira (30\/7). Segundo informa\u00e7\u00f5es da Pol\u00edcia Rodovi\u00e1ria Federal (PRF), o condutor perdeu o controle da dire\u00e7\u00e3o na altura do quil\u00f4metro 366, saiu da pista e tombou.<\/p>\n\n\n\n<p>Ele foi socorrido por uma equipe do Samu e encaminhado ao Hospital Municipal de Salinas. Segundo o Samu, a v\u00edtima teve trauma na face e se queixava de dores na cabe\u00e7a.<\/p>\n\n\n\n<p>A carreta transportava uma carga de produtos diversos e, de acordo com a PRF, 30% foi saqueado. O ve\u00edculo seguia de S\u00e3o Paulo para Feira de Santana (BA).<\/p>\n\n\n\n<figure class=\"wp-block-gallery columns-1 is-cropped wp-block-gallery-2 is-layout-flex wp-block-gallery-is-layout-flex\"><ul class=\"blocks-gallery-grid\"><li class=\"blocks-gallery-item\"><figure><img loading=\"lazy\" decoding=\"async\" width=\"678\" height=\"450\" src=\"https:\/\/aconteceunovale.com.br\/portal\/wp-content\/uploads\/2020\/07\/acidente_251_franciscosa_3.jpg\" alt=\"\" data-id=\"166638\" data-full-url=\"https:\/\/aconteceunovale.com.br\/portal\/wp-content\/uploads\/2020\/07\/acidente_251_franciscosa_3.jpg\" data-link=\"https:\/\/aconteceunovale.com.br\/portal\/?attachment_id=166638\" class=\"wp-image-166638\" srcset=\"https:\/\/aconteceunovale.com.br\/portal\/wp-content\/uploads\/2020\/07\/acidente_251_franciscosa_3.jpg 678w, https:\/\/aconteceunovale.com.br\/portal\/wp-content\/uploads\/2020\/07\/acidente_251_franciscosa_3-300x199.jpg 300w, https:\/\/aconteceunovale.com.br\/portal\/wp-content\/uploads\/2020\/07\/acidente_251_franciscosa_3-633x420.jpg 633w\" sizes=\"auto, (max-width: 678px) 100vw, 678px\" \/><figcaption class=\"blocks-gallery-item__caption\"><em>Foto: Pol\u00edcia Rodovi\u00e1ria Federal \/ Divulga\u00e7\u00e3o<\/em><\/figcaption><\/figure><\/li><\/ul><\/figure>\n\n\n\n<p class=\"has-background has-very-light-gray-background-color\">Quer saber as not\u00edcias do <strong>Aconteceu no Vale<\/strong> em primeira m\u00e3o? Siga-nos no Facebook <a rel=\"noreferrer noopener\" href=\"http:\/\/facebook.com\/aconteceunovale\" target=\"_blank\">@aconteceunovale<\/a>, Twitter <a rel=\"noreferrer noopener\" href=\"https:\/\/twitter.com\/noticiadosvales\" target=\"_blank\">@noticiadosvales<\/a> e Instagram <a rel=\"noreferrer noopener\" href=\"https:\/\/www.instagram.com\/aconteceunovale\" target=\"_blank\">@aconteceunovale<\/a>.<\/p>\n","protected":false},"excerpt":{"rendered":"<p>Um acidente envolvendo tr\u00eas caminh\u00f5es e um \u00f4nibus deixou v\u00e1rias pessoas feridas na BR-251, em Francisco S\u00e1, na manh\u00e3 desta sexta-feira (31\/7\/2020). A rodovia foi interditada na altura do quil\u00f4metro 474. Segundo as primeiras informa\u00e7\u00f5es do Corpo de Bombeiros, um dos caminh\u00f5es perdeu os freios na Serra de Francisco S\u00e1 e atingiu outros dois ve\u00edculos [&hellip;]<\/p>\n","protected":false},"author":1,"featured_media":166633,"comment_status":"open","ping_status":"closed","sticky":false,"template":"","format":"standard","meta":{"amp_status":"","footnotes":""},"categories":[1236],"tags":[226492,226490,226491,206350,209231,213588,83223,206349,1018,1395,83222],"class_list":["post-166631","post","type-post","status-publish","format-standard","has-post-thumbnail","hentry","category-norte_de_minas","tag-acidente-de-transito-na-br-251","tag-acidente-deixa-varios-feridos-na-br-251","tag-acidente-entre-caminhoes-e-onibus-na-br-251","tag-acidente-na-br-251-2","tag-acidente-na-br-251-em-francisco-sa-2","tag-acidente-na-br-251-na-serra-de-francisco-sa-2","tag-acidente-na-serra-de-francisco-sa","tag-br-251-2","tag-destaque","tag-francisco-sa","tag-serra-de-francisco-sa"],"_links":{"self":[{"href":"https:\/\/aconteceunovale.com.br\/portal\/index.php?rest_route=\/wp\/v2\/posts\/166631","targetHints":{"allow":["GET"]}}],"collection":[{"href":"https:\/\/aconteceunovale.com.br\/portal\/index.php?rest_route=\/wp\/v2\/posts"}],"about":[{"href":"https:\/\/aconteceunovale.com.br\/portal\/index.php?rest_route=\/wp\/v2\/types\/post"}],"author":[{"embeddable":true,"href":"https:\/\/aconteceunovale.com.br\/portal\/index.php?rest_route=\/wp\/v2\/users\/1"}],"replies":[{"embeddable":true,"href":"https:\/\/aconteceunovale.com.br\/portal\/index.php?rest_route=%2Fwp%2Fv2%2Fcomments&post=166631"}],"version-history":[{"count":3,"href":"https:\/\/aconteceunovale.com.br\/portal\/index.php?rest_route=\/wp\/v2\/posts\/166631\/revisions"}],"predecessor-version":[{"id":166644,"href":"https:\/\/aconteceunovale.com.br\/portal\/index.php?rest_route=\/wp\/v2\/posts\/166631\/revisions\/166644"}],"wp:featuredmedia":[{"embeddable":true,"href":"https:\/\/aconteceunovale.com.br\/portal\/index.php?rest_route=\/wp\/v2\/media\/166633"}],"wp:attachment":[{"href":"https:\/\/aconteceunovale.com.br\/portal\/index.php?rest_route=%2Fwp%2Fv2%2Fmedia&parent=166631"}],"wp:term":[{"taxonomy":"category","embeddable":true,"href":"https:\/\/aconteceunovale.com.br\/portal\/index.php?rest_route=%2Fwp%2Fv2%2Fcategories&post=166631"},{"taxonomy":"post_tag","embeddable":true,"href":"https:\/\/aconteceunovale.com.br\/portal\/index.php?rest_route=%2Fwp%2Fv2%2Ftags&post=166631"}],"curies":[{"name":"wp","href":"https:\/\/api.w.org\/{rel}","templated":true}]}}