{"id":166629,"date":"2020-07-31T13:14:41","date_gmt":"2020-07-31T16:14:41","guid":{"rendered":"https:\/\/aconteceunovale.com.br\/portal\/?p=166629"},"modified":"2020-07-31T13:14:53","modified_gmt":"2020-07-31T16:14:53","slug":"instrutor-de-autoescola-e-preso-suspeito-de-furtar-aluna-em-salinas","status":"publish","type":"post","link":"https:\/\/aconteceunovale.com.br\/portal\/?p=166629","title":{"rendered":"Instrutor de autoescola \u00e9 preso suspeito de furtar aluna em Salinas"},"content":{"rendered":"\n<p>A Pol\u00edcia Civil de Minas Gerais (PCMG) prendeu um homem por furto qualificado, em Salinas, nessa quinta-feira (30\/7\/2020). Instrutor de uma autoescola no munic\u00edpio, ele \u00e9 suspeito de subtrair dinheiro de uma candidata durante as aulas de dire\u00e7\u00e3o veicular. A v\u00edtima sentiu falta de pelo menos R$ 1 mil.<\/p>\n\n\n\n<p>Segundo relato da aluna, na semana passada, ela percebeu que tinham tirado de dentro da bolsa dela a quantia de R$ 900, que estava reservada para pagamento a uma prestadora de servi\u00e7os. J\u00e1 recentemente, foram levados mais R$ 100.<\/p>\n\n\n\n<p>De acordo com o Delegado Jos\u00e9 Eduardo, desconfiada do instrutor, de 28 anos, a mulher fez c\u00f3pia de uma nota no valor de R$ 50. Quando percebeu que o dinheiro verdadeiro tinha sumido, ela acionou a Pol\u00edcia Civil. \u201cO homem foi localizado e com ele os policiais encontraram a moeda correspondente ao xerox\u201d, conta.<\/p>\n\n\n\n<p>O Delegado acredita que outros alunos tenham sido v\u00edtimas do investigado e incentiva a den\u00fancia. O suspeito confessou o \u00faltimo furto, mas negou envolvimento nos demais. Ele foi autuado em flagrante e encontra-se \u00e0 disposi\u00e7\u00e3o da Justi\u00e7a.<\/p>\n\n\n\n<p class=\"has-background has-very-light-gray-background-color\">Quer saber as not\u00edcias do <strong>Aconteceu no Vale<\/strong> em primeira m\u00e3o? Siga-nos no Facebook <a rel=\"noreferrer noopener\" href=\"http:\/\/facebook.com\/aconteceunovale\" target=\"_blank\">@aconteceunovale<\/a>, Twitter <a rel=\"noreferrer noopener\" href=\"https:\/\/twitter.com\/noticiadosvales\" target=\"_blank\">@noticiadosvales<\/a> e Instagram <a rel=\"noreferrer noopener\" href=\"https:\/\/www.instagram.com\/aconteceunovale\" target=\"_blank\">@aconteceunovale<\/a>.<\/p>\n","protected":false},"excerpt":{"rendered":"<p>A Pol\u00edcia Civil de Minas Gerais (PCMG) prendeu um homem por furto qualificado, em Salinas, nessa quinta-feira (30\/7\/2020). Instrutor de uma autoescola no munic\u00edpio, ele \u00e9 suspeito de subtrair dinheiro de uma candidata durante as aulas de dire\u00e7\u00e3o veicular. A v\u00edtima sentiu falta de pelo menos R$ 1 mil. Segundo relato da aluna, na semana [&hellip;]<\/p>\n","protected":false},"author":1,"featured_media":157264,"comment_status":"open","ping_status":"closed","sticky":false,"template":"","format":"standard","meta":{"amp_status":"","footnotes":""},"categories":[1236],"tags":[225527,225526,1018,226488,226487,604,44644,58204,189609,226489,190],"class_list":["post-166629","post","type-post","status-publish","format-standard","has-post-thumbnail","hentry","category-norte_de_minas","tag-delegado-de-salinas","tag-delegado-jose-eduardo","tag-destaque","tag-instrutor-de-autoescola-e-preso-em-salinas","tag-instrutor-de-autoescola-e-preso-suspeito-de-furtar-aluna-em-salinas","tag-pcmg","tag-policia-civil-de-minas-gerais","tag-preso-em-salinas","tag-preso-por-furto-em-salinas","tag-prisao-de-instrutor-de-autoescola-em-salinas","tag-salinas"],"_links":{"self":[{"href":"https:\/\/aconteceunovale.com.br\/portal\/index.php?rest_route=\/wp\/v2\/posts\/166629","targetHints":{"allow":["GET"]}}],"collection":[{"href":"https:\/\/aconteceunovale.com.br\/portal\/index.php?rest_route=\/wp\/v2\/posts"}],"about":[{"href":"https:\/\/aconteceunovale.com.br\/portal\/index.php?rest_route=\/wp\/v2\/types\/post"}],"author":[{"embeddable":true,"href":"https:\/\/aconteceunovale.com.br\/portal\/index.php?rest_route=\/wp\/v2\/users\/1"}],"replies":[{"embeddable":true,"href":"https:\/\/aconteceunovale.com.br\/portal\/index.php?rest_route=%2Fwp%2Fv2%2Fcomments&post=166629"}],"version-history":[{"count":1,"href":"https:\/\/aconteceunovale.com.br\/portal\/index.php?rest_route=\/wp\/v2\/posts\/166629\/revisions"}],"predecessor-version":[{"id":166630,"href":"https:\/\/aconteceunovale.com.br\/portal\/index.php?rest_route=\/wp\/v2\/posts\/166629\/revisions\/166630"}],"wp:featuredmedia":[{"embeddable":true,"href":"https:\/\/aconteceunovale.com.br\/portal\/index.php?rest_route=\/wp\/v2\/media\/157264"}],"wp:attachment":[{"href":"https:\/\/aconteceunovale.com.br\/portal\/index.php?rest_route=%2Fwp%2Fv2%2Fmedia&parent=166629"}],"wp:term":[{"taxonomy":"category","embeddable":true,"href":"https:\/\/aconteceunovale.com.br\/portal\/index.php?rest_route=%2Fwp%2Fv2%2Fcategories&post=166629"},{"taxonomy":"post_tag","embeddable":true,"href":"https:\/\/aconteceunovale.com.br\/portal\/index.php?rest_route=%2Fwp%2Fv2%2Ftags&post=166629"}],"curies":[{"name":"wp","href":"https:\/\/api.w.org\/{rel}","templated":true}]}}