{"id":166625,"date":"2020-07-31T11:26:59","date_gmt":"2020-07-31T14:26:59","guid":{"rendered":"https:\/\/aconteceunovale.com.br\/portal\/?p=166625"},"modified":"2020-07-31T11:27:50","modified_gmt":"2020-07-31T14:27:50","slug":"governo-de-minas-anuncia-primeira-parcela-do-salario-dos-servidores-e-pagamento-integral-para-saude-e-seguranca","status":"publish","type":"post","link":"https:\/\/aconteceunovale.com.br\/portal\/?p=166625","title":{"rendered":"Governo de Minas anuncia primeira parcela do sal\u00e1rio dos servidores e pagamento integral para Sa\u00fade e Seguran\u00e7a"},"content":{"rendered":"\n<p>Os servidores estaduais das \u00e1reas de Sa\u00fade e de Seguran\u00e7a P\u00fablica de Minas Gerais receber\u00e3o o sal\u00e1rio referente ao m\u00eas de julho integralmente no s\u00e1bado, dia 8\/8\/2020, v\u00e9spera do Dia dos Pais. Na mesma data, ser\u00e1 depositada tamb\u00e9m a primeira parcela, no valor de R$ 2 mil, do sal\u00e1rio das demais categorias. A medida foi anunciada pelo\u00a0Governo do Estado\u00a0nesta sexta-feira (31).<\/p>\n\n\n\n<p>A data da segunda parcela, segundo nota oficial, ser\u00e1 divulgada logo que poss\u00edvel. <em>\u201cO Governo de Minas tem como prioridade a quita\u00e7\u00e3o do sal\u00e1rio de todos os servidores e segue acompanhando o fluxo de caixa e a arrecada\u00e7\u00e3o estadual, impactada negativamente em fun\u00e7\u00e3o da pandemia de covid-19, para que esse pagamento possa ocorrer o mais r\u00e1pido poss\u00edvel\u201d.<\/em><\/p>\n\n\n\n<p class=\"has-background has-very-light-gray-background-color\">Quer saber as not\u00edcias do <strong>Aconteceu no Vale<\/strong> em primeira m\u00e3o? Siga-nos no Facebook <a rel=\"noreferrer noopener\" href=\"http:\/\/facebook.com\/aconteceunovale\" target=\"_blank\">@aconteceunovale<\/a>, Twitter <a rel=\"noreferrer noopener\" href=\"https:\/\/twitter.com\/noticiadosvales\" target=\"_blank\">@noticiadosvales<\/a> e Instagram <a rel=\"noreferrer noopener\" href=\"https:\/\/www.instagram.com\/aconteceunovale\" target=\"_blank\">@aconteceunovale<\/a>.<\/p>\n","protected":false},"excerpt":{"rendered":"<p>Os servidores estaduais das \u00e1reas de Sa\u00fade e de Seguran\u00e7a P\u00fablica de Minas Gerais receber\u00e3o o sal\u00e1rio referente ao m\u00eas de julho integralmente no s\u00e1bado, dia 8\/8\/2020, v\u00e9spera do Dia dos Pais. Na mesma data, ser\u00e1 depositada tamb\u00e9m a primeira parcela, no valor de R$ 2 mil, do sal\u00e1rio das demais categorias. A medida foi [&hellip;]<\/p>\n","protected":false},"author":1,"featured_media":166154,"comment_status":"open","ping_status":"closed","sticky":false,"template":"","format":"standard","meta":{"amp_status":"","footnotes":""},"categories":[123],"tags":[222086,226464,226465,179027,179026,226466,226467,226468,226469,51191,224971,222083,226470,165569,226471,177628,226472,226473,226474],"class_list":["post-166625","post","type-post","status-publish","format-standard","has-post-thumbnail","hentry","category-gerais","tag-13o-de-2019-governo-de-minas","tag-escala-de-pagamento-do-mes-de-julho-para-os-servidores-publicos","tag-escala-de-pagamento-do-mes-de-julho-para-os-servidores-publicos-de-minas-gerais","tag-escala-de-pagamento-governo-de-minas-gerais","tag-escala-governo-de-minas-gerais","tag-governo-de-minas-anuncia-escala-de-pagamento-para-julho","tag-governo-de-minas-anuncia-escala-de-pagamento-para-julho-e-quitacao-integral-do-13o-de-2018","tag-governo-de-minas-anuncia-escala-de-pagamento-para-o-mes-de-julho","tag-governo-de-minas-divulga-a-escala-de-pagamento-do-mes-de-julho","tag-governo-de-minas-gerais","tag-governo-de-minas-gerais-anuncia-escala-de-pagamento-dos-servidores","tag-governo-de-minas-gerais-anuncia-escala-de-pagamento-para-servidores","tag-governo-de-minas-gerais-divulga-escala-de-pagamento-de-julho-aos-servidores","tag-pagamento-13o-governo-de-minas","tag-pagamento-do-salario-de-julho-do-governo-de-minas","tag-pagamento-governo-de-minas-gerais","tag-pagamento-governo-de-minas-julho","tag-pagamento-julho-governo-de-minas","tag-salario-de-julho-governo-de-minas"],"_links":{"self":[{"href":"https:\/\/aconteceunovale.com.br\/portal\/index.php?rest_route=\/wp\/v2\/posts\/166625","targetHints":{"allow":["GET"]}}],"collection":[{"href":"https:\/\/aconteceunovale.com.br\/portal\/index.php?rest_route=\/wp\/v2\/posts"}],"about":[{"href":"https:\/\/aconteceunovale.com.br\/portal\/index.php?rest_route=\/wp\/v2\/types\/post"}],"author":[{"embeddable":true,"href":"https:\/\/aconteceunovale.com.br\/portal\/index.php?rest_route=\/wp\/v2\/users\/1"}],"replies":[{"embeddable":true,"href":"https:\/\/aconteceunovale.com.br\/portal\/index.php?rest_route=%2Fwp%2Fv2%2Fcomments&post=166625"}],"version-history":[{"count":1,"href":"https:\/\/aconteceunovale.com.br\/portal\/index.php?rest_route=\/wp\/v2\/posts\/166625\/revisions"}],"predecessor-version":[{"id":166626,"href":"https:\/\/aconteceunovale.com.br\/portal\/index.php?rest_route=\/wp\/v2\/posts\/166625\/revisions\/166626"}],"wp:featuredmedia":[{"embeddable":true,"href":"https:\/\/aconteceunovale.com.br\/portal\/index.php?rest_route=\/wp\/v2\/media\/166154"}],"wp:attachment":[{"href":"https:\/\/aconteceunovale.com.br\/portal\/index.php?rest_route=%2Fwp%2Fv2%2Fmedia&parent=166625"}],"wp:term":[{"taxonomy":"category","embeddable":true,"href":"https:\/\/aconteceunovale.com.br\/portal\/index.php?rest_route=%2Fwp%2Fv2%2Fcategories&post=166625"},{"taxonomy":"post_tag","embeddable":true,"href":"https:\/\/aconteceunovale.com.br\/portal\/index.php?rest_route=%2Fwp%2Fv2%2Ftags&post=166625"}],"curies":[{"name":"wp","href":"https:\/\/api.w.org\/{rel}","templated":true}]}}