{"id":166621,"date":"2020-07-31T11:17:02","date_gmt":"2020-07-31T14:17:02","guid":{"rendered":"https:\/\/aconteceunovale.com.br\/portal\/?p=166621"},"modified":"2020-07-31T11:17:13","modified_gmt":"2020-07-31T14:17:13","slug":"tres-novos-radares-sao-instalados-em-estradas-de-minas-gerais","status":"publish","type":"post","link":"https:\/\/aconteceunovale.com.br\/portal\/?p=166621","title":{"rendered":"Tr\u00eas novos radares s\u00e3o instalados em estradas de Minas Gerais"},"content":{"rendered":"\n<p>Tr\u00eas novos radares instalados em rodovias estaduais\u00a0operam\u00a0em car\u00e1ter educativo at\u00e9\u00a0a pr\u00f3xima segunda-feira (3\/8\/2020). Quem passa pela MGC-491, km 247, em Varginha; MG-050, km 363,8, em Passos;\u00a0e\u00a0na\u00a0MGC-135, km 148,5, pr\u00f3ximo a\u00a0Itacarambi, deve ficar atento \u00e0 nova sinaliza\u00e7\u00e3o e ao limite de velocidade dos trechos.<\/p>\n\n\n\n<p>Os ve\u00edculos que excederem os limites estabelecidos ser\u00e3o autuados a partir\u00a0de ter\u00e7a-feira (4\/8), quando os equipamentos come\u00e7am a operar em definitivo, gerando infra\u00e7\u00e3o de tr\u00e2nsito. Todos os trechos foram sinalizados com placas de velocidade m\u00e1xima permitida de 60 km\/h.<\/p>\n\n\n\n<p>O DER-MG alerta que, independentemente do funcionamento dos radares, o respeito aos limites de velocidade, \u00e0 sinaliza\u00e7\u00e3o e \u00e0s leis de tr\u00e2nsito \u00e9 o que garante viagens mais seguras a todos.<\/p>\n\n\n\n<p>O\u00a0departamento\u00a0disponibiliza a rela\u00e7\u00e3o completa, incluindo localiza\u00e7\u00e3o e velocidade m\u00e1xima permitida, dos mais de 400 radares fixos em opera\u00e7\u00e3o no estado. A lista pode ser consultada no link\u00a0<a rel=\"noreferrer noopener\" href=\"http:\/\/www.deer.mg.gov.br\/transportes\/localizacao-de-radares\" target=\"_blank\">http:\/\/www.deer.mg.gov.br\/transportes\/localizacao-de-radares<\/a>.<\/p>\n\n\n\n<p>Confira os locais onde foram instalados os novos radares e os limites de velocidades:<\/p>\n\n\n\n<figure class=\"wp-block-table\"><table><tbody><tr><td><strong>Rodovia&nbsp;&nbsp;<\/strong><\/td><td><strong>km&nbsp;&nbsp;<\/strong><\/td><td><strong>Munic\u00edpio&nbsp;&nbsp;<\/strong><\/td><td><strong>Velocidade Regulamentada&nbsp;&nbsp;<\/strong><\/td><td><strong>Data de In\u00edcio de Opera\u00e7\u00e3o<br>(Modo Educativo)&nbsp;&nbsp;<\/strong><\/td><td><strong>Data de In\u00edcio de Autua\u00e7\u00e3o&nbsp;&nbsp;<\/strong><\/td><\/tr><tr><td>MGC-491<\/td><td>247,0<\/td><td>Varginha<\/td><td>60 km\/h<\/td><td>28\/7\/2020<\/td><td>4\/8\/2020<\/td><\/tr><tr><td>MG-050<\/td><td>363,8<\/td><td>Passos<\/td><td>60 km\/h<\/td><td>28\/7\/2020<\/td><td>4\/8\/2020<\/td><\/tr><tr><td>MGC-135<\/td><td>148,5<\/td><td>Itacarambi<\/td><td>60 km\/h<\/td><td>28\/7\/2020<\/td><td>4\/8\/2020<\/td><\/tr><\/tbody><\/table><\/figure>\n\n\n\n<p class=\"has-background has-very-light-gray-background-color\">Quer saber as not\u00edcias do <strong>Aconteceu no Vale<\/strong> em primeira m\u00e3o? Siga-nos no Facebook <a rel=\"noreferrer noopener\" href=\"http:\/\/facebook.com\/aconteceunovale\" target=\"_blank\">@aconteceunovale<\/a>, Twitter <a rel=\"noreferrer noopener\" href=\"https:\/\/twitter.com\/noticiadosvales\" target=\"_blank\">@noticiadosvales<\/a> e Instagram <a rel=\"noreferrer noopener\" href=\"https:\/\/www.instagram.com\/aconteceunovale\" target=\"_blank\">@aconteceunovale<\/a>.<\/p>\n","protected":false},"excerpt":{"rendered":"<p>Tr\u00eas novos radares instalados em rodovias estaduais\u00a0operam\u00a0em car\u00e1ter educativo at\u00e9\u00a0a pr\u00f3xima segunda-feira (3\/8\/2020). Quem passa pela MGC-491, km 247, em Varginha; MG-050, km 363,8, em Passos;\u00a0e\u00a0na\u00a0MGC-135, km 148,5, pr\u00f3ximo a\u00a0Itacarambi, deve ficar atento \u00e0 nova sinaliza\u00e7\u00e3o e ao limite de velocidade dos trechos. Os ve\u00edculos que excederem os limites estabelecidos ser\u00e3o autuados a partir\u00a0de ter\u00e7a-feira [&hellip;]<\/p>\n","protected":false},"author":1,"featured_media":166623,"comment_status":"open","ping_status":"closed","sticky":false,"template":"","format":"standard","meta":{"amp_status":"","footnotes":""},"categories":[123],"tags":[215389,1018,1705,60195,83739,226457,213,226463,226461,226459,226458,226460,226462,226456,223],"class_list":["post-166621","post","type-post","status-publish","format-standard","has-post-thumbnail","hentry","category-gerais","tag-der-mg-2","tag-destaque","tag-itacarambi","tag-mg-050","tag-mgc-135","tag-mgc-491","tag-passos","tag-radar-em-itacarambi","tag-radar-em-passos","tag-radar-em-varginha","tag-radar-mgc-491","tag-radar-na-mg-050","tag-radar-na-mgc-135","tag-tres-novos-radares-sao-instalados-em-estradas-de-minas-gerais","tag-varginha"],"_links":{"self":[{"href":"https:\/\/aconteceunovale.com.br\/portal\/index.php?rest_route=\/wp\/v2\/posts\/166621","targetHints":{"allow":["GET"]}}],"collection":[{"href":"https:\/\/aconteceunovale.com.br\/portal\/index.php?rest_route=\/wp\/v2\/posts"}],"about":[{"href":"https:\/\/aconteceunovale.com.br\/portal\/index.php?rest_route=\/wp\/v2\/types\/post"}],"author":[{"embeddable":true,"href":"https:\/\/aconteceunovale.com.br\/portal\/index.php?rest_route=\/wp\/v2\/users\/1"}],"replies":[{"embeddable":true,"href":"https:\/\/aconteceunovale.com.br\/portal\/index.php?rest_route=%2Fwp%2Fv2%2Fcomments&post=166621"}],"version-history":[{"count":1,"href":"https:\/\/aconteceunovale.com.br\/portal\/index.php?rest_route=\/wp\/v2\/posts\/166621\/revisions"}],"predecessor-version":[{"id":166624,"href":"https:\/\/aconteceunovale.com.br\/portal\/index.php?rest_route=\/wp\/v2\/posts\/166621\/revisions\/166624"}],"wp:featuredmedia":[{"embeddable":true,"href":"https:\/\/aconteceunovale.com.br\/portal\/index.php?rest_route=\/wp\/v2\/media\/166623"}],"wp:attachment":[{"href":"https:\/\/aconteceunovale.com.br\/portal\/index.php?rest_route=%2Fwp%2Fv2%2Fmedia&parent=166621"}],"wp:term":[{"taxonomy":"category","embeddable":true,"href":"https:\/\/aconteceunovale.com.br\/portal\/index.php?rest_route=%2Fwp%2Fv2%2Fcategories&post=166621"},{"taxonomy":"post_tag","embeddable":true,"href":"https:\/\/aconteceunovale.com.br\/portal\/index.php?rest_route=%2Fwp%2Fv2%2Ftags&post=166621"}],"curies":[{"name":"wp","href":"https:\/\/api.w.org\/{rel}","templated":true}]}}