{"id":166604,"date":"2020-07-31T00:08:24","date_gmt":"2020-07-31T03:08:24","guid":{"rendered":"https:\/\/aconteceunovale.com.br\/portal\/?p=166604"},"modified":"2020-07-31T00:08:42","modified_gmt":"2020-07-31T03:08:42","slug":"minas-gerais-avalia-novas-cultivares-de-trigo","status":"publish","type":"post","link":"https:\/\/aconteceunovale.com.br\/portal\/?p=166604","title":{"rendered":"Minas Gerais avalia novas cultivares de trigo"},"content":{"rendered":"\n<p>Minas Gerais ocupa o terceiro lugar na produ\u00e7\u00e3o de trigo no pa\u00eds, atr\u00e1s do Paran\u00e1 e do Rio Grande do Sul, mas o volume ainda \u00e9 insuficiente para suprir a demanda do estado pelo produto, calculada em quase um milh\u00e3o de toneladas por ano.<\/p>\n\n\n\n<p>Para ampliar a produ\u00e7\u00e3o e a qualidade dos gr\u00e3os, a&nbsp;<a href=\"http:\/\/www.epamig.br\/\" target=\"_blank\" rel=\"noreferrer noopener\">Empresa de Pesquisa Agropecu\u00e1ria de Minas Gerais (Epamig)<\/a>, em parceria com a Embrapa, vem realizando pesquisas de manejo e melhoramento gen\u00e9tico.&nbsp;Um dos focos \u00e9 o munic\u00edpio de Patos de Minas, na regi\u00e3o do Alto Parana\u00edba.<\/p>\n\n\n\n<p>As a\u00e7\u00f5es envolvem ainda o incentivo ao plantio de trigo na entressafra e na rota\u00e7\u00e3o de culturas em todo o estado, al\u00e9m de projeto da Epamig para diversificar as cultivares de trigos plantadas nas regi\u00f5es Sul e Campo das Vertentes.\u00a0O objetivo das pesquisas \u00e9 apresentar aos agricultores op\u00e7\u00f5es de trigo mais produtivos, com mais sanidade e com qualidade de farinha igual ou superior as j\u00e1 plantadas na regi\u00e3o.<\/p>\n\n\n\n<figure class=\"wp-block-gallery columns-1 is-cropped wp-block-gallery-1 is-layout-flex wp-block-gallery-is-layout-flex\"><ul class=\"blocks-gallery-grid\"><li class=\"blocks-gallery-item\"><figure><img loading=\"lazy\" decoding=\"async\" width=\"678\" height=\"426\" src=\"https:\/\/aconteceunovale.com.br\/portal\/wp-content\/uploads\/2020\/07\/trigo_mg.jpeg\" alt=\"\" data-id=\"166605\" data-full-url=\"https:\/\/aconteceunovale.com.br\/portal\/wp-content\/uploads\/2020\/07\/trigo_mg.jpeg\" data-link=\"https:\/\/aconteceunovale.com.br\/portal\/?attachment_id=166605\" class=\"wp-image-166605\" srcset=\"https:\/\/aconteceunovale.com.br\/portal\/wp-content\/uploads\/2020\/07\/trigo_mg.jpeg 678w, https:\/\/aconteceunovale.com.br\/portal\/wp-content\/uploads\/2020\/07\/trigo_mg-300x188.jpeg 300w, https:\/\/aconteceunovale.com.br\/portal\/wp-content\/uploads\/2020\/07\/trigo_mg-668x420.jpeg 668w\" sizes=\"auto, (max-width: 678px) 100vw, 678px\" \/><figcaption class=\"blocks-gallery-item__caption\"><em>Experimentos com trigo no Sul de Minas (Foto: Rog\u00e9rio Cond\u00e9 \/ Ag\u00eancia Minas)<\/em><\/figcaption><\/figure><\/li><\/ul><\/figure>\n\n\n\n<p><strong>Resultados<\/strong><\/p>\n\n\n\n<p>De acordo com os pesquisadores da Epamig Aurinelza Cond\u00e9 e F\u00e1bio Aur\u00e9lio, uma das parcerias, com o Moinho J Macedo, est\u00e1 desenvolvendo a adaptabilidade e estabilidade de cultivares comerciais de trigo indicados para diferentes munic\u00edpios.&nbsp;<\/p>\n\n\n\n<p>O projeto avalia a viabilidade de plantio de 11 novas cultivares nos munic\u00edpios de Lavras, Nazareno, Carrancas, Lambari, Cambuquira e Boa Esperan\u00e7a, cuja colheita das cultivares mais precoces come\u00e7ou na \u00faltima semana.&nbsp;Segundo os pesquisadores, a maioria das cultivares testadas tem apresentado boas caracter\u00edsticas agron\u00f4micas e sanidade de lavoura.&nbsp;<\/p>\n\n\n\n<p>Al\u00e9m disso, s\u00e3o mais resistentes e tolerantes \u00e0 brusone, uma das doen\u00e7as mais danosas \u00e0s planta\u00e7\u00f5es de trigo. A expectativa \u00e9 que a farinha produzida a partir desse material seja de excelente qualidade.&nbsp;<\/p>\n\n\n\n<p>&#8220;Esperamos que,&nbsp;at\u00e9 o final dos trabalhos,&nbsp;a gente possa indicar aos produtores op\u00e7\u00f5es de cultivares de trigo mais produtivas, com diferentes ciclos de plantio, mais tolerantes&nbsp;\u00e0s principais doen\u00e7as da cultura e com boa aceitabilidade pelos moinhos\u201d, projeta Aurinelza Cond\u00e9.<\/p>\n\n\n\n<p>Os resultados acerca dos experimentos s\u00e3o esperados para o in\u00edcio do m\u00eas de setembro.<\/p>\n\n\n\n<p class=\"has-background has-very-light-gray-background-color\">Quer saber as not\u00edcias do <strong>Aconteceu no Vale<\/strong> em primeira m\u00e3o? Siga-nos no Facebook <a rel=\"noreferrer noopener\" href=\"http:\/\/facebook.com\/aconteceunovale\" target=\"_blank\">@aconteceunovale<\/a>, Twitter <a rel=\"noreferrer noopener\" href=\"https:\/\/twitter.com\/noticiadosvales\" target=\"_blank\">@noticiadosvales<\/a> e Instagram <a rel=\"noreferrer noopener\" href=\"https:\/\/www.instagram.com\/aconteceunovale\" target=\"_blank\">@aconteceunovale<\/a>.<\/p>\n","protected":false},"excerpt":{"rendered":"<p>Minas Gerais ocupa o terceiro lugar na produ\u00e7\u00e3o de trigo no pa\u00eds, atr\u00e1s do Paran\u00e1 e do Rio Grande do Sul, mas o volume ainda \u00e9 insuficiente para suprir a demanda do estado pelo produto, calculada em quase um milh\u00e3o de toneladas por ano. Para ampliar a produ\u00e7\u00e3o e a qualidade dos gr\u00e3os, a&nbsp;Empresa de [&hellip;]<\/p>\n","protected":false},"author":1,"featured_media":166605,"comment_status":"open","ping_status":"closed","sticky":false,"template":"","format":"standard","meta":{"amp_status":"","footnotes":""},"categories":[123],"tags":[226425,14320,1620,1633,130503,29596,25884,226426,1623,207,226423,226427,18471,214,26491,226424],"class_list":["post-166604","post","type-post","status-publish","format-standard","has-post-thumbnail","hentry","category-gerais","tag-aurinelza-conde","tag-boa-esperanca","tag-cambuquira","tag-carrancas","tag-cultivo-de-trigo-em-minas-gerais","tag-embrapa","tag-epamig","tag-fabio-aurelio","tag-lambari","tag-lavras","tag-minas-gerais-avalia-novas-cultivares-de-trigo","tag-moinho-j-macedo","tag-nazareno","tag-patos-de-minas","tag-producao-de-trigo-em-minas-gerais","tag-trigo-minas-gerais"],"_links":{"self":[{"href":"https:\/\/aconteceunovale.com.br\/portal\/index.php?rest_route=\/wp\/v2\/posts\/166604","targetHints":{"allow":["GET"]}}],"collection":[{"href":"https:\/\/aconteceunovale.com.br\/portal\/index.php?rest_route=\/wp\/v2\/posts"}],"about":[{"href":"https:\/\/aconteceunovale.com.br\/portal\/index.php?rest_route=\/wp\/v2\/types\/post"}],"author":[{"embeddable":true,"href":"https:\/\/aconteceunovale.com.br\/portal\/index.php?rest_route=\/wp\/v2\/users\/1"}],"replies":[{"embeddable":true,"href":"https:\/\/aconteceunovale.com.br\/portal\/index.php?rest_route=%2Fwp%2Fv2%2Fcomments&post=166604"}],"version-history":[{"count":1,"href":"https:\/\/aconteceunovale.com.br\/portal\/index.php?rest_route=\/wp\/v2\/posts\/166604\/revisions"}],"predecessor-version":[{"id":166606,"href":"https:\/\/aconteceunovale.com.br\/portal\/index.php?rest_route=\/wp\/v2\/posts\/166604\/revisions\/166606"}],"wp:featuredmedia":[{"embeddable":true,"href":"https:\/\/aconteceunovale.com.br\/portal\/index.php?rest_route=\/wp\/v2\/media\/166605"}],"wp:attachment":[{"href":"https:\/\/aconteceunovale.com.br\/portal\/index.php?rest_route=%2Fwp%2Fv2%2Fmedia&parent=166604"}],"wp:term":[{"taxonomy":"category","embeddable":true,"href":"https:\/\/aconteceunovale.com.br\/portal\/index.php?rest_route=%2Fwp%2Fv2%2Fcategories&post=166604"},{"taxonomy":"post_tag","embeddable":true,"href":"https:\/\/aconteceunovale.com.br\/portal\/index.php?rest_route=%2Fwp%2Fv2%2Ftags&post=166604"}],"curies":[{"name":"wp","href":"https:\/\/api.w.org\/{rel}","templated":true}]}}