{"id":166602,"date":"2020-07-30T23:58:50","date_gmt":"2020-07-31T02:58:50","guid":{"rendered":"https:\/\/aconteceunovale.com.br\/portal\/?p=166602"},"modified":"2020-07-31T00:01:42","modified_gmt":"2020-07-31T03:01:42","slug":"mesmo-em-pandemia-minas-gerais-registra-saldo-positivo-de-empregos-no-caged","status":"publish","type":"post","link":"https:\/\/aconteceunovale.com.br\/portal\/?p=166602","title":{"rendered":"Mesmo em pandemia, Minas Gerais registra saldo positivo de empregos no Caged"},"content":{"rendered":"\n<p>Minas Gerais fechou o m\u00eas de junho com a cria\u00e7\u00e3o de 1.795 postos de empregos formais. Mesmo&nbsp;com todas as restri\u00e7\u00f5es impostas pela&nbsp;pandemia&nbsp;do coronav\u00edrus,&nbsp;que limitou ou determinou a interrup\u00e7\u00e3o do funcionamento de diversas empresas, para&nbsp;manter&nbsp;as medidas de isolamento social, o estado conseguiu alcan\u00e7ar um resultado positivo para a economia, segundo os dados divulgados pelo Cadastro Geral de Empregados e Desempregados (Caged), e analisados pela&nbsp;<a href=\"http:\/\/newsletter.fjp.mg.gov.br\/lt.php?tid=LU4IBlEGXF1XAxgCAwRXTgNUUwBOXFUHAh1aAQoJCwJdVwUDU1QZWlAFDVBQAQJOAAcBCk5RAAsCHVsLCggeUAACBFVQAVBbVwQGSAUGAgIOU1RWTlMAVQEdVwYMXh4FAQYJSABUUg9RVAQMBVNXUA\" target=\"_blank\" rel=\"noreferrer noopener\">Funda\u00e7\u00e3o Jo\u00e3o Pinheiro (FJP)<\/a>&nbsp;nesta quinta-feira (30\/7).<\/p>\n\n\n\n<p>O n\u00famero de junho resulta da diferen\u00e7a entre 99.430 admiss\u00f5es e 97.635 desligamentos, com destaque para o setor da constru\u00e7\u00e3o civil. Nesse mesmo m\u00eas, o Brasil perdeu 10.084 postos de trabalho.&nbsp;<\/p>\n\n\n\n<p>Embora a varia\u00e7\u00e3o em Minas tenha sido pequena, ela pode representar a interrup\u00e7\u00e3o de um movimento de queda no emprego, conforme a avalia\u00e7\u00e3o da FJP. A an\u00e1lise completa pode ser acessada&nbsp;<a href=\"http:\/\/novosite.fjp.mg.gov.br\/wp-content\/uploads\/2020\/07\/30.7_Inf_CEP_Mtrab_07_2020.pdf?utm_source=phplist182&amp;utm_medium=email&amp;utm_content=HTML&amp;utm_campaign=Informativo+FJP+%7C+Emprego+e+Renda%3A+Caged%3A+junho+de+2020\" target=\"_blank\" rel=\"noreferrer noopener\">neste link<\/a>.<\/p>\n\n\n\n<p>Vale lembrar que, no Caged de maio, o Minist\u00e9rio do Trabalho e Emprego (MTE) mostrou que o estado havia fechado 33.695 vagas, devido \u00e0 crise provocada pela covid-19. A retra\u00e7\u00e3o do mercado de trabalho afetou todo o pa\u00eds, fazendo com que somente o Acre tivesse resultado positivo no cadastro daquele m\u00eas.&nbsp;<\/p>\n\n\n\n<p><strong>Destaques<\/strong><\/p>\n\n\n\n<p>Em junho, a constru\u00e7\u00e3o civil gerou 3.375 postos de trabalho em Minas Gerais. Os setores de agricultura, pecu\u00e1ria, produ\u00e7\u00e3o florestal, pesca e aquicultura ocupam o segundo lugar, com saldo positivo de 2.053 empregos. Os n\u00fameros do Caged de janeiro a junho mostram que essas foram as \u00e1reas menos afetadas pelo encolhimento do mercado de trabalho durante o primeiro semestre.<\/p>\n\n\n\n<p><strong>Caged<\/strong><\/p>\n\n\n\n<p>O Caged \u00e9 um registro administrativo que permite acompanhar as flutua\u00e7\u00f5es do mercado de trabalho formal a partir das informa\u00e7\u00f5es sobre admiss\u00f5es e demiss\u00f5es dos empregados regidos pelo regime da Consolida\u00e7\u00e3o das Leis do Trabalho (CLT).<\/p>\n\n\n\n<p class=\"has-background has-very-light-gray-background-color\">Quer saber as not\u00edcias do <strong>Aconteceu no Vale<\/strong> em primeira m\u00e3o? Siga-nos no Facebook <a rel=\"noreferrer noopener\" href=\"http:\/\/facebook.com\/aconteceunovale\" target=\"_blank\">@aconteceunovale<\/a>, Twitter <a rel=\"noreferrer noopener\" href=\"https:\/\/twitter.com\/noticiadosvales\" target=\"_blank\">@noticiadosvales<\/a> e Instagram <a rel=\"noreferrer noopener\" href=\"https:\/\/www.instagram.com\/aconteceunovale\" target=\"_blank\">@aconteceunovale<\/a>.<\/p>\n","protected":false},"excerpt":{"rendered":"<p>Minas Gerais fechou o m\u00eas de junho com a cria\u00e7\u00e3o de 1.795 postos de empregos formais. Mesmo&nbsp;com todas as restri\u00e7\u00f5es impostas pela&nbsp;pandemia&nbsp;do coronav\u00edrus,&nbsp;que limitou ou determinou a interrup\u00e7\u00e3o do funcionamento de diversas empresas, para&nbsp;manter&nbsp;as medidas de isolamento social, o estado conseguiu alcan\u00e7ar um resultado positivo para a economia, segundo os dados divulgados pelo Cadastro Geral [&hellip;]<\/p>\n","protected":false},"author":1,"featured_media":153080,"comment_status":"open","ping_status":"closed","sticky":false,"template":"","format":"standard","meta":{"amp_status":"","footnotes":""},"categories":[40236,123],"tags":[19007,226420,143275,149486,226422,149488,226419,226421],"class_list":["post-166602","post","type-post","status-publish","format-standard","has-post-thumbnail","hentry","category-empregos-2","category-gerais","tag-caged","tag-caged-junho-minas-gerais","tag-caged-minas-gerais","tag-empregos-em-minas-gerais","tag-empregos-formais-em-minas-gerais","tag-geracao-de-empregos-em-minas-gerais","tag-minas-gerais-registra-saldo-positivo-de-empregos-no-caged","tag-numero-de-empregos-em-minas-gerais"],"_links":{"self":[{"href":"https:\/\/aconteceunovale.com.br\/portal\/index.php?rest_route=\/wp\/v2\/posts\/166602","targetHints":{"allow":["GET"]}}],"collection":[{"href":"https:\/\/aconteceunovale.com.br\/portal\/index.php?rest_route=\/wp\/v2\/posts"}],"about":[{"href":"https:\/\/aconteceunovale.com.br\/portal\/index.php?rest_route=\/wp\/v2\/types\/post"}],"author":[{"embeddable":true,"href":"https:\/\/aconteceunovale.com.br\/portal\/index.php?rest_route=\/wp\/v2\/users\/1"}],"replies":[{"embeddable":true,"href":"https:\/\/aconteceunovale.com.br\/portal\/index.php?rest_route=%2Fwp%2Fv2%2Fcomments&post=166602"}],"version-history":[{"count":1,"href":"https:\/\/aconteceunovale.com.br\/portal\/index.php?rest_route=\/wp\/v2\/posts\/166602\/revisions"}],"predecessor-version":[{"id":166603,"href":"https:\/\/aconteceunovale.com.br\/portal\/index.php?rest_route=\/wp\/v2\/posts\/166602\/revisions\/166603"}],"wp:featuredmedia":[{"embeddable":true,"href":"https:\/\/aconteceunovale.com.br\/portal\/index.php?rest_route=\/wp\/v2\/media\/153080"}],"wp:attachment":[{"href":"https:\/\/aconteceunovale.com.br\/portal\/index.php?rest_route=%2Fwp%2Fv2%2Fmedia&parent=166602"}],"wp:term":[{"taxonomy":"category","embeddable":true,"href":"https:\/\/aconteceunovale.com.br\/portal\/index.php?rest_route=%2Fwp%2Fv2%2Fcategories&post=166602"},{"taxonomy":"post_tag","embeddable":true,"href":"https:\/\/aconteceunovale.com.br\/portal\/index.php?rest_route=%2Fwp%2Fv2%2Ftags&post=166602"}],"curies":[{"name":"wp","href":"https:\/\/api.w.org\/{rel}","templated":true}]}}