{"id":166596,"date":"2020-07-30T23:21:59","date_gmt":"2020-07-31T02:21:59","guid":{"rendered":"https:\/\/aconteceunovale.com.br\/portal\/?p=166596"},"modified":"2020-07-30T23:22:14","modified_gmt":"2020-07-31T02:22:14","slug":"suspeito-de-furtar-r-14-mil-em-guanhaes-e-preso-em-acao-conjunta-das-policias-civil-e-militar","status":"publish","type":"post","link":"https:\/\/aconteceunovale.com.br\/portal\/?p=166596","title":{"rendered":"Suspeito de furtar R$ 14 mil em Guanh\u00e3es \u00e9 preso em a\u00e7\u00e3o conjunta das pol\u00edcias Civil e Militar"},"content":{"rendered":"\n<p>Na manh\u00e3 desta quinta-feira (30\/7\/2020), as Pol\u00edcias Civil e Militar cumpriram mandado de pris\u00e3o preventiva em desfavor de um homem, de 19 anos de idade, apontado como respons\u00e1vel pelo furto de R$ 14 mil, ocorrido no dia 18 de julho deste ano, em uma resid\u00eancia na cidade de Guanh\u00e3es. O homem ainda \u00e9 suspeito de um roubo praticado no dia 21 de julho, no munic\u00edpio de Materl\u00e2ndia.<\/p>\n\n\n\n<p>De acordo com o Delegado S\u00e1vio Assis Machado Moraes, respons\u00e1vel pelas investiga\u00e7\u00f5es, o suspeito \u00e9 recorrente em delitos dessa natureza. \u201cEle possui extensa ficha de antecedentes criminais, e foi colocado em liberdade no dia 08 de julho deste ano, tendo em vista a revoga\u00e7\u00e3o de pris\u00e3o preventiva que havia sido decretada em seu desfavor. Dias ap\u00f3s conseguir sua liberdade, voltou a praticar crimes\u201d, afirmou.<\/p>\n\n\n\n<p>Ap\u00f3s apura\u00e7\u00e3o dos fatos, a Pol\u00edcia Civil representou pela pris\u00e3o preventiva do suspeito, sendo deferido pela Justi\u00e7a e cumprida pelas pol\u00edcias na manh\u00e3 de hoje, no munic\u00edpio de Materl\u00e2ndia. O homem foi encaminhado ao Sistema prisional, onde permanece \u00e0 disposi\u00e7\u00e3o da Justi\u00e7a.<\/p>\n\n\n\n<figure class=\"wp-block-gallery columns-1 is-cropped wp-block-gallery-1 is-layout-flex wp-block-gallery-is-layout-flex\"><ul class=\"blocks-gallery-grid\"><li class=\"blocks-gallery-item\"><figure><img loading=\"lazy\" decoding=\"async\" width=\"678\" height=\"431\" src=\"https:\/\/aconteceunovale.com.br\/portal\/wp-content\/uploads\/2020\/07\/preso_guanhaes.jpg\" alt=\"\" data-id=\"166597\" data-full-url=\"https:\/\/aconteceunovale.com.br\/portal\/wp-content\/uploads\/2020\/07\/preso_guanhaes.jpg\" data-link=\"https:\/\/aconteceunovale.com.br\/portal\/?attachment_id=166597\" class=\"wp-image-166597\" srcset=\"https:\/\/aconteceunovale.com.br\/portal\/wp-content\/uploads\/2020\/07\/preso_guanhaes.jpg 678w, https:\/\/aconteceunovale.com.br\/portal\/wp-content\/uploads\/2020\/07\/preso_guanhaes-300x191.jpg 300w, https:\/\/aconteceunovale.com.br\/portal\/wp-content\/uploads\/2020\/07\/preso_guanhaes-661x420.jpg 661w\" sizes=\"auto, (max-width: 678px) 100vw, 678px\" \/><figcaption class=\"blocks-gallery-item__caption\"><em>Foto: Divulga\u00e7\u00e3o\/PCMG<\/em><\/figcaption><\/figure><\/li><\/ul><\/figure>\n\n\n\n<p class=\"has-background has-very-light-gray-background-color\">Quer saber as not\u00edcias do <strong>Aconteceu no Vale<\/strong> em primeira m\u00e3o? Siga-nos no Facebook <a rel=\"noreferrer noopener\" href=\"http:\/\/facebook.com\/aconteceunovale\" target=\"_blank\">@aconteceunovale<\/a>, Twitter <a rel=\"noreferrer noopener\" href=\"https:\/\/twitter.com\/noticiadosvales\" target=\"_blank\">@noticiadosvales<\/a> e Instagram <a rel=\"noreferrer noopener\" href=\"https:\/\/www.instagram.com\/aconteceunovale\" target=\"_blank\">@aconteceunovale<\/a>.<\/p>\n","protected":false},"excerpt":{"rendered":"<p>Na manh\u00e3 desta quinta-feira (30\/7\/2020), as Pol\u00edcias Civil e Militar cumpriram mandado de pris\u00e3o preventiva em desfavor de um homem, de 19 anos de idade, apontado como respons\u00e1vel pelo furto de R$ 14 mil, ocorrido no dia 18 de julho deste ano, em uma resid\u00eancia na cidade de Guanh\u00e3es. O homem ainda \u00e9 suspeito de [&hellip;]<\/p>\n","protected":false},"author":1,"featured_media":166597,"comment_status":"open","ping_status":"closed","sticky":false,"template":"","format":"standard","meta":{"amp_status":"","footnotes":""},"categories":[121],"tags":[221461,1018,226413,226412,301,226414,226415,226411],"class_list":["post-166596","post","type-post","status-publish","format-standard","has-post-thumbnail","hentry","category-leste","tag-delegado-savio-assis-machado-moraes","tag-destaque","tag-furto-de-r-14-mil-em-guanhaes","tag-furto-em-guanhaes","tag-materlandia","tag-roubo-em-guanhaes","tag-roubo-em-materlandia","tag-suspeito-de-furtar-r-14-mil-em-guanhaes-e-preso-em-acao-conjunta-das-policias-civil-e-militar"],"_links":{"self":[{"href":"https:\/\/aconteceunovale.com.br\/portal\/index.php?rest_route=\/wp\/v2\/posts\/166596","targetHints":{"allow":["GET"]}}],"collection":[{"href":"https:\/\/aconteceunovale.com.br\/portal\/index.php?rest_route=\/wp\/v2\/posts"}],"about":[{"href":"https:\/\/aconteceunovale.com.br\/portal\/index.php?rest_route=\/wp\/v2\/types\/post"}],"author":[{"embeddable":true,"href":"https:\/\/aconteceunovale.com.br\/portal\/index.php?rest_route=\/wp\/v2\/users\/1"}],"replies":[{"embeddable":true,"href":"https:\/\/aconteceunovale.com.br\/portal\/index.php?rest_route=%2Fwp%2Fv2%2Fcomments&post=166596"}],"version-history":[{"count":1,"href":"https:\/\/aconteceunovale.com.br\/portal\/index.php?rest_route=\/wp\/v2\/posts\/166596\/revisions"}],"predecessor-version":[{"id":166598,"href":"https:\/\/aconteceunovale.com.br\/portal\/index.php?rest_route=\/wp\/v2\/posts\/166596\/revisions\/166598"}],"wp:featuredmedia":[{"embeddable":true,"href":"https:\/\/aconteceunovale.com.br\/portal\/index.php?rest_route=\/wp\/v2\/media\/166597"}],"wp:attachment":[{"href":"https:\/\/aconteceunovale.com.br\/portal\/index.php?rest_route=%2Fwp%2Fv2%2Fmedia&parent=166596"}],"wp:term":[{"taxonomy":"category","embeddable":true,"href":"https:\/\/aconteceunovale.com.br\/portal\/index.php?rest_route=%2Fwp%2Fv2%2Fcategories&post=166596"},{"taxonomy":"post_tag","embeddable":true,"href":"https:\/\/aconteceunovale.com.br\/portal\/index.php?rest_route=%2Fwp%2Fv2%2Ftags&post=166596"}],"curies":[{"name":"wp","href":"https:\/\/api.w.org\/{rel}","templated":true}]}}