{"id":16648,"date":"2013-12-23T23:02:39","date_gmt":"2013-12-24T01:02:39","guid":{"rendered":"http:\/\/aconteceunovale.com.br\/portal\/?p=16648"},"modified":"2013-12-23T23:02:39","modified_gmt":"2013-12-24T01:02:39","slug":"323-municipios-mineiros-recebem-maquinas-do-pac-2","status":"publish","type":"post","link":"https:\/\/aconteceunovale.com.br\/portal\/?p=16648","title":{"rendered":"323 munic\u00edpios mineiros recebem m\u00e1quinas do PAC 2"},"content":{"rendered":"<p>O ministro do Desenvolvimento, Ind\u00fastria e Com\u00e9rcio Exterior, Fernando Pimentel, entregou na manh\u00e3 desta segunda-feira (23) em Belo Horizonte, 335 m\u00e1quinas e equipamentos a 323 munic\u00edpios mineiros. Foram entregues 152 retroescavadeiras, 32 motoniveladoras, 26 caminh\u00f5es-pipa e 125 caminh\u00f5es-ca\u00e7amba, o maior n\u00famero de ve\u00edculos do Programa de Acelera\u00e7\u00e3o do Crescimento 2 (PAC 2) entregues numa mesma cerim\u00f4nia. O investimento foi de R$ 71,1 milh\u00f5es e beneficiar\u00e1 180 mil fam\u00edlias de agricultores familiares mineiros.<\/p>\n<p><img decoding=\"async\" src=\"http:\/\/aconteceunovale.com.br\/portal\/wp-content\/uploads\/2013\/12\/maquinas_pesadas.jpg\" alt=\"\" \/><\/p>\n<p>Agora, todos os 5.071 munic\u00edpios brasileiros com at\u00e9 50 mil habitantes ter\u00e3o pelo menos uma retroescavadeira do PAC Equipamentos. No total, quatro milh\u00f5es de fam\u00edlias de agricultores familiares est\u00e3o sendo beneficiadas. Somente em Minas Gerais foram entregues 1.272 m\u00e1quinas do PAC 2 Equipamentos, incluindo as de hoje. At\u00e9 2014, outras 1.372 ser\u00e3o distribu\u00eddas aos munic\u00edpios mineiros, no total de 2.644 m\u00e1quinas.<\/p>\n<p>&#8220;A l\u00f3gica do PAC Equipamentos \u00e9 permitir aos prefeitos atender \u00e0 popula\u00e7\u00e3o e gerar emprego e renda no Brasil, j\u00e1 que as m\u00e1quinas distribu\u00eddas s\u00e3o produzidas pela nossa ind\u00fastria. \u00c9 por programas como esses que o n\u00edvel de emprego no Brasil \u00e9 o mais alto da nossa hist\u00f3ria&#8221;, destacou Fernando Pimentel. De acordo com o Instituto Brasileiro de Geografia e Estat\u00edstica (IBGE), o desemprego nas seis principais regi\u00f5es metropolitanas do Pa\u00eds ficou em 4,6% no m\u00eas de novembro.<\/p>\n<p>As retroescavadeiras, as motoniveladoras e os caminh\u00f5es-ca\u00e7amba s\u00e3o um importante refor\u00e7o \u00e0 gest\u00e3o dos prefeitos, que agora poder\u00e3o realizar por conta pr\u00f3pria obras de conserva\u00e7\u00e3o de estradas vicinais, usadas tanto para locomo\u00e7\u00e3o dos moradores quanto para escoamento da produ\u00e7\u00e3o agr\u00edcola. Os caminh\u00f5es-pipa servir\u00e3o ao abastecimento d\u00b4\u00e1gua a milhares de pessoas que sofrem com a mais forte seca dos \u00faltimos anos.<\/p>\n<p>As m\u00e1quinas compradas pelo PAC Equipamentos s\u00e3o fabricadas no Brasil. A compra de produtos nacionais, estimulando a ind\u00fastria e gerando emprego e renda, foi feita por meio do programa de compras governamentais, que permite ao governo pagar at\u00e9 25% por produtos nacionais nas licita\u00e7\u00f5es p\u00fablicas. A pol\u00edtica de incentivos integra o Plano Brasil Maior, formulado e coordenado pelo minist\u00e9rio do Desenvolvimento, Ind\u00fastria e Com\u00e9rcio Exterior (MDIC).<\/p>\n<p>Al\u00e9m do ministro Pimentel, participaram da solenidade no Parque de Exposi\u00e7\u00f5es Bol\u00edvar de Andrade o prefeito de Belo Horizonte, M\u00e1rcio Lacerda, o Secret\u00e1rio de Estado de Agricultura, Pecu\u00e1ria e Abastecimento de Minas Gerais, Elmiro Nascimento, o delegado federal do Minist\u00e9rio do Desenvolvimento Agr\u00e1rio em Minas Gerais, Alcides Guedes Filho, e prefeitos dos munic\u00edpios beneficiados.<\/p>\n<p><strong>Munic\u00edpios que ser\u00e3o beneficiados na regi\u00e3o dos Vales:<\/strong><\/p>\n<p><strong>CAMINH\u00c3O CA\u00c7AMBA<\/strong> \u2013 Ara\u00e7ua\u00ed, Berilo, Cachoeira do Paje\u00fa, Cara\u00ed, Carbonita, Chapada do Norte, Crist\u00e1lia, Curral de Dentro, Diamantina, Felisburgo, Itaobim, Itinga, Jacinto, Jequitinhonha, Joa\u00edma, Jord\u00e2nia, Jos\u00e9 Gon\u00e7alves de Minas, Leme do Prado, Mata Verde, Medina, Monte Formoso, Novorizonte, Padre Para\u00edso, Pedra Azul, Rio Pardo de Minas, Salto da Divisa, Santa Cruz de Salinas, Santo Ant\u00f4nio do Jacinto, Serro e Virgem da Lapa.<\/p>\n<p><strong>CAMINH\u00c3O PIPA<\/strong> \u2013 Angel\u00e2ndia, Divisa Alegre, Itamarandiba, Minas Novas, Ponto dos Volantes, Rubelita, Rubim e Salinas.<\/p>\n","protected":false},"excerpt":{"rendered":"<p>O ministro do Desenvolvimento, Ind\u00fastria e Com\u00e9rcio Exterior, Fernando Pimentel, entregou na manh\u00e3 desta segunda-feira (23) em Belo Horizonte, 335 m\u00e1quinas e equipamentos a 323 munic\u00edpios mineiros. Foram entregues 152 retroescavadeiras, 32 motoniveladoras, 26 caminh\u00f5es-pipa e 125 caminh\u00f5es-ca\u00e7amba, o maior n\u00famero de ve\u00edculos do Programa de Acelera\u00e7\u00e3o do Crescimento 2 (PAC 2) entregues numa mesma [&hellip;]<\/p>\n","protected":false},"author":1,"featured_media":0,"comment_status":"open","ping_status":"closed","sticky":false,"template":"","format":"standard","meta":{"amp_status":"","footnotes":""},"categories":[123],"tags":[2086,2087],"class_list":["post-16648","post","type-post","status-publish","format-standard","hentry","category-gerais","tag-323-municipios-mineiros-recebem-maquinas-do-pac-2","tag-prefeituras-do-vale-do-jequitinhonha-recebem-maquinas-do-pac-2"],"_links":{"self":[{"href":"https:\/\/aconteceunovale.com.br\/portal\/index.php?rest_route=\/wp\/v2\/posts\/16648","targetHints":{"allow":["GET"]}}],"collection":[{"href":"https:\/\/aconteceunovale.com.br\/portal\/index.php?rest_route=\/wp\/v2\/posts"}],"about":[{"href":"https:\/\/aconteceunovale.com.br\/portal\/index.php?rest_route=\/wp\/v2\/types\/post"}],"author":[{"embeddable":true,"href":"https:\/\/aconteceunovale.com.br\/portal\/index.php?rest_route=\/wp\/v2\/users\/1"}],"replies":[{"embeddable":true,"href":"https:\/\/aconteceunovale.com.br\/portal\/index.php?rest_route=%2Fwp%2Fv2%2Fcomments&post=16648"}],"version-history":[{"count":0,"href":"https:\/\/aconteceunovale.com.br\/portal\/index.php?rest_route=\/wp\/v2\/posts\/16648\/revisions"}],"wp:attachment":[{"href":"https:\/\/aconteceunovale.com.br\/portal\/index.php?rest_route=%2Fwp%2Fv2%2Fmedia&parent=16648"}],"wp:term":[{"taxonomy":"category","embeddable":true,"href":"https:\/\/aconteceunovale.com.br\/portal\/index.php?rest_route=%2Fwp%2Fv2%2Fcategories&post=16648"},{"taxonomy":"post_tag","embeddable":true,"href":"https:\/\/aconteceunovale.com.br\/portal\/index.php?rest_route=%2Fwp%2Fv2%2Ftags&post=16648"}],"curies":[{"name":"wp","href":"https:\/\/api.w.org\/{rel}","templated":true}]}}