{"id":166405,"date":"2020-07-27T08:49:07","date_gmt":"2020-07-27T11:49:07","guid":{"rendered":"https:\/\/aconteceunovale.com.br\/portal\/?p=166405"},"modified":"2020-07-27T08:50:08","modified_gmt":"2020-07-27T11:50:08","slug":"caixa-autoriza-pausa-no-financiamento-imobiliario-por-mais-dois-meses","status":"publish","type":"post","link":"https:\/\/aconteceunovale.com.br\/portal\/?p=166405","title":{"rendered":"Caixa autoriza pausa no financiamento imobili\u00e1rio por mais dois meses"},"content":{"rendered":"\n<p class=\"wp-block-paragraph\">A partir de hoje (27\/7), \u00e9 poss\u00edvel pedir mais dois meses de pausa no pagamento de presta\u00e7\u00f5es do cr\u00e9dito imobili\u00e1rio contratado com a Caixa Econ\u00f4mica Federal. A medida vale para financiamentos de im\u00f3veis do Programa Minha Casa Minha Vida (Faixas 1,5, 2 e 3) e do Sistema Brasileiro de Poupan\u00e7a e Empr\u00e9stimos.<\/p>\n\n\n\n<p class=\"wp-block-paragraph\">Segundo a Caixa, os clientes pessoas f\u00edsica e jur\u00eddica que j\u00e1 tiveram a pausa tempor\u00e1ria de 120 dias conclu\u00edda poder\u00e3o prorrogar o prazo por mais 60 dias. Quem ainda n\u00e3o optou por essa alternativa tamb\u00e9m poder\u00e1 solicitar a pausa de 180 dias.<\/p>\n\n\n\n<p class=\"wp-block-paragraph\">Para as empresas, a op\u00e7\u00e3o de pausa \u00e9 v\u00e1lida para os financiamentos \u00e0 produ\u00e7\u00e3o de empreendimentos e para os financiamentos de aquisi\u00e7\u00e3o e constru\u00e7\u00e3o de im\u00f3veis comerciais (modalidade individual). As op\u00e7\u00f5es de pagamento parcial dos encargos ou car\u00eancia tamb\u00e9m ser\u00e3o estendidas para at\u00e9 180 dias, por\u00e9m n\u00e3o poder\u00e3o ser utilizadas em conjunto com a pausa.<\/p>\n\n\n\n<p class=\"wp-block-paragraph\">A Caixa lembra que durante o per\u00edodo de pausa, o contrato n\u00e3o est\u00e1 isento da incid\u00eancia de juros remunerat\u00f3rios, seguros e taxas. Os valores dos encargos pausados s\u00e3o acrescidos ao saldo devedor do contrato e dilu\u00eddos no prazo remanescente. A taxa de juros e o prazo contratados inicialmente n\u00e3o sofrem altera\u00e7\u00e3o.<\/p>\n\n\n\n<h2 class=\"wp-block-heading\">Quem pode solicitar<\/h2>\n\n\n\n<p class=\"wp-block-paragraph\">Clientes pessoa f\u00edsica com contratos em dia ou com at\u00e9 180 dias em atraso (clientes que utilizaram o Fundo de Garantia do Tempo de Servi\u00e7o &#8211; FGTS para reduzir uma parte da presta\u00e7\u00e3o tamb\u00e9m podem optar pela pausa); clientes pessoa jur\u00eddica com contratos em dia ou com atraso de at\u00e9 60 dias (duas presta\u00e7\u00f5es).<\/p>\n\n\n\n<h2 class=\"wp-block-heading\">Como solicitar:<\/h2>\n\n\n\n<p class=\"wp-block-paragraph\">Os clientes pessoa f\u00edsica podem solicitar a pausa de 180 dias ou a prorroga\u00e7\u00e3o do per\u00edodo de pausa por mais 60 dias para os contratos j\u00e1 atendidos pelo aplicativo Habita\u00e7\u00e3o Caixa, pelos telefones 3004-1105 e 0800 726 0505, ou de forma automatizada pelo 0800 726 8068, op\u00e7\u00e3o 2 \u2013 4 \u2013 2.<\/p>\n\n\n\n<p class=\"wp-block-paragraph\">Os clientes pessoa jur\u00eddica podem solicitar a pausa para contratos de aquisi\u00e7\u00e3o e constru\u00e7\u00e3o de im\u00f3veis comerciais pelo n\u00famero 0800 726 8068, op\u00e7\u00e3o 2 \u2013 4, ou com o aux\u00edlio do gerente de relacionamento. Para contratos de financiamento \u00e0 produ\u00e7\u00e3o de empreendimentos, a solicita\u00e7\u00e3o pode ser realizada somente por meio do gerente de relacionamento, que deve ser acionado preferencialmente por meio eletr\u00f4nico.<\/p>\n\n\n\n<h2 class=\"wp-block-heading\">Canais de atendimento:<\/h2>\n\n\n\n<p class=\"wp-block-paragraph\">App Habita\u00e7\u00e3o Caixa: dispon\u00edvel para os sistemas operacionais Android e IOS, pode ser baixado gratuitamente nas lojas GooglePlay ou AppStore.<\/p>\n\n\n\n<p class=\"wp-block-paragraph\">3004-1105 e 0800 726 0505, op\u00e7\u00e3o 7: dispon\u00edvel de segunda a sexta-feira, das 8h \u00e0s 20h.<\/p>\n\n\n\n<p class=\"wp-block-paragraph\">0800 726 8068, op\u00e7\u00f5es 2 \u2013 4: dispon\u00edvel de segunda a sexta-feira, em qualquer hor\u00e1rio, e aos s\u00e1bados, das 10h \u00e0s 16h.<\/p>\n\n\n\n<p class=\"has-background has-very-light-gray-background-color wp-block-paragraph\">Quer saber as not\u00edcias do <strong>Aconteceu no Vale<\/strong> em primeira m\u00e3o? Siga-nos no Facebook <a rel=\"noreferrer noopener\" href=\"http:\/\/facebook.com\/aconteceunovale\" target=\"_blank\">@aconteceunovale<\/a>, Twitter <a rel=\"noreferrer noopener\" href=\"https:\/\/twitter.com\/noticiadosvales\" target=\"_blank\">@noticiadosvales<\/a> e Instagram <a rel=\"noreferrer noopener\" href=\"https:\/\/www.instagram.com\/aconteceunovale\" target=\"_blank\">@aconteceunovale<\/a>.<\/p>\n","protected":false},"excerpt":{"rendered":"<p>A partir de hoje (27\/7), \u00e9 poss\u00edvel pedir mais dois meses de pausa no pagamento de presta\u00e7\u00f5es do cr\u00e9dito imobili\u00e1rio contratado com a Caixa Econ\u00f4mica Federal. A medida vale para financiamentos de im\u00f3veis do Programa Minha Casa Minha Vida (Faixas 1,5, 2 e 3) e do Sistema Brasileiro de Poupan\u00e7a e Empr\u00e9stimos. Segundo a Caixa, [&hellip;]<\/p>\n","protected":false},"author":1,"featured_media":162525,"comment_status":"open","ping_status":"closed","sticky":false,"template":"","format":"standard","meta":{"amp_status":"","footnotes":""},"categories":[6],"tags":[219387,219388,23072,219385,226161,219391,219389,187086,219386,219390],"class_list":["post-166405","post","type-post","status-publish","format-standard","has-post-thumbnail","hentry","category-br","tag-acoes-da-caixa-para-pessoas-fisicas","tag-acoes-da-caixa-para-pessoas-juridicas","tag-caixa","tag-caixa-anuncia-seis-meses-de-carencia-em-novos-financiamentos-imobiliarios","tag-caixa-autoriza-pausa-no-financiamento-imobiliario-por-mais-dois-meses","tag-carencia-em-financiamentos-imobiliarios","tag-financiamento-da-caixa","tag-pedro-guimaraes","tag-presidente-da-caixa","tag-suspensao-de-financiamento-da-caixa"],"yoast_head":"<!-- This site is optimized with the Yoast SEO plugin v28.3 - https:\/\/yoast.com\/product\/yoast-seo-wordpress\/ -->\n<title>Caixa autoriza pausa no financiamento imobili\u00e1rio por mais dois meses - Aconteceu no Vale<\/title>\n<meta name=\"robots\" content=\"index, follow, max-snippet:-1, max-image-preview:large, max-video-preview:-1\" \/>\n<link rel=\"canonical\" href=\"https:\/\/aconteceunovale.com.br\/portal\/?p=166405\" \/>\n<meta property=\"og:locale\" content=\"pt_BR\" \/>\n<meta property=\"og:type\" content=\"article\" \/>\n<meta property=\"og:title\" content=\"Caixa autoriza pausa no financiamento imobili\u00e1rio por mais dois meses - Aconteceu no Vale\" \/>\n<meta property=\"og:description\" content=\"A partir de hoje (27\/7), \u00e9 poss\u00edvel pedir mais dois meses de pausa no pagamento de presta\u00e7\u00f5es do cr\u00e9dito imobili\u00e1rio contratado com a Caixa Econ\u00f4mica Federal. A medida vale para financiamentos de im\u00f3veis do Programa Minha Casa Minha Vida (Faixas 1,5, 2 e 3) e do Sistema Brasileiro de Poupan\u00e7a e Empr\u00e9stimos. Segundo a Caixa, [&hellip;]\" \/>\n<meta property=\"og:url\" content=\"https:\/\/aconteceunovale.com.br\/portal\/?p=166405\" \/>\n<meta property=\"og:site_name\" content=\"Aconteceu no Vale\" \/>\n<meta property=\"article:publisher\" content=\"https:\/\/www.facebook.com\/aconteceunovale\/\" \/>\n<meta property=\"article:published_time\" content=\"2020-07-27T11:49:07+00:00\" \/>\n<meta property=\"article:modified_time\" content=\"2020-07-27T11:50:08+00:00\" \/>\n<meta property=\"og:image\" content=\"https:\/\/aconteceunovale.com.br\/portal\/wp-content\/uploads\/2020\/05\/caixa_agencia-1.jpg\" \/>\n\t<meta property=\"og:image:width\" content=\"678\" \/>\n\t<meta property=\"og:image:height\" content=\"406\" \/>\n\t<meta property=\"og:image:type\" content=\"image\/jpeg\" \/>\n<meta name=\"author\" content=\"Aconteceu no Vale\" \/>\n<meta name=\"twitter:card\" content=\"summary_large_image\" \/>\n<meta name=\"twitter:creator\" content=\"@noticiadosvales\" \/>\n<meta name=\"twitter:site\" content=\"@noticiadosvales\" \/>\n<meta name=\"twitter:label1\" content=\"Escrito por\" \/>\n\t<meta name=\"twitter:data1\" content=\"Aconteceu no Vale\" \/>\n\t<meta name=\"twitter:label2\" content=\"Est. tempo de leitura\" \/>\n\t<meta name=\"twitter:data2\" content=\"2 minutos\" \/>\n<script type=\"application\/ld+json\" class=\"yoast-schema-graph\">{\"@context\":\"https:\\\/\\\/schema.org\",\"@graph\":[{\"@type\":\"Article\",\"@id\":\"https:\\\/\\\/aconteceunovale.com.br\\\/portal\\\/?p=166405#article\",\"isPartOf\":{\"@id\":\"https:\\\/\\\/aconteceunovale.com.br\\\/portal\\\/?p=166405\"},\"author\":{\"name\":\"Aconteceu no Vale\",\"@id\":\"https:\\\/\\\/aconteceunovale.com.br\\\/portal\\\/#\\\/schema\\\/person\\\/633529146f2c94272bef50ac2953d589\"},\"headline\":\"Caixa autoriza pausa no financiamento imobili\u00e1rio por mais dois meses\",\"datePublished\":\"2020-07-27T11:49:07+00:00\",\"dateModified\":\"2020-07-27T11:50:08+00:00\",\"mainEntityOfPage\":{\"@id\":\"https:\\\/\\\/aconteceunovale.com.br\\\/portal\\\/?p=166405\"},\"wordCount\":489,\"commentCount\":0,\"image\":{\"@id\":\"https:\\\/\\\/aconteceunovale.com.br\\\/portal\\\/?p=166405#primaryimage\"},\"thumbnailUrl\":\"https:\\\/\\\/aconteceunovale.com.br\\\/portal\\\/wp-content\\\/uploads\\\/2020\\\/05\\\/caixa_agencia-1.jpg\",\"keywords\":[\"A\u00e7\u00f5es da Caixa para pessoas f\u00edsicas\",\"A\u00e7\u00f5es da Caixa para pessoas jur\u00eddicas\",\"Caixa\",\"Caixa anuncia seis meses de car\u00eancia em novos financiamentos imobili\u00e1rios\",\"Caixa autoriza pausa no financiamento imobili\u00e1rio por mais dois meses\",\"Car\u00eancia em financiamentos imobili\u00e1rios\",\"Financiamento da Caixa\",\"Pedro Guimar\u00e3es\",\"Presidente da Caixa\",\"Suspens\u00e3o de financiamento da Caixa\"],\"articleSection\":[\"Brasil\"],\"inLanguage\":\"pt-BR\",\"potentialAction\":[{\"@type\":\"CommentAction\",\"name\":\"Comment\",\"target\":[\"https:\\\/\\\/aconteceunovale.com.br\\\/portal\\\/?p=166405#respond\"]}]},{\"@type\":\"WebPage\",\"@id\":\"https:\\\/\\\/aconteceunovale.com.br\\\/portal\\\/?p=166405\",\"url\":\"https:\\\/\\\/aconteceunovale.com.br\\\/portal\\\/?p=166405\",\"name\":\"Caixa autoriza pausa no financiamento imobili\u00e1rio por mais dois meses - Aconteceu no Vale\",\"isPartOf\":{\"@id\":\"https:\\\/\\\/aconteceunovale.com.br\\\/portal\\\/#website\"},\"primaryImageOfPage\":{\"@id\":\"https:\\\/\\\/aconteceunovale.com.br\\\/portal\\\/?p=166405#primaryimage\"},\"image\":{\"@id\":\"https:\\\/\\\/aconteceunovale.com.br\\\/portal\\\/?p=166405#primaryimage\"},\"thumbnailUrl\":\"https:\\\/\\\/aconteceunovale.com.br\\\/portal\\\/wp-content\\\/uploads\\\/2020\\\/05\\\/caixa_agencia-1.jpg\",\"datePublished\":\"2020-07-27T11:49:07+00:00\",\"dateModified\":\"2020-07-27T11:50:08+00:00\",\"author\":{\"@id\":\"https:\\\/\\\/aconteceunovale.com.br\\\/portal\\\/#\\\/schema\\\/person\\\/633529146f2c94272bef50ac2953d589\"},\"breadcrumb\":{\"@id\":\"https:\\\/\\\/aconteceunovale.com.br\\\/portal\\\/?p=166405#breadcrumb\"},\"inLanguage\":\"pt-BR\",\"potentialAction\":[{\"@type\":\"ReadAction\",\"target\":[\"https:\\\/\\\/aconteceunovale.com.br\\\/portal\\\/?p=166405\"]}]},{\"@type\":\"ImageObject\",\"inLanguage\":\"pt-BR\",\"@id\":\"https:\\\/\\\/aconteceunovale.com.br\\\/portal\\\/?p=166405#primaryimage\",\"url\":\"https:\\\/\\\/aconteceunovale.com.br\\\/portal\\\/wp-content\\\/uploads\\\/2020\\\/05\\\/caixa_agencia-1.jpg\",\"contentUrl\":\"https:\\\/\\\/aconteceunovale.com.br\\\/portal\\\/wp-content\\\/uploads\\\/2020\\\/05\\\/caixa_agencia-1.jpg\",\"width\":678,\"height\":406},{\"@type\":\"BreadcrumbList\",\"@id\":\"https:\\\/\\\/aconteceunovale.com.br\\\/portal\\\/?p=166405#breadcrumb\",\"itemListElement\":[{\"@type\":\"ListItem\",\"position\":1,\"name\":\"In\u00edcio\",\"item\":\"https:\\\/\\\/aconteceunovale.com.br\\\/portal\\\/\"},{\"@type\":\"ListItem\",\"position\":2,\"name\":\"Caixa autoriza pausa no financiamento imobili\u00e1rio por mais dois meses\"}]},{\"@type\":\"WebSite\",\"@id\":\"https:\\\/\\\/aconteceunovale.com.br\\\/portal\\\/#website\",\"url\":\"https:\\\/\\\/aconteceunovale.com.br\\\/portal\\\/\",\"name\":\"Aconteceu no Vale\",\"description\":\"Portal de Not\u00edcias\",\"potentialAction\":[{\"@type\":\"SearchAction\",\"target\":{\"@type\":\"EntryPoint\",\"urlTemplate\":\"https:\\\/\\\/aconteceunovale.com.br\\\/portal\\\/?s={search_term_string}\"},\"query-input\":{\"@type\":\"PropertyValueSpecification\",\"valueRequired\":true,\"valueName\":\"search_term_string\"}}],\"inLanguage\":\"pt-BR\"},{\"@type\":\"Person\",\"@id\":\"https:\\\/\\\/aconteceunovale.com.br\\\/portal\\\/#\\\/schema\\\/person\\\/633529146f2c94272bef50ac2953d589\",\"name\":\"Aconteceu no Vale\",\"description\":\"Equipe de reportagem do Aconteceu no Vale, portal de not\u00edcias do Vale do Jequitinhonha, em Minas Gerais. Cobrimos as 51 cidades do Vale desde 2013. Sugest\u00f5es de pauta e pedidos de corre\u00e7\u00e3o: contato@aconteceunovale.com.br\",\"sameAs\":[\"http:\\\/\\\/www.aconteceunovale.com.br\"],\"url\":\"https:\\\/\\\/aconteceunovale.com.br\\\/portal\\\/?author=1\"}]}<\/script>\n<!-- \/ Yoast SEO plugin. -->","yoast_head_json":{"title":"Caixa autoriza pausa no financiamento imobili\u00e1rio por mais dois meses - Aconteceu no Vale","robots":{"index":"index","follow":"follow","max-snippet":"max-snippet:-1","max-image-preview":"max-image-preview:large","max-video-preview":"max-video-preview:-1"},"canonical":"https:\/\/aconteceunovale.com.br\/portal\/?p=166405","og_locale":"pt_BR","og_type":"article","og_title":"Caixa autoriza pausa no financiamento imobili\u00e1rio por mais dois meses - Aconteceu no Vale","og_description":"A partir de hoje (27\/7), \u00e9 poss\u00edvel pedir mais dois meses de pausa no pagamento de presta\u00e7\u00f5es do cr\u00e9dito imobili\u00e1rio contratado com a Caixa Econ\u00f4mica Federal. A medida vale para financiamentos de im\u00f3veis do Programa Minha Casa Minha Vida (Faixas 1,5, 2 e 3) e do Sistema Brasileiro de Poupan\u00e7a e Empr\u00e9stimos. Segundo a Caixa, [&hellip;]","og_url":"https:\/\/aconteceunovale.com.br\/portal\/?p=166405","og_site_name":"Aconteceu no Vale","article_publisher":"https:\/\/www.facebook.com\/aconteceunovale\/","article_published_time":"2020-07-27T11:49:07+00:00","article_modified_time":"2020-07-27T11:50:08+00:00","og_image":[{"width":678,"height":406,"url":"https:\/\/aconteceunovale.com.br\/portal\/wp-content\/uploads\/2020\/05\/caixa_agencia-1.jpg","type":"image\/jpeg"}],"author":"Aconteceu no Vale","twitter_card":"summary_large_image","twitter_creator":"@noticiadosvales","twitter_site":"@noticiadosvales","twitter_misc":{"Escrito por":"Aconteceu no Vale","Est. tempo de leitura":"2 minutos"},"schema":{"@context":"https:\/\/schema.org","@graph":[{"@type":"Article","@id":"https:\/\/aconteceunovale.com.br\/portal\/?p=166405#article","isPartOf":{"@id":"https:\/\/aconteceunovale.com.br\/portal\/?p=166405"},"author":{"name":"Aconteceu no Vale","@id":"https:\/\/aconteceunovale.com.br\/portal\/#\/schema\/person\/633529146f2c94272bef50ac2953d589"},"headline":"Caixa autoriza pausa no financiamento imobili\u00e1rio por mais dois meses","datePublished":"2020-07-27T11:49:07+00:00","dateModified":"2020-07-27T11:50:08+00:00","mainEntityOfPage":{"@id":"https:\/\/aconteceunovale.com.br\/portal\/?p=166405"},"wordCount":489,"commentCount":0,"image":{"@id":"https:\/\/aconteceunovale.com.br\/portal\/?p=166405#primaryimage"},"thumbnailUrl":"https:\/\/aconteceunovale.com.br\/portal\/wp-content\/uploads\/2020\/05\/caixa_agencia-1.jpg","keywords":["A\u00e7\u00f5es da Caixa para pessoas f\u00edsicas","A\u00e7\u00f5es da Caixa para pessoas jur\u00eddicas","Caixa","Caixa anuncia seis meses de car\u00eancia em novos financiamentos imobili\u00e1rios","Caixa autoriza pausa no financiamento imobili\u00e1rio por mais dois meses","Car\u00eancia em financiamentos imobili\u00e1rios","Financiamento da Caixa","Pedro Guimar\u00e3es","Presidente da Caixa","Suspens\u00e3o de financiamento da Caixa"],"articleSection":["Brasil"],"inLanguage":"pt-BR","potentialAction":[{"@type":"CommentAction","name":"Comment","target":["https:\/\/aconteceunovale.com.br\/portal\/?p=166405#respond"]}]},{"@type":"WebPage","@id":"https:\/\/aconteceunovale.com.br\/portal\/?p=166405","url":"https:\/\/aconteceunovale.com.br\/portal\/?p=166405","name":"Caixa autoriza pausa no financiamento imobili\u00e1rio por mais dois meses - Aconteceu no Vale","isPartOf":{"@id":"https:\/\/aconteceunovale.com.br\/portal\/#website"},"primaryImageOfPage":{"@id":"https:\/\/aconteceunovale.com.br\/portal\/?p=166405#primaryimage"},"image":{"@id":"https:\/\/aconteceunovale.com.br\/portal\/?p=166405#primaryimage"},"thumbnailUrl":"https:\/\/aconteceunovale.com.br\/portal\/wp-content\/uploads\/2020\/05\/caixa_agencia-1.jpg","datePublished":"2020-07-27T11:49:07+00:00","dateModified":"2020-07-27T11:50:08+00:00","author":{"@id":"https:\/\/aconteceunovale.com.br\/portal\/#\/schema\/person\/633529146f2c94272bef50ac2953d589"},"breadcrumb":{"@id":"https:\/\/aconteceunovale.com.br\/portal\/?p=166405#breadcrumb"},"inLanguage":"pt-BR","potentialAction":[{"@type":"ReadAction","target":["https:\/\/aconteceunovale.com.br\/portal\/?p=166405"]}]},{"@type":"ImageObject","inLanguage":"pt-BR","@id":"https:\/\/aconteceunovale.com.br\/portal\/?p=166405#primaryimage","url":"https:\/\/aconteceunovale.com.br\/portal\/wp-content\/uploads\/2020\/05\/caixa_agencia-1.jpg","contentUrl":"https:\/\/aconteceunovale.com.br\/portal\/wp-content\/uploads\/2020\/05\/caixa_agencia-1.jpg","width":678,"height":406},{"@type":"BreadcrumbList","@id":"https:\/\/aconteceunovale.com.br\/portal\/?p=166405#breadcrumb","itemListElement":[{"@type":"ListItem","position":1,"name":"In\u00edcio","item":"https:\/\/aconteceunovale.com.br\/portal\/"},{"@type":"ListItem","position":2,"name":"Caixa autoriza pausa no financiamento imobili\u00e1rio por mais dois meses"}]},{"@type":"WebSite","@id":"https:\/\/aconteceunovale.com.br\/portal\/#website","url":"https:\/\/aconteceunovale.com.br\/portal\/","name":"Aconteceu no Vale","description":"Portal de Not\u00edcias","potentialAction":[{"@type":"SearchAction","target":{"@type":"EntryPoint","urlTemplate":"https:\/\/aconteceunovale.com.br\/portal\/?s={search_term_string}"},"query-input":{"@type":"PropertyValueSpecification","valueRequired":true,"valueName":"search_term_string"}}],"inLanguage":"pt-BR"},{"@type":"Person","@id":"https:\/\/aconteceunovale.com.br\/portal\/#\/schema\/person\/633529146f2c94272bef50ac2953d589","name":"Aconteceu no Vale","description":"Equipe de reportagem do Aconteceu no Vale, portal de not\u00edcias do Vale do Jequitinhonha, em Minas Gerais. Cobrimos as 51 cidades do Vale desde 2013. Sugest\u00f5es de pauta e pedidos de corre\u00e7\u00e3o: contato@aconteceunovale.com.br","sameAs":["http:\/\/www.aconteceunovale.com.br"],"url":"https:\/\/aconteceunovale.com.br\/portal\/?author=1"}]}},"_links":{"self":[{"href":"https:\/\/aconteceunovale.com.br\/portal\/index.php?rest_route=\/wp\/v2\/posts\/166405","targetHints":{"allow":["GET"]}}],"collection":[{"href":"https:\/\/aconteceunovale.com.br\/portal\/index.php?rest_route=\/wp\/v2\/posts"}],"about":[{"href":"https:\/\/aconteceunovale.com.br\/portal\/index.php?rest_route=\/wp\/v2\/types\/post"}],"author":[{"embeddable":true,"href":"https:\/\/aconteceunovale.com.br\/portal\/index.php?rest_route=\/wp\/v2\/users\/1"}],"replies":[{"embeddable":true,"href":"https:\/\/aconteceunovale.com.br\/portal\/index.php?rest_route=%2Fwp%2Fv2%2Fcomments&post=166405"}],"version-history":[{"count":1,"href":"https:\/\/aconteceunovale.com.br\/portal\/index.php?rest_route=\/wp\/v2\/posts\/166405\/revisions"}],"predecessor-version":[{"id":166406,"href":"https:\/\/aconteceunovale.com.br\/portal\/index.php?rest_route=\/wp\/v2\/posts\/166405\/revisions\/166406"}],"wp:featuredmedia":[{"embeddable":true,"href":"https:\/\/aconteceunovale.com.br\/portal\/index.php?rest_route=\/wp\/v2\/media\/162525"}],"wp:attachment":[{"href":"https:\/\/aconteceunovale.com.br\/portal\/index.php?rest_route=%2Fwp%2Fv2%2Fmedia&parent=166405"}],"wp:term":[{"taxonomy":"category","embeddable":true,"href":"https:\/\/aconteceunovale.com.br\/portal\/index.php?rest_route=%2Fwp%2Fv2%2Fcategories&post=166405"},{"taxonomy":"post_tag","embeddable":true,"href":"https:\/\/aconteceunovale.com.br\/portal\/index.php?rest_route=%2Fwp%2Fv2%2Ftags&post=166405"}],"curies":[{"name":"wp","href":"https:\/\/api.w.org\/{rel}","templated":true}]}}