{"id":166389,"date":"2020-07-26T19:02:23","date_gmt":"2020-07-26T22:02:23","guid":{"rendered":"https:\/\/aconteceunovale.com.br\/portal\/?p=166389"},"modified":"2026-08-31T23:11:46","modified_gmt":"2026-09-01T02:11:46","slug":"hospital-de-capelinha-tera-nove-leitos-de-uti","status":"publish","type":"post","link":"https:\/\/aconteceunovale.com.br\/portal\/?p=166389","title":{"rendered":"Hospital de Capelinha ter\u00e1 nove leitos de UTI"},"content":{"rendered":"\n<p class=\"wp-block-paragraph\">O presidente da Funda\u00e7\u00e3o Hospitalar S\u00e3o Vicente de Paulo (FHSVP), Nicodemos Evaristo, anunciou na sexta-feira (24\/7\/2020) que nove leitos de UTI (Unidade de Terapia Intensiva) ser\u00e3o implantados no Hospital de Capelinha (MG). A unidade de sa\u00fade atende a popula\u00e7\u00e3o capelinhense e de outros munic\u00edpios circunvizinhos.<\/p>\n\n\n\n<p class=\"wp-block-paragraph\">De acordo com Evaristo, a Funda\u00e7\u00e3o apresentou projeto de implanta\u00e7\u00e3o dos leitos em parceria com a Prefeitura e obteve aprova\u00e7\u00e3o junto \u00e0 Secretaria de Estado de Sa\u00fade de Minas Gerais (SES-MG). Uma equipe de profissionais da cidade de Diamantina, especializada em CTI (Centro de Terapia Intensiva), esteve em Capelinha na semana passada e concluiu que as instala\u00e7\u00f5es rec\u00e9m-inauguradas atendem aos requisitos para a implanta\u00e7\u00e3o pleiteada.<\/p>\n\n\n\n<p class=\"wp-block-paragraph\">Ainda segundo o presidente da FHSVP, com a aprova\u00e7\u00e3o do Governo, foi iniciada a aquisi\u00e7\u00e3o de equipamentos faltantes e organiza\u00e7\u00e3o da lista de medicamentos necess\u00e1rios, que j\u00e1 est\u00e1 em processo de licita\u00e7\u00e3o. A entidade tamb\u00e9m est\u00e1 montando a equipe espec\u00edfica para trabalhar no CTI.<\/p>\n\n\n\n<p class=\"wp-block-paragraph\"><em>\u201cDentre os equipamentos, o mais requisitado (respirador) est\u00e1 a caminho de Capelinha, vez que o lote foi adquirido em Santa Catarina. Os equipamentos dever\u00e3o chegar at\u00e9 o final da pr\u00f3xima semana e a inten\u00e7\u00e3o \u00e9 colocar o CTI \u00e0 disposi\u00e7\u00e3o de nossa regi\u00e3o em no m\u00e1ximo 30 dias\u201d<\/em>, informou Nicodemos Evaristo.<\/p>\n\n\n\n<figure class=\"wp-block-gallery columns-1 is-cropped wp-block-gallery-1 is-layout-flex wp-block-gallery-is-layout-flex\"><ul class=\"blocks-gallery-grid\"><li class=\"blocks-gallery-item\"><figure><img loading=\"lazy\" decoding=\"async\" width=\"657\" height=\"450\" src=\"https:\/\/aconteceunovale.com.br\/portal\/wp-content\/uploads\/2020\/07\/respirador_capelinha_2.jpg\" alt=\"\" data-id=\"166391\" data-full-url=\"https:\/\/aconteceunovale.com.br\/portal\/wp-content\/uploads\/2020\/07\/respirador_capelinha_2.jpg\" data-link=\"https:\/\/aconteceunovale.com.br\/portal\/?attachment_id=166391\" class=\"wp-image-166391\" srcset=\"https:\/\/aconteceunovale.com.br\/portal\/wp-content\/uploads\/2020\/07\/respirador_capelinha_2.jpg 657w, https:\/\/aconteceunovale.com.br\/portal\/wp-content\/uploads\/2020\/07\/respirador_capelinha_2-300x205.jpg 300w, https:\/\/aconteceunovale.com.br\/portal\/wp-content\/uploads\/2020\/07\/respirador_capelinha_2-218x150.jpg 218w, https:\/\/aconteceunovale.com.br\/portal\/wp-content\/uploads\/2020\/07\/respirador_capelinha_2-613x420.jpg 613w\" sizes=\"auto, (max-width: 657px) 100vw, 657px\" \/><figcaption class=\"blocks-gallery-item__caption\"><em>Foto: Divulga\u00e7\u00e3o \/ Nicodemos Evaristo<\/em><\/figcaption><\/figure><\/li><li class=\"blocks-gallery-item\"><figure><img loading=\"lazy\" decoding=\"async\" width=\"678\" height=\"411\" src=\"https:\/\/aconteceunovale.com.br\/portal\/wp-content\/uploads\/2020\/07\/respirador_capelinha_1.jpg\" alt=\"\" data-id=\"166390\" data-full-url=\"https:\/\/aconteceunovale.com.br\/portal\/wp-content\/uploads\/2020\/07\/respirador_capelinha_1.jpg\" data-link=\"https:\/\/aconteceunovale.com.br\/portal\/?attachment_id=166390\" class=\"wp-image-166390\" srcset=\"https:\/\/aconteceunovale.com.br\/portal\/wp-content\/uploads\/2020\/07\/respirador_capelinha_1.jpg 678w, https:\/\/aconteceunovale.com.br\/portal\/wp-content\/uploads\/2020\/07\/respirador_capelinha_1-300x182.jpg 300w\" sizes=\"auto, (max-width: 678px) 100vw, 678px\" \/><figcaption class=\"blocks-gallery-item__caption\"><em>Foto: Divulga\u00e7\u00e3o \/ Nicodemos Evaristo<\/em><\/figcaption><\/figure><\/li><\/ul><\/figure>\n\n\n\n<h2 class=\"wp-block-heading\"><strong>Investimento da Prefeitura<\/strong><\/h2>\n\n\n\n<p class=\"wp-block-paragraph\">A Prefeitura de Capelinha informou por meio de nota, no dia 18\/7, que ser\u00e3o investidos cerca de R$ 1,4 milh\u00e3o para cria\u00e7\u00e3o dos leitos de UTI. Segundo o munic\u00edpio, o recurso ser\u00e1 destinado para a aquisi\u00e7\u00e3o de equipamentos e custeios. O valor poder\u00e1 aumentar conforme a necessidade.<\/p>\n\n\n\n<p class=\"wp-block-paragraph\"><em>\u201cTrata-se de um ganho muito grande para nossa cidade, pois estes leitos poder\u00e3o permanecer \u00e0 disposi\u00e7\u00e3o da popula\u00e7\u00e3o mesmo ap\u00f3s a pandemia da Covid-19\u201d<\/em>, informou o Executivo Municipal.<\/p>\n\n\n\n<p class=\"has-background has-very-light-gray-background-color wp-block-paragraph\">Quer saber as not\u00edcias do <strong>Aconteceu no Vale<\/strong> em primeira m\u00e3o? Siga-nos no Facebook <a rel=\"noreferrer noopener\" href=\"http:\/\/facebook.com\/aconteceunovale\" target=\"_blank\">@aconteceunovale<\/a>, Twitter <a rel=\"noreferrer noopener\" href=\"https:\/\/twitter.com\/noticiadosvales\" target=\"_blank\">@noticiadosvales<\/a> e Instagram <a rel=\"noreferrer noopener\" href=\"https:\/\/www.instagram.com\/aconteceunovale\" target=\"_blank\">@aconteceunovale<\/a>.<\/p>\n","protected":false},"excerpt":{"rendered":"<p>O presidente da Funda\u00e7\u00e3o Hospitalar S\u00e3o Vicente de Paulo (FHSVP), Nicodemos Evaristo, anunciou na sexta-feira (24\/7\/2020) que nove leitos de UTI (Unidade de Terapia Intensiva) ser\u00e3o implantados no Hospital de Capelinha (MG). A unidade de sa\u00fade atende a popula\u00e7\u00e3o capelinhense e de outros munic\u00edpios circunvizinhos. De acordo com Evaristo, a Funda\u00e7\u00e3o apresentou projeto de implanta\u00e7\u00e3o [&hellip;]<\/p>\n","protected":false},"author":1,"featured_media":166391,"comment_status":"open","ping_status":"closed","sticky":false,"template":"","format":"standard","meta":{"amp_status":"","footnotes":""},"categories":[272535,40242,120],"tags":[132,224754,218007,221398,224309,223916,223915,224224,218179,218765,225631,1018,224739,175452,226158,21871,225627,225630,225629,225626,224738,65998,224633,225423,224348,225067,225628],"class_list":["post-166389","post","type-post","status-publish","format-standard","has-post-thumbnail","hentry","category-capelinha","category-saude-2","category-jequi","tag-capelinha","tag-capelinha-registra-mais-dois-casos-de-coronavirus","tag-caso-de-coronavirus-em-capelinha","tag-caso-de-covid-19-em-capelinha","tag-confirmado-o-quarto-caso-de-covid-19-em-capelinha","tag-confirmado-o-segundo-caso-de-coronavirus-em-capelinha","tag-confirmado-o-segundo-caso-de-covid-19-em-capelinha","tag-confirmado-o-terceiro-caso-de-covid-19-em-capelinha","tag-coronavirus-em-capelinha","tag-covid-19-em-capelinha","tag-criacao-de-leitos-de-uti-em-capelinha","tag-destaque","tag-funcionamento-do-comercio-de-capelinha","tag-fundacao-hospitalar-de-capelinha","tag-hospital-de-capelinha-tera-nove-leitos-de-uti","tag-hospital-sao-vicente-de-paulo","tag-implantacao-de-leitos-de-uti-na-fundacao-hospitalar-de-capelinha","tag-instalacao-de-leitos-de-uti-em-capelinha","tag-leitos-de-uti-em-capelinha","tag-municipio-de-capelinha-pleiteia-10-leitos-de-uti","tag-novas-regras-para-o-comercio-de-capelinha-passam-a-valer-neste-sabado","tag-prefeitura-de-capelinha","tag-prefeitura-de-capelinha-confirma-dois-novos-casos-de-covid-19","tag-prefeitura-de-capelinha-confirma-mais-tres-casos-de-covid-19","tag-prefeitura-de-capelinha-confirma-quinto-caso-de-covid-19","tag-sobe-para-10-o-numero-de-casos-confirmados-de-covid-19-em-capelinha-seis-pacientes-estao-recuperados","tag-uti-em-capelinha"],"yoast_head":"<!-- This site is optimized with the Yoast SEO plugin v28.3 - https:\/\/yoast.com\/product\/yoast-seo-wordpress\/ -->\n<title>Hospital de Capelinha ter\u00e1 nove leitos de UTI - Aconteceu no Vale<\/title>\n<meta name=\"robots\" content=\"index, follow, max-snippet:-1, max-image-preview:large, max-video-preview:-1\" \/>\n<link rel=\"canonical\" href=\"https:\/\/aconteceunovale.com.br\/portal\/?p=166389\" \/>\n<meta property=\"og:locale\" content=\"pt_BR\" \/>\n<meta property=\"og:type\" content=\"article\" \/>\n<meta property=\"og:title\" content=\"Hospital de Capelinha ter\u00e1 nove leitos de UTI - Aconteceu no Vale\" \/>\n<meta property=\"og:description\" content=\"O presidente da Funda\u00e7\u00e3o Hospitalar S\u00e3o Vicente de Paulo (FHSVP), Nicodemos Evaristo, anunciou na sexta-feira (24\/7\/2020) que nove leitos de UTI (Unidade de Terapia Intensiva) ser\u00e3o implantados no Hospital de Capelinha (MG). A unidade de sa\u00fade atende a popula\u00e7\u00e3o capelinhense e de outros munic\u00edpios circunvizinhos. De acordo com Evaristo, a Funda\u00e7\u00e3o apresentou projeto de implanta\u00e7\u00e3o [&hellip;]\" \/>\n<meta property=\"og:url\" content=\"https:\/\/aconteceunovale.com.br\/portal\/?p=166389\" \/>\n<meta property=\"og:site_name\" content=\"Aconteceu no Vale\" \/>\n<meta property=\"article:publisher\" content=\"https:\/\/www.facebook.com\/aconteceunovale\/\" \/>\n<meta property=\"article:published_time\" content=\"2020-07-26T22:02:23+00:00\" \/>\n<meta property=\"article:modified_time\" content=\"2026-09-01T02:11:46+00:00\" \/>\n<meta property=\"og:image\" content=\"https:\/\/aconteceunovale.com.br\/portal\/wp-content\/uploads\/2020\/07\/respirador_capelinha_2.jpg\" \/>\n\t<meta property=\"og:image:width\" content=\"657\" \/>\n\t<meta property=\"og:image:height\" content=\"450\" \/>\n\t<meta property=\"og:image:type\" content=\"image\/jpeg\" \/>\n<meta name=\"author\" content=\"Aconteceu no Vale\" \/>\n<meta name=\"twitter:card\" content=\"summary_large_image\" \/>\n<meta name=\"twitter:creator\" content=\"@noticiadosvales\" \/>\n<meta name=\"twitter:site\" content=\"@noticiadosvales\" \/>\n<meta name=\"twitter:label1\" content=\"Escrito por\" \/>\n\t<meta name=\"twitter:data1\" content=\"Aconteceu no Vale\" \/>\n\t<meta name=\"twitter:label2\" content=\"Est. tempo de leitura\" \/>\n\t<meta name=\"twitter:data2\" content=\"2 minutos\" \/>\n<script type=\"application\/ld+json\" class=\"yoast-schema-graph\">{\"@context\":\"https:\\\/\\\/schema.org\",\"@graph\":[{\"@type\":\"Article\",\"@id\":\"https:\\\/\\\/aconteceunovale.com.br\\\/portal\\\/?p=166389#article\",\"isPartOf\":{\"@id\":\"https:\\\/\\\/aconteceunovale.com.br\\\/portal\\\/?p=166389\"},\"author\":{\"name\":\"Aconteceu no Vale\",\"@id\":\"https:\\\/\\\/aconteceunovale.com.br\\\/portal\\\/#\\\/schema\\\/person\\\/633529146f2c94272bef50ac2953d589\"},\"headline\":\"Hospital de Capelinha ter\u00e1 nove leitos de UTI\",\"datePublished\":\"2020-07-26T22:02:23+00:00\",\"dateModified\":\"2026-09-01T02:11:46+00:00\",\"mainEntityOfPage\":{\"@id\":\"https:\\\/\\\/aconteceunovale.com.br\\\/portal\\\/?p=166389\"},\"wordCount\":350,\"commentCount\":0,\"image\":{\"@id\":\"https:\\\/\\\/aconteceunovale.com.br\\\/portal\\\/?p=166389#primaryimage\"},\"thumbnailUrl\":\"https:\\\/\\\/aconteceunovale.com.br\\\/portal\\\/wp-content\\\/uploads\\\/2020\\\/07\\\/respirador_capelinha_2.jpg\",\"keywords\":[\"Capelinha\",\"Capelinha registra mais dois casos de Coronav\u00edrus\",\"Caso de coronav\u00edrus em Capelinha\",\"Caso de Covid-19 em Capelinha\",\"Confirmado o quarto caso de Covid-19 em Capelinha\",\"Confirmado o segundo caso de coronav\u00edrus em Capelinha\",\"Confirmado o segundo caso de Covid-19 em Capelinha\",\"Confirmado o terceiro caso de Covid-19 em Capelinha\",\"Coronav\u00edrus em Capelinha\",\"Covid-19 em Capelinha\",\"Cria\u00e7\u00e3o de leitos de UTI em Capelinha\",\"destaque\",\"Funcionamento do com\u00e9rcio de Capelinha\",\"Funda\u00e7\u00e3o Hospitalar de Capelinha\",\"Hospital de Capelinha ter\u00e1 nove leitos de UTI\",\"hospital S\u00e3o Vicente de Paulo\",\"Implanta\u00e7\u00e3o de leitos de UTI na Funda\u00e7\u00e3o Hospitalar de Capelinha\",\"Instala\u00e7\u00e3o de leitos de UTI em Capelinha\",\"Leitos de UTI em Capelinha\",\"Munic\u00edpio de Capelinha pleiteia 10 leitos de UTI\",\"Novas regras para o com\u00e9rcio de Capelinha passam a valer neste s\u00e1bado\",\"Prefeitura de Capelinha\",\"Prefeitura de Capelinha confirma dois novos casos de Covid-19\",\"Prefeitura de Capelinha confirma mais tr\u00eas casos de Covid-19\",\"Prefeitura de Capelinha confirma quinto caso de Covid-19\",\"Sobe para 10 o n\u00famero de casos confirmados de Covid-19 em Capelinha; seis pacientes est\u00e3o recuperados\",\"UTI em Capelinha\"],\"articleSection\":[\"Capelinha\",\"Sa\u00fade\",\"Vale do Jequitinhonha\"],\"inLanguage\":\"pt-BR\",\"potentialAction\":[{\"@type\":\"CommentAction\",\"name\":\"Comment\",\"target\":[\"https:\\\/\\\/aconteceunovale.com.br\\\/portal\\\/?p=166389#respond\"]}]},{\"@type\":\"WebPage\",\"@id\":\"https:\\\/\\\/aconteceunovale.com.br\\\/portal\\\/?p=166389\",\"url\":\"https:\\\/\\\/aconteceunovale.com.br\\\/portal\\\/?p=166389\",\"name\":\"Hospital de Capelinha ter\u00e1 nove leitos de UTI - Aconteceu no Vale\",\"isPartOf\":{\"@id\":\"https:\\\/\\\/aconteceunovale.com.br\\\/portal\\\/#website\"},\"primaryImageOfPage\":{\"@id\":\"https:\\\/\\\/aconteceunovale.com.br\\\/portal\\\/?p=166389#primaryimage\"},\"image\":{\"@id\":\"https:\\\/\\\/aconteceunovale.com.br\\\/portal\\\/?p=166389#primaryimage\"},\"thumbnailUrl\":\"https:\\\/\\\/aconteceunovale.com.br\\\/portal\\\/wp-content\\\/uploads\\\/2020\\\/07\\\/respirador_capelinha_2.jpg\",\"datePublished\":\"2020-07-26T22:02:23+00:00\",\"dateModified\":\"2026-09-01T02:11:46+00:00\",\"author\":{\"@id\":\"https:\\\/\\\/aconteceunovale.com.br\\\/portal\\\/#\\\/schema\\\/person\\\/633529146f2c94272bef50ac2953d589\"},\"breadcrumb\":{\"@id\":\"https:\\\/\\\/aconteceunovale.com.br\\\/portal\\\/?p=166389#breadcrumb\"},\"inLanguage\":\"pt-BR\",\"potentialAction\":[{\"@type\":\"ReadAction\",\"target\":[\"https:\\\/\\\/aconteceunovale.com.br\\\/portal\\\/?p=166389\"]}]},{\"@type\":\"ImageObject\",\"inLanguage\":\"pt-BR\",\"@id\":\"https:\\\/\\\/aconteceunovale.com.br\\\/portal\\\/?p=166389#primaryimage\",\"url\":\"https:\\\/\\\/aconteceunovale.com.br\\\/portal\\\/wp-content\\\/uploads\\\/2020\\\/07\\\/respirador_capelinha_2.jpg\",\"contentUrl\":\"https:\\\/\\\/aconteceunovale.com.br\\\/portal\\\/wp-content\\\/uploads\\\/2020\\\/07\\\/respirador_capelinha_2.jpg\",\"width\":657,\"height\":450},{\"@type\":\"BreadcrumbList\",\"@id\":\"https:\\\/\\\/aconteceunovale.com.br\\\/portal\\\/?p=166389#breadcrumb\",\"itemListElement\":[{\"@type\":\"ListItem\",\"position\":1,\"name\":\"In\u00edcio\",\"item\":\"https:\\\/\\\/aconteceunovale.com.br\\\/portal\\\/\"},{\"@type\":\"ListItem\",\"position\":2,\"name\":\"Hospital de Capelinha ter\u00e1 nove leitos de UTI\"}]},{\"@type\":\"WebSite\",\"@id\":\"https:\\\/\\\/aconteceunovale.com.br\\\/portal\\\/#website\",\"url\":\"https:\\\/\\\/aconteceunovale.com.br\\\/portal\\\/\",\"name\":\"Aconteceu no Vale\",\"description\":\"Portal de Not\u00edcias\",\"potentialAction\":[{\"@type\":\"SearchAction\",\"target\":{\"@type\":\"EntryPoint\",\"urlTemplate\":\"https:\\\/\\\/aconteceunovale.com.br\\\/portal\\\/?s={search_term_string}\"},\"query-input\":{\"@type\":\"PropertyValueSpecification\",\"valueRequired\":true,\"valueName\":\"search_term_string\"}}],\"inLanguage\":\"pt-BR\"},{\"@type\":\"Person\",\"@id\":\"https:\\\/\\\/aconteceunovale.com.br\\\/portal\\\/#\\\/schema\\\/person\\\/633529146f2c94272bef50ac2953d589\",\"name\":\"Aconteceu no Vale\",\"description\":\"Equipe de reportagem do Aconteceu no Vale, portal de not\u00edcias do Vale do Jequitinhonha, em Minas Gerais. Cobrimos as 51 cidades do Vale desde 2013. Sugest\u00f5es de pauta e pedidos de corre\u00e7\u00e3o: contato@aconteceunovale.com.br\",\"sameAs\":[\"http:\\\/\\\/www.aconteceunovale.com.br\"],\"url\":\"https:\\\/\\\/aconteceunovale.com.br\\\/portal\\\/?author=1\"}]}<\/script>\n<!-- \/ Yoast SEO plugin. -->","yoast_head_json":{"title":"Hospital de Capelinha ter\u00e1 nove leitos de UTI - Aconteceu no Vale","robots":{"index":"index","follow":"follow","max-snippet":"max-snippet:-1","max-image-preview":"max-image-preview:large","max-video-preview":"max-video-preview:-1"},"canonical":"https:\/\/aconteceunovale.com.br\/portal\/?p=166389","og_locale":"pt_BR","og_type":"article","og_title":"Hospital de Capelinha ter\u00e1 nove leitos de UTI - Aconteceu no Vale","og_description":"O presidente da Funda\u00e7\u00e3o Hospitalar S\u00e3o Vicente de Paulo (FHSVP), Nicodemos Evaristo, anunciou na sexta-feira (24\/7\/2020) que nove leitos de UTI (Unidade de Terapia Intensiva) ser\u00e3o implantados no Hospital de Capelinha (MG). A unidade de sa\u00fade atende a popula\u00e7\u00e3o capelinhense e de outros munic\u00edpios circunvizinhos. De acordo com Evaristo, a Funda\u00e7\u00e3o apresentou projeto de implanta\u00e7\u00e3o [&hellip;]","og_url":"https:\/\/aconteceunovale.com.br\/portal\/?p=166389","og_site_name":"Aconteceu no Vale","article_publisher":"https:\/\/www.facebook.com\/aconteceunovale\/","article_published_time":"2020-07-26T22:02:23+00:00","article_modified_time":"2026-09-01T02:11:46+00:00","og_image":[{"width":657,"height":450,"url":"https:\/\/aconteceunovale.com.br\/portal\/wp-content\/uploads\/2020\/07\/respirador_capelinha_2.jpg","type":"image\/jpeg"}],"author":"Aconteceu no Vale","twitter_card":"summary_large_image","twitter_creator":"@noticiadosvales","twitter_site":"@noticiadosvales","twitter_misc":{"Escrito por":"Aconteceu no Vale","Est. tempo de leitura":"2 minutos"},"schema":{"@context":"https:\/\/schema.org","@graph":[{"@type":"Article","@id":"https:\/\/aconteceunovale.com.br\/portal\/?p=166389#article","isPartOf":{"@id":"https:\/\/aconteceunovale.com.br\/portal\/?p=166389"},"author":{"name":"Aconteceu no Vale","@id":"https:\/\/aconteceunovale.com.br\/portal\/#\/schema\/person\/633529146f2c94272bef50ac2953d589"},"headline":"Hospital de Capelinha ter\u00e1 nove leitos de UTI","datePublished":"2020-07-26T22:02:23+00:00","dateModified":"2026-09-01T02:11:46+00:00","mainEntityOfPage":{"@id":"https:\/\/aconteceunovale.com.br\/portal\/?p=166389"},"wordCount":350,"commentCount":0,"image":{"@id":"https:\/\/aconteceunovale.com.br\/portal\/?p=166389#primaryimage"},"thumbnailUrl":"https:\/\/aconteceunovale.com.br\/portal\/wp-content\/uploads\/2020\/07\/respirador_capelinha_2.jpg","keywords":["Capelinha","Capelinha registra mais dois casos de Coronav\u00edrus","Caso de coronav\u00edrus em Capelinha","Caso de Covid-19 em Capelinha","Confirmado o quarto caso de Covid-19 em Capelinha","Confirmado o segundo caso de coronav\u00edrus em Capelinha","Confirmado o segundo caso de Covid-19 em Capelinha","Confirmado o terceiro caso de Covid-19 em Capelinha","Coronav\u00edrus em Capelinha","Covid-19 em Capelinha","Cria\u00e7\u00e3o de leitos de UTI em Capelinha","destaque","Funcionamento do com\u00e9rcio de Capelinha","Funda\u00e7\u00e3o Hospitalar de Capelinha","Hospital de Capelinha ter\u00e1 nove leitos de UTI","hospital S\u00e3o Vicente de Paulo","Implanta\u00e7\u00e3o de leitos de UTI na Funda\u00e7\u00e3o Hospitalar de Capelinha","Instala\u00e7\u00e3o de leitos de UTI em Capelinha","Leitos de UTI em Capelinha","Munic\u00edpio de Capelinha pleiteia 10 leitos de UTI","Novas regras para o com\u00e9rcio de Capelinha passam a valer neste s\u00e1bado","Prefeitura de Capelinha","Prefeitura de Capelinha confirma dois novos casos de Covid-19","Prefeitura de Capelinha confirma mais tr\u00eas casos de Covid-19","Prefeitura de Capelinha confirma quinto caso de Covid-19","Sobe para 10 o n\u00famero de casos confirmados de Covid-19 em Capelinha; seis pacientes est\u00e3o recuperados","UTI em Capelinha"],"articleSection":["Capelinha","Sa\u00fade","Vale do Jequitinhonha"],"inLanguage":"pt-BR","potentialAction":[{"@type":"CommentAction","name":"Comment","target":["https:\/\/aconteceunovale.com.br\/portal\/?p=166389#respond"]}]},{"@type":"WebPage","@id":"https:\/\/aconteceunovale.com.br\/portal\/?p=166389","url":"https:\/\/aconteceunovale.com.br\/portal\/?p=166389","name":"Hospital de Capelinha ter\u00e1 nove leitos de UTI - Aconteceu no Vale","isPartOf":{"@id":"https:\/\/aconteceunovale.com.br\/portal\/#website"},"primaryImageOfPage":{"@id":"https:\/\/aconteceunovale.com.br\/portal\/?p=166389#primaryimage"},"image":{"@id":"https:\/\/aconteceunovale.com.br\/portal\/?p=166389#primaryimage"},"thumbnailUrl":"https:\/\/aconteceunovale.com.br\/portal\/wp-content\/uploads\/2020\/07\/respirador_capelinha_2.jpg","datePublished":"2020-07-26T22:02:23+00:00","dateModified":"2026-09-01T02:11:46+00:00","author":{"@id":"https:\/\/aconteceunovale.com.br\/portal\/#\/schema\/person\/633529146f2c94272bef50ac2953d589"},"breadcrumb":{"@id":"https:\/\/aconteceunovale.com.br\/portal\/?p=166389#breadcrumb"},"inLanguage":"pt-BR","potentialAction":[{"@type":"ReadAction","target":["https:\/\/aconteceunovale.com.br\/portal\/?p=166389"]}]},{"@type":"ImageObject","inLanguage":"pt-BR","@id":"https:\/\/aconteceunovale.com.br\/portal\/?p=166389#primaryimage","url":"https:\/\/aconteceunovale.com.br\/portal\/wp-content\/uploads\/2020\/07\/respirador_capelinha_2.jpg","contentUrl":"https:\/\/aconteceunovale.com.br\/portal\/wp-content\/uploads\/2020\/07\/respirador_capelinha_2.jpg","width":657,"height":450},{"@type":"BreadcrumbList","@id":"https:\/\/aconteceunovale.com.br\/portal\/?p=166389#breadcrumb","itemListElement":[{"@type":"ListItem","position":1,"name":"In\u00edcio","item":"https:\/\/aconteceunovale.com.br\/portal\/"},{"@type":"ListItem","position":2,"name":"Hospital de Capelinha ter\u00e1 nove leitos de UTI"}]},{"@type":"WebSite","@id":"https:\/\/aconteceunovale.com.br\/portal\/#website","url":"https:\/\/aconteceunovale.com.br\/portal\/","name":"Aconteceu no Vale","description":"Portal de Not\u00edcias","potentialAction":[{"@type":"SearchAction","target":{"@type":"EntryPoint","urlTemplate":"https:\/\/aconteceunovale.com.br\/portal\/?s={search_term_string}"},"query-input":{"@type":"PropertyValueSpecification","valueRequired":true,"valueName":"search_term_string"}}],"inLanguage":"pt-BR"},{"@type":"Person","@id":"https:\/\/aconteceunovale.com.br\/portal\/#\/schema\/person\/633529146f2c94272bef50ac2953d589","name":"Aconteceu no Vale","description":"Equipe de reportagem do Aconteceu no Vale, portal de not\u00edcias do Vale do Jequitinhonha, em Minas Gerais. Cobrimos as 51 cidades do Vale desde 2013. Sugest\u00f5es de pauta e pedidos de corre\u00e7\u00e3o: contato@aconteceunovale.com.br","sameAs":["http:\/\/www.aconteceunovale.com.br"],"url":"https:\/\/aconteceunovale.com.br\/portal\/?author=1"}]}},"_links":{"self":[{"href":"https:\/\/aconteceunovale.com.br\/portal\/index.php?rest_route=\/wp\/v2\/posts\/166389","targetHints":{"allow":["GET"]}}],"collection":[{"href":"https:\/\/aconteceunovale.com.br\/portal\/index.php?rest_route=\/wp\/v2\/posts"}],"about":[{"href":"https:\/\/aconteceunovale.com.br\/portal\/index.php?rest_route=\/wp\/v2\/types\/post"}],"author":[{"embeddable":true,"href":"https:\/\/aconteceunovale.com.br\/portal\/index.php?rest_route=\/wp\/v2\/users\/1"}],"replies":[{"embeddable":true,"href":"https:\/\/aconteceunovale.com.br\/portal\/index.php?rest_route=%2Fwp%2Fv2%2Fcomments&post=166389"}],"version-history":[{"count":1,"href":"https:\/\/aconteceunovale.com.br\/portal\/index.php?rest_route=\/wp\/v2\/posts\/166389\/revisions"}],"predecessor-version":[{"id":166392,"href":"https:\/\/aconteceunovale.com.br\/portal\/index.php?rest_route=\/wp\/v2\/posts\/166389\/revisions\/166392"}],"wp:featuredmedia":[{"embeddable":true,"href":"https:\/\/aconteceunovale.com.br\/portal\/index.php?rest_route=\/wp\/v2\/media\/166391"}],"wp:attachment":[{"href":"https:\/\/aconteceunovale.com.br\/portal\/index.php?rest_route=%2Fwp%2Fv2%2Fmedia&parent=166389"}],"wp:term":[{"taxonomy":"category","embeddable":true,"href":"https:\/\/aconteceunovale.com.br\/portal\/index.php?rest_route=%2Fwp%2Fv2%2Fcategories&post=166389"},{"taxonomy":"post_tag","embeddable":true,"href":"https:\/\/aconteceunovale.com.br\/portal\/index.php?rest_route=%2Fwp%2Fv2%2Ftags&post=166389"}],"curies":[{"name":"wp","href":"https:\/\/api.w.org\/{rel}","templated":true}]}}