{"id":166364,"date":"2020-07-25T22:19:38","date_gmt":"2020-07-26T01:19:38","guid":{"rendered":"https:\/\/aconteceunovale.com.br\/portal\/?p=166364"},"modified":"2020-07-25T22:20:21","modified_gmt":"2020-07-26T01:20:21","slug":"17-dos-municipios-brasileiros-ainda-nao-tiveram-casos-de-covid-19","status":"publish","type":"post","link":"https:\/\/aconteceunovale.com.br\/portal\/?p=166364","title":{"rendered":"1,7% dos munic\u00edpios brasileiros ainda n\u00e3o registraram casos de Covid-19"},"content":{"rendered":"\n<p class=\"wp-block-paragraph\">Apenas 95 dos 5.568 munic\u00edpios brasileiros ainda n\u00e3o registraram casos confirmados de covid-19 at\u00e9 o momento. Isso equivale a 1,7%, segundo dados do Minist\u00e9rio da Sa\u00fade computados at\u00e9 ontem (24).<img decoding=\"async\" src=\"https:\/\/agenciabrasil.ebc.com.br\/ebc.png?id=1312285&amp;o=node\"><img decoding=\"async\" src=\"https:\/\/agenciabrasil.ebc.com.br\/ebc.gif?id=1312285&amp;o=node\"><\/p>\n\n\n\n<p class=\"wp-block-paragraph\">As cidades livres de covid-19 est\u00e3o distribu\u00eddas em dez estados: S\u00e3o Paulo, Santa Catarina, Rio Grande do Sul, Paran\u00e1, Para\u00edba, Mato Grosso do Sul, Minas Gerais, Maranh\u00e3o, Goi\u00e1s e Bahia. Minas \u00e9 o estado com mais munic\u00edpios nesta situa\u00e7\u00e3o, mas \u00e9 tamb\u00e9m o com mais cidades em todo o pa\u00eds (853).<\/p>\n\n\n\n<figure class=\"wp-block-table\"><table><tbody><tr><td><strong>UF<\/strong><\/td><td><strong>Munic\u00edpios<\/strong><\/td><\/tr><tr><td>Bahia<\/td><td>Brotas de Maca\u00fabas, \u00c9rico Cardoso, Matina, Novo Horizonte, Tanque Novo<\/td><\/tr><tr><td>Goi\u00e1s<\/td><td>\u00c1gua Limpa, Apor\u00e9, Novo Planalto, S\u00e3o Miguel do Passa Quatro<\/td><\/tr><tr><td>Maranh\u00e3o<\/td><td>Lagoa do Mato<\/td><\/tr><tr><td>Minas Gerais<\/td><td>\u00c1gua Boa, Alagoa, Angel\u00e2ndia, Ant\u00f4nio Prado de Minas, Aracitaba, Araponga, Areado, Berizal, Bert\u00f3polis, Botumirim, Camacho, Campo Azul, Cana\u00e3, Cantagalo, Carvalhos, Casa Grande, Cedro do Abaet\u00e9, Claro dos Po\u00e7\u00f5es, Coluna, Concei\u00e7\u00e3o do Par\u00e1, Consola\u00e7\u00e3o, Coronel Murta, Crist\u00e1lia, Dom Vi\u00e7oso, Dores do Turvo, Fama, Francisc\u00f3polis, Gameleiras, Gon\u00e7alves, Grupiara, Ibertioga, Ibiti\u00fara de Minas, Itacambira, Itamb\u00e9 do Mato Dentro, Jacu\u00ed, Leme do Prado, Liberdade, Marilac, Marmel\u00f3polis, Mirav\u00e2nia, Olhos-d&#8217;\u00c1gua, Oliveira Fortes, Patis, Paulistas, Pedras de Maria da Cruz, Pedro Teixeira, Pequeri, Piau, Ponto Chique, Queluzito, Rio Doce, Santana do Garamb\u00e9u, Santana do Riacho, Santana dos Montes, Santo Ant\u00f4nio do Itamb\u00e9, S\u00e3o Jo\u00e3o do Pacu\u00ed, S\u00e3o Sebasti\u00e3o do Rio Verde, S\u00e3o Tom\u00e9 das Letras, Sapuca\u00ed-Mirim, Seritinga, Setubinha, Soledade de Minas, Tapira\u00ed, Umburatiba, Vargem Bonita, Vargem Grande do Rio Pardo, Verdel\u00e2ndia, Veredinha<\/td><\/tr><tr><td>Mato Grosso do Sul<\/td><td>Figueir\u00e3o e Japor\u00e3<\/td><\/tr><tr><td>Para\u00edba<\/td><td>Ouro Velho e S\u00e3o Domingos<\/td><\/tr><tr><td>Paran\u00e1<\/td><td>Bom Sucesso do Sul<\/td><\/tr><tr><td>Rio Grande do Sul<\/td><td>Acegu\u00e1, Carlos Gomes, Dois Irm\u00e3os das Miss\u00f5es, Novo Xingu<\/td><\/tr><tr><td>Santa Catarina<\/td><td>Barra Bonita, Cap\u00e3o Alto, Major Vieira, Matos Costa, Painel, Urupema<\/td><\/tr><tr><td>S\u00e3o Paulo<\/td><td>Monte Castelo e Santa Mercedes<\/td><\/tr><\/tbody><\/table><\/figure>\n\n\n\n<p class=\"wp-block-paragraph\">Na \u00faltima semana epidemiol\u00f3gica (29\u00aa), 4.523 munic\u00edpios informaram casos novos, sendo 490 apenas 1, 3.598 entre 2 e 100, 397 entre 101 e 1000 e 38 relataram mais de 1.000 novas pessoas infectadas na semana.<\/p>\n\n\n\n<p class=\"wp-block-paragraph\">J\u00e1 mortes em fun\u00e7\u00e3o da covid-19 foram notificadas em 59% das cidades brasileiras, 3.281. Na \u00faltima semana epidemiol\u00f3gica, 225 novos munic\u00edpios entraram para este grupo. Nesta semana epidemiol\u00f3gica, 1.469 localidades tiveram novos \u00f3bitos, sendo 749 com 1 \u00f3bito,&nbsp;612 com 2 a 10 mortes, 85 com 11 a 50 e 19 localidades com mais de 50 v\u00edtimas fatais nos sete dias.&nbsp;<\/p>\n\n\n\n<p class=\"wp-block-paragraph\">A interioriza\u00e7\u00e3o da pandemia j\u00e1 vem sendo mostrada pelos dados consolidados pelo Minist\u00e9rio da Sa\u00fade nas \u00faltimas semanas. H\u00e1 tr\u00eas meses, na semana epidemiol\u00f3gica 17, 17% dos casos estavam no interior e 83% nas regi\u00f5es metropolitanas.<\/p>\n\n\n\n<p class=\"wp-block-paragraph\">H\u00e1 um m\u00eas houve o emparelhamento das duas \u00e1reas. Desde ent\u00e3o v\u00eam ocorrendo um crescimento de novas pessoas contaminadas, com a distribui\u00e7\u00e3o na \u00faltima semana ficando em 57% no interior e 43% nas regi\u00f5es metropolitanas.<\/p>\n\n\n\n<p class=\"wp-block-paragraph\">As mortes, contudo, ainda s\u00e3o maioria nos grandes centros. Conforme o boletim epidemiol\u00f3gico do Minist\u00e9rio da Sa\u00fade divulgado nesta semana, 55% dos \u00f3bitos desde o in\u00edcio da pandemia ocorreram em cidades de regi\u00f5es metropolitanas enquanto 45% foram oriundos de outras localidades.<\/p>\n\n\n\n<p class=\"has-background has-very-light-gray-background-color wp-block-paragraph\">Quer saber as not\u00edcias do <strong>Aconteceu no Vale<\/strong> em primeira m\u00e3o? Siga-nos no Facebook <a rel=\"noreferrer noopener\" href=\"http:\/\/facebook.com\/aconteceunovale\" target=\"_blank\">@aconteceunovale<\/a>, Twitter <a rel=\"noreferrer noopener\" href=\"https:\/\/twitter.com\/noticiadosvales\" target=\"_blank\">@noticiadosvales<\/a> e Instagram <a rel=\"noreferrer noopener\" href=\"https:\/\/www.instagram.com\/aconteceunovale\" target=\"_blank\">@aconteceunovale<\/a>.<\/p>\n","protected":false},"excerpt":{"rendered":"<p>Apenas 95 dos 5.568 munic\u00edpios brasileiros ainda n\u00e3o registraram casos confirmados de covid-19 at\u00e9 o momento. Isso equivale a 1,7%, segundo dados do Minist\u00e9rio da Sa\u00fade computados at\u00e9 ontem (24). As cidades livres de covid-19 est\u00e3o distribu\u00eddas em dez estados: S\u00e3o Paulo, Santa Catarina, Rio Grande do Sul, Paran\u00e1, Para\u00edba, Mato Grosso do Sul, Minas [&hellip;]<\/p>\n","protected":false},"author":1,"featured_media":162658,"comment_status":"open","ping_status":"closed","sticky":false,"template":"","format":"standard","meta":{"amp_status":"","footnotes":""},"categories":[6,40242],"tags":[226097,226110,130,217632,72239,657,72244,226101,4677,1558,3683,81461,1342,1798,226109,1714,4785,220477,220660,226098,1645,1703,1561,278,226114,226111,144666,1746,219520,218049,218205,1661,2801,281,1657,226105,214884,215394,483,216498,218043,1715,1018,226112,68315,1564,226099,16443,226106,1089,4531,63885,1677,78451,62506,1696,776,12269,226107,226104,480,40910,98910,300,51749,165924,226115,19326,220349,3056,98907,218044,218045,215653,9341,226102,226113,218206,219105,219104,218876,219519,973,78420,226108,226116,140166,217692,1700,305,3723,4685,1591,1592,1711,1756,220478,220479,1774,226117,4689,2533,1758,315,69731,1701,226103,106397,42746,66491,42521,168,76968,226100,1652,1812,98671,61913,3046,1814,916,220944,220945],"class_list":["post-166364","post","type-post","status-publish","format-standard","has-post-thumbnail","hentry","category-br","category-saude-2","tag-1-7-dos-municipios-brasileiros-ainda-nao-tiveram-casos-confirmados-de-covid-19","tag-acegua","tag-agua-boa","tag-agua-limpa","tag-alagoa","tag-angelandia","tag-antonio-prado-de-minas","tag-apore","tag-aracitaba","tag-araponga","tag-areado","tag-barra-bonita","tag-berizal","tag-bertopolis","tag-bom-sucesso-do-sul","tag-botumirim","tag-brasil","tag-brasil-bate-recorde-de-obitos-e-casos-confirmados-em-um-dia","tag-brasil-ultrapassa-marca-de-4-mil-obitos-por-covid-19","tag-brotas-de-macaubas","tag-camacho","tag-campo-azul","tag-canaa","tag-cantagalo","tag-capao-alto","tag-carlos-gomes","tag-carvalhos","tag-casa-grande","tag-casos-confirmados-e-obitos-no-brasil","tag-casos-de-coronavirus-no-brasil","tag-casos-de-covid-19-no-brasil","tag-cedro-do-abaete","tag-claro-dos-pocoes","tag-coluna","tag-conceicao-do-para","tag-consolacao","tag-coronavirus","tag-coronavirus-no-brasil","tag-coronel-murta","tag-covid-19","tag-covid-19-no-brasil","tag-cristalia","tag-destaque","tag-dois-irmaos-das-missoes","tag-dom-vicoso","tag-dores-do-turvo","tag-erico-cardoso","tag-fama","tag-figueirao","tag-franciscopolis","tag-gameleiras","tag-goncalves","tag-grupiara","tag-ibertioga","tag-ibitiura-de-minas","tag-itacambira","tag-itambe-do-mato-dentro","tag-jacui","tag-japora","tag-lagoa-do-mato","tag-leme-do-prado","tag-liberdade","tag-major-vieira","tag-marilac","tag-marmelopolis","tag-matina","tag-matos-costa","tag-ministerio-da-saude","tag-ministerio-da-saude-atualiza-numeros-do-coronavirus-no-brasil","tag-miravania","tag-monte-castelo","tag-mortes-por-coronavirus-no-brasil","tag-mortes-por-covid-19-no-brasil","tag-novo-coronavirus","tag-novo-horizonte","tag-novo-planalto","tag-novo-xingu","tag-numero-de-casos-de-covid-19-confirmados-no-brasil","tag-numeros-da-covid-19-no-brasil","tag-numeros-do-coronavirus-no-brasil","tag-obitos-por-coronavirus-no-brasil","tag-obitos-por-covid-19-no-brasil","tag-olhos-dagua","tag-oliveira-fortes","tag-ouro-velho","tag-painel","tag-pandemia","tag-pandemia-de-coronavirus","tag-patis","tag-paulistas","tag-pedras-de-maria-da-cruz","tag-pedro-teixeira","tag-pequeri","tag-piau","tag-ponto-chique","tag-queluzito","tag-recorde-de-obitos-por-coronavirus-no-brasil","tag-recorde-de-obitos-por-covid-19-no-brasil","tag-rio-doce","tag-santa-mercedes","tag-santana-do-garambeu","tag-santana-do-riacho","tag-santana-dos-montes","tag-santo-antonio-do-itambe","tag-sao-domingos","tag-sao-joao-do-pacui","tag-sao-miguel-do-passa-quatro","tag-sao-sebastiao-do-rio-verde","tag-sao-tome-das-letras","tag-sapucai-mirim","tag-seritinga","tag-setubinha","tag-soledade-de-minas","tag-tanque-novo","tag-tapirai","tag-umburatiba","tag-urupema","tag-vargem-bonita","tag-vargem-grande-do-rio-pardo","tag-verdelandia","tag-veredinha","tag-virus-vai-atingir-70-da-populacao","tag-virus-vai-atingir-70-da-populacao-diz-jair-bolsonaro"],"yoast_head":"<!-- This site is optimized with the Yoast SEO plugin v28.3 - https:\/\/yoast.com\/product\/yoast-seo-wordpress\/ -->\n<title>1,7% dos munic\u00edpios brasileiros ainda n\u00e3o registraram casos de Covid-19 - Aconteceu no Vale<\/title>\n<meta name=\"robots\" content=\"index, follow, max-snippet:-1, max-image-preview:large, max-video-preview:-1\" \/>\n<link rel=\"canonical\" href=\"https:\/\/aconteceunovale.com.br\/portal\/?p=166364\" \/>\n<meta property=\"og:locale\" content=\"pt_BR\" \/>\n<meta property=\"og:type\" content=\"article\" \/>\n<meta property=\"og:title\" content=\"1,7% dos munic\u00edpios brasileiros ainda n\u00e3o registraram casos de Covid-19 - Aconteceu no Vale\" \/>\n<meta property=\"og:description\" content=\"Apenas 95 dos 5.568 munic\u00edpios brasileiros ainda n\u00e3o registraram casos confirmados de covid-19 at\u00e9 o momento. Isso equivale a 1,7%, segundo dados do Minist\u00e9rio da Sa\u00fade computados at\u00e9 ontem (24). As cidades livres de covid-19 est\u00e3o distribu\u00eddas em dez estados: S\u00e3o Paulo, Santa Catarina, Rio Grande do Sul, Paran\u00e1, Para\u00edba, Mato Grosso do Sul, Minas [&hellip;]\" \/>\n<meta property=\"og:url\" content=\"https:\/\/aconteceunovale.com.br\/portal\/?p=166364\" \/>\n<meta property=\"og:site_name\" content=\"Aconteceu no Vale\" \/>\n<meta property=\"article:publisher\" content=\"https:\/\/www.facebook.com\/aconteceunovale\/\" \/>\n<meta property=\"article:published_time\" content=\"2020-07-26T01:19:38+00:00\" \/>\n<meta property=\"article:modified_time\" content=\"2020-07-26T01:20:21+00:00\" \/>\n<meta property=\"og:image\" content=\"https:\/\/aconteceunovale.com.br\/portal\/wp-content\/uploads\/2020\/05\/brasil_mapa.jpg\" \/>\n\t<meta property=\"og:image:width\" content=\"678\" \/>\n\t<meta property=\"og:image:height\" content=\"406\" \/>\n\t<meta property=\"og:image:type\" content=\"image\/jpeg\" \/>\n<meta name=\"author\" content=\"Aconteceu no Vale\" \/>\n<meta name=\"twitter:card\" content=\"summary_large_image\" \/>\n<meta name=\"twitter:creator\" content=\"@noticiadosvales\" \/>\n<meta name=\"twitter:site\" content=\"@noticiadosvales\" \/>\n<meta name=\"twitter:label1\" content=\"Escrito por\" \/>\n\t<meta name=\"twitter:data1\" content=\"Aconteceu no Vale\" \/>\n\t<meta name=\"twitter:label2\" content=\"Est. tempo de leitura\" \/>\n\t<meta name=\"twitter:data2\" content=\"3 minutos\" \/>\n<script type=\"application\/ld+json\" class=\"yoast-schema-graph\">{\"@context\":\"https:\\\/\\\/schema.org\",\"@graph\":[{\"@type\":\"Article\",\"@id\":\"https:\\\/\\\/aconteceunovale.com.br\\\/portal\\\/?p=166364#article\",\"isPartOf\":{\"@id\":\"https:\\\/\\\/aconteceunovale.com.br\\\/portal\\\/?p=166364\"},\"author\":{\"name\":\"Aconteceu no Vale\",\"@id\":\"https:\\\/\\\/aconteceunovale.com.br\\\/portal\\\/#\\\/schema\\\/person\\\/633529146f2c94272bef50ac2953d589\"},\"headline\":\"1,7% dos munic\u00edpios brasileiros ainda n\u00e3o registraram casos de Covid-19\",\"datePublished\":\"2020-07-26T01:19:38+00:00\",\"dateModified\":\"2020-07-26T01:20:21+00:00\",\"mainEntityOfPage\":{\"@id\":\"https:\\\/\\\/aconteceunovale.com.br\\\/portal\\\/?p=166364\"},\"wordCount\":562,\"commentCount\":0,\"image\":{\"@id\":\"https:\\\/\\\/aconteceunovale.com.br\\\/portal\\\/?p=166364#primaryimage\"},\"thumbnailUrl\":\"https:\\\/\\\/aconteceunovale.com.br\\\/portal\\\/wp-content\\\/uploads\\\/2020\\\/05\\\/brasil_mapa.jpg\",\"keywords\":[\"1.7% dos munic\u00edpios brasileiros ainda n\u00e3o tiveram casos confirmados de Covid-19\",\"Acegu\u00e1\",\"\u00c1gua Boa\",\"\u00c1gua Limpa\",\"Alagoa\",\"Angel\u00e2ndia\",\"Ant\u00f4nio Prado de Minas\",\"Apor\u00e9\",\"Aracitaba\",\"Araponga\",\"Areado\",\"Barra Bonita\",\"berizal\",\"Bert\u00f3polis\",\"Bom Sucesso do Sul\",\"Botumirim\",\"brasil\",\"Brasil bate recorde de \u00f3bitos e casos confirmados em um dia\",\"Brasil ultrapassa marca de 4 mil \u00f3bitos por Covid-19\",\"Brotas de Maca\u00fabas\",\"Camacho\",\"Campo Azul\",\"Cana\u00e3\",\"Cantagalo\",\"Cap\u00e3o Alto\",\"Carlos Gomes\",\"Carvalhos\",\"Casa Grande\",\"Casos confirmados e \u00f3bitos no Brasil\",\"Casos de coronav\u00edrus no Brasil\",\"Casos de Covid-19 no Brasil\",\"Cedro do Abaet\u00e9\",\"Claro dos Po\u00e7\u00f5es\",\"Coluna\",\"Concei\u00e7\u00e3o do Par\u00e1\",\"Consola\u00e7\u00e3o\",\"Coronav\u00edrus\",\"Coronav\u00edrus no Brasil\",\"Coronel Murta\",\"COVID-19\",\"Covid-19 no Brasil\",\"Crist\u00e1lia\",\"destaque\",\"Dois Irm\u00e3os das Miss\u00f5es\",\"Dom Vi\u00e7oso\",\"Dores do Turvo\",\"\u00c9rico Cardoso\",\"Fama\",\"Figueir\u00e3o\",\"francisc\u00f3polis\",\"Gameleiras\",\"Gon\u00e7alves\",\"Grupiara\",\"Ibertioga\",\"Ibiti\u00fara de Minas\",\"Itacambira\",\"Itamb\u00e9 do Mato Dentro\",\"Jacu\u00ed\",\"Japor\u00e3\",\"Lagoa do Mato\",\"Leme do Prado\",\"Liberdade\",\"Major Vieira\",\"Marilac\",\"Marmel\u00f3polis\",\"Matina\",\"Matos Costa\",\"Minist\u00e9rio da Sa\u00fade\",\"Minist\u00e9rio da Sa\u00fade atualiza n\u00fameros do coronav\u00edrus no Brasil\",\"Mirav\u00e2nia\",\"Monte Castelo\",\"Mortes por coronav\u00edrus no Brasil\",\"Mortes por Covid-19 no Brasil\",\"Novo coronav\u00edrus\",\"Novo Horizonte\",\"Novo Planalto\",\"Novo Xingu\",\"N\u00famero de casos de covid-19 confirmados no Brasil\",\"N\u00fameros da Covid-19 no Brasil\",\"N\u00fameros do coronav\u00edrus no Brasil\",\"\u00d3bitos por coronav\u00edrus no Brasil\",\"\u00d3bitos por Covid-19 no Brasil\",\"Olhos D'Agua\",\"Oliveira Fortes\",\"Ouro Velho\",\"Painel\",\"pandemia\",\"Pandemia de coronav\u00edrus\",\"Patis\",\"Paulistas\",\"Pedras de Maria da Cruz\",\"Pedro Teixeira\",\"Pequeri\",\"Piau\",\"Ponto Chique\",\"Queluzito\",\"Recorde de \u00f3bitos por coronav\u00edrus no Brasil\",\"Recorde de \u00f3bitos por Covid-19 no Brasil\",\"Rio Doce\",\"Santa Mercedes\",\"Santana do Garamb\u00e9u\",\"Santana do Riacho\",\"Santana dos Montes\",\"Santo Ant\u00f4nio do Itamb\u00e9\",\"S\u00e3o Domingos\",\"S\u00e3o Jo\u00e3o do Pacu\u00ed\",\"S\u00e3o Miguel do Passa Quatro\",\"S\u00e3o Sebasti\u00e3o do Rio Verde\",\"S\u00e3o Tom\u00e9 das Letras\",\"Sapucai-Mirim\",\"Seritinga\",\"Setubinha\",\"Soledade de Minas\",\"Tanque Novo\",\"Tapira\u00ed\",\"Umburatiba\",\"Urupema\",\"Vargem Bonita\",\"Vargem Grande do Rio Pardo\",\"Verdel\u00e2ndia\",\"veredinha\",\"V\u00edrus vai atingir 70% da popula\u00e7\u00e3o\",\"V\u00edrus vai atingir 70% da popula\u00e7\u00e3o diz Jair Bolsonaro\"],\"articleSection\":[\"Brasil\",\"Sa\u00fade\"],\"inLanguage\":\"pt-BR\",\"potentialAction\":[{\"@type\":\"CommentAction\",\"name\":\"Comment\",\"target\":[\"https:\\\/\\\/aconteceunovale.com.br\\\/portal\\\/?p=166364#respond\"]}]},{\"@type\":\"WebPage\",\"@id\":\"https:\\\/\\\/aconteceunovale.com.br\\\/portal\\\/?p=166364\",\"url\":\"https:\\\/\\\/aconteceunovale.com.br\\\/portal\\\/?p=166364\",\"name\":\"1,7% dos munic\u00edpios brasileiros ainda n\u00e3o registraram casos de Covid-19 - Aconteceu no Vale\",\"isPartOf\":{\"@id\":\"https:\\\/\\\/aconteceunovale.com.br\\\/portal\\\/#website\"},\"primaryImageOfPage\":{\"@id\":\"https:\\\/\\\/aconteceunovale.com.br\\\/portal\\\/?p=166364#primaryimage\"},\"image\":{\"@id\":\"https:\\\/\\\/aconteceunovale.com.br\\\/portal\\\/?p=166364#primaryimage\"},\"thumbnailUrl\":\"https:\\\/\\\/aconteceunovale.com.br\\\/portal\\\/wp-content\\\/uploads\\\/2020\\\/05\\\/brasil_mapa.jpg\",\"datePublished\":\"2020-07-26T01:19:38+00:00\",\"dateModified\":\"2020-07-26T01:20:21+00:00\",\"author\":{\"@id\":\"https:\\\/\\\/aconteceunovale.com.br\\\/portal\\\/#\\\/schema\\\/person\\\/633529146f2c94272bef50ac2953d589\"},\"breadcrumb\":{\"@id\":\"https:\\\/\\\/aconteceunovale.com.br\\\/portal\\\/?p=166364#breadcrumb\"},\"inLanguage\":\"pt-BR\",\"potentialAction\":[{\"@type\":\"ReadAction\",\"target\":[\"https:\\\/\\\/aconteceunovale.com.br\\\/portal\\\/?p=166364\"]}]},{\"@type\":\"ImageObject\",\"inLanguage\":\"pt-BR\",\"@id\":\"https:\\\/\\\/aconteceunovale.com.br\\\/portal\\\/?p=166364#primaryimage\",\"url\":\"https:\\\/\\\/aconteceunovale.com.br\\\/portal\\\/wp-content\\\/uploads\\\/2020\\\/05\\\/brasil_mapa.jpg\",\"contentUrl\":\"https:\\\/\\\/aconteceunovale.com.br\\\/portal\\\/wp-content\\\/uploads\\\/2020\\\/05\\\/brasil_mapa.jpg\",\"width\":678,\"height\":406,\"caption\":\"Mapa do Brasil\"},{\"@type\":\"BreadcrumbList\",\"@id\":\"https:\\\/\\\/aconteceunovale.com.br\\\/portal\\\/?p=166364#breadcrumb\",\"itemListElement\":[{\"@type\":\"ListItem\",\"position\":1,\"name\":\"In\u00edcio\",\"item\":\"https:\\\/\\\/aconteceunovale.com.br\\\/portal\\\/\"},{\"@type\":\"ListItem\",\"position\":2,\"name\":\"1,7% dos munic\u00edpios brasileiros ainda n\u00e3o registraram casos de Covid-19\"}]},{\"@type\":\"WebSite\",\"@id\":\"https:\\\/\\\/aconteceunovale.com.br\\\/portal\\\/#website\",\"url\":\"https:\\\/\\\/aconteceunovale.com.br\\\/portal\\\/\",\"name\":\"Aconteceu no Vale\",\"description\":\"Portal de Not\u00edcias\",\"potentialAction\":[{\"@type\":\"SearchAction\",\"target\":{\"@type\":\"EntryPoint\",\"urlTemplate\":\"https:\\\/\\\/aconteceunovale.com.br\\\/portal\\\/?s={search_term_string}\"},\"query-input\":{\"@type\":\"PropertyValueSpecification\",\"valueRequired\":true,\"valueName\":\"search_term_string\"}}],\"inLanguage\":\"pt-BR\"},{\"@type\":\"Person\",\"@id\":\"https:\\\/\\\/aconteceunovale.com.br\\\/portal\\\/#\\\/schema\\\/person\\\/633529146f2c94272bef50ac2953d589\",\"name\":\"Aconteceu no Vale\",\"description\":\"Equipe de reportagem do Aconteceu no Vale, portal de not\u00edcias do Vale do Jequitinhonha, em Minas Gerais. Cobrimos as 51 cidades do Vale desde 2013. Sugest\u00f5es de pauta e pedidos de corre\u00e7\u00e3o: contato@aconteceunovale.com.br\",\"sameAs\":[\"http:\\\/\\\/www.aconteceunovale.com.br\"],\"url\":\"https:\\\/\\\/aconteceunovale.com.br\\\/portal\\\/?author=1\"}]}<\/script>\n<!-- \/ Yoast SEO plugin. -->","yoast_head_json":{"title":"1,7% dos munic\u00edpios brasileiros ainda n\u00e3o registraram casos de Covid-19 - Aconteceu no Vale","robots":{"index":"index","follow":"follow","max-snippet":"max-snippet:-1","max-image-preview":"max-image-preview:large","max-video-preview":"max-video-preview:-1"},"canonical":"https:\/\/aconteceunovale.com.br\/portal\/?p=166364","og_locale":"pt_BR","og_type":"article","og_title":"1,7% dos munic\u00edpios brasileiros ainda n\u00e3o registraram casos de Covid-19 - Aconteceu no Vale","og_description":"Apenas 95 dos 5.568 munic\u00edpios brasileiros ainda n\u00e3o registraram casos confirmados de covid-19 at\u00e9 o momento. Isso equivale a 1,7%, segundo dados do Minist\u00e9rio da Sa\u00fade computados at\u00e9 ontem (24). As cidades livres de covid-19 est\u00e3o distribu\u00eddas em dez estados: S\u00e3o Paulo, Santa Catarina, Rio Grande do Sul, Paran\u00e1, Para\u00edba, Mato Grosso do Sul, Minas [&hellip;]","og_url":"https:\/\/aconteceunovale.com.br\/portal\/?p=166364","og_site_name":"Aconteceu no Vale","article_publisher":"https:\/\/www.facebook.com\/aconteceunovale\/","article_published_time":"2020-07-26T01:19:38+00:00","article_modified_time":"2020-07-26T01:20:21+00:00","og_image":[{"width":678,"height":406,"url":"https:\/\/aconteceunovale.com.br\/portal\/wp-content\/uploads\/2020\/05\/brasil_mapa.jpg","type":"image\/jpeg"}],"author":"Aconteceu no Vale","twitter_card":"summary_large_image","twitter_creator":"@noticiadosvales","twitter_site":"@noticiadosvales","twitter_misc":{"Escrito por":"Aconteceu no Vale","Est. tempo de leitura":"3 minutos"},"schema":{"@context":"https:\/\/schema.org","@graph":[{"@type":"Article","@id":"https:\/\/aconteceunovale.com.br\/portal\/?p=166364#article","isPartOf":{"@id":"https:\/\/aconteceunovale.com.br\/portal\/?p=166364"},"author":{"name":"Aconteceu no Vale","@id":"https:\/\/aconteceunovale.com.br\/portal\/#\/schema\/person\/633529146f2c94272bef50ac2953d589"},"headline":"1,7% dos munic\u00edpios brasileiros ainda n\u00e3o registraram casos de Covid-19","datePublished":"2020-07-26T01:19:38+00:00","dateModified":"2020-07-26T01:20:21+00:00","mainEntityOfPage":{"@id":"https:\/\/aconteceunovale.com.br\/portal\/?p=166364"},"wordCount":562,"commentCount":0,"image":{"@id":"https:\/\/aconteceunovale.com.br\/portal\/?p=166364#primaryimage"},"thumbnailUrl":"https:\/\/aconteceunovale.com.br\/portal\/wp-content\/uploads\/2020\/05\/brasil_mapa.jpg","keywords":["1.7% dos munic\u00edpios brasileiros ainda n\u00e3o tiveram casos confirmados de Covid-19","Acegu\u00e1","\u00c1gua Boa","\u00c1gua Limpa","Alagoa","Angel\u00e2ndia","Ant\u00f4nio Prado de Minas","Apor\u00e9","Aracitaba","Araponga","Areado","Barra Bonita","berizal","Bert\u00f3polis","Bom Sucesso do Sul","Botumirim","brasil","Brasil bate recorde de \u00f3bitos e casos confirmados em um dia","Brasil ultrapassa marca de 4 mil \u00f3bitos por Covid-19","Brotas de Maca\u00fabas","Camacho","Campo Azul","Cana\u00e3","Cantagalo","Cap\u00e3o Alto","Carlos Gomes","Carvalhos","Casa Grande","Casos confirmados e \u00f3bitos no Brasil","Casos de coronav\u00edrus no Brasil","Casos de Covid-19 no Brasil","Cedro do Abaet\u00e9","Claro dos Po\u00e7\u00f5es","Coluna","Concei\u00e7\u00e3o do Par\u00e1","Consola\u00e7\u00e3o","Coronav\u00edrus","Coronav\u00edrus no Brasil","Coronel Murta","COVID-19","Covid-19 no Brasil","Crist\u00e1lia","destaque","Dois Irm\u00e3os das Miss\u00f5es","Dom Vi\u00e7oso","Dores do Turvo","\u00c9rico Cardoso","Fama","Figueir\u00e3o","francisc\u00f3polis","Gameleiras","Gon\u00e7alves","Grupiara","Ibertioga","Ibiti\u00fara de Minas","Itacambira","Itamb\u00e9 do Mato Dentro","Jacu\u00ed","Japor\u00e3","Lagoa do Mato","Leme do Prado","Liberdade","Major Vieira","Marilac","Marmel\u00f3polis","Matina","Matos Costa","Minist\u00e9rio da Sa\u00fade","Minist\u00e9rio da Sa\u00fade atualiza n\u00fameros do coronav\u00edrus no Brasil","Mirav\u00e2nia","Monte Castelo","Mortes por coronav\u00edrus no Brasil","Mortes por Covid-19 no Brasil","Novo coronav\u00edrus","Novo Horizonte","Novo Planalto","Novo Xingu","N\u00famero de casos de covid-19 confirmados no Brasil","N\u00fameros da Covid-19 no Brasil","N\u00fameros do coronav\u00edrus no Brasil","\u00d3bitos por coronav\u00edrus no Brasil","\u00d3bitos por Covid-19 no Brasil","Olhos D'Agua","Oliveira Fortes","Ouro Velho","Painel","pandemia","Pandemia de coronav\u00edrus","Patis","Paulistas","Pedras de Maria da Cruz","Pedro Teixeira","Pequeri","Piau","Ponto Chique","Queluzito","Recorde de \u00f3bitos por coronav\u00edrus no Brasil","Recorde de \u00f3bitos por Covid-19 no Brasil","Rio Doce","Santa Mercedes","Santana do Garamb\u00e9u","Santana do Riacho","Santana dos Montes","Santo Ant\u00f4nio do Itamb\u00e9","S\u00e3o Domingos","S\u00e3o Jo\u00e3o do Pacu\u00ed","S\u00e3o Miguel do Passa Quatro","S\u00e3o Sebasti\u00e3o do Rio Verde","S\u00e3o Tom\u00e9 das Letras","Sapucai-Mirim","Seritinga","Setubinha","Soledade de Minas","Tanque Novo","Tapira\u00ed","Umburatiba","Urupema","Vargem Bonita","Vargem Grande do Rio Pardo","Verdel\u00e2ndia","veredinha","V\u00edrus vai atingir 70% da popula\u00e7\u00e3o","V\u00edrus vai atingir 70% da popula\u00e7\u00e3o diz Jair Bolsonaro"],"articleSection":["Brasil","Sa\u00fade"],"inLanguage":"pt-BR","potentialAction":[{"@type":"CommentAction","name":"Comment","target":["https:\/\/aconteceunovale.com.br\/portal\/?p=166364#respond"]}]},{"@type":"WebPage","@id":"https:\/\/aconteceunovale.com.br\/portal\/?p=166364","url":"https:\/\/aconteceunovale.com.br\/portal\/?p=166364","name":"1,7% dos munic\u00edpios brasileiros ainda n\u00e3o registraram casos de Covid-19 - Aconteceu no Vale","isPartOf":{"@id":"https:\/\/aconteceunovale.com.br\/portal\/#website"},"primaryImageOfPage":{"@id":"https:\/\/aconteceunovale.com.br\/portal\/?p=166364#primaryimage"},"image":{"@id":"https:\/\/aconteceunovale.com.br\/portal\/?p=166364#primaryimage"},"thumbnailUrl":"https:\/\/aconteceunovale.com.br\/portal\/wp-content\/uploads\/2020\/05\/brasil_mapa.jpg","datePublished":"2020-07-26T01:19:38+00:00","dateModified":"2020-07-26T01:20:21+00:00","author":{"@id":"https:\/\/aconteceunovale.com.br\/portal\/#\/schema\/person\/633529146f2c94272bef50ac2953d589"},"breadcrumb":{"@id":"https:\/\/aconteceunovale.com.br\/portal\/?p=166364#breadcrumb"},"inLanguage":"pt-BR","potentialAction":[{"@type":"ReadAction","target":["https:\/\/aconteceunovale.com.br\/portal\/?p=166364"]}]},{"@type":"ImageObject","inLanguage":"pt-BR","@id":"https:\/\/aconteceunovale.com.br\/portal\/?p=166364#primaryimage","url":"https:\/\/aconteceunovale.com.br\/portal\/wp-content\/uploads\/2020\/05\/brasil_mapa.jpg","contentUrl":"https:\/\/aconteceunovale.com.br\/portal\/wp-content\/uploads\/2020\/05\/brasil_mapa.jpg","width":678,"height":406,"caption":"Mapa do Brasil"},{"@type":"BreadcrumbList","@id":"https:\/\/aconteceunovale.com.br\/portal\/?p=166364#breadcrumb","itemListElement":[{"@type":"ListItem","position":1,"name":"In\u00edcio","item":"https:\/\/aconteceunovale.com.br\/portal\/"},{"@type":"ListItem","position":2,"name":"1,7% dos munic\u00edpios brasileiros ainda n\u00e3o registraram casos de Covid-19"}]},{"@type":"WebSite","@id":"https:\/\/aconteceunovale.com.br\/portal\/#website","url":"https:\/\/aconteceunovale.com.br\/portal\/","name":"Aconteceu no Vale","description":"Portal de Not\u00edcias","potentialAction":[{"@type":"SearchAction","target":{"@type":"EntryPoint","urlTemplate":"https:\/\/aconteceunovale.com.br\/portal\/?s={search_term_string}"},"query-input":{"@type":"PropertyValueSpecification","valueRequired":true,"valueName":"search_term_string"}}],"inLanguage":"pt-BR"},{"@type":"Person","@id":"https:\/\/aconteceunovale.com.br\/portal\/#\/schema\/person\/633529146f2c94272bef50ac2953d589","name":"Aconteceu no Vale","description":"Equipe de reportagem do Aconteceu no Vale, portal de not\u00edcias do Vale do Jequitinhonha, em Minas Gerais. Cobrimos as 51 cidades do Vale desde 2013. Sugest\u00f5es de pauta e pedidos de corre\u00e7\u00e3o: contato@aconteceunovale.com.br","sameAs":["http:\/\/www.aconteceunovale.com.br"],"url":"https:\/\/aconteceunovale.com.br\/portal\/?author=1"}]}},"_links":{"self":[{"href":"https:\/\/aconteceunovale.com.br\/portal\/index.php?rest_route=\/wp\/v2\/posts\/166364","targetHints":{"allow":["GET"]}}],"collection":[{"href":"https:\/\/aconteceunovale.com.br\/portal\/index.php?rest_route=\/wp\/v2\/posts"}],"about":[{"href":"https:\/\/aconteceunovale.com.br\/portal\/index.php?rest_route=\/wp\/v2\/types\/post"}],"author":[{"embeddable":true,"href":"https:\/\/aconteceunovale.com.br\/portal\/index.php?rest_route=\/wp\/v2\/users\/1"}],"replies":[{"embeddable":true,"href":"https:\/\/aconteceunovale.com.br\/portal\/index.php?rest_route=%2Fwp%2Fv2%2Fcomments&post=166364"}],"version-history":[{"count":3,"href":"https:\/\/aconteceunovale.com.br\/portal\/index.php?rest_route=\/wp\/v2\/posts\/166364\/revisions"}],"predecessor-version":[{"id":166367,"href":"https:\/\/aconteceunovale.com.br\/portal\/index.php?rest_route=\/wp\/v2\/posts\/166364\/revisions\/166367"}],"wp:featuredmedia":[{"embeddable":true,"href":"https:\/\/aconteceunovale.com.br\/portal\/index.php?rest_route=\/wp\/v2\/media\/162658"}],"wp:attachment":[{"href":"https:\/\/aconteceunovale.com.br\/portal\/index.php?rest_route=%2Fwp%2Fv2%2Fmedia&parent=166364"}],"wp:term":[{"taxonomy":"category","embeddable":true,"href":"https:\/\/aconteceunovale.com.br\/portal\/index.php?rest_route=%2Fwp%2Fv2%2Fcategories&post=166364"},{"taxonomy":"post_tag","embeddable":true,"href":"https:\/\/aconteceunovale.com.br\/portal\/index.php?rest_route=%2Fwp%2Fv2%2Ftags&post=166364"}],"curies":[{"name":"wp","href":"https:\/\/api.w.org\/{rel}","templated":true}]}}