{"id":16631,"date":"2013-12-23T20:06:44","date_gmt":"2013-12-23T22:06:44","guid":{"rendered":"http:\/\/aconteceunovale.com.br\/portal\/?p=16631"},"modified":"2013-12-23T20:06:44","modified_gmt":"2013-12-23T22:06:44","slug":"governador-faz-alerta-a-populacao-para-atencao-ao-periodo-chuvoso","status":"publish","type":"post","link":"https:\/\/aconteceunovale.com.br\/portal\/?p=16631","title":{"rendered":"Governador faz alerta \u00e0 popula\u00e7\u00e3o para aten\u00e7\u00e3o ao per\u00edodo chuvoso"},"content":{"rendered":"<p>Anastasia pediu muita aten\u00e7\u00e3o neste per\u00edodo, como forma de minimizar os danos provocados pelas chuvas<\/p>\n<p><img decoding=\"async\" src=\"http:\/\/aconteceunovale.com.br\/portal\/wp-content\/uploads\/2013\/12\/antonio_anastasia.jpg\" alt=\"\" \/><\/p>\n<p>O governador Antonio Anastasia fez, nesta segunda-feira (23), um alerta \u00e0 popula\u00e7\u00e3o de Minas Gerais, pedindo muita aten\u00e7\u00e3o neste per\u00edodo, como forma de minimizar os danos provocados pelas chuvas. \u201c\u00c9 fundamental que a popula\u00e7\u00e3o fique atenta a evitar as \u00e1reas de riscos, que s\u00e3o identificadas pela Defesa Civil de cada munic\u00edpio e tamb\u00e9m pela Defesa Civil do Estado. Portanto, neste momento de chuva, de enchentes que ocorrem em todo ver\u00e3o, solicitamos uma aten\u00e7\u00e3o uma especial \u00e0s recomenda\u00e7\u00f5es dadas pela Defesa Civil\u201d, ressaltou Anastasia.<\/p>\n<p>O governador tamb\u00e9m solicitou mais aten\u00e7\u00e3o nas estradas que cortam Minas Gerais, de forma a evitar acidentes e perda de vidas. \u201cA mesma aten\u00e7\u00e3o deve ser dada \u00e0 quest\u00e3o das estradas. Lamentavelmente, com a chuva, as estradas ficam ainda mais perigosas. Portanto, solicito, com muito empenho, que todos dirijam com aten\u00e7\u00e3o redobrada, em raz\u00e3o n\u00e3o s\u00f3 do aumento do volume de tr\u00e2nsito nesta \u00e9poca do ano, mas, tamb\u00e9m, em raz\u00e3o do per\u00edodo de chuvas. Queremos passar esta fase do ano em festas e em paz\u201d, disse.<\/p>\n<p>Antonio Anastasia ainda mencionou o empenho da Coordenadoria Estadual de Defesa Civil (Cedec) em emitir alertas, prestar assist\u00eancia \u00e0s popula\u00e7\u00f5es atingidas, al\u00e9m de acompanhar os munic\u00edpios em situa\u00e7\u00e3o de emerg\u00eancia. \u201cA Defesa Civil do Estado est\u00e1 em alerta, acompanhando todas as cidades que j\u00e1 tiveram sua situa\u00e7\u00e3o de emerg\u00eancia declarada e fazendo o acompanhamento dos munic\u00edpios que est\u00e3o em situa\u00e7\u00e3o de maior dificuldade. Mas \u00e9 fundamental tamb\u00e9m, mais uma vez, solicitar a dedica\u00e7\u00e3o e o empenho de cada cidad\u00e3o, evitando as \u00e1reas de risco, acompanhando as orienta\u00e7\u00f5es das autoridades locais e estaduais para evitarmos perdas de vidas\u201d, completou.<\/p>\n","protected":false},"excerpt":{"rendered":"<p>Anastasia pediu muita aten\u00e7\u00e3o neste per\u00edodo, como forma de minimizar os danos provocados pelas chuvas O governador Antonio Anastasia fez, nesta segunda-feira (23), um alerta \u00e0 popula\u00e7\u00e3o de Minas Gerais, pedindo muita aten\u00e7\u00e3o neste per\u00edodo, como forma de minimizar os danos provocados pelas chuvas. \u201c\u00c9 fundamental que a popula\u00e7\u00e3o fique atenta a evitar as \u00e1reas [&hellip;]<\/p>\n","protected":false},"author":1,"featured_media":0,"comment_status":"open","ping_status":"closed","sticky":false,"template":"","format":"standard","meta":{"amp_status":"","footnotes":""},"categories":[123],"tags":[2081,2080],"class_list":["post-16631","post","type-post","status-publish","format-standard","hentry","category-gerais","tag-anastasia-faz-alerta-a-populacao-para-atencao-ao-periodo-chuvoso","tag-governador-faz-alerta-a-populacao-para-atencao-ao-periodo-chuvoso"],"yoast_head":"<!-- This site is optimized with the Yoast SEO plugin v28.3 - https:\/\/yoast.com\/product\/yoast-seo-wordpress\/ -->\n<title>Governador faz alerta \u00e0 popula\u00e7\u00e3o para aten\u00e7\u00e3o ao per\u00edodo chuvoso - Aconteceu no Vale<\/title>\n<meta name=\"robots\" content=\"index, follow, max-snippet:-1, max-image-preview:large, max-video-preview:-1\" \/>\n<link rel=\"canonical\" href=\"https:\/\/aconteceunovale.com.br\/portal\/?p=16631\" \/>\n<meta property=\"og:locale\" content=\"pt_BR\" \/>\n<meta property=\"og:type\" content=\"article\" \/>\n<meta property=\"og:title\" content=\"Governador faz alerta \u00e0 popula\u00e7\u00e3o para aten\u00e7\u00e3o ao per\u00edodo chuvoso - Aconteceu no Vale\" \/>\n<meta property=\"og:description\" content=\"Anastasia pediu muita aten\u00e7\u00e3o neste per\u00edodo, como forma de minimizar os danos provocados pelas chuvas O governador Antonio Anastasia fez, nesta segunda-feira (23), um alerta \u00e0 popula\u00e7\u00e3o de Minas Gerais, pedindo muita aten\u00e7\u00e3o neste per\u00edodo, como forma de minimizar os danos provocados pelas chuvas. \u201c\u00c9 fundamental que a popula\u00e7\u00e3o fique atenta a evitar as \u00e1reas [&hellip;]\" \/>\n<meta property=\"og:url\" content=\"https:\/\/aconteceunovale.com.br\/portal\/?p=16631\" \/>\n<meta property=\"og:site_name\" content=\"Aconteceu no Vale\" \/>\n<meta property=\"article:publisher\" content=\"https:\/\/www.facebook.com\/aconteceunovale\/\" \/>\n<meta property=\"article:published_time\" content=\"2013-12-23T22:06:44+00:00\" \/>\n<meta property=\"og:image\" content=\"http:\/\/aconteceunovale.com.br\/portal\/wp-content\/uploads\/2013\/12\/antonio_anastasia.jpg\" \/>\n<meta name=\"author\" content=\"Aconteceu no Vale\" \/>\n<meta name=\"twitter:card\" content=\"summary_large_image\" \/>\n<meta name=\"twitter:creator\" content=\"@noticiadosvales\" \/>\n<meta name=\"twitter:site\" content=\"@noticiadosvales\" \/>\n<meta name=\"twitter:label1\" content=\"Escrito por\" \/>\n\t<meta name=\"twitter:data1\" content=\"Aconteceu no Vale\" \/>\n\t<meta name=\"twitter:label2\" content=\"Est. tempo de leitura\" \/>\n\t<meta name=\"twitter:data2\" content=\"2 minutos\" \/>\n<script type=\"application\/ld+json\" class=\"yoast-schema-graph\">{\"@context\":\"https:\\\/\\\/schema.org\",\"@graph\":[{\"@type\":\"Article\",\"@id\":\"https:\\\/\\\/aconteceunovale.com.br\\\/portal\\\/?p=16631#article\",\"isPartOf\":{\"@id\":\"https:\\\/\\\/aconteceunovale.com.br\\\/portal\\\/?p=16631\"},\"author\":{\"name\":\"Aconteceu no Vale\",\"@id\":\"https:\\\/\\\/aconteceunovale.com.br\\\/portal\\\/#\\\/schema\\\/person\\\/633529146f2c94272bef50ac2953d589\"},\"headline\":\"Governador faz alerta \u00e0 popula\u00e7\u00e3o para aten\u00e7\u00e3o ao per\u00edodo chuvoso\",\"datePublished\":\"2013-12-23T22:06:44+00:00\",\"mainEntityOfPage\":{\"@id\":\"https:\\\/\\\/aconteceunovale.com.br\\\/portal\\\/?p=16631\"},\"wordCount\":327,\"commentCount\":0,\"image\":{\"@id\":\"https:\\\/\\\/aconteceunovale.com.br\\\/portal\\\/?p=16631#primaryimage\"},\"thumbnailUrl\":\"http:\\\/\\\/aconteceunovale.com.br\\\/portal\\\/wp-content\\\/uploads\\\/2013\\\/12\\\/antonio_anastasia.jpg\",\"keywords\":[\"Anastasia faz alerta \u00e0 popula\u00e7\u00e3o para aten\u00e7\u00e3o ao per\u00edodo chuvoso\",\"Governador faz alerta \u00e0 popula\u00e7\u00e3o para aten\u00e7\u00e3o ao per\u00edodo chuvoso\"],\"articleSection\":[\"Minas Gerais\"],\"inLanguage\":\"pt-BR\",\"potentialAction\":[{\"@type\":\"CommentAction\",\"name\":\"Comment\",\"target\":[\"https:\\\/\\\/aconteceunovale.com.br\\\/portal\\\/?p=16631#respond\"]}]},{\"@type\":\"WebPage\",\"@id\":\"https:\\\/\\\/aconteceunovale.com.br\\\/portal\\\/?p=16631\",\"url\":\"https:\\\/\\\/aconteceunovale.com.br\\\/portal\\\/?p=16631\",\"name\":\"Governador faz alerta \u00e0 popula\u00e7\u00e3o para aten\u00e7\u00e3o ao per\u00edodo chuvoso - Aconteceu no Vale\",\"isPartOf\":{\"@id\":\"https:\\\/\\\/aconteceunovale.com.br\\\/portal\\\/#website\"},\"primaryImageOfPage\":{\"@id\":\"https:\\\/\\\/aconteceunovale.com.br\\\/portal\\\/?p=16631#primaryimage\"},\"image\":{\"@id\":\"https:\\\/\\\/aconteceunovale.com.br\\\/portal\\\/?p=16631#primaryimage\"},\"thumbnailUrl\":\"http:\\\/\\\/aconteceunovale.com.br\\\/portal\\\/wp-content\\\/uploads\\\/2013\\\/12\\\/antonio_anastasia.jpg\",\"datePublished\":\"2013-12-23T22:06:44+00:00\",\"author\":{\"@id\":\"https:\\\/\\\/aconteceunovale.com.br\\\/portal\\\/#\\\/schema\\\/person\\\/633529146f2c94272bef50ac2953d589\"},\"breadcrumb\":{\"@id\":\"https:\\\/\\\/aconteceunovale.com.br\\\/portal\\\/?p=16631#breadcrumb\"},\"inLanguage\":\"pt-BR\",\"potentialAction\":[{\"@type\":\"ReadAction\",\"target\":[\"https:\\\/\\\/aconteceunovale.com.br\\\/portal\\\/?p=16631\"]}]},{\"@type\":\"ImageObject\",\"inLanguage\":\"pt-BR\",\"@id\":\"https:\\\/\\\/aconteceunovale.com.br\\\/portal\\\/?p=16631#primaryimage\",\"url\":\"http:\\\/\\\/aconteceunovale.com.br\\\/portal\\\/wp-content\\\/uploads\\\/2013\\\/12\\\/antonio_anastasia.jpg\",\"contentUrl\":\"http:\\\/\\\/aconteceunovale.com.br\\\/portal\\\/wp-content\\\/uploads\\\/2013\\\/12\\\/antonio_anastasia.jpg\"},{\"@type\":\"BreadcrumbList\",\"@id\":\"https:\\\/\\\/aconteceunovale.com.br\\\/portal\\\/?p=16631#breadcrumb\",\"itemListElement\":[{\"@type\":\"ListItem\",\"position\":1,\"name\":\"In\u00edcio\",\"item\":\"https:\\\/\\\/aconteceunovale.com.br\\\/portal\\\/\"},{\"@type\":\"ListItem\",\"position\":2,\"name\":\"Governador faz alerta \u00e0 popula\u00e7\u00e3o para aten\u00e7\u00e3o ao per\u00edodo chuvoso\"}]},{\"@type\":\"WebSite\",\"@id\":\"https:\\\/\\\/aconteceunovale.com.br\\\/portal\\\/#website\",\"url\":\"https:\\\/\\\/aconteceunovale.com.br\\\/portal\\\/\",\"name\":\"Aconteceu no Vale\",\"description\":\"Portal de Not\u00edcias\",\"potentialAction\":[{\"@type\":\"SearchAction\",\"target\":{\"@type\":\"EntryPoint\",\"urlTemplate\":\"https:\\\/\\\/aconteceunovale.com.br\\\/portal\\\/?s={search_term_string}\"},\"query-input\":{\"@type\":\"PropertyValueSpecification\",\"valueRequired\":true,\"valueName\":\"search_term_string\"}}],\"inLanguage\":\"pt-BR\"},{\"@type\":\"Person\",\"@id\":\"https:\\\/\\\/aconteceunovale.com.br\\\/portal\\\/#\\\/schema\\\/person\\\/633529146f2c94272bef50ac2953d589\",\"name\":\"Aconteceu no Vale\",\"description\":\"Equipe de reportagem do Aconteceu no Vale, portal de not\u00edcias do Vale do Jequitinhonha, em Minas Gerais. Cobrimos as 51 cidades do Vale desde 2013. Sugest\u00f5es de pauta e pedidos de corre\u00e7\u00e3o: contato@aconteceunovale.com.br\",\"sameAs\":[\"http:\\\/\\\/www.aconteceunovale.com.br\"],\"url\":\"https:\\\/\\\/aconteceunovale.com.br\\\/portal\\\/?author=1\"}]}<\/script>\n<!-- \/ Yoast SEO plugin. -->","yoast_head_json":{"title":"Governador faz alerta \u00e0 popula\u00e7\u00e3o para aten\u00e7\u00e3o ao per\u00edodo chuvoso - Aconteceu no Vale","robots":{"index":"index","follow":"follow","max-snippet":"max-snippet:-1","max-image-preview":"max-image-preview:large","max-video-preview":"max-video-preview:-1"},"canonical":"https:\/\/aconteceunovale.com.br\/portal\/?p=16631","og_locale":"pt_BR","og_type":"article","og_title":"Governador faz alerta \u00e0 popula\u00e7\u00e3o para aten\u00e7\u00e3o ao per\u00edodo chuvoso - Aconteceu no Vale","og_description":"Anastasia pediu muita aten\u00e7\u00e3o neste per\u00edodo, como forma de minimizar os danos provocados pelas chuvas O governador Antonio Anastasia fez, nesta segunda-feira (23), um alerta \u00e0 popula\u00e7\u00e3o de Minas Gerais, pedindo muita aten\u00e7\u00e3o neste per\u00edodo, como forma de minimizar os danos provocados pelas chuvas. \u201c\u00c9 fundamental que a popula\u00e7\u00e3o fique atenta a evitar as \u00e1reas [&hellip;]","og_url":"https:\/\/aconteceunovale.com.br\/portal\/?p=16631","og_site_name":"Aconteceu no Vale","article_publisher":"https:\/\/www.facebook.com\/aconteceunovale\/","article_published_time":"2013-12-23T22:06:44+00:00","og_image":[{"url":"http:\/\/aconteceunovale.com.br\/portal\/wp-content\/uploads\/2013\/12\/antonio_anastasia.jpg","type":"","width":"","height":""}],"author":"Aconteceu no Vale","twitter_card":"summary_large_image","twitter_creator":"@noticiadosvales","twitter_site":"@noticiadosvales","twitter_misc":{"Escrito por":"Aconteceu no Vale","Est. tempo de leitura":"2 minutos"},"schema":{"@context":"https:\/\/schema.org","@graph":[{"@type":"Article","@id":"https:\/\/aconteceunovale.com.br\/portal\/?p=16631#article","isPartOf":{"@id":"https:\/\/aconteceunovale.com.br\/portal\/?p=16631"},"author":{"name":"Aconteceu no Vale","@id":"https:\/\/aconteceunovale.com.br\/portal\/#\/schema\/person\/633529146f2c94272bef50ac2953d589"},"headline":"Governador faz alerta \u00e0 popula\u00e7\u00e3o para aten\u00e7\u00e3o ao per\u00edodo chuvoso","datePublished":"2013-12-23T22:06:44+00:00","mainEntityOfPage":{"@id":"https:\/\/aconteceunovale.com.br\/portal\/?p=16631"},"wordCount":327,"commentCount":0,"image":{"@id":"https:\/\/aconteceunovale.com.br\/portal\/?p=16631#primaryimage"},"thumbnailUrl":"http:\/\/aconteceunovale.com.br\/portal\/wp-content\/uploads\/2013\/12\/antonio_anastasia.jpg","keywords":["Anastasia faz alerta \u00e0 popula\u00e7\u00e3o para aten\u00e7\u00e3o ao per\u00edodo chuvoso","Governador faz alerta \u00e0 popula\u00e7\u00e3o para aten\u00e7\u00e3o ao per\u00edodo chuvoso"],"articleSection":["Minas Gerais"],"inLanguage":"pt-BR","potentialAction":[{"@type":"CommentAction","name":"Comment","target":["https:\/\/aconteceunovale.com.br\/portal\/?p=16631#respond"]}]},{"@type":"WebPage","@id":"https:\/\/aconteceunovale.com.br\/portal\/?p=16631","url":"https:\/\/aconteceunovale.com.br\/portal\/?p=16631","name":"Governador faz alerta \u00e0 popula\u00e7\u00e3o para aten\u00e7\u00e3o ao per\u00edodo chuvoso - Aconteceu no Vale","isPartOf":{"@id":"https:\/\/aconteceunovale.com.br\/portal\/#website"},"primaryImageOfPage":{"@id":"https:\/\/aconteceunovale.com.br\/portal\/?p=16631#primaryimage"},"image":{"@id":"https:\/\/aconteceunovale.com.br\/portal\/?p=16631#primaryimage"},"thumbnailUrl":"http:\/\/aconteceunovale.com.br\/portal\/wp-content\/uploads\/2013\/12\/antonio_anastasia.jpg","datePublished":"2013-12-23T22:06:44+00:00","author":{"@id":"https:\/\/aconteceunovale.com.br\/portal\/#\/schema\/person\/633529146f2c94272bef50ac2953d589"},"breadcrumb":{"@id":"https:\/\/aconteceunovale.com.br\/portal\/?p=16631#breadcrumb"},"inLanguage":"pt-BR","potentialAction":[{"@type":"ReadAction","target":["https:\/\/aconteceunovale.com.br\/portal\/?p=16631"]}]},{"@type":"ImageObject","inLanguage":"pt-BR","@id":"https:\/\/aconteceunovale.com.br\/portal\/?p=16631#primaryimage","url":"http:\/\/aconteceunovale.com.br\/portal\/wp-content\/uploads\/2013\/12\/antonio_anastasia.jpg","contentUrl":"http:\/\/aconteceunovale.com.br\/portal\/wp-content\/uploads\/2013\/12\/antonio_anastasia.jpg"},{"@type":"BreadcrumbList","@id":"https:\/\/aconteceunovale.com.br\/portal\/?p=16631#breadcrumb","itemListElement":[{"@type":"ListItem","position":1,"name":"In\u00edcio","item":"https:\/\/aconteceunovale.com.br\/portal\/"},{"@type":"ListItem","position":2,"name":"Governador faz alerta \u00e0 popula\u00e7\u00e3o para aten\u00e7\u00e3o ao per\u00edodo chuvoso"}]},{"@type":"WebSite","@id":"https:\/\/aconteceunovale.com.br\/portal\/#website","url":"https:\/\/aconteceunovale.com.br\/portal\/","name":"Aconteceu no Vale","description":"Portal de Not\u00edcias","potentialAction":[{"@type":"SearchAction","target":{"@type":"EntryPoint","urlTemplate":"https:\/\/aconteceunovale.com.br\/portal\/?s={search_term_string}"},"query-input":{"@type":"PropertyValueSpecification","valueRequired":true,"valueName":"search_term_string"}}],"inLanguage":"pt-BR"},{"@type":"Person","@id":"https:\/\/aconteceunovale.com.br\/portal\/#\/schema\/person\/633529146f2c94272bef50ac2953d589","name":"Aconteceu no Vale","description":"Equipe de reportagem do Aconteceu no Vale, portal de not\u00edcias do Vale do Jequitinhonha, em Minas Gerais. Cobrimos as 51 cidades do Vale desde 2013. Sugest\u00f5es de pauta e pedidos de corre\u00e7\u00e3o: contato@aconteceunovale.com.br","sameAs":["http:\/\/www.aconteceunovale.com.br"],"url":"https:\/\/aconteceunovale.com.br\/portal\/?author=1"}]}},"_links":{"self":[{"href":"https:\/\/aconteceunovale.com.br\/portal\/index.php?rest_route=\/wp\/v2\/posts\/16631","targetHints":{"allow":["GET"]}}],"collection":[{"href":"https:\/\/aconteceunovale.com.br\/portal\/index.php?rest_route=\/wp\/v2\/posts"}],"about":[{"href":"https:\/\/aconteceunovale.com.br\/portal\/index.php?rest_route=\/wp\/v2\/types\/post"}],"author":[{"embeddable":true,"href":"https:\/\/aconteceunovale.com.br\/portal\/index.php?rest_route=\/wp\/v2\/users\/1"}],"replies":[{"embeddable":true,"href":"https:\/\/aconteceunovale.com.br\/portal\/index.php?rest_route=%2Fwp%2Fv2%2Fcomments&post=16631"}],"version-history":[{"count":0,"href":"https:\/\/aconteceunovale.com.br\/portal\/index.php?rest_route=\/wp\/v2\/posts\/16631\/revisions"}],"wp:attachment":[{"href":"https:\/\/aconteceunovale.com.br\/portal\/index.php?rest_route=%2Fwp%2Fv2%2Fmedia&parent=16631"}],"wp:term":[{"taxonomy":"category","embeddable":true,"href":"https:\/\/aconteceunovale.com.br\/portal\/index.php?rest_route=%2Fwp%2Fv2%2Fcategories&post=16631"},{"taxonomy":"post_tag","embeddable":true,"href":"https:\/\/aconteceunovale.com.br\/portal\/index.php?rest_route=%2Fwp%2Fv2%2Ftags&post=16631"}],"curies":[{"name":"wp","href":"https:\/\/api.w.org\/{rel}","templated":true}]}}