{"id":166292,"date":"2020-07-23T20:47:40","date_gmt":"2020-07-23T23:47:40","guid":{"rendered":"https:\/\/aconteceunovale.com.br\/portal\/?p=166292"},"modified":"2020-07-23T20:48:05","modified_gmt":"2020-07-23T23:48:05","slug":"teofilo-otoni-registra-mais-20-casos-de-covid-19","status":"publish","type":"post","link":"https:\/\/aconteceunovale.com.br\/portal\/?p=166292","title":{"rendered":"Te\u00f3filo Otoni registra mais 20 casos de Covid-19"},"content":{"rendered":"\n<p class=\"wp-block-paragraph\">A Prefeitura de Te\u00f3filo Otoni (MG) confirmou, nesta quinta-feira (23\/7\/2020), 20 novos casos de Covid-19. Segundo informa\u00e7\u00f5es do boletim epidemiol\u00f3gico, o munic\u00edpio soma 1.193 moradores atingidos pelo coronav\u00edrus.<\/p>\n\n\n\n<p class=\"wp-block-paragraph\">De acordo com a prefeitura, 19 pacientes est\u00e3o internados (8 em UTI) e 180 em isolamento domiciliar. Dentro das estat\u00edsticas de confirmados, Te\u00f3filo Otoni tem 944 recuperados e 50 \u00f3bitos.<\/p>\n\n\n\n<p class=\"wp-block-paragraph\">Ainda segundo o boletim epidemiol\u00f3gico, 272 pessoas est\u00e3o classificadas como suspeitas de terem contra\u00eddo a doen\u00e7a. Dessas, 258 est\u00e3o em isolamento domiciliar e 11 internadas (tr\u00eas em UTI). O munic\u00edpio tem tr\u00eas \u00f3bitos em investiga\u00e7\u00e3o.<\/p>\n\n\n\n<p class=\"wp-block-paragraph\"><strong>Confira o boletim de 23\/7\/2020:<\/strong><\/p>\n\n\n\n<figure class=\"wp-block-image size-large\"><img decoding=\"async\" src=\"https:\/\/aconteceu.info\/boletins\/corona_teo_23julho_1.jpg\" alt=\"\"\/><\/figure>\n\n\n\n<figure class=\"wp-block-image size-large\"><img decoding=\"async\" src=\"https:\/\/aconteceu.info\/boletins\/corona_teo_23julho_2.jpg\" alt=\"\"\/><\/figure>\n\n\n\n<h2 class=\"wp-block-heading\"><strong>Munic\u00edpios com mais casos na Regional de Sa\u00fade de Te\u00f3filo Otoni (23\/7\/2020 &#8211; 20h30)<\/strong><\/h2>\n\n\n\n<figure class=\"wp-block-table\"><table><tbody><tr><td><strong>Munic\u00edpio<\/strong><\/td><td class=\"has-text-align-center\" data-align=\"center\"><strong>Casos<\/strong><\/td><td class=\"has-text-align-center\" data-align=\"center\"><strong>\u00d3bitos<\/strong><\/td><td class=\"has-text-align-center\" data-align=\"center\"><strong>Curados<\/strong><\/td><\/tr><tr><td>Te\u00f3filo Otoni<\/td><td class=\"has-text-align-center\" data-align=\"center\">1.193<\/td><td class=\"has-text-align-center\" data-align=\"center\">50<\/td><td class=\"has-text-align-center\" data-align=\"center\">944<\/td><\/tr><tr><td>Nanuque<\/td><td class=\"has-text-align-center\" data-align=\"center\">245<\/td><td class=\"has-text-align-center\" data-align=\"center\">8<\/td><td class=\"has-text-align-center\" data-align=\"center\">158<\/td><\/tr><tr><td>Padre Para\u00edso<\/td><td class=\"has-text-align-center\" data-align=\"center\">157<\/td><td class=\"has-text-align-center\" data-align=\"center\">0<\/td><td class=\"has-text-align-center\" data-align=\"center\">112<\/td><\/tr><tr><td>Carlos Chagas<\/td><td class=\"has-text-align-center\" data-align=\"center\">156<\/td><td class=\"has-text-align-center\" data-align=\"center\">4<\/td><td class=\"has-text-align-center\" data-align=\"center\">120<\/td><\/tr><tr><td>\u00c1guas Formosas<\/td><td class=\"has-text-align-center\" data-align=\"center\">129<\/td><td class=\"has-text-align-center\" data-align=\"center\">3<\/td><td class=\"has-text-align-center\" data-align=\"center\">45<\/td><\/tr><tr><td>Pot\u00e9<\/td><td class=\"has-text-align-center\" data-align=\"center\">87<\/td><td class=\"has-text-align-center\" data-align=\"center\">3<\/td><td class=\"has-text-align-center\" data-align=\"center\">66<\/td><\/tr><tr><td>Novo Oriente de Minas (21\/7)<\/td><td class=\"has-text-align-center\" data-align=\"center\">61<\/td><td class=\"has-text-align-center\" data-align=\"center\">2<\/td><td class=\"has-text-align-center\" data-align=\"center\">41<\/td><\/tr><tr><td>Itambacuri<\/td><td class=\"has-text-align-center\" data-align=\"center\">53<\/td><td class=\"has-text-align-center\" data-align=\"center\">2<\/td><td class=\"has-text-align-center\" data-align=\"center\">38<\/td><\/tr><tr><td>Atal\u00e9ia<\/td><td class=\"has-text-align-center\" data-align=\"center\">52<\/td><td class=\"has-text-align-center\" data-align=\"center\">4<\/td><td class=\"has-text-align-center\" data-align=\"center\">38<\/td><\/tr><tr><td>Novo Cruzeiro<\/td><td class=\"has-text-align-center\" data-align=\"center\">50<\/td><td class=\"has-text-align-center\" data-align=\"center\">1<\/td><td class=\"has-text-align-center\" data-align=\"center\">44<\/td><\/tr><tr><td>Cara\u00ed (22\/7)<\/td><td class=\"has-text-align-center\" data-align=\"center\">46<\/td><td class=\"has-text-align-center\" data-align=\"center\">1<\/td><td class=\"has-text-align-center\" data-align=\"center\">36<\/td><\/tr><tr><td>Frei Gaspar (21\/7)<\/td><td class=\"has-text-align-center\" data-align=\"center\">35<\/td><td class=\"has-text-align-center\" data-align=\"center\">0<\/td><td class=\"has-text-align-center\" data-align=\"center\">22<\/td><\/tr><tr><td>Malacacheta<\/td><td class=\"has-text-align-center\" data-align=\"center\">32<\/td><td class=\"has-text-align-center\" data-align=\"center\">0<\/td><td class=\"has-text-align-center\" data-align=\"center\">32<\/td><\/tr><tr><td>Serra dos Aimor\u00e9s (21\/7)<\/td><td class=\"has-text-align-center\" data-align=\"center\">27<\/td><td class=\"has-text-align-center\" data-align=\"center\">1<\/td><td class=\"has-text-align-center\" data-align=\"center\">18<\/td><\/tr><\/tbody><\/table><\/figure>\n\n\n\n<p class=\"has-background has-very-light-gray-background-color wp-block-paragraph\">Quer saber as not\u00edcias do <strong>Aconteceu no Vale<\/strong> em primeira m\u00e3o? Siga-nos no Facebook <a rel=\"noreferrer noopener\" href=\"http:\/\/facebook.com\/aconteceunovale\" target=\"_blank\">@aconteceunovale<\/a>, Twitter <a rel=\"noreferrer noopener\" href=\"https:\/\/twitter.com\/noticiadosvales\" target=\"_blank\">@noticiadosvales<\/a> e Instagram <a rel=\"noreferrer noopener\" href=\"https:\/\/www.instagram.com\/aconteceunovale\" target=\"_blank\">@aconteceunovale<\/a>.<\/p>\n","protected":false},"excerpt":{"rendered":"<p>A Prefeitura de Te\u00f3filo Otoni (MG) confirmou, nesta quinta-feira (23\/7\/2020), 20 novos casos de Covid-19. Segundo informa\u00e7\u00f5es do boletim epidemiol\u00f3gico, o munic\u00edpio soma 1.193 moradores atingidos pelo coronav\u00edrus. De acordo com a prefeitura, 19 pacientes est\u00e3o internados (8 em UTI) e 180 em isolamento domiciliar. Dentro das estat\u00edsticas de confirmados, Te\u00f3filo Otoni tem 944 recuperados [&hellip;]<\/p>\n","protected":false},"author":1,"featured_media":161382,"comment_status":"open","ping_status":"closed","sticky":false,"template":"","format":"standard","meta":{"amp_status":"","footnotes":""},"categories":[40242,122],"tags":[221839,221837,220816,214884,220365,221558,216498,220363,223227,224894,225365,223476,224937,224689,223377,222877,220815,223228,221486,221485,221783,221483,221484,224225,220817,223054,222824,222971,223292,223729,221836,222853,222679,221646,222462,222101,220818,225068,222365,221096,222916,223140,221917,164,221956,220813,221487,220814,220812,222755,223530,225002,223291,223342,222752,226008,225327,225431,225772,223079,224674],"class_list":["post-166292","post","type-post","status-publish","format-standard","has-post-thumbnail","hentry","category-saude-2","category-mucuri","tag-boletim-covid-19-teofilo-otoni","tag-boletim-epidemiologico-teofilo-otoni","tag-casos-de-coronavirus-em-teofilo-otoni","tag-coronavirus","tag-coronavirus-em-teofilo-otoni","tag-coronavirus-prefeitura-de-teofilo-otoni-confirma-35-casos-e-dois-obitos","tag-covid-19","tag-covid-19-em-teofilo-otoni","tag-covid-19-prefeitura-de-teofilo-otoni-confirma-mais-23-casos-e-3-obitos","tag-covid-19-prefeitura-de-teofilo-otoni-confirma-mais-cinco-casos-e-um-obito","tag-covid-19-teofilo-otoni-confirma-mais-18-casos-e-um-obito","tag-covid-19-teofilo-otoni-confirma-mais-19-casos-e-um-obito","tag-covid-19-teofilo-otoni-registra-mais-13-casos-e-um-obito","tag-covid-19-teofilo-otoni-registra-mais-dois-obitos-e-24-casos","tag-covid-19-teofilo-otoni-tem-19-obitos-e-477-casos-confirmados","tag-covid-19-teofilo-otoni-tem-291-casos-confirmados-e-11-obitos","tag-infectados-por-coronavirus-em-teofilo-otoni","tag-jaqueline-guimaraes-ramos","tag-morte-por-coronavirus-em-teofilo-otoni","tag-morte-por-covid-19-em-teofilo-otoni","tag-numero-de-infectados-por-covid-19-em-teofilo-otoni-sobe-para-50","tag-obito-por-coronavirus-em-teofilo-otoni","tag-obito-por-covid-19-em-teofilo-otoni","tag-otoni","tag-pacientes-de-coronavirus-em-teofilo-otoni","tag-prefeitura-de-teofilo-otoni-atualiza-informacoes-sobre-a-covid-19","tag-prefeitura-de-teofilo-otoni-confirma-11a-morte-por-covid-19","tag-prefeitura-de-teofilo-otoni-confirma-12-novos-casos-de-covid-19","tag-prefeitura-de-teofilo-otoni-confirma-62-novos-casos-de-covid-19","tag-prefeitura-de-teofilo-otoni-confirma-mais-12-casos-de-covid-19","tag-prefeitura-de-teofilo-otoni-confirma-mais-13-casos-de-covid-19","tag-prefeitura-de-teofilo-otoni-confirma-mais-14-casos-de-covid-19","tag-prefeitura-de-teofilo-otoni-confirma-mais-17-casos-de-covid-19","tag-prefeitura-de-teofilo-otoni-confirma-mais-sete-casos-de-covid-19","tag-prefeitura-de-teofilo-otoni-confirma-oitavo-obito-por-covid-19","tag-prefeitura-de-teofilo-otoni-confirma-quinto-obito-por-covid-19","tag-profissionais-de-saude-infectados-com-coronavirus-em-teofilo-otoni","tag-recuperados-da-covid-19-em-teofilo-otoni-representam-mais-de-74-dos-casos-positivos","tag-sobe-para-146-o-numero-de-casos-confirmados-de-covid-19-em-teofilo-otoni","tag-sobe-para-16-o-numero-de-casos-confirmados-de-coronavirus-em-teofilo-otoni","tag-sobe-para-323-o-numero-de-casos-confirmados-de-covid-19-em-teofilo-otoni","tag-sobe-para-371-o-numero-de-casos-confirmados-de-covid-19-em-teofilo-otoni","tag-sobe-para-71-o-numero-de-casos-confirmados-de-covid-19-em-teofilo-otoni","tag-teofilo-otoni","tag-teofilo-otoni-confirma-mais-dois-obitos-por-coronavirus","tag-teofilo-otoni-confirma-oito-casos-de-coronavirus","tag-teofilo-otoni-confirma-primeiro-obito-por-coronavirus","tag-teofilo-otoni-coronavirus","tag-teofilo-otoni-covid-19","tag-teofilo-otoni-passa-de-250-casos-de-covid-19","tag-teofilo-otoni-passa-dos-500-casos-confirmados-de-coronavirus","tag-teofilo-otoni-registra-38a-morte-e-20-novos-casos-de-covid-19","tag-teofilo-otoni-registra-a-17a-morte-em-decorrencia-da-covid-19","tag-teofilo-otoni-registra-a-18a-morte-em-decorrencia-da-covid-19","tag-teofilo-otoni-registra-decimo-obito-por-covid-19","tag-teofilo-otoni-registra-mais-20-casos-de-covid-19","tag-teofilo-otoni-registra-sete-novos-casos-de-covid-19","tag-teofilo-otoni-tem-1-040-casos-confirmados-de-covid-19-46-pacientes-morreram-e-795-estao-recuperados","tag-teofilo-otoni-tem-1-125-casos-confirmados-de-covid-19-e-48-mortes","tag-teofilo-otoni-tem-361-casos-de-covid-19-139-pacientes-estao-recuperados-e-treze-morreram","tag-teofilo-otoni-tem-760-casos-confirmados-de-covid-19-33-pacientes-morreram-e-528-estao-recuperados"],"yoast_head":"<!-- This site is optimized with the Yoast SEO plugin v28.3 - https:\/\/yoast.com\/product\/yoast-seo-wordpress\/ -->\n<title>Te\u00f3filo Otoni registra mais 20 casos de Covid-19 - Aconteceu no Vale<\/title>\n<meta name=\"robots\" content=\"index, follow, max-snippet:-1, max-image-preview:large, max-video-preview:-1\" \/>\n<link rel=\"canonical\" href=\"https:\/\/aconteceunovale.com.br\/portal\/?p=166292\" \/>\n<meta property=\"og:locale\" content=\"pt_BR\" \/>\n<meta property=\"og:type\" content=\"article\" \/>\n<meta property=\"og:title\" content=\"Te\u00f3filo Otoni registra mais 20 casos de Covid-19 - Aconteceu no Vale\" \/>\n<meta property=\"og:description\" content=\"A Prefeitura de Te\u00f3filo Otoni (MG) confirmou, nesta quinta-feira (23\/7\/2020), 20 novos casos de Covid-19. Segundo informa\u00e7\u00f5es do boletim epidemiol\u00f3gico, o munic\u00edpio soma 1.193 moradores atingidos pelo coronav\u00edrus. De acordo com a prefeitura, 19 pacientes est\u00e3o internados (8 em UTI) e 180 em isolamento domiciliar. Dentro das estat\u00edsticas de confirmados, Te\u00f3filo Otoni tem 944 recuperados [&hellip;]\" \/>\n<meta property=\"og:url\" content=\"https:\/\/aconteceunovale.com.br\/portal\/?p=166292\" \/>\n<meta property=\"og:site_name\" content=\"Aconteceu no Vale\" \/>\n<meta property=\"article:publisher\" content=\"https:\/\/www.facebook.com\/aconteceunovale\/\" \/>\n<meta property=\"article:published_time\" content=\"2020-07-23T23:47:40+00:00\" \/>\n<meta property=\"article:modified_time\" content=\"2020-07-23T23:48:05+00:00\" \/>\n<meta property=\"og:image\" content=\"https:\/\/aconteceunovale.com.br\/portal\/wp-content\/uploads\/2020\/04\/teofilo_otoni.jpg\" \/>\n\t<meta property=\"og:image:width\" content=\"678\" \/>\n\t<meta property=\"og:image:height\" content=\"381\" \/>\n\t<meta property=\"og:image:type\" content=\"image\/jpeg\" \/>\n<meta name=\"author\" content=\"Aconteceu no Vale\" \/>\n<meta name=\"twitter:card\" content=\"summary_large_image\" \/>\n<meta name=\"twitter:creator\" content=\"@noticiadosvales\" \/>\n<meta name=\"twitter:site\" content=\"@noticiadosvales\" \/>\n<meta name=\"twitter:label1\" content=\"Escrito por\" \/>\n\t<meta name=\"twitter:data1\" content=\"Aconteceu no Vale\" \/>\n\t<meta name=\"twitter:label2\" content=\"Est. tempo de leitura\" \/>\n\t<meta name=\"twitter:data2\" content=\"1 minuto\" \/>\n<script type=\"application\/ld+json\" class=\"yoast-schema-graph\">{\"@context\":\"https:\\\/\\\/schema.org\",\"@graph\":[{\"@type\":\"Article\",\"@id\":\"https:\\\/\\\/aconteceunovale.com.br\\\/portal\\\/?p=166292#article\",\"isPartOf\":{\"@id\":\"https:\\\/\\\/aconteceunovale.com.br\\\/portal\\\/?p=166292\"},\"author\":{\"name\":\"Aconteceu no Vale\",\"@id\":\"https:\\\/\\\/aconteceunovale.com.br\\\/portal\\\/#\\\/schema\\\/person\\\/633529146f2c94272bef50ac2953d589\"},\"headline\":\"Te\u00f3filo Otoni registra mais 20 casos de Covid-19\",\"datePublished\":\"2020-07-23T23:47:40+00:00\",\"dateModified\":\"2020-07-23T23:48:05+00:00\",\"mainEntityOfPage\":{\"@id\":\"https:\\\/\\\/aconteceunovale.com.br\\\/portal\\\/?p=166292\"},\"wordCount\":183,\"commentCount\":0,\"image\":{\"@id\":\"https:\\\/\\\/aconteceunovale.com.br\\\/portal\\\/?p=166292#primaryimage\"},\"thumbnailUrl\":\"https:\\\/\\\/aconteceunovale.com.br\\\/portal\\\/wp-content\\\/uploads\\\/2020\\\/04\\\/teofilo_otoni.jpg\",\"keywords\":[\"Boletim Covid-19 Te\u00f3filo Otoni\",\"Boletim epidemiol\u00f3gico Te\u00f3filo Otoni\",\"Casos de coronav\u00edrus em Te\u00f3filo Otoni\",\"Coronav\u00edrus\",\"Coronav\u00edrus em Te\u00f3filo Otoni\",\"Coronav\u00edrus: Prefeitura de Te\u00f3filo Otoni confirma 35 casos e dois \u00f3bitos\",\"COVID-19\",\"Covid-19 em Te\u00f3filo Otoni\",\"Covid-19: Prefeitura de Te\u00f3filo Otoni confirma mais 23 casos e 3 \u00f3bitos\",\"Covid-19: Prefeitura de Te\u00f3filo Otoni confirma mais cinco casos e um \u00f3bito\",\"Covid-19: Te\u00f3filo Otoni confirma mais 18 casos e um \u00f3bito\",\"Covid-19: Te\u00f3filo Otoni confirma mais 19 casos e um \u00f3bito\",\"Covid-19: Te\u00f3filo Otoni registra mais 13 casos e um \u00f3bito\",\"Covid-19: Te\u00f3filo Otoni registra mais dois \u00f3bitos e 24 casos\",\"Covid-19: Te\u00f3filo Otoni tem 19 \u00f3bitos e 477 casos confirmados\",\"Covid-19: Te\u00f3filo Otoni tem 291 casos confirmados e 11 \u00f3bitos\",\"Infectados por coronav\u00edrus em Te\u00f3filo Otoni\",\"Jaqueline Guimar\u00e3es Ramos\",\"Morte por coronav\u00edrus em Te\u00f3filo Otoni\",\"Morte por covid-19 em Te\u00f3filo Otoni\",\"N\u00famero de infectados por Covid-19 em Te\u00f3filo Otoni sobe para 50\",\"\u00d3bito por coronav\u00edrus em Te\u00f3filo Otoni\",\"\u00d3bito por covid-19 em Te\u00f3filo Otoni\",\"Otoni\",\"Pacientes de coronav\u00edrus em Te\u00f3filo Otoni\",\"Prefeitura de Te\u00f3filo Otoni atualiza informa\u00e7\u00f5es sobre a Covid-19\",\"Prefeitura de Te\u00f3filo Otoni confirma 11\u00aa morte por Covid-19\",\"Prefeitura de Te\u00f3filo Otoni confirma 12 novos casos de Covid-19\",\"Prefeitura de Te\u00f3filo Otoni confirma 62 novos casos de Covid-19\",\"Prefeitura de Te\u00f3filo Otoni confirma mais 12 casos de Covid-19\",\"Prefeitura de Te\u00f3filo Otoni confirma mais 13 casos de Covid-19\",\"Prefeitura de Te\u00f3filo Otoni confirma mais 14 casos de Covid-19\",\"Prefeitura de Te\u00f3filo Otoni confirma mais 17 casos de Covid-19\",\"Prefeitura de Te\u00f3filo Otoni confirma mais sete casos de Covid-19\",\"Prefeitura de Te\u00f3filo Otoni confirma oitavo \u00f3bito por Covid-19\",\"Prefeitura de Te\u00f3filo Otoni confirma quinto \u00f3bito por Covid-19\",\"Profissionais de sa\u00fade infectados com coronav\u00edrus em Te\u00f3filo Otoni\",\"Recuperados da Covid-19 em Te\u00f3filo Otoni representam mais de 74% dos casos positivos\",\"Sobe para 146 o n\u00famero de casos confirmados de Covid-19 em Te\u00f3filo Otoni\",\"Sobe para 16 o n\u00famero de casos confirmados de coronav\u00edrus em Te\u00f3filo Otoni\",\"Sobe para 323 o n\u00famero de casos confirmados de Covid-19 em Te\u00f3filo Otoni\",\"Sobe para 371 o n\u00famero de casos confirmados de Covid-19 em Te\u00f3filo Otoni\",\"Sobe para 71 o n\u00famero de casos confirmados de Covid-19 em Te\u00f3filo Otoni\",\"Te\u00f3filo Otoni\",\"Te\u00f3filo Otoni confirma mais dois \u00f3bitos por coronav\u00edrus\",\"Te\u00f3filo Otoni confirma oito casos de coronav\u00edrus\",\"Te\u00f3filo Otoni confirma primeiro \u00f3bito por coronav\u00edrus\",\"Te\u00f3filo Otoni coronav\u00edrus\",\"Te\u00f3filo Otoni Covid-19\",\"Te\u00f3filo Otoni passa de 250 casos de Covid-19\",\"Te\u00f3filo Otoni passa dos 500 casos confirmados de coronav\u00edrus\",\"Te\u00f3filo Otoni registra 38\u00aa morte e 20 novos casos de Covid-19\",\"Te\u00f3filo Otoni registra a 17\u00aa morte em decorr\u00eancia da Covid-19\",\"Te\u00f3filo Otoni registra a 18\u00aa morte em decorr\u00eancia da Covid-19\",\"Te\u00f3filo Otoni registra d\u00e9cimo \u00f3bito por Covid-19\",\"Te\u00f3filo Otoni registra mais 20 casos de Covid-19\",\"Te\u00f3filo Otoni registra sete novos casos de Covid-19\",\"Te\u00f3filo Otoni tem 1.040 casos confirmados de Covid-19; 46 pacientes morreram e 795 est\u00e3o recuperados\",\"Te\u00f3filo Otoni tem 1.125 casos confirmados de Covid-19 e 48 mortes\",\"Te\u00f3filo Otoni tem 361 casos de Covid-19; 139 pacientes est\u00e3o recuperados e treze morreram\",\"Te\u00f3filo Otoni tem 760 casos confirmados de Covid-19; 33 pacientes morreram e 528 est\u00e3o recuperados\"],\"articleSection\":[\"Sa\u00fade\",\"Vale do Mucuri\"],\"inLanguage\":\"pt-BR\",\"potentialAction\":[{\"@type\":\"CommentAction\",\"name\":\"Comment\",\"target\":[\"https:\\\/\\\/aconteceunovale.com.br\\\/portal\\\/?p=166292#respond\"]}]},{\"@type\":\"WebPage\",\"@id\":\"https:\\\/\\\/aconteceunovale.com.br\\\/portal\\\/?p=166292\",\"url\":\"https:\\\/\\\/aconteceunovale.com.br\\\/portal\\\/?p=166292\",\"name\":\"Te\u00f3filo Otoni registra mais 20 casos de Covid-19 - Aconteceu no Vale\",\"isPartOf\":{\"@id\":\"https:\\\/\\\/aconteceunovale.com.br\\\/portal\\\/#website\"},\"primaryImageOfPage\":{\"@id\":\"https:\\\/\\\/aconteceunovale.com.br\\\/portal\\\/?p=166292#primaryimage\"},\"image\":{\"@id\":\"https:\\\/\\\/aconteceunovale.com.br\\\/portal\\\/?p=166292#primaryimage\"},\"thumbnailUrl\":\"https:\\\/\\\/aconteceunovale.com.br\\\/portal\\\/wp-content\\\/uploads\\\/2020\\\/04\\\/teofilo_otoni.jpg\",\"datePublished\":\"2020-07-23T23:47:40+00:00\",\"dateModified\":\"2020-07-23T23:48:05+00:00\",\"author\":{\"@id\":\"https:\\\/\\\/aconteceunovale.com.br\\\/portal\\\/#\\\/schema\\\/person\\\/633529146f2c94272bef50ac2953d589\"},\"breadcrumb\":{\"@id\":\"https:\\\/\\\/aconteceunovale.com.br\\\/portal\\\/?p=166292#breadcrumb\"},\"inLanguage\":\"pt-BR\",\"potentialAction\":[{\"@type\":\"ReadAction\",\"target\":[\"https:\\\/\\\/aconteceunovale.com.br\\\/portal\\\/?p=166292\"]}]},{\"@type\":\"ImageObject\",\"inLanguage\":\"pt-BR\",\"@id\":\"https:\\\/\\\/aconteceunovale.com.br\\\/portal\\\/?p=166292#primaryimage\",\"url\":\"https:\\\/\\\/aconteceunovale.com.br\\\/portal\\\/wp-content\\\/uploads\\\/2020\\\/04\\\/teofilo_otoni.jpg\",\"contentUrl\":\"https:\\\/\\\/aconteceunovale.com.br\\\/portal\\\/wp-content\\\/uploads\\\/2020\\\/04\\\/teofilo_otoni.jpg\",\"width\":678,\"height\":381},{\"@type\":\"BreadcrumbList\",\"@id\":\"https:\\\/\\\/aconteceunovale.com.br\\\/portal\\\/?p=166292#breadcrumb\",\"itemListElement\":[{\"@type\":\"ListItem\",\"position\":1,\"name\":\"In\u00edcio\",\"item\":\"https:\\\/\\\/aconteceunovale.com.br\\\/portal\\\/\"},{\"@type\":\"ListItem\",\"position\":2,\"name\":\"Te\u00f3filo Otoni registra mais 20 casos de Covid-19\"}]},{\"@type\":\"WebSite\",\"@id\":\"https:\\\/\\\/aconteceunovale.com.br\\\/portal\\\/#website\",\"url\":\"https:\\\/\\\/aconteceunovale.com.br\\\/portal\\\/\",\"name\":\"Aconteceu no Vale\",\"description\":\"Portal de Not\u00edcias\",\"potentialAction\":[{\"@type\":\"SearchAction\",\"target\":{\"@type\":\"EntryPoint\",\"urlTemplate\":\"https:\\\/\\\/aconteceunovale.com.br\\\/portal\\\/?s={search_term_string}\"},\"query-input\":{\"@type\":\"PropertyValueSpecification\",\"valueRequired\":true,\"valueName\":\"search_term_string\"}}],\"inLanguage\":\"pt-BR\"},{\"@type\":\"Person\",\"@id\":\"https:\\\/\\\/aconteceunovale.com.br\\\/portal\\\/#\\\/schema\\\/person\\\/633529146f2c94272bef50ac2953d589\",\"name\":\"Aconteceu no Vale\",\"description\":\"Equipe de reportagem do Aconteceu no Vale, portal de not\u00edcias do Vale do Jequitinhonha, em Minas Gerais. Cobrimos as 51 cidades do Vale desde 2013. Sugest\u00f5es de pauta e pedidos de corre\u00e7\u00e3o: contato@aconteceunovale.com.br\",\"sameAs\":[\"http:\\\/\\\/www.aconteceunovale.com.br\"],\"url\":\"https:\\\/\\\/aconteceunovale.com.br\\\/portal\\\/?author=1\"}]}<\/script>\n<!-- \/ Yoast SEO plugin. -->","yoast_head_json":{"title":"Te\u00f3filo Otoni registra mais 20 casos de Covid-19 - Aconteceu no Vale","robots":{"index":"index","follow":"follow","max-snippet":"max-snippet:-1","max-image-preview":"max-image-preview:large","max-video-preview":"max-video-preview:-1"},"canonical":"https:\/\/aconteceunovale.com.br\/portal\/?p=166292","og_locale":"pt_BR","og_type":"article","og_title":"Te\u00f3filo Otoni registra mais 20 casos de Covid-19 - Aconteceu no Vale","og_description":"A Prefeitura de Te\u00f3filo Otoni (MG) confirmou, nesta quinta-feira (23\/7\/2020), 20 novos casos de Covid-19. Segundo informa\u00e7\u00f5es do boletim epidemiol\u00f3gico, o munic\u00edpio soma 1.193 moradores atingidos pelo coronav\u00edrus. De acordo com a prefeitura, 19 pacientes est\u00e3o internados (8 em UTI) e 180 em isolamento domiciliar. Dentro das estat\u00edsticas de confirmados, Te\u00f3filo Otoni tem 944 recuperados [&hellip;]","og_url":"https:\/\/aconteceunovale.com.br\/portal\/?p=166292","og_site_name":"Aconteceu no Vale","article_publisher":"https:\/\/www.facebook.com\/aconteceunovale\/","article_published_time":"2020-07-23T23:47:40+00:00","article_modified_time":"2020-07-23T23:48:05+00:00","og_image":[{"width":678,"height":381,"url":"https:\/\/aconteceunovale.com.br\/portal\/wp-content\/uploads\/2020\/04\/teofilo_otoni.jpg","type":"image\/jpeg"}],"author":"Aconteceu no Vale","twitter_card":"summary_large_image","twitter_creator":"@noticiadosvales","twitter_site":"@noticiadosvales","twitter_misc":{"Escrito por":"Aconteceu no Vale","Est. tempo de leitura":"1 minuto"},"schema":{"@context":"https:\/\/schema.org","@graph":[{"@type":"Article","@id":"https:\/\/aconteceunovale.com.br\/portal\/?p=166292#article","isPartOf":{"@id":"https:\/\/aconteceunovale.com.br\/portal\/?p=166292"},"author":{"name":"Aconteceu no Vale","@id":"https:\/\/aconteceunovale.com.br\/portal\/#\/schema\/person\/633529146f2c94272bef50ac2953d589"},"headline":"Te\u00f3filo Otoni registra mais 20 casos de Covid-19","datePublished":"2020-07-23T23:47:40+00:00","dateModified":"2020-07-23T23:48:05+00:00","mainEntityOfPage":{"@id":"https:\/\/aconteceunovale.com.br\/portal\/?p=166292"},"wordCount":183,"commentCount":0,"image":{"@id":"https:\/\/aconteceunovale.com.br\/portal\/?p=166292#primaryimage"},"thumbnailUrl":"https:\/\/aconteceunovale.com.br\/portal\/wp-content\/uploads\/2020\/04\/teofilo_otoni.jpg","keywords":["Boletim Covid-19 Te\u00f3filo Otoni","Boletim epidemiol\u00f3gico Te\u00f3filo Otoni","Casos de coronav\u00edrus em Te\u00f3filo Otoni","Coronav\u00edrus","Coronav\u00edrus em Te\u00f3filo Otoni","Coronav\u00edrus: Prefeitura de Te\u00f3filo Otoni confirma 35 casos e dois \u00f3bitos","COVID-19","Covid-19 em Te\u00f3filo Otoni","Covid-19: Prefeitura de Te\u00f3filo Otoni confirma mais 23 casos e 3 \u00f3bitos","Covid-19: Prefeitura de Te\u00f3filo Otoni confirma mais cinco casos e um \u00f3bito","Covid-19: Te\u00f3filo Otoni confirma mais 18 casos e um \u00f3bito","Covid-19: Te\u00f3filo Otoni confirma mais 19 casos e um \u00f3bito","Covid-19: Te\u00f3filo Otoni registra mais 13 casos e um \u00f3bito","Covid-19: Te\u00f3filo Otoni registra mais dois \u00f3bitos e 24 casos","Covid-19: Te\u00f3filo Otoni tem 19 \u00f3bitos e 477 casos confirmados","Covid-19: Te\u00f3filo Otoni tem 291 casos confirmados e 11 \u00f3bitos","Infectados por coronav\u00edrus em Te\u00f3filo Otoni","Jaqueline Guimar\u00e3es Ramos","Morte por coronav\u00edrus em Te\u00f3filo Otoni","Morte por covid-19 em Te\u00f3filo Otoni","N\u00famero de infectados por Covid-19 em Te\u00f3filo Otoni sobe para 50","\u00d3bito por coronav\u00edrus em Te\u00f3filo Otoni","\u00d3bito por covid-19 em Te\u00f3filo Otoni","Otoni","Pacientes de coronav\u00edrus em Te\u00f3filo Otoni","Prefeitura de Te\u00f3filo Otoni atualiza informa\u00e7\u00f5es sobre a Covid-19","Prefeitura de Te\u00f3filo Otoni confirma 11\u00aa morte por Covid-19","Prefeitura de Te\u00f3filo Otoni confirma 12 novos casos de Covid-19","Prefeitura de Te\u00f3filo Otoni confirma 62 novos casos de Covid-19","Prefeitura de Te\u00f3filo Otoni confirma mais 12 casos de Covid-19","Prefeitura de Te\u00f3filo Otoni confirma mais 13 casos de Covid-19","Prefeitura de Te\u00f3filo Otoni confirma mais 14 casos de Covid-19","Prefeitura de Te\u00f3filo Otoni confirma mais 17 casos de Covid-19","Prefeitura de Te\u00f3filo Otoni confirma mais sete casos de Covid-19","Prefeitura de Te\u00f3filo Otoni confirma oitavo \u00f3bito por Covid-19","Prefeitura de Te\u00f3filo Otoni confirma quinto \u00f3bito por Covid-19","Profissionais de sa\u00fade infectados com coronav\u00edrus em Te\u00f3filo Otoni","Recuperados da Covid-19 em Te\u00f3filo Otoni representam mais de 74% dos casos positivos","Sobe para 146 o n\u00famero de casos confirmados de Covid-19 em Te\u00f3filo Otoni","Sobe para 16 o n\u00famero de casos confirmados de coronav\u00edrus em Te\u00f3filo Otoni","Sobe para 323 o n\u00famero de casos confirmados de Covid-19 em Te\u00f3filo Otoni","Sobe para 371 o n\u00famero de casos confirmados de Covid-19 em Te\u00f3filo Otoni","Sobe para 71 o n\u00famero de casos confirmados de Covid-19 em Te\u00f3filo Otoni","Te\u00f3filo Otoni","Te\u00f3filo Otoni confirma mais dois \u00f3bitos por coronav\u00edrus","Te\u00f3filo Otoni confirma oito casos de coronav\u00edrus","Te\u00f3filo Otoni confirma primeiro \u00f3bito por coronav\u00edrus","Te\u00f3filo Otoni coronav\u00edrus","Te\u00f3filo Otoni Covid-19","Te\u00f3filo Otoni passa de 250 casos de Covid-19","Te\u00f3filo Otoni passa dos 500 casos confirmados de coronav\u00edrus","Te\u00f3filo Otoni registra 38\u00aa morte e 20 novos casos de Covid-19","Te\u00f3filo Otoni registra a 17\u00aa morte em decorr\u00eancia da Covid-19","Te\u00f3filo Otoni registra a 18\u00aa morte em decorr\u00eancia da Covid-19","Te\u00f3filo Otoni registra d\u00e9cimo \u00f3bito por Covid-19","Te\u00f3filo Otoni registra mais 20 casos de Covid-19","Te\u00f3filo Otoni registra sete novos casos de Covid-19","Te\u00f3filo Otoni tem 1.040 casos confirmados de Covid-19; 46 pacientes morreram e 795 est\u00e3o recuperados","Te\u00f3filo Otoni tem 1.125 casos confirmados de Covid-19 e 48 mortes","Te\u00f3filo Otoni tem 361 casos de Covid-19; 139 pacientes est\u00e3o recuperados e treze morreram","Te\u00f3filo Otoni tem 760 casos confirmados de Covid-19; 33 pacientes morreram e 528 est\u00e3o recuperados"],"articleSection":["Sa\u00fade","Vale do Mucuri"],"inLanguage":"pt-BR","potentialAction":[{"@type":"CommentAction","name":"Comment","target":["https:\/\/aconteceunovale.com.br\/portal\/?p=166292#respond"]}]},{"@type":"WebPage","@id":"https:\/\/aconteceunovale.com.br\/portal\/?p=166292","url":"https:\/\/aconteceunovale.com.br\/portal\/?p=166292","name":"Te\u00f3filo Otoni registra mais 20 casos de Covid-19 - Aconteceu no Vale","isPartOf":{"@id":"https:\/\/aconteceunovale.com.br\/portal\/#website"},"primaryImageOfPage":{"@id":"https:\/\/aconteceunovale.com.br\/portal\/?p=166292#primaryimage"},"image":{"@id":"https:\/\/aconteceunovale.com.br\/portal\/?p=166292#primaryimage"},"thumbnailUrl":"https:\/\/aconteceunovale.com.br\/portal\/wp-content\/uploads\/2020\/04\/teofilo_otoni.jpg","datePublished":"2020-07-23T23:47:40+00:00","dateModified":"2020-07-23T23:48:05+00:00","author":{"@id":"https:\/\/aconteceunovale.com.br\/portal\/#\/schema\/person\/633529146f2c94272bef50ac2953d589"},"breadcrumb":{"@id":"https:\/\/aconteceunovale.com.br\/portal\/?p=166292#breadcrumb"},"inLanguage":"pt-BR","potentialAction":[{"@type":"ReadAction","target":["https:\/\/aconteceunovale.com.br\/portal\/?p=166292"]}]},{"@type":"ImageObject","inLanguage":"pt-BR","@id":"https:\/\/aconteceunovale.com.br\/portal\/?p=166292#primaryimage","url":"https:\/\/aconteceunovale.com.br\/portal\/wp-content\/uploads\/2020\/04\/teofilo_otoni.jpg","contentUrl":"https:\/\/aconteceunovale.com.br\/portal\/wp-content\/uploads\/2020\/04\/teofilo_otoni.jpg","width":678,"height":381},{"@type":"BreadcrumbList","@id":"https:\/\/aconteceunovale.com.br\/portal\/?p=166292#breadcrumb","itemListElement":[{"@type":"ListItem","position":1,"name":"In\u00edcio","item":"https:\/\/aconteceunovale.com.br\/portal\/"},{"@type":"ListItem","position":2,"name":"Te\u00f3filo Otoni registra mais 20 casos de Covid-19"}]},{"@type":"WebSite","@id":"https:\/\/aconteceunovale.com.br\/portal\/#website","url":"https:\/\/aconteceunovale.com.br\/portal\/","name":"Aconteceu no Vale","description":"Portal de Not\u00edcias","potentialAction":[{"@type":"SearchAction","target":{"@type":"EntryPoint","urlTemplate":"https:\/\/aconteceunovale.com.br\/portal\/?s={search_term_string}"},"query-input":{"@type":"PropertyValueSpecification","valueRequired":true,"valueName":"search_term_string"}}],"inLanguage":"pt-BR"},{"@type":"Person","@id":"https:\/\/aconteceunovale.com.br\/portal\/#\/schema\/person\/633529146f2c94272bef50ac2953d589","name":"Aconteceu no Vale","description":"Equipe de reportagem do Aconteceu no Vale, portal de not\u00edcias do Vale do Jequitinhonha, em Minas Gerais. Cobrimos as 51 cidades do Vale desde 2013. Sugest\u00f5es de pauta e pedidos de corre\u00e7\u00e3o: contato@aconteceunovale.com.br","sameAs":["http:\/\/www.aconteceunovale.com.br"],"url":"https:\/\/aconteceunovale.com.br\/portal\/?author=1"}]}},"_links":{"self":[{"href":"https:\/\/aconteceunovale.com.br\/portal\/index.php?rest_route=\/wp\/v2\/posts\/166292","targetHints":{"allow":["GET"]}}],"collection":[{"href":"https:\/\/aconteceunovale.com.br\/portal\/index.php?rest_route=\/wp\/v2\/posts"}],"about":[{"href":"https:\/\/aconteceunovale.com.br\/portal\/index.php?rest_route=\/wp\/v2\/types\/post"}],"author":[{"embeddable":true,"href":"https:\/\/aconteceunovale.com.br\/portal\/index.php?rest_route=\/wp\/v2\/users\/1"}],"replies":[{"embeddable":true,"href":"https:\/\/aconteceunovale.com.br\/portal\/index.php?rest_route=%2Fwp%2Fv2%2Fcomments&post=166292"}],"version-history":[{"count":1,"href":"https:\/\/aconteceunovale.com.br\/portal\/index.php?rest_route=\/wp\/v2\/posts\/166292\/revisions"}],"predecessor-version":[{"id":166293,"href":"https:\/\/aconteceunovale.com.br\/portal\/index.php?rest_route=\/wp\/v2\/posts\/166292\/revisions\/166293"}],"wp:featuredmedia":[{"embeddable":true,"href":"https:\/\/aconteceunovale.com.br\/portal\/index.php?rest_route=\/wp\/v2\/media\/161382"}],"wp:attachment":[{"href":"https:\/\/aconteceunovale.com.br\/portal\/index.php?rest_route=%2Fwp%2Fv2%2Fmedia&parent=166292"}],"wp:term":[{"taxonomy":"category","embeddable":true,"href":"https:\/\/aconteceunovale.com.br\/portal\/index.php?rest_route=%2Fwp%2Fv2%2Fcategories&post=166292"},{"taxonomy":"post_tag","embeddable":true,"href":"https:\/\/aconteceunovale.com.br\/portal\/index.php?rest_route=%2Fwp%2Fv2%2Ftags&post=166292"}],"curies":[{"name":"wp","href":"https:\/\/api.w.org\/{rel}","templated":true}]}}