{"id":166287,"date":"2020-07-23T20:27:37","date_gmt":"2020-07-23T23:27:37","guid":{"rendered":"https:\/\/aconteceunovale.com.br\/portal\/?p=166287"},"modified":"2020-07-23T20:27:55","modified_gmt":"2020-07-23T23:27:55","slug":"prefeitura-de-governador-valadares-vai-aderir-ao-plano-minas-consciente","status":"publish","type":"post","link":"https:\/\/aconteceunovale.com.br\/portal\/?p=166287","title":{"rendered":"Prefeitura de Governador Valadares vai aderir ao Plano Minas Consciente"},"content":{"rendered":"\n<p class=\"wp-block-paragraph\">Ap\u00f3s o Tribunal de Justi\u00e7a de Minas Gerais (TJMG) acompanhar a decis\u00e3o da desembargadora M\u00e1rcia Milanez, que determina aos munic\u00edpios seguir a Delibera\u00e7\u00e3o 17 do Governo do Estado e a Lei Estadual n\u00ba 13.317\/99, a Prefeitura de Governador Valadares decidiu aderir ao Plano Minas Consciente, voltado ao enfrentamento da pandemia da Covid-19.<\/p>\n\n\n\n<p class=\"wp-block-paragraph\">Com isso, as decis\u00f5es referentes ao funcionamento do com\u00e9rcio em Valadares no per\u00edodo da pandemia seguir\u00e3o as determina\u00e7\u00f5es do Estado. Em coletiva realizada nesta quinta-feira (23), o prefeito Andr\u00e9 Merlo afirmou que, ap\u00f3s acordo com o Minist\u00e9rio P\u00fablico, o Munic\u00edpio tem at\u00e9 o dia 31 de julho para aderir ao plano.<\/p>\n\n\n\n<p class=\"wp-block-paragraph\">\u201cGovernador Valadares vai aderir ao Minas Consciente. Fizemos um acordo com o Minist\u00e9rio P\u00fablico e conseguimos o prazo para at\u00e9 o dia 31 deste m\u00eas para aderir. A gente faz o compromisso com Valadares de buscar sempre o equil\u00edbrio entre a sa\u00fade p\u00fablica e economia, contando com apoio da popula\u00e7\u00e3o para que respeite as regras sanit\u00e1rias\u201d, disse o prefeito.<\/p>\n\n\n\n<p class=\"wp-block-paragraph\">No dia 29 de julho haver\u00e1 uma atualiza\u00e7\u00e3o do Plano Minas Consciente, que determinar\u00e1 se Valadares poder\u00e1 flexibilizar ou tornar mais r\u00edgido o funcionamento do com\u00e9rcio.<\/p>\n\n\n\n<p class=\"wp-block-paragraph\"><strong>Novo Decreto Municipal publicado nesta quinta-feira (23)<\/strong><\/p>\n\n\n\n<p class=\"wp-block-paragraph\">Foi publicado nesta quinta-feira (23) o Decreto n\u00ba 11.198, que traz medidas de restri\u00e7\u00e3o ao com\u00e9rcio. Est\u00e1 determinado que neste fim de semana (25 e 26 de julho) s\u00f3 funcionar\u00e3o as atividades essenciais. Nestes dias, para as atividades que n\u00e3o s\u00e3o essenciais est\u00e3o proibidas entregas em domic\u00edlio,&nbsp;drive thru&nbsp;e entrega em balc\u00e3o, exceto bares, lanchonetes e restaurantes.<\/p>\n\n\n\n<p class=\"wp-block-paragraph\">Os supermercados dever\u00e3o providenciar controle de acesso dos clientes, respeitando a ocupa\u00e7\u00e3o de, no m\u00e1ximo, um ter\u00e7o da capacidade e propor\u00e7\u00e3o de uma pessoa por 4m\u00b2. Al\u00e9m disso, o distanciamento entre os clientes nas filas dever\u00e1 ser 1,5 metro.<\/p>\n\n\n\n<p class=\"wp-block-paragraph\">Bares, lanchonetes e restaurantes poder\u00e3o atender presencialmente at\u00e9 \u00e0s 22h e, ap\u00f3s esse hor\u00e1rio, apenas por entrega em domic\u00edlio,&nbsp;drive thru&nbsp;e entrega em balc\u00e3o. Al\u00e9m disso, dever\u00e3o respeitar distanciamento de dois metros entre as mesas ou pessoas e a ocupa\u00e7\u00e3o n\u00e3o pode exceder um ter\u00e7o da lota\u00e7\u00e3o m\u00e1xima.<\/p>\n\n\n\n<p class=\"wp-block-paragraph\">Outro ponto destacado no decreto \u00e9 a proibi\u00e7\u00e3o de aglomera\u00e7\u00f5es em eventos, propriedades, espa\u00e7o de loca\u00e7\u00e3o, quando a ocupa\u00e7\u00e3o ultrapassar 10 pessoas e a propor\u00e7\u00e3o de uma pessoa a cada 4m\u00b2. Pr\u00e1ticas esportivas est\u00e3o liberadas nas quadras e clubes recreativos desde que n\u00e3o haja contato f\u00edsico entre os praticantes. Est\u00e3o permitidas tamb\u00e9m atividades de nata\u00e7\u00e3o e hidrogin\u00e1stica, desde que haja distanciamento entre os participantes.<\/p>\n\n\n\n<p class=\"wp-block-paragraph\"><strong>Uso de m\u00e1scaras faciais<\/strong><\/p>\n\n\n\n<p class=\"wp-block-paragraph\">Assim como nos decretos anteriores, o uso de m\u00e1scaras faciais \u00e9 obrigat\u00f3rio em todos os espa\u00e7os p\u00fablicos da cidade, como ruas, avenidas, pra\u00e7as e etc. e tamb\u00e9m no com\u00e9rcio em geral. A desobedi\u00eancia \u00e0 regra, al\u00e9m de trazer o risco de contamina\u00e7\u00e3o, pode acarretar em puni\u00e7\u00f5es e multas, conforme o C\u00f3digo de Posturas e o C\u00f3digo Sanit\u00e1rio Municipal.<\/p>\n\n\n\n<p class=\"wp-block-paragraph\"><strong>Outras determina\u00e7\u00f5es<\/strong><\/p>\n\n\n\n<p class=\"wp-block-paragraph\">At\u00e9 o dia 1\u00ba de agosto, est\u00e1 vedado o acesso \u00e0 plataforma de voo livre da Ibituruna e \u00e1reas pr\u00f3ximas para o p\u00fablico em geral, exceto para a pr\u00e1tica individual da modalidade. Cirurgias eletivas pelo SUS e rede privada est\u00e3o suspensas em Valadares, com exce\u00e7\u00e3o de cirurgias oncol\u00f3gicas e cardiovasculares.<\/p>\n\n\n\n<div class=\"wp-block-file\"><a href=\"https:\/\/aconteceunovale.com.br\/portal\/wp-content\/uploads\/2020\/07\/decreto_gv_23julho.pdf\"><span class=\"has-inline-color has-vivid-red-color\"><strong>&#8211; Decreto 11.198, de 23 de julho de 2020<\/strong><\/span><\/a><a href=\"https:\/\/aconteceunovale.com.br\/portal\/wp-content\/uploads\/2020\/07\/decreto_gv_23julho.pdf\" class=\"wp-block-file__button\" download>Baixar<\/a><\/div>\n\n\n\n<p class=\"has-background has-very-light-gray-background-color wp-block-paragraph\">Quer saber as not\u00edcias do <strong>Aconteceu no Vale<\/strong> em primeira m\u00e3o? Siga-nos no Facebook <a rel=\"noreferrer noopener\" href=\"http:\/\/facebook.com\/aconteceunovale\" target=\"_blank\">@aconteceunovale<\/a>, Twitter <a rel=\"noreferrer noopener\" href=\"https:\/\/twitter.com\/noticiadosvales\" target=\"_blank\">@noticiadosvales<\/a> e Instagram <a rel=\"noreferrer noopener\" href=\"https:\/\/www.instagram.com\/aconteceunovale\" target=\"_blank\">@aconteceunovale<\/a>.<\/p>\n","protected":false},"excerpt":{"rendered":"<p>Ap\u00f3s o Tribunal de Justi\u00e7a de Minas Gerais (TJMG) acompanhar a decis\u00e3o da desembargadora M\u00e1rcia Milanez, que determina aos munic\u00edpios seguir a Delibera\u00e7\u00e3o 17 do Governo do Estado e a Lei Estadual n\u00ba 13.317\/99, a Prefeitura de Governador Valadares decidiu aderir ao Plano Minas Consciente, voltado ao enfrentamento da pandemia da Covid-19. Com isso, as [&hellip;]<\/p>\n","protected":false},"author":1,"featured_media":164463,"comment_status":"open","ping_status":"closed","sticky":false,"template":"","format":"standard","meta":{"amp_status":"","footnotes":""},"categories":[121],"tags":[220829,225145,214884,218094,220825,216498,218304,224548,223531,223293,226006,222873,223206,223479,224938,225326,223376,223962,222851,223026,223730,225147,225144,222875,247,220827,222678,222297,220828,220826,224675,222976,222915,223139,223080,225773,225966,225624,18800,220832,222366,220831,222874,220830,225143,221816,225146,35082,221918,223055,226007,216458,222595,222753,18801,222876],"class_list":["post-166287","post","type-post","status-publish","format-standard","has-post-thumbnail","hentry","category-leste","tag-casos-de-coronavirus-em-governador-valadares","tag-comercio-em-governador-valadares","tag-coronavirus","tag-coronavirus-em-governador-valadares","tag-coronavirus-governador-valadares-tem-21-casos-confirmados-e-4-obitos","tag-covid-19","tag-covid-19-em-governador-valadares","tag-covid-19-governador-valadares-confirma-mais-dois-obitos-e-42-casos","tag-covid-19-governador-valadares-confirma-mais-nove-casos-e-um-obito","tag-covid-19-governador-valadares-registra-23-novos-casos-e-um-obito","tag-covid-19-governador-valadares-registra-mais-118-casos-e-um-obito","tag-covid-19-governador-valadares-registra-mais-18-casos-e-dois-obitos","tag-covid-19-governador-valadares-registra-mais-24-casos-e-3-obitos","tag-covid-19-governador-valadares-registra-mais-33-casos-e-dois-obitos","tag-covid-19-governador-valadares-registra-mais-36-casos-e-seis-obitos","tag-covid-19-governador-valadares-registra-mais-tres-mortes-e-15-casos","tag-covid-19-governador-valadares-tem-22-obitos-e-351-casos-confirmados","tag-covid-19-governador-valadares-tem-34-obitos-e-357-recuperados","tag-covid-19-prefeitura-de-governador-valadares-confirma-mais-10-casos-e-dois-obitos","tag-covid-19-prefeitura-de-governador-valadares-confirma-mais-14-casos-e-dois-obitos","tag-covid-19-prefeitura-de-governador-valadares-confirma-mais-34-casos-e-dois-obitos","tag-funcionamento-das-autoescolas-em-governador-valadares","tag-funcionamento-do-comercio-em-governador-valadares","tag-funcionario-da-prefeitura-de-governador-valadares","tag-governador-valadares","tag-governador-valadares-confirma-21-casos-de-covid-19","tag-governador-valadares-confirma-mais-13-casos-de-covid-19","tag-governador-valadares-confirma-mais-dois-obitos-por-covid-19","tag-governador-valadares-coronavirus","tag-governador-valadares-covid-19","tag-governador-valadares-passa-de-1-200-casos-confirmados-de-covid-19-53-pacientes-morreram-e-783-estao-recuperados","tag-governador-valadares-registra-15-novos-casos-de-covid-19","tag-governador-valadares-registra-mais-11-casos-de-covid-19","tag-governador-valadares-tem-200-pacientes-recuperados-da-covid-19","tag-governador-valadares-tem-271-casos-de-covid-19-180-pacientes-estao-recuperados-e-18-morreram","tag-governador-valadares-tem-3-103-casos-confirmados-de-covid-19-e-124-mortes","tag-governador-valadares-tem-3-346-casos-confirmados-de-covid-19-e-126-obitos","tag-governador-valadares-ultrapassa-marca-de-3-mil-casos-de-covid-19","tag-gv","tag-isolamento-social-em-governador-valadares","tag-mais-de-60-dos-infectados-com-coronavirus-em-governador-valadares-ja-estao-recuperados","tag-monitoramento-do-isolamento-social-em-valadares","tag-morte-de-funcionario-da-prefeitura-de-governador-valadares","tag-mortes-por-coronavirus-em-governador-valadares","tag-novo-decreto-da-prefeitura-de-governador-valadares-permite-praticas-esportivas-individuais-e-funcionamento-de-autoescolas","tag-numero-de-infectados-por-coronavirus-em-governador-valadares-sobe-para-76","tag-praticas-esportivas-em-governador-valadares","tag-prefeitura-de-governador-valadares","tag-prefeitura-de-governador-valadares-confirma-mais-8-casos-de-covid-19","tag-prefeitura-de-governador-valadares-confirma-mais-oito-casos-de-covid-19","tag-prefeitura-de-governador-valadares-vai-aderir-ao-plano-minas-consciente","tag-servidor-da-prefeitura-de-governador-valadares","tag-sobe-para-167-o-numero-de-casos-confirmados-de-coronavirus-em-governador-valadares","tag-sobe-para-193-o-numero-de-casos-confirmados-de-covid-19-em-governador-valadares","tag-valadares","tag-willian-coelho-almeida"],"yoast_head":"<!-- This site is optimized with the Yoast SEO plugin v28.3 - https:\/\/yoast.com\/product\/yoast-seo-wordpress\/ -->\n<title>Prefeitura de Governador Valadares vai aderir ao Plano Minas Consciente - Aconteceu no Vale<\/title>\n<meta name=\"robots\" content=\"index, follow, max-snippet:-1, max-image-preview:large, max-video-preview:-1\" \/>\n<link rel=\"canonical\" href=\"https:\/\/aconteceunovale.com.br\/portal\/?p=166287\" \/>\n<meta property=\"og:locale\" content=\"pt_BR\" \/>\n<meta property=\"og:type\" content=\"article\" \/>\n<meta property=\"og:title\" content=\"Prefeitura de Governador Valadares vai aderir ao Plano Minas Consciente - Aconteceu no Vale\" \/>\n<meta property=\"og:description\" content=\"Ap\u00f3s o Tribunal de Justi\u00e7a de Minas Gerais (TJMG) acompanhar a decis\u00e3o da desembargadora M\u00e1rcia Milanez, que determina aos munic\u00edpios seguir a Delibera\u00e7\u00e3o 17 do Governo do Estado e a Lei Estadual n\u00ba 13.317\/99, a Prefeitura de Governador Valadares decidiu aderir ao Plano Minas Consciente, voltado ao enfrentamento da pandemia da Covid-19. Com isso, as [&hellip;]\" \/>\n<meta property=\"og:url\" content=\"https:\/\/aconteceunovale.com.br\/portal\/?p=166287\" \/>\n<meta property=\"og:site_name\" content=\"Aconteceu no Vale\" \/>\n<meta property=\"article:publisher\" content=\"https:\/\/www.facebook.com\/aconteceunovale\/\" \/>\n<meta property=\"article:published_time\" content=\"2020-07-23T23:27:37+00:00\" \/>\n<meta property=\"article:modified_time\" content=\"2020-07-23T23:27:55+00:00\" \/>\n<meta property=\"og:image\" content=\"https:\/\/aconteceunovale.com.br\/portal\/wp-content\/uploads\/2020\/06\/valadares_1.jpg\" \/>\n\t<meta property=\"og:image:width\" content=\"678\" \/>\n\t<meta property=\"og:image:height\" content=\"380\" \/>\n\t<meta property=\"og:image:type\" content=\"image\/jpeg\" \/>\n<meta name=\"author\" content=\"Aconteceu no Vale\" \/>\n<meta name=\"twitter:card\" content=\"summary_large_image\" \/>\n<meta name=\"twitter:creator\" content=\"@noticiadosvales\" \/>\n<meta name=\"twitter:site\" content=\"@noticiadosvales\" \/>\n<meta name=\"twitter:label1\" content=\"Escrito por\" \/>\n\t<meta name=\"twitter:data1\" content=\"Aconteceu no Vale\" \/>\n\t<meta name=\"twitter:label2\" content=\"Est. tempo de leitura\" \/>\n\t<meta name=\"twitter:data2\" content=\"3 minutos\" \/>\n<script type=\"application\/ld+json\" class=\"yoast-schema-graph\">{\"@context\":\"https:\\\/\\\/schema.org\",\"@graph\":[{\"@type\":\"Article\",\"@id\":\"https:\\\/\\\/aconteceunovale.com.br\\\/portal\\\/?p=166287#article\",\"isPartOf\":{\"@id\":\"https:\\\/\\\/aconteceunovale.com.br\\\/portal\\\/?p=166287\"},\"author\":{\"name\":\"Aconteceu no Vale\",\"@id\":\"https:\\\/\\\/aconteceunovale.com.br\\\/portal\\\/#\\\/schema\\\/person\\\/633529146f2c94272bef50ac2953d589\"},\"headline\":\"Prefeitura de Governador Valadares vai aderir ao Plano Minas Consciente\",\"datePublished\":\"2020-07-23T23:27:37+00:00\",\"dateModified\":\"2020-07-23T23:27:55+00:00\",\"mainEntityOfPage\":{\"@id\":\"https:\\\/\\\/aconteceunovale.com.br\\\/portal\\\/?p=166287\"},\"wordCount\":632,\"commentCount\":0,\"image\":{\"@id\":\"https:\\\/\\\/aconteceunovale.com.br\\\/portal\\\/?p=166287#primaryimage\"},\"thumbnailUrl\":\"https:\\\/\\\/aconteceunovale.com.br\\\/portal\\\/wp-content\\\/uploads\\\/2020\\\/06\\\/valadares_1.jpg\",\"keywords\":[\"Casos de coronav\u00edrus em Governador Valadares\",\"Com\u00e9rcio em Governador Valadares\",\"Coronav\u00edrus\",\"Coronav\u00edrus em Governador Valadares\",\"Coronav\u00edrus: Governador Valadares tem 21 casos confirmados e 4 \u00f3bitos\",\"COVID-19\",\"Covid-19 em Governador Valadares\",\"Covid-19: Governador Valadares confirma mais dois \u00f3bitos e 42 casos\",\"Covid-19: Governador Valadares confirma mais nove casos e um \u00f3bito\",\"Covid-19: Governador Valadares registra 23 novos casos e um \u00f3bito\",\"Covid-19: Governador Valadares registra mais 118 casos e um \u00f3bito\",\"Covid-19: Governador Valadares registra mais 18 casos e dois \u00f3bitos\",\"Covid-19: Governador Valadares registra mais 24 casos e 3 \u00f3bitos\",\"Covid-19: Governador Valadares registra mais 33 casos e dois \u00f3bitos\",\"Covid-19: Governador Valadares registra mais 36 casos e seis \u00f3bitos\",\"Covid-19: Governador Valadares registra mais tr\u00eas mortes e 15 casos\",\"Covid-19: Governador Valadares tem 22 \u00f3bitos e 351 casos confirmados\",\"Covid-19: Governador Valadares tem 34 \u00f3bitos e 357 recuperados\",\"Covid-19: Prefeitura de Governador Valadares confirma mais 10 casos e dois \u00f3bitos\",\"Covid-19: Prefeitura de Governador Valadares confirma mais 14 casos e dois \u00f3bitos\",\"Covid-19: Prefeitura de Governador Valadares confirma mais 34 casos e dois \u00f3bitos\",\"Funcionamento das autoescolas em Governador Valadares\",\"Funcionamento do com\u00e9rcio em Governador Valadares\",\"Funcion\u00e1rio da Prefeitura de Governador Valadares\",\"Governador Valadares\",\"Governador Valadares confirma 21 casos de Covid-19\",\"Governador Valadares confirma mais 13 casos de Covid-19\",\"Governador Valadares confirma mais dois \u00f3bitos por Covid-19\",\"Governador Valadares coronav\u00edrus\",\"Governador Valadares Covid-19\",\"Governador Valadares passa de 1.200 casos confirmados de Covid-19; 53 pacientes morreram e 783 est\u00e3o recuperados\",\"Governador Valadares registra 15 novos casos de Covid-19\",\"Governador Valadares registra mais 11 casos de Covid-19\",\"Governador Valadares tem 200 pacientes recuperados da Covid-19\",\"Governador Valadares tem 271 casos de Covid-19; 180 pacientes est\u00e3o recuperados e 18 morreram\",\"Governador Valadares tem 3.103 casos confirmados de Covid-19 e 124 mortes\",\"Governador Valadares tem 3.346 casos confirmados de Covid-19 e 126 \u00f3bitos\",\"Governador Valadares ultrapassa marca de 3 mil casos de Covid-19\",\"gv\",\"Isolamento social em Governador Valadares\",\"Mais de 60% dos infectados com coronav\u00edrus em Governador Valadares j\u00e1 est\u00e3o recuperados\",\"Monitoramento do isolamento social em Valadares\",\"Morte de funcion\u00e1rio da Prefeitura de Governador Valadares\",\"Mortes por coronav\u00edrus em Governador Valadares\",\"Novo decreto da Prefeitura de Governador Valadares permite pr\u00e1ticas esportivas individuais e funcionamento de autoescolas\",\"N\u00famero de infectados por coronav\u00edrus em Governador Valadares sobe para 76\",\"Pr\u00e1ticas esportivas em Governador Valadares\",\"Prefeitura de Governador Valadares\",\"Prefeitura de Governador Valadares confirma mais 8 casos de Covid-19\",\"Prefeitura de Governador Valadares confirma mais oito casos de Covid-19\",\"Prefeitura de Governador Valadares vai aderir ao Plano Minas Consciente\",\"Servidor da Prefeitura de Governador Valadares\",\"Sobe para 167 o n\u00famero de casos confirmados de coronav\u00edrus em Governador Valadares\",\"Sobe para 193 o n\u00famero de casos confirmados de Covid-19 em Governador Valadares\",\"valadares\",\"Willian Coelho Almeida\"],\"articleSection\":[\"Leste de Minas\"],\"inLanguage\":\"pt-BR\",\"potentialAction\":[{\"@type\":\"CommentAction\",\"name\":\"Comment\",\"target\":[\"https:\\\/\\\/aconteceunovale.com.br\\\/portal\\\/?p=166287#respond\"]}]},{\"@type\":\"WebPage\",\"@id\":\"https:\\\/\\\/aconteceunovale.com.br\\\/portal\\\/?p=166287\",\"url\":\"https:\\\/\\\/aconteceunovale.com.br\\\/portal\\\/?p=166287\",\"name\":\"Prefeitura de Governador Valadares vai aderir ao Plano Minas Consciente - Aconteceu no Vale\",\"isPartOf\":{\"@id\":\"https:\\\/\\\/aconteceunovale.com.br\\\/portal\\\/#website\"},\"primaryImageOfPage\":{\"@id\":\"https:\\\/\\\/aconteceunovale.com.br\\\/portal\\\/?p=166287#primaryimage\"},\"image\":{\"@id\":\"https:\\\/\\\/aconteceunovale.com.br\\\/portal\\\/?p=166287#primaryimage\"},\"thumbnailUrl\":\"https:\\\/\\\/aconteceunovale.com.br\\\/portal\\\/wp-content\\\/uploads\\\/2020\\\/06\\\/valadares_1.jpg\",\"datePublished\":\"2020-07-23T23:27:37+00:00\",\"dateModified\":\"2020-07-23T23:27:55+00:00\",\"author\":{\"@id\":\"https:\\\/\\\/aconteceunovale.com.br\\\/portal\\\/#\\\/schema\\\/person\\\/633529146f2c94272bef50ac2953d589\"},\"breadcrumb\":{\"@id\":\"https:\\\/\\\/aconteceunovale.com.br\\\/portal\\\/?p=166287#breadcrumb\"},\"inLanguage\":\"pt-BR\",\"potentialAction\":[{\"@type\":\"ReadAction\",\"target\":[\"https:\\\/\\\/aconteceunovale.com.br\\\/portal\\\/?p=166287\"]}]},{\"@type\":\"ImageObject\",\"inLanguage\":\"pt-BR\",\"@id\":\"https:\\\/\\\/aconteceunovale.com.br\\\/portal\\\/?p=166287#primaryimage\",\"url\":\"https:\\\/\\\/aconteceunovale.com.br\\\/portal\\\/wp-content\\\/uploads\\\/2020\\\/06\\\/valadares_1.jpg\",\"contentUrl\":\"https:\\\/\\\/aconteceunovale.com.br\\\/portal\\\/wp-content\\\/uploads\\\/2020\\\/06\\\/valadares_1.jpg\",\"width\":678,\"height\":380},{\"@type\":\"BreadcrumbList\",\"@id\":\"https:\\\/\\\/aconteceunovale.com.br\\\/portal\\\/?p=166287#breadcrumb\",\"itemListElement\":[{\"@type\":\"ListItem\",\"position\":1,\"name\":\"In\u00edcio\",\"item\":\"https:\\\/\\\/aconteceunovale.com.br\\\/portal\\\/\"},{\"@type\":\"ListItem\",\"position\":2,\"name\":\"Prefeitura de Governador Valadares vai aderir ao Plano Minas Consciente\"}]},{\"@type\":\"WebSite\",\"@id\":\"https:\\\/\\\/aconteceunovale.com.br\\\/portal\\\/#website\",\"url\":\"https:\\\/\\\/aconteceunovale.com.br\\\/portal\\\/\",\"name\":\"Aconteceu no Vale\",\"description\":\"Portal de Not\u00edcias\",\"potentialAction\":[{\"@type\":\"SearchAction\",\"target\":{\"@type\":\"EntryPoint\",\"urlTemplate\":\"https:\\\/\\\/aconteceunovale.com.br\\\/portal\\\/?s={search_term_string}\"},\"query-input\":{\"@type\":\"PropertyValueSpecification\",\"valueRequired\":true,\"valueName\":\"search_term_string\"}}],\"inLanguage\":\"pt-BR\"},{\"@type\":\"Person\",\"@id\":\"https:\\\/\\\/aconteceunovale.com.br\\\/portal\\\/#\\\/schema\\\/person\\\/633529146f2c94272bef50ac2953d589\",\"name\":\"Aconteceu no Vale\",\"description\":\"Equipe de reportagem do Aconteceu no Vale, portal de not\u00edcias do Vale do Jequitinhonha, em Minas Gerais. Cobrimos as 51 cidades do Vale desde 2013. Sugest\u00f5es de pauta e pedidos de corre\u00e7\u00e3o: contato@aconteceunovale.com.br\",\"sameAs\":[\"http:\\\/\\\/www.aconteceunovale.com.br\"],\"url\":\"https:\\\/\\\/aconteceunovale.com.br\\\/portal\\\/?author=1\"}]}<\/script>\n<!-- \/ Yoast SEO plugin. -->","yoast_head_json":{"title":"Prefeitura de Governador Valadares vai aderir ao Plano Minas Consciente - Aconteceu no Vale","robots":{"index":"index","follow":"follow","max-snippet":"max-snippet:-1","max-image-preview":"max-image-preview:large","max-video-preview":"max-video-preview:-1"},"canonical":"https:\/\/aconteceunovale.com.br\/portal\/?p=166287","og_locale":"pt_BR","og_type":"article","og_title":"Prefeitura de Governador Valadares vai aderir ao Plano Minas Consciente - Aconteceu no Vale","og_description":"Ap\u00f3s o Tribunal de Justi\u00e7a de Minas Gerais (TJMG) acompanhar a decis\u00e3o da desembargadora M\u00e1rcia Milanez, que determina aos munic\u00edpios seguir a Delibera\u00e7\u00e3o 17 do Governo do Estado e a Lei Estadual n\u00ba 13.317\/99, a Prefeitura de Governador Valadares decidiu aderir ao Plano Minas Consciente, voltado ao enfrentamento da pandemia da Covid-19. Com isso, as [&hellip;]","og_url":"https:\/\/aconteceunovale.com.br\/portal\/?p=166287","og_site_name":"Aconteceu no Vale","article_publisher":"https:\/\/www.facebook.com\/aconteceunovale\/","article_published_time":"2020-07-23T23:27:37+00:00","article_modified_time":"2020-07-23T23:27:55+00:00","og_image":[{"width":678,"height":380,"url":"https:\/\/aconteceunovale.com.br\/portal\/wp-content\/uploads\/2020\/06\/valadares_1.jpg","type":"image\/jpeg"}],"author":"Aconteceu no Vale","twitter_card":"summary_large_image","twitter_creator":"@noticiadosvales","twitter_site":"@noticiadosvales","twitter_misc":{"Escrito por":"Aconteceu no Vale","Est. tempo de leitura":"3 minutos"},"schema":{"@context":"https:\/\/schema.org","@graph":[{"@type":"Article","@id":"https:\/\/aconteceunovale.com.br\/portal\/?p=166287#article","isPartOf":{"@id":"https:\/\/aconteceunovale.com.br\/portal\/?p=166287"},"author":{"name":"Aconteceu no Vale","@id":"https:\/\/aconteceunovale.com.br\/portal\/#\/schema\/person\/633529146f2c94272bef50ac2953d589"},"headline":"Prefeitura de Governador Valadares vai aderir ao Plano Minas Consciente","datePublished":"2020-07-23T23:27:37+00:00","dateModified":"2020-07-23T23:27:55+00:00","mainEntityOfPage":{"@id":"https:\/\/aconteceunovale.com.br\/portal\/?p=166287"},"wordCount":632,"commentCount":0,"image":{"@id":"https:\/\/aconteceunovale.com.br\/portal\/?p=166287#primaryimage"},"thumbnailUrl":"https:\/\/aconteceunovale.com.br\/portal\/wp-content\/uploads\/2020\/06\/valadares_1.jpg","keywords":["Casos de coronav\u00edrus em Governador Valadares","Com\u00e9rcio em Governador Valadares","Coronav\u00edrus","Coronav\u00edrus em Governador Valadares","Coronav\u00edrus: Governador Valadares tem 21 casos confirmados e 4 \u00f3bitos","COVID-19","Covid-19 em Governador Valadares","Covid-19: Governador Valadares confirma mais dois \u00f3bitos e 42 casos","Covid-19: Governador Valadares confirma mais nove casos e um \u00f3bito","Covid-19: Governador Valadares registra 23 novos casos e um \u00f3bito","Covid-19: Governador Valadares registra mais 118 casos e um \u00f3bito","Covid-19: Governador Valadares registra mais 18 casos e dois \u00f3bitos","Covid-19: Governador Valadares registra mais 24 casos e 3 \u00f3bitos","Covid-19: Governador Valadares registra mais 33 casos e dois \u00f3bitos","Covid-19: Governador Valadares registra mais 36 casos e seis \u00f3bitos","Covid-19: Governador Valadares registra mais tr\u00eas mortes e 15 casos","Covid-19: Governador Valadares tem 22 \u00f3bitos e 351 casos confirmados","Covid-19: Governador Valadares tem 34 \u00f3bitos e 357 recuperados","Covid-19: Prefeitura de Governador Valadares confirma mais 10 casos e dois \u00f3bitos","Covid-19: Prefeitura de Governador Valadares confirma mais 14 casos e dois \u00f3bitos","Covid-19: Prefeitura de Governador Valadares confirma mais 34 casos e dois \u00f3bitos","Funcionamento das autoescolas em Governador Valadares","Funcionamento do com\u00e9rcio em Governador Valadares","Funcion\u00e1rio da Prefeitura de Governador Valadares","Governador Valadares","Governador Valadares confirma 21 casos de Covid-19","Governador Valadares confirma mais 13 casos de Covid-19","Governador Valadares confirma mais dois \u00f3bitos por Covid-19","Governador Valadares coronav\u00edrus","Governador Valadares Covid-19","Governador Valadares passa de 1.200 casos confirmados de Covid-19; 53 pacientes morreram e 783 est\u00e3o recuperados","Governador Valadares registra 15 novos casos de Covid-19","Governador Valadares registra mais 11 casos de Covid-19","Governador Valadares tem 200 pacientes recuperados da Covid-19","Governador Valadares tem 271 casos de Covid-19; 180 pacientes est\u00e3o recuperados e 18 morreram","Governador Valadares tem 3.103 casos confirmados de Covid-19 e 124 mortes","Governador Valadares tem 3.346 casos confirmados de Covid-19 e 126 \u00f3bitos","Governador Valadares ultrapassa marca de 3 mil casos de Covid-19","gv","Isolamento social em Governador Valadares","Mais de 60% dos infectados com coronav\u00edrus em Governador Valadares j\u00e1 est\u00e3o recuperados","Monitoramento do isolamento social em Valadares","Morte de funcion\u00e1rio da Prefeitura de Governador Valadares","Mortes por coronav\u00edrus em Governador Valadares","Novo decreto da Prefeitura de Governador Valadares permite pr\u00e1ticas esportivas individuais e funcionamento de autoescolas","N\u00famero de infectados por coronav\u00edrus em Governador Valadares sobe para 76","Pr\u00e1ticas esportivas em Governador Valadares","Prefeitura de Governador Valadares","Prefeitura de Governador Valadares confirma mais 8 casos de Covid-19","Prefeitura de Governador Valadares confirma mais oito casos de Covid-19","Prefeitura de Governador Valadares vai aderir ao Plano Minas Consciente","Servidor da Prefeitura de Governador Valadares","Sobe para 167 o n\u00famero de casos confirmados de coronav\u00edrus em Governador Valadares","Sobe para 193 o n\u00famero de casos confirmados de Covid-19 em Governador Valadares","valadares","Willian Coelho Almeida"],"articleSection":["Leste de Minas"],"inLanguage":"pt-BR","potentialAction":[{"@type":"CommentAction","name":"Comment","target":["https:\/\/aconteceunovale.com.br\/portal\/?p=166287#respond"]}]},{"@type":"WebPage","@id":"https:\/\/aconteceunovale.com.br\/portal\/?p=166287","url":"https:\/\/aconteceunovale.com.br\/portal\/?p=166287","name":"Prefeitura de Governador Valadares vai aderir ao Plano Minas Consciente - Aconteceu no Vale","isPartOf":{"@id":"https:\/\/aconteceunovale.com.br\/portal\/#website"},"primaryImageOfPage":{"@id":"https:\/\/aconteceunovale.com.br\/portal\/?p=166287#primaryimage"},"image":{"@id":"https:\/\/aconteceunovale.com.br\/portal\/?p=166287#primaryimage"},"thumbnailUrl":"https:\/\/aconteceunovale.com.br\/portal\/wp-content\/uploads\/2020\/06\/valadares_1.jpg","datePublished":"2020-07-23T23:27:37+00:00","dateModified":"2020-07-23T23:27:55+00:00","author":{"@id":"https:\/\/aconteceunovale.com.br\/portal\/#\/schema\/person\/633529146f2c94272bef50ac2953d589"},"breadcrumb":{"@id":"https:\/\/aconteceunovale.com.br\/portal\/?p=166287#breadcrumb"},"inLanguage":"pt-BR","potentialAction":[{"@type":"ReadAction","target":["https:\/\/aconteceunovale.com.br\/portal\/?p=166287"]}]},{"@type":"ImageObject","inLanguage":"pt-BR","@id":"https:\/\/aconteceunovale.com.br\/portal\/?p=166287#primaryimage","url":"https:\/\/aconteceunovale.com.br\/portal\/wp-content\/uploads\/2020\/06\/valadares_1.jpg","contentUrl":"https:\/\/aconteceunovale.com.br\/portal\/wp-content\/uploads\/2020\/06\/valadares_1.jpg","width":678,"height":380},{"@type":"BreadcrumbList","@id":"https:\/\/aconteceunovale.com.br\/portal\/?p=166287#breadcrumb","itemListElement":[{"@type":"ListItem","position":1,"name":"In\u00edcio","item":"https:\/\/aconteceunovale.com.br\/portal\/"},{"@type":"ListItem","position":2,"name":"Prefeitura de Governador Valadares vai aderir ao Plano Minas Consciente"}]},{"@type":"WebSite","@id":"https:\/\/aconteceunovale.com.br\/portal\/#website","url":"https:\/\/aconteceunovale.com.br\/portal\/","name":"Aconteceu no Vale","description":"Portal de Not\u00edcias","potentialAction":[{"@type":"SearchAction","target":{"@type":"EntryPoint","urlTemplate":"https:\/\/aconteceunovale.com.br\/portal\/?s={search_term_string}"},"query-input":{"@type":"PropertyValueSpecification","valueRequired":true,"valueName":"search_term_string"}}],"inLanguage":"pt-BR"},{"@type":"Person","@id":"https:\/\/aconteceunovale.com.br\/portal\/#\/schema\/person\/633529146f2c94272bef50ac2953d589","name":"Aconteceu no Vale","description":"Equipe de reportagem do Aconteceu no Vale, portal de not\u00edcias do Vale do Jequitinhonha, em Minas Gerais. Cobrimos as 51 cidades do Vale desde 2013. Sugest\u00f5es de pauta e pedidos de corre\u00e7\u00e3o: contato@aconteceunovale.com.br","sameAs":["http:\/\/www.aconteceunovale.com.br"],"url":"https:\/\/aconteceunovale.com.br\/portal\/?author=1"}]}},"_links":{"self":[{"href":"https:\/\/aconteceunovale.com.br\/portal\/index.php?rest_route=\/wp\/v2\/posts\/166287","targetHints":{"allow":["GET"]}}],"collection":[{"href":"https:\/\/aconteceunovale.com.br\/portal\/index.php?rest_route=\/wp\/v2\/posts"}],"about":[{"href":"https:\/\/aconteceunovale.com.br\/portal\/index.php?rest_route=\/wp\/v2\/types\/post"}],"author":[{"embeddable":true,"href":"https:\/\/aconteceunovale.com.br\/portal\/index.php?rest_route=\/wp\/v2\/users\/1"}],"replies":[{"embeddable":true,"href":"https:\/\/aconteceunovale.com.br\/portal\/index.php?rest_route=%2Fwp%2Fv2%2Fcomments&post=166287"}],"version-history":[{"count":1,"href":"https:\/\/aconteceunovale.com.br\/portal\/index.php?rest_route=\/wp\/v2\/posts\/166287\/revisions"}],"predecessor-version":[{"id":166289,"href":"https:\/\/aconteceunovale.com.br\/portal\/index.php?rest_route=\/wp\/v2\/posts\/166287\/revisions\/166289"}],"wp:featuredmedia":[{"embeddable":true,"href":"https:\/\/aconteceunovale.com.br\/portal\/index.php?rest_route=\/wp\/v2\/media\/164463"}],"wp:attachment":[{"href":"https:\/\/aconteceunovale.com.br\/portal\/index.php?rest_route=%2Fwp%2Fv2%2Fmedia&parent=166287"}],"wp:term":[{"taxonomy":"category","embeddable":true,"href":"https:\/\/aconteceunovale.com.br\/portal\/index.php?rest_route=%2Fwp%2Fv2%2Fcategories&post=166287"},{"taxonomy":"post_tag","embeddable":true,"href":"https:\/\/aconteceunovale.com.br\/portal\/index.php?rest_route=%2Fwp%2Fv2%2Ftags&post=166287"}],"curies":[{"name":"wp","href":"https:\/\/api.w.org\/{rel}","templated":true}]}}