{"id":166272,"date":"2020-07-23T15:58:00","date_gmt":"2020-07-23T18:58:00","guid":{"rendered":"https:\/\/aconteceunovale.com.br\/portal\/?p=166272"},"modified":"2020-07-23T16:24:38","modified_gmt":"2020-07-23T19:24:38","slug":"numeros-da-pandemia-em-minas-gerais-sugerem-estabilizacao-da-doenca-diz-secretario","status":"publish","type":"post","link":"https:\/\/aconteceunovale.com.br\/portal\/?p=166272","title":{"rendered":"N\u00fameros da pandemia em Minas Gerais sugerem estabiliza\u00e7\u00e3o da doen\u00e7a, diz secret\u00e1rio"},"content":{"rendered":"\n<p class=\"wp-block-paragraph\">Conforme divulgado nessa quarta-feira (22\/7\/2020) pelo secret\u00e1rio de Estado de&nbsp;Sa\u00fade&nbsp;de Minas Gerais (SES-MG), Carlos Eduardo Amaral, os dados da pandemia em Minas apontam para uma estabiliza\u00e7\u00e3o. Embora o momento seja de alerta devido ao n\u00famero alto de casos, o estado n\u00e3o ultrapassou o registro de 60 mortes por dia por data de \u00f3bito e mant\u00e9m, nos \u00faltimos sete dias, uma m\u00e9dia di\u00e1ria de 59 pacientes mortos pela covid-19, o que sugere um plat\u00f4 da epidemia.<\/p>\n\n\n\n<p class=\"wp-block-paragraph\">A Secretaria de Sa\u00fade acompanha constantemente a evolu\u00e7\u00e3o no n\u00famero de \u00f3bitos causados pelo coronavirus. Quando um paciente morre supostamente por causa da doen\u00e7a, por\u00e9m sem que haja uma confirma\u00e7\u00e3o, s\u00e3o feitos exames para investigar a causa da morte, o que pode demorar muitos dias para o resultado. Confirmada a causa pela covid-19, o \u00f3bito, ent\u00e3o, \u00e9 registrado no boletim epidemiol\u00f3gico da SES, o que n\u00e3o significa que a pessoa morreu naquele dia.<\/p>\n\n\n\n<p class=\"wp-block-paragraph\">Por esse motivo, a SES faz o monitoramento do cen\u00e1rio pand\u00eamico baseando-se na data do \u00f3bito do paciente.&nbsp; Na ter\u00e7a-feira (21\/7), por exemplo, morreram duas pessoas no estado infectados pela covid-19. Trata-se de uma mulher de Betim, de 51 anos, e um homem, de 82, da cidade de Uberl\u00e2ndia. Ambos tinham confirma\u00e7\u00e3o para a infec\u00e7\u00e3o.<\/p>\n\n\n\n<p class=\"wp-block-paragraph\">No entanto, o boletim epidemiol\u00f3gico de quarta-feira (22\/07) divulgou o acumulado dos \u00faltimos dias, o que totalizou em 95 registros de mortes nas \u00faltimas 24 horas. A alta se deve ao ac\u00famulo de dados represados pelos munic\u00edpios, tanto por falta de profissionais para atualiza\u00e7\u00e3o aos s\u00e1bados e domingos quanto por resultado de confirma\u00e7\u00e3o dos \u00f3bitos pela covid por laborat\u00f3rio.<\/p>\n\n\n\n<p class=\"wp-block-paragraph\"><strong>Caminho da informa\u00e7\u00e3o<\/strong><\/p>\n\n\n\n<p class=\"wp-block-paragraph\">O sistema de coleta de dados da SES funciona assim: o n\u00famero de mortes causadas pelo coronav\u00edrus \u00e9 informado por cada munic\u00edpio, que preenche uma planilha diariamente a cada nova confirma\u00e7\u00e3o.<\/p>\n\n\n\n<p class=\"wp-block-paragraph\">Essas informa\u00e7\u00f5es n\u00e3o s\u00e3o atualizadas pela maioria das equipes de vigil\u00e2ncia epidemiol\u00f3gica municipais aos finais de semana, j\u00e1 que, em muitas localidades, h\u00e1 profissionais que n\u00e3o trabalham aos s\u00e1bados e domingos.<\/p>\n\n\n\n<p class=\"wp-block-paragraph\">Esse intervalo sem dados gera ac\u00famulo das informa\u00e7\u00f5es ao longo da semana.&nbsp; \u201cDepois do fim de semana, as equipes preenchem os dados nas planilhas nas segundas-feiras, passam para as regionais e, assim, os dados s\u00e3o atualizados para n\u00f3s \u00e0s ter\u00e7as-feiras \u00e0 tarde. \u00c9 por isso que h\u00e1 um n\u00famero mais alto de \u00f3bitos quando divulgamos os boletins epidemiol\u00f3gicos nas quartas-feiras\u201d, explica a m\u00e9dica epidemiologista da SES-MG, T\u00e2nia Marcial.<\/p>\n\n\n\n<p class=\"wp-block-paragraph\">Al\u00e9m disso, para a confirma\u00e7\u00e3o dos \u00f3bitos causados pela doen\u00e7a, em muitos casos, deve-se considerar tamb\u00e9m a demora dos resultados divulgados pelos laborat\u00f3rios. Segundo comentou o secret\u00e1rio Carlos Eduardo Amaral, em coletiva virtual (22\/7) a m\u00e9dia de atraso nessas confirma\u00e7\u00f5es em rela\u00e7\u00e3o \u00e0 constata\u00e7\u00e3o da morte est\u00e1 em torno de dez dias para 80% dos \u00f3bitos.<\/p>\n\n\n\n<p class=\"wp-block-paragraph\"><strong>M\u00e9dia m\u00f3vel<\/strong><\/p>\n\n\n\n<p class=\"wp-block-paragraph\">Uma das formas de se conhecer o comportamento mais pr\u00f3ximo da realidade da pandemia \u00e9 a chamada M\u00e9dia M\u00f3vel, um indicador usado por especialistas e em divulga\u00e7\u00f5es internacionais. Considerando as varia\u00e7\u00f5es que ocorrem para os registros de casos e \u00f3bitos nos boletins epidemiol\u00f3gicos, como os atrasos nos preenchimentos das planilhas e a demora dos resultados dos laborat\u00f3rios, h\u00e1 um ac\u00famulo na divulga\u00e7\u00e3o dos casos, o que prejudica a real dimens\u00e3o da doen\u00e7a.<\/p>\n\n\n\n<p class=\"wp-block-paragraph\">Com a M\u00e9dia M\u00f3vel, \u00e9 poss\u00edvel calcular uma m\u00e9dia mais aproximada da realidade do estado, ao se somar o n\u00famero de mortes ou casos nos \u00faltimos sete dias e dividir o resultado por sete. Em Minas Gerais, nos \u00faltimos sete dias, foram registradas 332 novas mortes, subindo de 1.752 na \u00faltima quarta-feira (15\/7) para 2.166 nesta quarta-feira (22\/7). Ao dividir esse n\u00famero por sete, h\u00e1 uma m\u00e9dia de 59 mortes por dia.<\/p>\n\n\n\n<p class=\"wp-block-paragraph\">Inclusive, de acordo com dados do Minist\u00e9rio da Sa\u00fade, Minas Gerais apresenta a 2\u00aa menor taxa de \u00f3bitos (9,78) por 100 mil habitantes, ficando atr\u00e1s somente do Mato Grosso do Sul (8,92). O resultado de Minas \u00e9 77% menor que a m\u00e9dia dos estados (41,70), e 75% menor do que a m\u00e9dia brasileira (38,78).<\/p>\n\n\n\n<p style=\"background-color:#d5f7e9\" class=\"has-background wp-block-paragraph\"><strong>Sa\u00fade Digital MG &#8211; Covid19<\/strong>&nbsp;\u00e9 uma plataforma para auxiliar na autoavalia\u00e7\u00e3o de sa\u00fade com foco no coronav\u00edrus, oferecendo direcionamento para acesso \u00e0 rede de Sa\u00fade do Estado. O aplicativo est\u00e1 dispon\u00edvel para download no Google Play (<a rel=\"noreferrer noopener\" href=\"https:\/\/play.google.com\/store\/apps\/details?id=tt.melriskmed.tt&amp;hl=pt_BR\" target=\"_blank\">Android<\/a>) e na App Store (<a rel=\"noreferrer noopener\" href=\"https:\/\/apps.apple.com\/br\/app\/sa%C3%BAde-digital-mg-covid-19\/id1522069543\" target=\"_blank\">iOS<\/a>).<\/p>\n\n\n\n<h2 class=\"wp-block-heading\"><strong>Minas Gerais tem mais de 100 mil casos confirmados de Covid-19 e 2.238 \u00f3bitos<\/strong><\/h2>\n\n\n\n<p class=\"wp-block-paragraph\">A Secretaria de Sa\u00fade de Minas Gerais (SES-MG) registrou 3.827 casos de Covid-19 de ontem para hoje (23\/7\/2020). Segundo informa\u00e7\u00f5es do boletim epidemiol\u00f3gico, atualizado na manh\u00e3 desta quinta-feira, o Estado soma 102.568 pessoas atingidas pelo novo coronav\u00edrus.<\/p>\n\n\n\n<p class=\"wp-block-paragraph\">Do total de casos confirmados, segundo a SES-MG, 24.090 pacientes est\u00e3o em acompanhamento (11.882 internados) e 76.240 se recuperaram da doen\u00e7a.<\/p>\n\n\n\n<p class=\"wp-block-paragraph\">O n\u00famero de \u00f3bitos causados pela doen\u00e7a subiu de 2.166 para 2.238 (72 novos). A taxa de letalidade ficou em 2,1%.<\/p>\n\n\n\n<p class=\"wp-block-paragraph\">Confira os relat\u00f3rios da SES-MG:<\/p>\n\n\n\n<div class=\"wp-block-file\"><a href=\"https:\/\/aconteceunovale.com.br\/portal\/wp-content\/uploads\/2020\/07\/boletim_mg_23julho.pdf\"><span class=\"has-inline-color has-vivid-red-color\">&#8211; Boletim epidemiol\u00f3gico de 23\/7\/2020<\/span><\/a><a href=\"https:\/\/aconteceunovale.com.br\/portal\/wp-content\/uploads\/2020\/07\/boletim_mg_23julho.pdf\" class=\"wp-block-file__button\" download>Baixar<\/a><\/div>\n\n\n\n<div class=\"wp-block-file\"><a href=\"https:\/\/aconteceunovale.com.br\/portal\/wp-content\/uploads\/2020\/07\/obitos_mg_23julho.pdf\"><span class=\"has-inline-color has-vivid-red-color\">&#8211; \u00d3bitos confirmados at\u00e9 23\/7\/2020<\/span><\/a><a href=\"https:\/\/aconteceunovale.com.br\/portal\/wp-content\/uploads\/2020\/07\/obitos_mg_23julho.pdf\" class=\"wp-block-file__button\" download>Baixar<\/a><\/div>\n\n\n\n<p class=\"has-text-color has-vivid-red-color wp-block-paragraph\">&#8211; <a rel=\"noreferrer noopener\" href=\"http:\/\/aconteceunovale.com.br\/portal\/?p=159949\" target=\"_blank\">Distribui\u00e7\u00e3o geogr\u00e1fica dos casos (clique aqui)<\/a><\/p>\n\n\n\n<p class=\"has-background has-very-light-gray-background-color wp-block-paragraph\">Quer saber as not\u00edcias do <strong>Aconteceu no Vale<\/strong> em primeira m\u00e3o? Siga-nos no Facebook <a rel=\"noreferrer noopener\" href=\"http:\/\/facebook.com\/aconteceunovale\" target=\"_blank\">@aconteceunovale<\/a>, Twitter <a rel=\"noreferrer noopener\" href=\"https:\/\/twitter.com\/noticiadosvales\" target=\"_blank\">@noticiadosvales<\/a> e Instagram <a rel=\"noreferrer noopener\" href=\"https:\/\/www.instagram.com\/aconteceunovale\" target=\"_blank\">@aconteceunovale<\/a>.<\/p>\n","protected":false},"excerpt":{"rendered":"<p>Conforme divulgado nessa quarta-feira (22\/7\/2020) pelo secret\u00e1rio de Estado de&nbsp;Sa\u00fade&nbsp;de Minas Gerais (SES-MG), Carlos Eduardo Amaral, os dados da pandemia em Minas apontam para uma estabiliza\u00e7\u00e3o. Embora o momento seja de alerta devido ao n\u00famero alto de casos, o estado n\u00e3o ultrapassou o registro de 60 mortes por dia por data de \u00f3bito e mant\u00e9m, [&hellip;]<\/p>\n","protected":false},"author":1,"featured_media":166273,"comment_status":"open","ping_status":"closed","sticky":false,"template":"","format":"standard","meta":{"amp_status":"","footnotes":""},"categories":[123,40242],"tags":[217799,219851,219853,214884,216498,221718,226002,226001,226004,226003,226000,219855,215653,221717,219854,219852,217692,221719,220285,220287,220286],"class_list":["post-166272","post","type-post","status-publish","format-standard","has-post-thumbnail","hentry","category-gerais","category-saude-2","tag-casos-de-coronavirus-em-minas-gerais","tag-casos-de-covid-19-em-minas-gerais","tag-cidades-com-casos-de-coronavirus-em-minas-gerais","tag-coronavirus","tag-covid-19","tag-curados-do-coronavirus-em-minas-gerais","tag-estabilizacao-da-covid-19-em-minas-gerais","tag-estabilizacao-do-coronavirus-em-minas-gerais","tag-media-movel-da-covid-19-em-minas-gerais","tag-media-movel-do-coronavirus-em-minas-gerais","tag-media-movel-em-minas-gerais","tag-mortes-por-coronavirus-em-minas-gerais","tag-novo-coronavirus","tag-numero-de-curados-do-coronavirus-em-minas-gerais","tag-numeros-do-coronavirus-em-minas-gerais","tag-obitos-por-coronavirus-em-minas-gerias","tag-pandemia-de-coronavirus","tag-recuperados-do-coronavirus-em-minas-gerais","tag-secretaria-de-saude-atualiza-numeros-do-coronavirus-em-minas-gerais","tag-secretaria-de-saude-de-minas-gerais-atualiza-numeros-do-coronavirus","tag-ses-mg-atualiza-numeros-do-coronavirus"],"yoast_head":"<!-- This site is optimized with the Yoast SEO plugin v28.3 - https:\/\/yoast.com\/product\/yoast-seo-wordpress\/ -->\n<title>N\u00fameros da pandemia em Minas Gerais sugerem estabiliza\u00e7\u00e3o da doen\u00e7a, diz secret\u00e1rio - Aconteceu no Vale<\/title>\n<meta name=\"robots\" content=\"index, follow, max-snippet:-1, max-image-preview:large, max-video-preview:-1\" \/>\n<link rel=\"canonical\" href=\"https:\/\/aconteceunovale.com.br\/portal\/?p=166272\" \/>\n<meta property=\"og:locale\" content=\"pt_BR\" \/>\n<meta property=\"og:type\" content=\"article\" \/>\n<meta property=\"og:title\" content=\"N\u00fameros da pandemia em Minas Gerais sugerem estabiliza\u00e7\u00e3o da doen\u00e7a, diz secret\u00e1rio - Aconteceu no Vale\" \/>\n<meta property=\"og:description\" content=\"Conforme divulgado nessa quarta-feira (22\/7\/2020) pelo secret\u00e1rio de Estado de&nbsp;Sa\u00fade&nbsp;de Minas Gerais (SES-MG), Carlos Eduardo Amaral, os dados da pandemia em Minas apontam para uma estabiliza\u00e7\u00e3o. Embora o momento seja de alerta devido ao n\u00famero alto de casos, o estado n\u00e3o ultrapassou o registro de 60 mortes por dia por data de \u00f3bito e mant\u00e9m, [&hellip;]\" \/>\n<meta property=\"og:url\" content=\"https:\/\/aconteceunovale.com.br\/portal\/?p=166272\" \/>\n<meta property=\"og:site_name\" content=\"Aconteceu no Vale\" \/>\n<meta property=\"article:publisher\" content=\"https:\/\/www.facebook.com\/aconteceunovale\/\" \/>\n<meta property=\"article:published_time\" content=\"2020-07-23T18:58:00+00:00\" \/>\n<meta property=\"article:modified_time\" content=\"2020-07-23T19:24:38+00:00\" \/>\n<meta property=\"og:image\" content=\"https:\/\/aconteceunovale.com.br\/portal\/wp-content\/uploads\/2020\/07\/corona_covid_mg.jpg\" \/>\n\t<meta property=\"og:image:width\" content=\"678\" \/>\n\t<meta property=\"og:image:height\" content=\"381\" \/>\n\t<meta property=\"og:image:type\" content=\"image\/jpeg\" \/>\n<meta name=\"author\" content=\"Aconteceu no Vale\" \/>\n<meta name=\"twitter:card\" content=\"summary_large_image\" \/>\n<meta name=\"twitter:creator\" content=\"@noticiadosvales\" \/>\n<meta name=\"twitter:site\" content=\"@noticiadosvales\" \/>\n<meta name=\"twitter:label1\" content=\"Escrito por\" \/>\n\t<meta name=\"twitter:data1\" content=\"Aconteceu no Vale\" \/>\n\t<meta name=\"twitter:label2\" content=\"Est. tempo de leitura\" \/>\n\t<meta name=\"twitter:data2\" content=\"4 minutos\" \/>\n<script type=\"application\/ld+json\" class=\"yoast-schema-graph\">{\"@context\":\"https:\\\/\\\/schema.org\",\"@graph\":[{\"@type\":\"Article\",\"@id\":\"https:\\\/\\\/aconteceunovale.com.br\\\/portal\\\/?p=166272#article\",\"isPartOf\":{\"@id\":\"https:\\\/\\\/aconteceunovale.com.br\\\/portal\\\/?p=166272\"},\"author\":{\"name\":\"Aconteceu no Vale\",\"@id\":\"https:\\\/\\\/aconteceunovale.com.br\\\/portal\\\/#\\\/schema\\\/person\\\/633529146f2c94272bef50ac2953d589\"},\"headline\":\"N\u00fameros da pandemia em Minas Gerais sugerem estabiliza\u00e7\u00e3o da doen\u00e7a, diz secret\u00e1rio\",\"datePublished\":\"2020-07-23T18:58:00+00:00\",\"dateModified\":\"2020-07-23T19:24:38+00:00\",\"mainEntityOfPage\":{\"@id\":\"https:\\\/\\\/aconteceunovale.com.br\\\/portal\\\/?p=166272\"},\"wordCount\":912,\"commentCount\":0,\"image\":{\"@id\":\"https:\\\/\\\/aconteceunovale.com.br\\\/portal\\\/?p=166272#primaryimage\"},\"thumbnailUrl\":\"https:\\\/\\\/aconteceunovale.com.br\\\/portal\\\/wp-content\\\/uploads\\\/2020\\\/07\\\/corona_covid_mg.jpg\",\"keywords\":[\"Casos de coronav\u00edrus em Minas Gerais\",\"Casos de covid-19 em Minas Gerais\",\"Cidades com casos de coronav\u00edrus em Minas Gerais\",\"Coronav\u00edrus\",\"COVID-19\",\"Curados do coronav\u00edrus em Minas Gerais\",\"Estabiliza\u00e7\u00e3o da Covid-19 em MInas Gerais\",\"Estabiliza\u00e7\u00e3o do coronav\u00edrus em Minas Gerais\",\"M\u00e9dia m\u00f3vel da covid-19 em Minas Gerais\",\"M\u00e9dia m\u00f3vel do coronav\u00edrus em Minas Gerais\",\"M\u00e9dia m\u00f3vel em Minas Gerais\",\"Mortes por coronav\u00edrus em Minas Gerais\",\"Novo coronav\u00edrus\",\"N\u00famero de curados do coronav\u00edrus em Minas Gerais\",\"N\u00fameros do coronav\u00edrus em Minas Gerais\",\"\u00d3bitos por coronav\u00edrus em Minas Gerias\",\"Pandemia de coronav\u00edrus\",\"Recuperados do coronav\u00edrus em Minas Gerais\",\"Secretaria de Sa\u00fade atualiza n\u00fameros do coronav\u00edrus em Minas Gerais\",\"Secretaria de Sa\u00fade de Minas Gerais atualiza n\u00fameros do coronav\u00edrus\",\"SES-MG atualiza n\u00fameros do coronav\u00edrus\"],\"articleSection\":[\"Minas Gerais\",\"Sa\u00fade\"],\"inLanguage\":\"pt-BR\",\"potentialAction\":[{\"@type\":\"CommentAction\",\"name\":\"Comment\",\"target\":[\"https:\\\/\\\/aconteceunovale.com.br\\\/portal\\\/?p=166272#respond\"]}]},{\"@type\":\"WebPage\",\"@id\":\"https:\\\/\\\/aconteceunovale.com.br\\\/portal\\\/?p=166272\",\"url\":\"https:\\\/\\\/aconteceunovale.com.br\\\/portal\\\/?p=166272\",\"name\":\"N\u00fameros da pandemia em Minas Gerais sugerem estabiliza\u00e7\u00e3o da doen\u00e7a, diz secret\u00e1rio - Aconteceu no Vale\",\"isPartOf\":{\"@id\":\"https:\\\/\\\/aconteceunovale.com.br\\\/portal\\\/#website\"},\"primaryImageOfPage\":{\"@id\":\"https:\\\/\\\/aconteceunovale.com.br\\\/portal\\\/?p=166272#primaryimage\"},\"image\":{\"@id\":\"https:\\\/\\\/aconteceunovale.com.br\\\/portal\\\/?p=166272#primaryimage\"},\"thumbnailUrl\":\"https:\\\/\\\/aconteceunovale.com.br\\\/portal\\\/wp-content\\\/uploads\\\/2020\\\/07\\\/corona_covid_mg.jpg\",\"datePublished\":\"2020-07-23T18:58:00+00:00\",\"dateModified\":\"2020-07-23T19:24:38+00:00\",\"author\":{\"@id\":\"https:\\\/\\\/aconteceunovale.com.br\\\/portal\\\/#\\\/schema\\\/person\\\/633529146f2c94272bef50ac2953d589\"},\"breadcrumb\":{\"@id\":\"https:\\\/\\\/aconteceunovale.com.br\\\/portal\\\/?p=166272#breadcrumb\"},\"inLanguage\":\"pt-BR\",\"potentialAction\":[{\"@type\":\"ReadAction\",\"target\":[\"https:\\\/\\\/aconteceunovale.com.br\\\/portal\\\/?p=166272\"]}]},{\"@type\":\"ImageObject\",\"inLanguage\":\"pt-BR\",\"@id\":\"https:\\\/\\\/aconteceunovale.com.br\\\/portal\\\/?p=166272#primaryimage\",\"url\":\"https:\\\/\\\/aconteceunovale.com.br\\\/portal\\\/wp-content\\\/uploads\\\/2020\\\/07\\\/corona_covid_mg.jpg\",\"contentUrl\":\"https:\\\/\\\/aconteceunovale.com.br\\\/portal\\\/wp-content\\\/uploads\\\/2020\\\/07\\\/corona_covid_mg.jpg\",\"width\":678,\"height\":381},{\"@type\":\"BreadcrumbList\",\"@id\":\"https:\\\/\\\/aconteceunovale.com.br\\\/portal\\\/?p=166272#breadcrumb\",\"itemListElement\":[{\"@type\":\"ListItem\",\"position\":1,\"name\":\"In\u00edcio\",\"item\":\"https:\\\/\\\/aconteceunovale.com.br\\\/portal\\\/\"},{\"@type\":\"ListItem\",\"position\":2,\"name\":\"N\u00fameros da pandemia em Minas Gerais sugerem estabiliza\u00e7\u00e3o da doen\u00e7a, diz secret\u00e1rio\"}]},{\"@type\":\"WebSite\",\"@id\":\"https:\\\/\\\/aconteceunovale.com.br\\\/portal\\\/#website\",\"url\":\"https:\\\/\\\/aconteceunovale.com.br\\\/portal\\\/\",\"name\":\"Aconteceu no Vale\",\"description\":\"Portal de Not\u00edcias\",\"potentialAction\":[{\"@type\":\"SearchAction\",\"target\":{\"@type\":\"EntryPoint\",\"urlTemplate\":\"https:\\\/\\\/aconteceunovale.com.br\\\/portal\\\/?s={search_term_string}\"},\"query-input\":{\"@type\":\"PropertyValueSpecification\",\"valueRequired\":true,\"valueName\":\"search_term_string\"}}],\"inLanguage\":\"pt-BR\"},{\"@type\":\"Person\",\"@id\":\"https:\\\/\\\/aconteceunovale.com.br\\\/portal\\\/#\\\/schema\\\/person\\\/633529146f2c94272bef50ac2953d589\",\"name\":\"Aconteceu no Vale\",\"description\":\"Equipe de reportagem do Aconteceu no Vale, portal de not\u00edcias do Vale do Jequitinhonha, em Minas Gerais. Cobrimos as 51 cidades do Vale desde 2013. Sugest\u00f5es de pauta e pedidos de corre\u00e7\u00e3o: contato@aconteceunovale.com.br\",\"sameAs\":[\"http:\\\/\\\/www.aconteceunovale.com.br\"],\"url\":\"https:\\\/\\\/aconteceunovale.com.br\\\/portal\\\/?author=1\"}]}<\/script>\n<!-- \/ Yoast SEO plugin. -->","yoast_head_json":{"title":"N\u00fameros da pandemia em Minas Gerais sugerem estabiliza\u00e7\u00e3o da doen\u00e7a, diz secret\u00e1rio - Aconteceu no Vale","robots":{"index":"index","follow":"follow","max-snippet":"max-snippet:-1","max-image-preview":"max-image-preview:large","max-video-preview":"max-video-preview:-1"},"canonical":"https:\/\/aconteceunovale.com.br\/portal\/?p=166272","og_locale":"pt_BR","og_type":"article","og_title":"N\u00fameros da pandemia em Minas Gerais sugerem estabiliza\u00e7\u00e3o da doen\u00e7a, diz secret\u00e1rio - Aconteceu no Vale","og_description":"Conforme divulgado nessa quarta-feira (22\/7\/2020) pelo secret\u00e1rio de Estado de&nbsp;Sa\u00fade&nbsp;de Minas Gerais (SES-MG), Carlos Eduardo Amaral, os dados da pandemia em Minas apontam para uma estabiliza\u00e7\u00e3o. Embora o momento seja de alerta devido ao n\u00famero alto de casos, o estado n\u00e3o ultrapassou o registro de 60 mortes por dia por data de \u00f3bito e mant\u00e9m, [&hellip;]","og_url":"https:\/\/aconteceunovale.com.br\/portal\/?p=166272","og_site_name":"Aconteceu no Vale","article_publisher":"https:\/\/www.facebook.com\/aconteceunovale\/","article_published_time":"2020-07-23T18:58:00+00:00","article_modified_time":"2020-07-23T19:24:38+00:00","og_image":[{"width":678,"height":381,"url":"https:\/\/aconteceunovale.com.br\/portal\/wp-content\/uploads\/2020\/07\/corona_covid_mg.jpg","type":"image\/jpeg"}],"author":"Aconteceu no Vale","twitter_card":"summary_large_image","twitter_creator":"@noticiadosvales","twitter_site":"@noticiadosvales","twitter_misc":{"Escrito por":"Aconteceu no Vale","Est. tempo de leitura":"4 minutos"},"schema":{"@context":"https:\/\/schema.org","@graph":[{"@type":"Article","@id":"https:\/\/aconteceunovale.com.br\/portal\/?p=166272#article","isPartOf":{"@id":"https:\/\/aconteceunovale.com.br\/portal\/?p=166272"},"author":{"name":"Aconteceu no Vale","@id":"https:\/\/aconteceunovale.com.br\/portal\/#\/schema\/person\/633529146f2c94272bef50ac2953d589"},"headline":"N\u00fameros da pandemia em Minas Gerais sugerem estabiliza\u00e7\u00e3o da doen\u00e7a, diz secret\u00e1rio","datePublished":"2020-07-23T18:58:00+00:00","dateModified":"2020-07-23T19:24:38+00:00","mainEntityOfPage":{"@id":"https:\/\/aconteceunovale.com.br\/portal\/?p=166272"},"wordCount":912,"commentCount":0,"image":{"@id":"https:\/\/aconteceunovale.com.br\/portal\/?p=166272#primaryimage"},"thumbnailUrl":"https:\/\/aconteceunovale.com.br\/portal\/wp-content\/uploads\/2020\/07\/corona_covid_mg.jpg","keywords":["Casos de coronav\u00edrus em Minas Gerais","Casos de covid-19 em Minas Gerais","Cidades com casos de coronav\u00edrus em Minas Gerais","Coronav\u00edrus","COVID-19","Curados do coronav\u00edrus em Minas Gerais","Estabiliza\u00e7\u00e3o da Covid-19 em MInas Gerais","Estabiliza\u00e7\u00e3o do coronav\u00edrus em Minas Gerais","M\u00e9dia m\u00f3vel da covid-19 em Minas Gerais","M\u00e9dia m\u00f3vel do coronav\u00edrus em Minas Gerais","M\u00e9dia m\u00f3vel em Minas Gerais","Mortes por coronav\u00edrus em Minas Gerais","Novo coronav\u00edrus","N\u00famero de curados do coronav\u00edrus em Minas Gerais","N\u00fameros do coronav\u00edrus em Minas Gerais","\u00d3bitos por coronav\u00edrus em Minas Gerias","Pandemia de coronav\u00edrus","Recuperados do coronav\u00edrus em Minas Gerais","Secretaria de Sa\u00fade atualiza n\u00fameros do coronav\u00edrus em Minas Gerais","Secretaria de Sa\u00fade de Minas Gerais atualiza n\u00fameros do coronav\u00edrus","SES-MG atualiza n\u00fameros do coronav\u00edrus"],"articleSection":["Minas Gerais","Sa\u00fade"],"inLanguage":"pt-BR","potentialAction":[{"@type":"CommentAction","name":"Comment","target":["https:\/\/aconteceunovale.com.br\/portal\/?p=166272#respond"]}]},{"@type":"WebPage","@id":"https:\/\/aconteceunovale.com.br\/portal\/?p=166272","url":"https:\/\/aconteceunovale.com.br\/portal\/?p=166272","name":"N\u00fameros da pandemia em Minas Gerais sugerem estabiliza\u00e7\u00e3o da doen\u00e7a, diz secret\u00e1rio - Aconteceu no Vale","isPartOf":{"@id":"https:\/\/aconteceunovale.com.br\/portal\/#website"},"primaryImageOfPage":{"@id":"https:\/\/aconteceunovale.com.br\/portal\/?p=166272#primaryimage"},"image":{"@id":"https:\/\/aconteceunovale.com.br\/portal\/?p=166272#primaryimage"},"thumbnailUrl":"https:\/\/aconteceunovale.com.br\/portal\/wp-content\/uploads\/2020\/07\/corona_covid_mg.jpg","datePublished":"2020-07-23T18:58:00+00:00","dateModified":"2020-07-23T19:24:38+00:00","author":{"@id":"https:\/\/aconteceunovale.com.br\/portal\/#\/schema\/person\/633529146f2c94272bef50ac2953d589"},"breadcrumb":{"@id":"https:\/\/aconteceunovale.com.br\/portal\/?p=166272#breadcrumb"},"inLanguage":"pt-BR","potentialAction":[{"@type":"ReadAction","target":["https:\/\/aconteceunovale.com.br\/portal\/?p=166272"]}]},{"@type":"ImageObject","inLanguage":"pt-BR","@id":"https:\/\/aconteceunovale.com.br\/portal\/?p=166272#primaryimage","url":"https:\/\/aconteceunovale.com.br\/portal\/wp-content\/uploads\/2020\/07\/corona_covid_mg.jpg","contentUrl":"https:\/\/aconteceunovale.com.br\/portal\/wp-content\/uploads\/2020\/07\/corona_covid_mg.jpg","width":678,"height":381},{"@type":"BreadcrumbList","@id":"https:\/\/aconteceunovale.com.br\/portal\/?p=166272#breadcrumb","itemListElement":[{"@type":"ListItem","position":1,"name":"In\u00edcio","item":"https:\/\/aconteceunovale.com.br\/portal\/"},{"@type":"ListItem","position":2,"name":"N\u00fameros da pandemia em Minas Gerais sugerem estabiliza\u00e7\u00e3o da doen\u00e7a, diz secret\u00e1rio"}]},{"@type":"WebSite","@id":"https:\/\/aconteceunovale.com.br\/portal\/#website","url":"https:\/\/aconteceunovale.com.br\/portal\/","name":"Aconteceu no Vale","description":"Portal de Not\u00edcias","potentialAction":[{"@type":"SearchAction","target":{"@type":"EntryPoint","urlTemplate":"https:\/\/aconteceunovale.com.br\/portal\/?s={search_term_string}"},"query-input":{"@type":"PropertyValueSpecification","valueRequired":true,"valueName":"search_term_string"}}],"inLanguage":"pt-BR"},{"@type":"Person","@id":"https:\/\/aconteceunovale.com.br\/portal\/#\/schema\/person\/633529146f2c94272bef50ac2953d589","name":"Aconteceu no Vale","description":"Equipe de reportagem do Aconteceu no Vale, portal de not\u00edcias do Vale do Jequitinhonha, em Minas Gerais. Cobrimos as 51 cidades do Vale desde 2013. Sugest\u00f5es de pauta e pedidos de corre\u00e7\u00e3o: contato@aconteceunovale.com.br","sameAs":["http:\/\/www.aconteceunovale.com.br"],"url":"https:\/\/aconteceunovale.com.br\/portal\/?author=1"}]}},"_links":{"self":[{"href":"https:\/\/aconteceunovale.com.br\/portal\/index.php?rest_route=\/wp\/v2\/posts\/166272","targetHints":{"allow":["GET"]}}],"collection":[{"href":"https:\/\/aconteceunovale.com.br\/portal\/index.php?rest_route=\/wp\/v2\/posts"}],"about":[{"href":"https:\/\/aconteceunovale.com.br\/portal\/index.php?rest_route=\/wp\/v2\/types\/post"}],"author":[{"embeddable":true,"href":"https:\/\/aconteceunovale.com.br\/portal\/index.php?rest_route=\/wp\/v2\/users\/1"}],"replies":[{"embeddable":true,"href":"https:\/\/aconteceunovale.com.br\/portal\/index.php?rest_route=%2Fwp%2Fv2%2Fcomments&post=166272"}],"version-history":[{"count":2,"href":"https:\/\/aconteceunovale.com.br\/portal\/index.php?rest_route=\/wp\/v2\/posts\/166272\/revisions"}],"predecessor-version":[{"id":166281,"href":"https:\/\/aconteceunovale.com.br\/portal\/index.php?rest_route=\/wp\/v2\/posts\/166272\/revisions\/166281"}],"wp:featuredmedia":[{"embeddable":true,"href":"https:\/\/aconteceunovale.com.br\/portal\/index.php?rest_route=\/wp\/v2\/media\/166273"}],"wp:attachment":[{"href":"https:\/\/aconteceunovale.com.br\/portal\/index.php?rest_route=%2Fwp%2Fv2%2Fmedia&parent=166272"}],"wp:term":[{"taxonomy":"category","embeddable":true,"href":"https:\/\/aconteceunovale.com.br\/portal\/index.php?rest_route=%2Fwp%2Fv2%2Fcategories&post=166272"},{"taxonomy":"post_tag","embeddable":true,"href":"https:\/\/aconteceunovale.com.br\/portal\/index.php?rest_route=%2Fwp%2Fv2%2Ftags&post=166272"}],"curies":[{"name":"wp","href":"https:\/\/api.w.org\/{rel}","templated":true}]}}