{"id":166270,"date":"2020-07-23T12:17:44","date_gmt":"2020-07-23T15:17:44","guid":{"rendered":"https:\/\/aconteceunovale.com.br\/portal\/?p=166270"},"modified":"2020-07-23T12:18:33","modified_gmt":"2020-07-23T15:18:33","slug":"seguro-desemprego-podera-ser-recebido-em-conta-a-partir-de-amanha","status":"publish","type":"post","link":"https:\/\/aconteceunovale.com.br\/portal\/?p=166270","title":{"rendered":"Seguro-desemprego poder\u00e1 ser recebido em conta a partir de amanh\u00e3"},"content":{"rendered":"\n<p class=\"wp-block-paragraph\">A partir de amanh\u00e3 (24\/7), o trabalhador poder\u00e1 solicitar o seguro-desemprego e informar dados da conta banc\u00e1ria de sua titularidade e prefer\u00eancia para receber o benef\u00edcio. A nova possibilidade de pagamento abrange o seguro-desemprego nas modalidades formal, bolsa de qualifica\u00e7\u00e3o profissional, empregado\u00a0dom\u00e9stico e trabalhador resgatado.<\/p>\n\n\n\n<p class=\"wp-block-paragraph\">Para solicitar o benef\u00edcio na conta banc\u00e1ria pr\u00f3pria, o trabalhador precisar\u00e1 informar, no ato da solicita\u00e7\u00e3o do benef\u00edcio, o tipo de conta (corrente ou poupan\u00e7a), o n\u00famero e o nome do banco, o n\u00famero da ag\u00eancia com o respectivo d\u00edgito verificador (DV), e o n\u00famero da conta de titularidade do trabalhador com DV.<\/p>\n\n\n\n<p class=\"wp-block-paragraph\">A Secretaria de Trabalho, do Minist\u00e9rio da Economia, destaca que n\u00e3o devem ser informados dados de contas sal\u00e1rios, pois nessas somente podem ser feitos&nbsp;dep\u00f3sitos e transfer\u00eancias de empregadores cadastrados, segundo normas estabelecidas pelo Banco Central.<\/p>\n\n\n\n<p class=\"wp-block-paragraph\">A solicita\u00e7\u00e3o do seguro-desemprego pode ser feita no aplicativo da&nbsp;<a href=\"https:\/\/www.gov.br\/pt-br\/temas\/carteira-de-trabalho-digital\" target=\"_blank\" rel=\"noreferrer noopener\">Carteira de Trabalho Digital<\/a>&nbsp;ou no&nbsp;<a href=\"https:\/\/www.gov.br\/pt-br\/servicos\/solicitar-o-seguro-desemprego\" target=\"_blank\" rel=\"noreferrer noopener\">portal gov.br<\/a>&nbsp;e tamb\u00e9m est\u00e1 dispon\u00edvel para quem buscar atendimento presencial nas unidades de atendimento ao trabalhador.<\/p>\n\n\n\n<p class=\"wp-block-paragraph\">Antes da medida, o benef\u00edcio somente podia ser pago por meio de dep\u00f3sito em conta poupan\u00e7a ou conta simplificada para correntistas da Caixa Econ\u00f4mica Federal; por uso do Cart\u00e3o Cidad\u00e3o, com saque nos caixas eletr\u00f4nicos de autoatendimento desse banco; ou ainda presencialmente, nas ag\u00eancias da Caixa, mediante apresenta\u00e7\u00e3o de documento de identifica\u00e7\u00e3o civil.<\/p>\n\n\n\n<p class=\"wp-block-paragraph\">Essas op\u00e7\u00f5es continuam dispon\u00edveis, mas, a partir da mudan\u00e7a, passa a ser permitido o pagamento por qualquer banco integrante do sistema financeiro brasileiro, por meio de transfer\u00eancia eletr\u00f4nica banc\u00e1ria (TED) para dep\u00f3sito em conta corrente ou poupan\u00e7a de titularidade do beneficiado.<\/p>\n\n\n\n<p class=\"wp-block-paragraph\">A amplia\u00e7\u00e3o na forma de recebimento do seguro-desemprego se tornou poss\u00edvel por meio da Resolu\u00e7\u00e3o n\u00ba 847\/2019, do Conselho Deliberativo do Fundo de Amparo ao Trabalhador (Codefat), que admitiu o novo canal de pagamento sem qualquer \u00f4nus para o benefici\u00e1rio.<\/p>\n\n\n\n<p class=\"wp-block-paragraph\">De acordo com a secretaria, a mudan\u00e7a foi operacionalizada em trabalho conjunto da Secretaria Especial de Previd\u00eancia e Trabalho do Minist\u00e9rio da Economia, Caixa Econ\u00f4mica Federal e Empresa de Tecnologia e Informa\u00e7\u00f5es da Previd\u00eancia (Dataprev).<\/p>\n\n\n\n<p class=\"has-background has-very-light-gray-background-color wp-block-paragraph\">Quer saber as not\u00edcias do <strong>Aconteceu no Vale<\/strong> em primeira m\u00e3o? Siga-nos no Facebook <a rel=\"noreferrer noopener\" href=\"http:\/\/facebook.com\/aconteceunovale\" target=\"_blank\">@aconteceunovale<\/a>, Twitter <a rel=\"noreferrer noopener\" href=\"https:\/\/twitter.com\/noticiadosvales\" target=\"_blank\">@noticiadosvales<\/a> e Instagram <a rel=\"noreferrer noopener\" href=\"https:\/\/www.instagram.com\/aconteceunovale\" target=\"_blank\">@aconteceunovale<\/a>.<\/p>\n","protected":false},"excerpt":{"rendered":"<p>A partir de amanh\u00e3 (24\/7), o trabalhador poder\u00e1 solicitar o seguro-desemprego e informar dados da conta banc\u00e1ria de sua titularidade e prefer\u00eancia para receber o benef\u00edcio. A nova possibilidade de pagamento abrange o seguro-desemprego nas modalidades formal, bolsa de qualifica\u00e7\u00e3o profissional, empregado\u00a0dom\u00e9stico e trabalhador resgatado. Para solicitar o benef\u00edcio na conta banc\u00e1ria pr\u00f3pria, o trabalhador [&hellip;]<\/p>\n","protected":false},"author":1,"featured_media":133149,"comment_status":"open","ping_status":"closed","sticky":false,"template":"","format":"standard","meta":{"amp_status":"","footnotes":""},"categories":[6,40236],"tags":[225107,46533,225108,225109,89407,74572,53907,1018,184661,164072,225110,225111,225997,225999,225998],"class_list":["post-166270","post","type-post","status-publish","format-standard","has-post-thumbnail","hentry","category-br","category-empregos-2","tag-brasil-registrou-mais-de-653-mil-pedidos-de-seguro-desemprego-em-junho","tag-crise-no-brasil","tag-demissoes-no-brasil","tag-desempregados-minas-gerais","tag-desempregados-no-brasil","tag-desemprego-em-minas-gerais","tag-desemprego-no-brasil","tag-destaque","tag-ministerio-da-economia","tag-numero-de-desempregados-no-brasil","tag-seguro-desemprego-brasil","tag-seguro-desemprego-minas-gerais","tag-seguro-desemprego-podera-ser-recebido-em-conta-a-partir-de-amanha","tag-solicitacao-do-seguro-desemprego","tag-solicitar-seguro-desemprego"],"yoast_head":"<!-- This site is optimized with the Yoast SEO plugin v28.3 - https:\/\/yoast.com\/product\/yoast-seo-wordpress\/ -->\n<title>Seguro-desemprego poder\u00e1 ser recebido em conta a partir de amanh\u00e3 - Aconteceu no Vale<\/title>\n<meta name=\"robots\" content=\"index, follow, max-snippet:-1, max-image-preview:large, max-video-preview:-1\" \/>\n<link rel=\"canonical\" href=\"https:\/\/aconteceunovale.com.br\/portal\/?p=166270\" \/>\n<meta property=\"og:locale\" content=\"pt_BR\" \/>\n<meta property=\"og:type\" content=\"article\" \/>\n<meta property=\"og:title\" content=\"Seguro-desemprego poder\u00e1 ser recebido em conta a partir de amanh\u00e3 - Aconteceu no Vale\" \/>\n<meta property=\"og:description\" content=\"A partir de amanh\u00e3 (24\/7), o trabalhador poder\u00e1 solicitar o seguro-desemprego e informar dados da conta banc\u00e1ria de sua titularidade e prefer\u00eancia para receber o benef\u00edcio. A nova possibilidade de pagamento abrange o seguro-desemprego nas modalidades formal, bolsa de qualifica\u00e7\u00e3o profissional, empregado\u00a0dom\u00e9stico e trabalhador resgatado. Para solicitar o benef\u00edcio na conta banc\u00e1ria pr\u00f3pria, o trabalhador [&hellip;]\" \/>\n<meta property=\"og:url\" content=\"https:\/\/aconteceunovale.com.br\/portal\/?p=166270\" \/>\n<meta property=\"og:site_name\" content=\"Aconteceu no Vale\" \/>\n<meta property=\"article:publisher\" content=\"https:\/\/www.facebook.com\/aconteceunovale\/\" \/>\n<meta property=\"article:published_time\" content=\"2020-07-23T15:17:44+00:00\" \/>\n<meta property=\"article:modified_time\" content=\"2020-07-23T15:18:33+00:00\" \/>\n<meta property=\"og:image\" content=\"https:\/\/aconteceunovale.com.br\/portal\/wp-content\/uploads\/2018\/06\/ctps_dinheiro.png\" \/>\n\t<meta property=\"og:image:width\" content=\"600\" \/>\n\t<meta property=\"og:image:height\" content=\"314\" \/>\n\t<meta property=\"og:image:type\" content=\"image\/png\" \/>\n<meta name=\"author\" content=\"Aconteceu no Vale\" \/>\n<meta name=\"twitter:card\" content=\"summary_large_image\" \/>\n<meta name=\"twitter:creator\" content=\"@noticiadosvales\" \/>\n<meta name=\"twitter:site\" content=\"@noticiadosvales\" \/>\n<meta name=\"twitter:label1\" content=\"Escrito por\" \/>\n\t<meta name=\"twitter:data1\" content=\"Aconteceu no Vale\" \/>\n\t<meta name=\"twitter:label2\" content=\"Est. tempo de leitura\" \/>\n\t<meta name=\"twitter:data2\" content=\"2 minutos\" \/>\n<script type=\"application\/ld+json\" class=\"yoast-schema-graph\">{\"@context\":\"https:\\\/\\\/schema.org\",\"@graph\":[{\"@type\":\"Article\",\"@id\":\"https:\\\/\\\/aconteceunovale.com.br\\\/portal\\\/?p=166270#article\",\"isPartOf\":{\"@id\":\"https:\\\/\\\/aconteceunovale.com.br\\\/portal\\\/?p=166270\"},\"author\":{\"name\":\"Aconteceu no Vale\",\"@id\":\"https:\\\/\\\/aconteceunovale.com.br\\\/portal\\\/#\\\/schema\\\/person\\\/633529146f2c94272bef50ac2953d589\"},\"headline\":\"Seguro-desemprego poder\u00e1 ser recebido em conta a partir de amanh\u00e3\",\"datePublished\":\"2020-07-23T15:17:44+00:00\",\"dateModified\":\"2020-07-23T15:18:33+00:00\",\"mainEntityOfPage\":{\"@id\":\"https:\\\/\\\/aconteceunovale.com.br\\\/portal\\\/?p=166270\"},\"wordCount\":425,\"commentCount\":0,\"image\":{\"@id\":\"https:\\\/\\\/aconteceunovale.com.br\\\/portal\\\/?p=166270#primaryimage\"},\"thumbnailUrl\":\"https:\\\/\\\/aconteceunovale.com.br\\\/portal\\\/wp-content\\\/uploads\\\/2018\\\/06\\\/ctps_dinheiro.png\",\"keywords\":[\"Brasil registrou mais de 653 mil pedidos de seguro-desemprego em junho\",\"crise no brasil\",\"Demiss\u00f5es no Brasil\",\"Desempregados Minas Gerais\",\"desempregados no brasil\",\"desemprego em minas gerais\",\"desemprego no brasil\",\"destaque\",\"Minist\u00e9rio da Economia\",\"N\u00famero de desempregados no Brasil\",\"Seguro-desemprego Brasil\",\"Seguro-desemprego Minas Gerais\",\"Seguro-desemprego poder\u00e1 ser recebido em conta a partir de amanh\u00e3\",\"Solicita\u00e7\u00e3o do seguro-desemprego\",\"Solicitar seguro-desemprego\"],\"articleSection\":[\"Brasil\",\"Empregos\"],\"inLanguage\":\"pt-BR\",\"potentialAction\":[{\"@type\":\"CommentAction\",\"name\":\"Comment\",\"target\":[\"https:\\\/\\\/aconteceunovale.com.br\\\/portal\\\/?p=166270#respond\"]}]},{\"@type\":\"WebPage\",\"@id\":\"https:\\\/\\\/aconteceunovale.com.br\\\/portal\\\/?p=166270\",\"url\":\"https:\\\/\\\/aconteceunovale.com.br\\\/portal\\\/?p=166270\",\"name\":\"Seguro-desemprego poder\u00e1 ser recebido em conta a partir de amanh\u00e3 - Aconteceu no Vale\",\"isPartOf\":{\"@id\":\"https:\\\/\\\/aconteceunovale.com.br\\\/portal\\\/#website\"},\"primaryImageOfPage\":{\"@id\":\"https:\\\/\\\/aconteceunovale.com.br\\\/portal\\\/?p=166270#primaryimage\"},\"image\":{\"@id\":\"https:\\\/\\\/aconteceunovale.com.br\\\/portal\\\/?p=166270#primaryimage\"},\"thumbnailUrl\":\"https:\\\/\\\/aconteceunovale.com.br\\\/portal\\\/wp-content\\\/uploads\\\/2018\\\/06\\\/ctps_dinheiro.png\",\"datePublished\":\"2020-07-23T15:17:44+00:00\",\"dateModified\":\"2020-07-23T15:18:33+00:00\",\"author\":{\"@id\":\"https:\\\/\\\/aconteceunovale.com.br\\\/portal\\\/#\\\/schema\\\/person\\\/633529146f2c94272bef50ac2953d589\"},\"breadcrumb\":{\"@id\":\"https:\\\/\\\/aconteceunovale.com.br\\\/portal\\\/?p=166270#breadcrumb\"},\"inLanguage\":\"pt-BR\",\"potentialAction\":[{\"@type\":\"ReadAction\",\"target\":[\"https:\\\/\\\/aconteceunovale.com.br\\\/portal\\\/?p=166270\"]}]},{\"@type\":\"ImageObject\",\"inLanguage\":\"pt-BR\",\"@id\":\"https:\\\/\\\/aconteceunovale.com.br\\\/portal\\\/?p=166270#primaryimage\",\"url\":\"https:\\\/\\\/aconteceunovale.com.br\\\/portal\\\/wp-content\\\/uploads\\\/2018\\\/06\\\/ctps_dinheiro.png\",\"contentUrl\":\"https:\\\/\\\/aconteceunovale.com.br\\\/portal\\\/wp-content\\\/uploads\\\/2018\\\/06\\\/ctps_dinheiro.png\",\"width\":600,\"height\":314},{\"@type\":\"BreadcrumbList\",\"@id\":\"https:\\\/\\\/aconteceunovale.com.br\\\/portal\\\/?p=166270#breadcrumb\",\"itemListElement\":[{\"@type\":\"ListItem\",\"position\":1,\"name\":\"In\u00edcio\",\"item\":\"https:\\\/\\\/aconteceunovale.com.br\\\/portal\\\/\"},{\"@type\":\"ListItem\",\"position\":2,\"name\":\"Seguro-desemprego poder\u00e1 ser recebido em conta a partir de amanh\u00e3\"}]},{\"@type\":\"WebSite\",\"@id\":\"https:\\\/\\\/aconteceunovale.com.br\\\/portal\\\/#website\",\"url\":\"https:\\\/\\\/aconteceunovale.com.br\\\/portal\\\/\",\"name\":\"Aconteceu no Vale\",\"description\":\"Portal de Not\u00edcias\",\"potentialAction\":[{\"@type\":\"SearchAction\",\"target\":{\"@type\":\"EntryPoint\",\"urlTemplate\":\"https:\\\/\\\/aconteceunovale.com.br\\\/portal\\\/?s={search_term_string}\"},\"query-input\":{\"@type\":\"PropertyValueSpecification\",\"valueRequired\":true,\"valueName\":\"search_term_string\"}}],\"inLanguage\":\"pt-BR\"},{\"@type\":\"Person\",\"@id\":\"https:\\\/\\\/aconteceunovale.com.br\\\/portal\\\/#\\\/schema\\\/person\\\/633529146f2c94272bef50ac2953d589\",\"name\":\"Aconteceu no Vale\",\"description\":\"Equipe de reportagem do Aconteceu no Vale, portal de not\u00edcias do Vale do Jequitinhonha, em Minas Gerais. Cobrimos as 51 cidades do Vale desde 2013. Sugest\u00f5es de pauta e pedidos de corre\u00e7\u00e3o: contato@aconteceunovale.com.br\",\"sameAs\":[\"http:\\\/\\\/www.aconteceunovale.com.br\"],\"url\":\"https:\\\/\\\/aconteceunovale.com.br\\\/portal\\\/?author=1\"}]}<\/script>\n<!-- \/ Yoast SEO plugin. -->","yoast_head_json":{"title":"Seguro-desemprego poder\u00e1 ser recebido em conta a partir de amanh\u00e3 - Aconteceu no Vale","robots":{"index":"index","follow":"follow","max-snippet":"max-snippet:-1","max-image-preview":"max-image-preview:large","max-video-preview":"max-video-preview:-1"},"canonical":"https:\/\/aconteceunovale.com.br\/portal\/?p=166270","og_locale":"pt_BR","og_type":"article","og_title":"Seguro-desemprego poder\u00e1 ser recebido em conta a partir de amanh\u00e3 - Aconteceu no Vale","og_description":"A partir de amanh\u00e3 (24\/7), o trabalhador poder\u00e1 solicitar o seguro-desemprego e informar dados da conta banc\u00e1ria de sua titularidade e prefer\u00eancia para receber o benef\u00edcio. A nova possibilidade de pagamento abrange o seguro-desemprego nas modalidades formal, bolsa de qualifica\u00e7\u00e3o profissional, empregado\u00a0dom\u00e9stico e trabalhador resgatado. Para solicitar o benef\u00edcio na conta banc\u00e1ria pr\u00f3pria, o trabalhador [&hellip;]","og_url":"https:\/\/aconteceunovale.com.br\/portal\/?p=166270","og_site_name":"Aconteceu no Vale","article_publisher":"https:\/\/www.facebook.com\/aconteceunovale\/","article_published_time":"2020-07-23T15:17:44+00:00","article_modified_time":"2020-07-23T15:18:33+00:00","og_image":[{"width":600,"height":314,"url":"https:\/\/aconteceunovale.com.br\/portal\/wp-content\/uploads\/2018\/06\/ctps_dinheiro.png","type":"image\/png"}],"author":"Aconteceu no Vale","twitter_card":"summary_large_image","twitter_creator":"@noticiadosvales","twitter_site":"@noticiadosvales","twitter_misc":{"Escrito por":"Aconteceu no Vale","Est. tempo de leitura":"2 minutos"},"schema":{"@context":"https:\/\/schema.org","@graph":[{"@type":"Article","@id":"https:\/\/aconteceunovale.com.br\/portal\/?p=166270#article","isPartOf":{"@id":"https:\/\/aconteceunovale.com.br\/portal\/?p=166270"},"author":{"name":"Aconteceu no Vale","@id":"https:\/\/aconteceunovale.com.br\/portal\/#\/schema\/person\/633529146f2c94272bef50ac2953d589"},"headline":"Seguro-desemprego poder\u00e1 ser recebido em conta a partir de amanh\u00e3","datePublished":"2020-07-23T15:17:44+00:00","dateModified":"2020-07-23T15:18:33+00:00","mainEntityOfPage":{"@id":"https:\/\/aconteceunovale.com.br\/portal\/?p=166270"},"wordCount":425,"commentCount":0,"image":{"@id":"https:\/\/aconteceunovale.com.br\/portal\/?p=166270#primaryimage"},"thumbnailUrl":"https:\/\/aconteceunovale.com.br\/portal\/wp-content\/uploads\/2018\/06\/ctps_dinheiro.png","keywords":["Brasil registrou mais de 653 mil pedidos de seguro-desemprego em junho","crise no brasil","Demiss\u00f5es no Brasil","Desempregados Minas Gerais","desempregados no brasil","desemprego em minas gerais","desemprego no brasil","destaque","Minist\u00e9rio da Economia","N\u00famero de desempregados no Brasil","Seguro-desemprego Brasil","Seguro-desemprego Minas Gerais","Seguro-desemprego poder\u00e1 ser recebido em conta a partir de amanh\u00e3","Solicita\u00e7\u00e3o do seguro-desemprego","Solicitar seguro-desemprego"],"articleSection":["Brasil","Empregos"],"inLanguage":"pt-BR","potentialAction":[{"@type":"CommentAction","name":"Comment","target":["https:\/\/aconteceunovale.com.br\/portal\/?p=166270#respond"]}]},{"@type":"WebPage","@id":"https:\/\/aconteceunovale.com.br\/portal\/?p=166270","url":"https:\/\/aconteceunovale.com.br\/portal\/?p=166270","name":"Seguro-desemprego poder\u00e1 ser recebido em conta a partir de amanh\u00e3 - Aconteceu no Vale","isPartOf":{"@id":"https:\/\/aconteceunovale.com.br\/portal\/#website"},"primaryImageOfPage":{"@id":"https:\/\/aconteceunovale.com.br\/portal\/?p=166270#primaryimage"},"image":{"@id":"https:\/\/aconteceunovale.com.br\/portal\/?p=166270#primaryimage"},"thumbnailUrl":"https:\/\/aconteceunovale.com.br\/portal\/wp-content\/uploads\/2018\/06\/ctps_dinheiro.png","datePublished":"2020-07-23T15:17:44+00:00","dateModified":"2020-07-23T15:18:33+00:00","author":{"@id":"https:\/\/aconteceunovale.com.br\/portal\/#\/schema\/person\/633529146f2c94272bef50ac2953d589"},"breadcrumb":{"@id":"https:\/\/aconteceunovale.com.br\/portal\/?p=166270#breadcrumb"},"inLanguage":"pt-BR","potentialAction":[{"@type":"ReadAction","target":["https:\/\/aconteceunovale.com.br\/portal\/?p=166270"]}]},{"@type":"ImageObject","inLanguage":"pt-BR","@id":"https:\/\/aconteceunovale.com.br\/portal\/?p=166270#primaryimage","url":"https:\/\/aconteceunovale.com.br\/portal\/wp-content\/uploads\/2018\/06\/ctps_dinheiro.png","contentUrl":"https:\/\/aconteceunovale.com.br\/portal\/wp-content\/uploads\/2018\/06\/ctps_dinheiro.png","width":600,"height":314},{"@type":"BreadcrumbList","@id":"https:\/\/aconteceunovale.com.br\/portal\/?p=166270#breadcrumb","itemListElement":[{"@type":"ListItem","position":1,"name":"In\u00edcio","item":"https:\/\/aconteceunovale.com.br\/portal\/"},{"@type":"ListItem","position":2,"name":"Seguro-desemprego poder\u00e1 ser recebido em conta a partir de amanh\u00e3"}]},{"@type":"WebSite","@id":"https:\/\/aconteceunovale.com.br\/portal\/#website","url":"https:\/\/aconteceunovale.com.br\/portal\/","name":"Aconteceu no Vale","description":"Portal de Not\u00edcias","potentialAction":[{"@type":"SearchAction","target":{"@type":"EntryPoint","urlTemplate":"https:\/\/aconteceunovale.com.br\/portal\/?s={search_term_string}"},"query-input":{"@type":"PropertyValueSpecification","valueRequired":true,"valueName":"search_term_string"}}],"inLanguage":"pt-BR"},{"@type":"Person","@id":"https:\/\/aconteceunovale.com.br\/portal\/#\/schema\/person\/633529146f2c94272bef50ac2953d589","name":"Aconteceu no Vale","description":"Equipe de reportagem do Aconteceu no Vale, portal de not\u00edcias do Vale do Jequitinhonha, em Minas Gerais. Cobrimos as 51 cidades do Vale desde 2013. Sugest\u00f5es de pauta e pedidos de corre\u00e7\u00e3o: contato@aconteceunovale.com.br","sameAs":["http:\/\/www.aconteceunovale.com.br"],"url":"https:\/\/aconteceunovale.com.br\/portal\/?author=1"}]}},"_links":{"self":[{"href":"https:\/\/aconteceunovale.com.br\/portal\/index.php?rest_route=\/wp\/v2\/posts\/166270","targetHints":{"allow":["GET"]}}],"collection":[{"href":"https:\/\/aconteceunovale.com.br\/portal\/index.php?rest_route=\/wp\/v2\/posts"}],"about":[{"href":"https:\/\/aconteceunovale.com.br\/portal\/index.php?rest_route=\/wp\/v2\/types\/post"}],"author":[{"embeddable":true,"href":"https:\/\/aconteceunovale.com.br\/portal\/index.php?rest_route=\/wp\/v2\/users\/1"}],"replies":[{"embeddable":true,"href":"https:\/\/aconteceunovale.com.br\/portal\/index.php?rest_route=%2Fwp%2Fv2%2Fcomments&post=166270"}],"version-history":[{"count":1,"href":"https:\/\/aconteceunovale.com.br\/portal\/index.php?rest_route=\/wp\/v2\/posts\/166270\/revisions"}],"predecessor-version":[{"id":166271,"href":"https:\/\/aconteceunovale.com.br\/portal\/index.php?rest_route=\/wp\/v2\/posts\/166270\/revisions\/166271"}],"wp:featuredmedia":[{"embeddable":true,"href":"https:\/\/aconteceunovale.com.br\/portal\/index.php?rest_route=\/wp\/v2\/media\/133149"}],"wp:attachment":[{"href":"https:\/\/aconteceunovale.com.br\/portal\/index.php?rest_route=%2Fwp%2Fv2%2Fmedia&parent=166270"}],"wp:term":[{"taxonomy":"category","embeddable":true,"href":"https:\/\/aconteceunovale.com.br\/portal\/index.php?rest_route=%2Fwp%2Fv2%2Fcategories&post=166270"},{"taxonomy":"post_tag","embeddable":true,"href":"https:\/\/aconteceunovale.com.br\/portal\/index.php?rest_route=%2Fwp%2Fv2%2Ftags&post=166270"}],"curies":[{"name":"wp","href":"https:\/\/api.w.org\/{rel}","templated":true}]}}