{"id":166268,"date":"2020-07-23T12:14:56","date_gmt":"2020-07-23T15:14:56","guid":{"rendered":"https:\/\/aconteceunovale.com.br\/portal\/?p=166268"},"modified":"2020-07-23T12:15:51","modified_gmt":"2020-07-23T15:15:51","slug":"auxilio-emergencial-chega-a-294-milhoes-de-domicilios-indica-pesquisa-do-ibge","status":"publish","type":"post","link":"https:\/\/aconteceunovale.com.br\/portal\/?p=166268","title":{"rendered":"Aux\u00edlio emergencial chega a 29,4 milh\u00f5es de domic\u00edlios, indica pesquisa do IBGE"},"content":{"rendered":"\n<p class=\"wp-block-paragraph\">Pesquisa do Instituto Brasileiro de Geografia e Estat\u00edstica (IBGE) indica que cerca de 29,4 milh\u00f5es de domic\u00edlios brasileiros, ou seja, 43% do total, receberam, em junho deste ano, algum tipo de medida de prote\u00e7\u00e3o social para enfrentar a crise causada pela pandemia do novo coronav\u00edrus, como o Aux\u00edlio Emergencial e o Benef\u00edcio Emergencial de Preserva\u00e7\u00e3o do Emprego e da Renda. Na compara\u00e7\u00e3o com o m\u00eas anterior, foram mais 3,1 milh\u00f5es de lares beneficiados.<\/p>\n\n\n\n<p class=\"wp-block-paragraph\">No mesmo m\u00eas, quase 50% da popula\u00e7\u00e3o (49,5%), aproximadamente 104,5 milh\u00f5es de pessoas, moravam em domic\u00edlios nos quais, pelo menos, um integrante recebeu aux\u00edlio. Segundo o diretor-adjunto de pesquisas do IBGE, &nbsp; Cimar Azeredo, foram distribu\u00eddos R$ 27,3 bilh\u00f5es, sendo que metade da popula\u00e7\u00e3o brasileira, formada pelos estratos mais baixos de renda, recebeu 75,2% das transfer\u00eancias. \u201cDireta ou indiretamente, esse contingente pode ter sido beneficiado com aux\u00edlio\u201d, disse.<\/p>\n\n\n\n<p class=\"wp-block-paragraph\">Os dados constam da Pesquisa Nacional por Amostra de Domic\u00edlio Covid 19 Mensal (PNAD Covid-19 Mensal), divulgada hoje (23), no Rio de Janeiro.&nbsp;&nbsp;<\/p>\n\n\n\n<p class=\"wp-block-paragraph\">Nos estados das regi\u00f5es Norte e Nordeste, o percentual de domic\u00edlios beneficiados com aux\u00edlio emergencial ultrapassou&nbsp; 45%. No Amap\u00e1 e no Maranh\u00e3o, a propor\u00e7\u00e3o de beneficiados foi superior a 65%. J\u00e1 em Santa Catarina e no Rio Grande do Sul, a cobertura do programa n\u00e3o alcan\u00e7ou 30% dos domic\u00edlios.<\/p>\n\n\n\n<p class=\"wp-block-paragraph\">O maior impacto do aux\u00edlio emergencial foi sobre a primeira faixa de renda, onde est\u00e3o 10% da popula\u00e7\u00e3o (21 milh\u00f5es de pessoas) que residem em domic\u00edlios com renda domiciliar de at\u00e9 R$ 50,34.&nbsp;<\/p>\n\n\n\n<p class=\"wp-block-paragraph\">Segundo o levantamento, dessa faixa, 17,7 milh\u00f5es (83,5%) moram em lares que receberam o benef\u00edcio. Para essas pessoas, a renda domiciliar per capita passou de R$ 7,15 para R$ 271,92, uma diferen\u00e7a de 3.705%.<\/p>\n\n\n\n<p class=\"wp-block-paragraph\">J\u00e1 na segunda faixa de renda, o benef\u00edcio chegou a 86,1%, o que corresponde a 18,2 milh\u00f5es dos 21 milh\u00f5es de pessoas que residiam nas casas onde pelo menos uma pessoa recebeu o aux\u00edlio. De acordo com o IBGE, o impacto nessa faixa ficou em 150%. A renda passou de R$ 150,88 para R$ 377,22.<\/p>\n\n\n\n<p class=\"wp-block-paragraph\">Na vis\u00e3o do diretor-adjunto, isso mostra que o programa teve grande impacto sobre os rendimentos das pessoas mais vulner\u00e1veis, que, na aus\u00eancia do benef\u00edcio, viveriam com R$ 354,18 ou menos.&nbsp;<\/p>\n\n\n\n<p class=\"wp-block-paragraph\">\u201cO aux\u00edlio emergencial atingiu cerca de 80% dos domic\u00edlios nas duas primeiras faixas de renda e cerca de tr\u00eas quartos dos domic\u00edlios da terceira faixa. Isso demonstra a import\u00e2ncia do programa na renda domiciliar per capita dos domic\u00edlios dos estratos de renda mais baixos\u201d, completou.<\/p>\n\n\n\n<p class=\"wp-block-paragraph\">O aux\u00edlio emergencial do governo federal \u00e9 destinado a trabalhadores informais, microempreendedores individuais (MEIs), aut\u00f4nomos e desempregados, com renda domiciliar per capita de at\u00e9 R$ 522,50 ou a renda total do domic\u00edlio que n\u00e3o ultrapasse a tr\u00eas sal\u00e1rios-m\u00ednimos (R$ 3.135). A finalidade do aux\u00edlio \u00e9 reduzir os impactos do novo coronav\u00edrus na economia brasileira.<\/p>\n\n\n\n<h2 class=\"wp-block-heading\">Taxa de desocupa\u00e7\u00e3o sobe para 12,4%<\/h2>\n\n\n\n<p class=\"wp-block-paragraph\">A taxa de desocupa\u00e7\u00e3o no Brasil subiu de 10,7% em maio para 12,4% em junho, atingindo 11,8 milh\u00f5es de pessoas, o que significa mais 1,7 milh\u00e3o de pessoas sem emprego, na compara\u00e7\u00e3o com maio.&nbsp;<\/p>\n\n\n\n<p class=\"wp-block-paragraph\">Entre os dois meses, a taxa cresceu em todas as grandes regi\u00f5es, passando de 11,2% para 13,2% no Nordeste, de 10,9% para 12,9% no Sudeste, de 11,4% para 12,4% no Centro-Oeste, de 11,0% para 12,3% no Norte e de 8,9% para 10,0% no Sul.<\/p>\n\n\n\n<p class=\"wp-block-paragraph\">Como reflexo, a popula\u00e7\u00e3o ocupada caiu para 83,4 milh\u00f5es de trabalhadores. Desse total, 14,8 milh\u00f5es estavam afastados do trabalho, e, entre eles, 7,1 milh\u00f5es sem remunera\u00e7\u00e3o, o equivalente a 48,4% dos trabalhadores afastados.&nbsp;<\/p>\n\n\n\n<p class=\"wp-block-paragraph\">Em maio, o percentual chegou a 51,3% (9,7 milh\u00f5es de pessoas). Os n\u00fameros est\u00e3o na Pesquisa Nacional por Amostra de Domic\u00edlio Covid 19 Mensal, divulgada hoje IBGE e fazem parte das suas Estat\u00edsticas Experimentais.<\/p>\n\n\n\n<p class=\"wp-block-paragraph\">Para o diretor-adjunto Cimar Azeredo, o aumento na desocupa\u00e7\u00e3o tem rela\u00e7\u00e3o direta com a flexibiliza\u00e7\u00e3o do distanciamento social, porque implicou aumento da popula\u00e7\u00e3o na for\u00e7a trabalho, j\u00e1 que o n\u00famero de pessoas que n\u00e3o buscavam trabalho por causa da pandemia caiu frente a maio. \u201cElas voltaram a pressionar o mercado\u201d, disse.<\/p>\n\n\n\n<p class=\"wp-block-paragraph\">Segundo ele, apesar da queda na popula\u00e7\u00e3o ocupada em junho, houve um aumento da massa de rendimento efetiva, que \u00e9 a soma do que todos os trabalhadores recebem. Saiu de R$ 157 bilh\u00f5es para R$ 159 bilh\u00f5es. \u201cEsse \u00e9 um dado positivo, porque indica que tivemos mais dinheiro proveniente de trabalho circulando em junho do que em maio. Esse dado indica rea\u00e7\u00e3o do mercado\u201d, afirmou.<\/p>\n\n\n\n<p class=\"wp-block-paragraph\">O total de 7,1 milh\u00f5es de pessoas que ficou sem a remunera\u00e7\u00e3o do trabalho por causa do distanciamento social manteve queda em junho. Embora seja menor que em maio, quando eram 9,7 milh\u00f5es, ainda corresponde a quase metade (48,4%) do total de pessoas afastadas do trabalho.<\/p>\n\n\n\n<p class=\"wp-block-paragraph\">\u201c\u00c9 importante acompanhar esse grupo, junto com os desocupados, desalentados e a for\u00e7a de trabalho potencial porque \u00e9 um conjunto de pessoas sem rendimentos de trabalho. Essas vari\u00e1veis podem orientar as decis\u00f5es de manuten\u00e7\u00e3o de programas de transfer\u00eancia de renda\u201d, explicou.<\/p>\n\n\n\n<p class=\"wp-block-paragraph\">A pesquisa tamb\u00e9m mostrou recuo de 24,9% na quantidade de pessoas que estavam afastadas do trabalho em consequ\u00eancia do distanciamento social. Entre eles, o Nordeste registrou o maior percentual (20,2%), seguido pela regi\u00e3o Norte, (17,1%). A menos atingida foi a regi\u00e3o Sul (7,8%). Segundo o IBGE, em todas as grandes regi\u00f5es houve redu\u00e7\u00e3o na propor\u00e7\u00e3o de pessoas afastadas devido ao distanciamento social.<\/p>\n\n\n\n<h2 class=\"wp-block-heading\">Jornada<\/h2>\n\n\n\n<p class=\"wp-block-paragraph\">Em junho, os 27,3% da popula\u00e7\u00e3o ocupada ou 18,7 milh\u00f5es de pessoas trabalharam menos do que a sua jornada habitual, enquanto cerca de 2,6 milh\u00f5es de pessoas trabalharam acima da m\u00e9dia habitual. A m\u00e9dia semanal de horas efetivamente trabalhadas (29,5h) no pa\u00eds ficou abaixo da m\u00e9dia habitual (39,8h).<\/p>\n\n\n\n<p class=\"wp-block-paragraph\">Houve queda tamb\u00e9m no rendimento efetivo dos trabalhadores (R$ 1.944), que ficou 16,6% abaixo do rendimento habitual (R$ 2.332). Em maio, a rela\u00e7\u00e3o era de 18,5%.<\/p>\n\n\n\n<h2 class=\"wp-block-heading\">Sa\u00fade<\/h2>\n\n\n\n<p class=\"wp-block-paragraph\">O n\u00famero de pessoas com sintomas conjugados associados \u00e0 covid-19, em junho, caiu 43% atingindo 2,4 milh\u00f5es de pessoas que se queixaram de sintomas como perda de cheiro ou sabor (2,2 milh\u00f5es de pessoas); febre, tosse e dificuldade de respirar (703 mil); e febre, tosse e dor no peito (580 mil). Em maio, eram 4,2 milh\u00f5es.&nbsp;<\/p>\n\n\n\n<p class=\"wp-block-paragraph\">Em junho, perto de um milh\u00e3o de pessoas, entre aquelas que apresentaram algum dos sintomas conjugados, procuraram atendimento em estabelecimento de sa\u00fade. Isso representou 300 mil a menos que em maio.<\/p>\n\n\n\n<p class=\"wp-block-paragraph\">A pesquisa indicou, ainda, que a maioria dessas pessoas (82,3%) procurou atendimento em estabelecimentos do Sistema \u00danico de Sa\u00fade (SUS). Cerca de 45,3% estiveram em unidades p\u00fablicas de aten\u00e7\u00e3o prim\u00e1ria \u00e0 sa\u00fade, como os postos de sa\u00fade; 21,4% foram a prontos-socorros e 21,7% a hospitais do SUS.<\/p>\n\n\n\n<p class=\"wp-block-paragraph\">Nos hospitais, 57 mil pessoas ficaram internadas, mais da metade era masculina (50,3%) e pessoas de cor preta ou parda (58,5%). Cerca de 40,2% dos idosos tamb\u00e9m permaneceram internados.\u00a0\u00a0<\/p>\n\n\n\n<p class=\"has-background has-very-light-gray-background-color wp-block-paragraph\">Quer saber as not\u00edcias do <strong>Aconteceu no Vale<\/strong> em primeira m\u00e3o? Siga-nos no Facebook <a rel=\"noreferrer noopener\" href=\"http:\/\/facebook.com\/aconteceunovale\" target=\"_blank\">@aconteceunovale<\/a>, Twitter <a rel=\"noreferrer noopener\" href=\"https:\/\/twitter.com\/noticiadosvales\" target=\"_blank\">@noticiadosvales<\/a> e Instagram <a rel=\"noreferrer noopener\" href=\"https:\/\/www.instagram.com\/aconteceunovale\" target=\"_blank\">@aconteceunovale<\/a>.<\/p>\n","protected":false},"excerpt":{"rendered":"<p>Pesquisa do Instituto Brasileiro de Geografia e Estat\u00edstica (IBGE) indica que cerca de 29,4 milh\u00f5es de domic\u00edlios brasileiros, ou seja, 43% do total, receberam, em junho deste ano, algum tipo de medida de prote\u00e7\u00e3o social para enfrentar a crise causada pela pandemia do novo coronav\u00edrus, como o Aux\u00edlio Emergencial e o Benef\u00edcio Emergencial de Preserva\u00e7\u00e3o [&hellip;]<\/p>\n","protected":false},"author":1,"featured_media":160623,"comment_status":"open","ping_status":"closed","sticky":false,"template":"","format":"standard","meta":{"amp_status":"","footnotes":""},"categories":[6],"tags":[219405,219383,225996,219292,225074,225788,225789,225075,225949,219977,100375,225948,225732,225178,225552,225551,20922,225787,225176,225962,221649,223267,184405,4610,26436,225826,184661,225077,225076,225550,225549,225961,225177,225548],"class_list":["post-166268","post","type-post","status-publish","format-standard","has-post-thumbnail","hentry","category-br","tag-auxilio-de-r-600","tag-auxilio-emergencial","tag-auxilio-emergencial-chega-a-29-milhoes-de-domicilios","tag-auxilio-emergencial-de-r-600","tag-auxilio-emergencial-de-r-600-elevou-padrao-de-vida-em-23-milhoes-de-domicilios","tag-auxilio-emergencial-para-agricultor-familiar","tag-auxilio-para-agricultor-familiar","tag-beneficio-do-auxilio-emergencial-de-r-600","tag-bloqueio-de-contas-da-poupanca-social","tag-bloqueio-do-auxilio-emergencial","tag-bolsonaro","tag-caixa-bloqueia-contas-da-poupanca-social","tag-caixa-paga-quarta-parcela-do-auxilio-emergencial-a-beneficiarios-do-bolsa-familia","tag-calendario-para-saque-em-dinheiro-do-auxilio-emergencial","tag-calendario-quarta-parcela-do-auxilio-emergencial","tag-calendario-quinta-parcela-do-auxilio-emergencial","tag-camara-dos-deputados","tag-camara-dos-deputados-aprova-auxilio-emergencial-para-agricultor-familiar-durante-a-pandemia","tag-confira-o-calendario-para-saque-em-dinheiro-do-auxilio-emergencial-de-r-600","tag-desbloquear-as-contas-digitais-do-auxilio-emergencial","tag-fraude-no-auxilio-emergencial","tag-fraudes-no-auxilio-emergencial","tag-governo-bolsonaro","tag-governo-federal","tag-jair-bolsonaro","tag-mais-de-700-mil-receberao-amanha-primeira-parcela-do-auxilio-emergencial","tag-ministerio-da-economia","tag-padrao-de-vida-auxilio-emergencial","tag-padrao-de-vida-auxilio-emergencial-de-r-600","tag-quarta-parcela-auxilio-emergencial","tag-quinta-parcela-auxilio-emergencial","tag-saiba-como-desbloquear-as-contas-digitais-do-auxilio-emergencial","tag-saque-em-dinheiro-do-auxilio-emergencial","tag-veja-os-calendarios-dos-novos-pagamentos-do-auxilio-emergencial-de-r-600"],"yoast_head":"<!-- This site is optimized with the Yoast SEO plugin v28.3 - https:\/\/yoast.com\/product\/yoast-seo-wordpress\/ -->\n<title>Aux\u00edlio emergencial chega a 29,4 milh\u00f5es de domic\u00edlios, indica pesquisa do IBGE - Aconteceu no Vale<\/title>\n<meta name=\"robots\" content=\"index, follow, max-snippet:-1, max-image-preview:large, max-video-preview:-1\" \/>\n<link rel=\"canonical\" href=\"https:\/\/aconteceunovale.com.br\/portal\/?p=166268\" \/>\n<meta property=\"og:locale\" content=\"pt_BR\" \/>\n<meta property=\"og:type\" content=\"article\" \/>\n<meta property=\"og:title\" content=\"Aux\u00edlio emergencial chega a 29,4 milh\u00f5es de domic\u00edlios, indica pesquisa do IBGE - Aconteceu no Vale\" \/>\n<meta property=\"og:description\" content=\"Pesquisa do Instituto Brasileiro de Geografia e Estat\u00edstica (IBGE) indica que cerca de 29,4 milh\u00f5es de domic\u00edlios brasileiros, ou seja, 43% do total, receberam, em junho deste ano, algum tipo de medida de prote\u00e7\u00e3o social para enfrentar a crise causada pela pandemia do novo coronav\u00edrus, como o Aux\u00edlio Emergencial e o Benef\u00edcio Emergencial de Preserva\u00e7\u00e3o [&hellip;]\" \/>\n<meta property=\"og:url\" content=\"https:\/\/aconteceunovale.com.br\/portal\/?p=166268\" \/>\n<meta property=\"og:site_name\" content=\"Aconteceu no Vale\" \/>\n<meta property=\"article:publisher\" content=\"https:\/\/www.facebook.com\/aconteceunovale\/\" \/>\n<meta property=\"article:published_time\" content=\"2020-07-23T15:14:56+00:00\" \/>\n<meta property=\"article:modified_time\" content=\"2020-07-23T15:15:51+00:00\" \/>\n<meta property=\"og:image\" content=\"https:\/\/aconteceunovale.com.br\/portal\/wp-content\/uploads\/2020\/04\/app_renda_basica.jpg\" \/>\n\t<meta property=\"og:image:width\" content=\"678\" \/>\n\t<meta property=\"og:image:height\" content=\"406\" \/>\n\t<meta property=\"og:image:type\" content=\"image\/jpeg\" \/>\n<meta name=\"author\" content=\"Aconteceu no Vale\" \/>\n<meta name=\"twitter:card\" content=\"summary_large_image\" \/>\n<meta name=\"twitter:creator\" content=\"@noticiadosvales\" \/>\n<meta name=\"twitter:site\" content=\"@noticiadosvales\" \/>\n<meta name=\"twitter:label1\" content=\"Escrito por\" \/>\n\t<meta name=\"twitter:data1\" content=\"Aconteceu no Vale\" \/>\n\t<meta name=\"twitter:label2\" content=\"Est. tempo de leitura\" \/>\n\t<meta name=\"twitter:data2\" content=\"6 minutos\" \/>\n<script type=\"application\/ld+json\" class=\"yoast-schema-graph\">{\"@context\":\"https:\\\/\\\/schema.org\",\"@graph\":[{\"@type\":\"Article\",\"@id\":\"https:\\\/\\\/aconteceunovale.com.br\\\/portal\\\/?p=166268#article\",\"isPartOf\":{\"@id\":\"https:\\\/\\\/aconteceunovale.com.br\\\/portal\\\/?p=166268\"},\"author\":{\"name\":\"Aconteceu no Vale\",\"@id\":\"https:\\\/\\\/aconteceunovale.com.br\\\/portal\\\/#\\\/schema\\\/person\\\/633529146f2c94272bef50ac2953d589\"},\"headline\":\"Aux\u00edlio emergencial chega a 29,4 milh\u00f5es de domic\u00edlios, indica pesquisa do IBGE\",\"datePublished\":\"2020-07-23T15:14:56+00:00\",\"dateModified\":\"2020-07-23T15:15:51+00:00\",\"mainEntityOfPage\":{\"@id\":\"https:\\\/\\\/aconteceunovale.com.br\\\/portal\\\/?p=166268\"},\"wordCount\":1197,\"commentCount\":0,\"image\":{\"@id\":\"https:\\\/\\\/aconteceunovale.com.br\\\/portal\\\/?p=166268#primaryimage\"},\"thumbnailUrl\":\"https:\\\/\\\/aconteceunovale.com.br\\\/portal\\\/wp-content\\\/uploads\\\/2020\\\/04\\\/app_renda_basica.jpg\",\"keywords\":[\"Aux\u00edlio de R$ 600\",\"aux\u00edlio emergencial\",\"Aux\u00edlio emergencial chega a 29 milh\u00f5es de domic\u00edlios\",\"Aux\u00edlio emergencial de R$ 600\",\"Aux\u00edlio emergencial de R$ 600 elevou padr\u00e3o de vida em 23 milh\u00f5es de domic\u00edlios\",\"Aux\u00edlio emergencial para agricultor familiar\",\"Aux\u00edlio para agricultor familiar\",\"Benef\u00edcio do Aux\u00edlio emergencial de R$ 600\",\"Bloqueio de contas da poupan\u00e7a social\",\"Bloqueio do aux\u00edlio emergencial\",\"Bolsonaro\",\"Caixa bloqueia contas da poupan\u00e7a social\",\"Caixa paga quarta parcela do aux\u00edlio emergencial a benefici\u00e1rios do Bolsa Fam\u00edlia\",\"Calend\u00e1rio para saque em dinheiro do aux\u00edlio emergencial\",\"Calend\u00e1rio quarta parcela do aux\u00edlio emergencial\",\"Calend\u00e1rio quinta parcela do aux\u00edlio emergencial\",\"C\u00e2mara dos Deputados\",\"C\u00e2mara dos Deputados aprova aux\u00edlio emergencial para agricultor familiar durante a pandemia\",\"Confira o calend\u00e1rio para saque em dinheiro do aux\u00edlio emergencial de R$ 600\",\"Desbloquear as contas digitais do aux\u00edlio emergencial\",\"Fraude no aux\u00edlio emergencial\",\"Fraudes no aux\u00edlio emergencial\",\"Governo Bolsonaro\",\"Governo Federal\",\"Jair Bolsonaro\",\"Mais de 700 mil receber\u00e3o amanh\u00e3 primeira parcela do auxilio emergencial\",\"Minist\u00e9rio da Economia\",\"Padr\u00e3o de vida Aux\u00edlio emergencial\",\"Padr\u00e3o de vida Aux\u00edlio emergencial de R$ 600\",\"Quarta parcela aux\u00edlio emergencial\",\"Quinta parcela aux\u00edlio emergencial\",\"Saiba como desbloquear as contas digitais do aux\u00edlio emergencial\",\"Saque em dinheiro do aux\u00edlio emergencial\",\"Veja os calend\u00e1rios dos novos pagamentos do aux\u00edlio emergencial de R$ 600\"],\"articleSection\":[\"Brasil\"],\"inLanguage\":\"pt-BR\",\"potentialAction\":[{\"@type\":\"CommentAction\",\"name\":\"Comment\",\"target\":[\"https:\\\/\\\/aconteceunovale.com.br\\\/portal\\\/?p=166268#respond\"]}]},{\"@type\":\"WebPage\",\"@id\":\"https:\\\/\\\/aconteceunovale.com.br\\\/portal\\\/?p=166268\",\"url\":\"https:\\\/\\\/aconteceunovale.com.br\\\/portal\\\/?p=166268\",\"name\":\"Aux\u00edlio emergencial chega a 29,4 milh\u00f5es de domic\u00edlios, indica pesquisa do IBGE - Aconteceu no Vale\",\"isPartOf\":{\"@id\":\"https:\\\/\\\/aconteceunovale.com.br\\\/portal\\\/#website\"},\"primaryImageOfPage\":{\"@id\":\"https:\\\/\\\/aconteceunovale.com.br\\\/portal\\\/?p=166268#primaryimage\"},\"image\":{\"@id\":\"https:\\\/\\\/aconteceunovale.com.br\\\/portal\\\/?p=166268#primaryimage\"},\"thumbnailUrl\":\"https:\\\/\\\/aconteceunovale.com.br\\\/portal\\\/wp-content\\\/uploads\\\/2020\\\/04\\\/app_renda_basica.jpg\",\"datePublished\":\"2020-07-23T15:14:56+00:00\",\"dateModified\":\"2020-07-23T15:15:51+00:00\",\"author\":{\"@id\":\"https:\\\/\\\/aconteceunovale.com.br\\\/portal\\\/#\\\/schema\\\/person\\\/633529146f2c94272bef50ac2953d589\"},\"breadcrumb\":{\"@id\":\"https:\\\/\\\/aconteceunovale.com.br\\\/portal\\\/?p=166268#breadcrumb\"},\"inLanguage\":\"pt-BR\",\"potentialAction\":[{\"@type\":\"ReadAction\",\"target\":[\"https:\\\/\\\/aconteceunovale.com.br\\\/portal\\\/?p=166268\"]}]},{\"@type\":\"ImageObject\",\"inLanguage\":\"pt-BR\",\"@id\":\"https:\\\/\\\/aconteceunovale.com.br\\\/portal\\\/?p=166268#primaryimage\",\"url\":\"https:\\\/\\\/aconteceunovale.com.br\\\/portal\\\/wp-content\\\/uploads\\\/2020\\\/04\\\/app_renda_basica.jpg\",\"contentUrl\":\"https:\\\/\\\/aconteceunovale.com.br\\\/portal\\\/wp-content\\\/uploads\\\/2020\\\/04\\\/app_renda_basica.jpg\",\"width\":678,\"height\":406},{\"@type\":\"BreadcrumbList\",\"@id\":\"https:\\\/\\\/aconteceunovale.com.br\\\/portal\\\/?p=166268#breadcrumb\",\"itemListElement\":[{\"@type\":\"ListItem\",\"position\":1,\"name\":\"In\u00edcio\",\"item\":\"https:\\\/\\\/aconteceunovale.com.br\\\/portal\\\/\"},{\"@type\":\"ListItem\",\"position\":2,\"name\":\"Aux\u00edlio emergencial chega a 29,4 milh\u00f5es de domic\u00edlios, indica pesquisa do IBGE\"}]},{\"@type\":\"WebSite\",\"@id\":\"https:\\\/\\\/aconteceunovale.com.br\\\/portal\\\/#website\",\"url\":\"https:\\\/\\\/aconteceunovale.com.br\\\/portal\\\/\",\"name\":\"Aconteceu no Vale\",\"description\":\"Portal de Not\u00edcias\",\"potentialAction\":[{\"@type\":\"SearchAction\",\"target\":{\"@type\":\"EntryPoint\",\"urlTemplate\":\"https:\\\/\\\/aconteceunovale.com.br\\\/portal\\\/?s={search_term_string}\"},\"query-input\":{\"@type\":\"PropertyValueSpecification\",\"valueRequired\":true,\"valueName\":\"search_term_string\"}}],\"inLanguage\":\"pt-BR\"},{\"@type\":\"Person\",\"@id\":\"https:\\\/\\\/aconteceunovale.com.br\\\/portal\\\/#\\\/schema\\\/person\\\/633529146f2c94272bef50ac2953d589\",\"name\":\"Aconteceu no Vale\",\"description\":\"Equipe de reportagem do Aconteceu no Vale, portal de not\u00edcias do Vale do Jequitinhonha, em Minas Gerais. Cobrimos as 51 cidades do Vale desde 2013. Sugest\u00f5es de pauta e pedidos de corre\u00e7\u00e3o: contato@aconteceunovale.com.br\",\"sameAs\":[\"http:\\\/\\\/www.aconteceunovale.com.br\"],\"url\":\"https:\\\/\\\/aconteceunovale.com.br\\\/portal\\\/?author=1\"}]}<\/script>\n<!-- \/ Yoast SEO plugin. -->","yoast_head_json":{"title":"Aux\u00edlio emergencial chega a 29,4 milh\u00f5es de domic\u00edlios, indica pesquisa do IBGE - Aconteceu no Vale","robots":{"index":"index","follow":"follow","max-snippet":"max-snippet:-1","max-image-preview":"max-image-preview:large","max-video-preview":"max-video-preview:-1"},"canonical":"https:\/\/aconteceunovale.com.br\/portal\/?p=166268","og_locale":"pt_BR","og_type":"article","og_title":"Aux\u00edlio emergencial chega a 29,4 milh\u00f5es de domic\u00edlios, indica pesquisa do IBGE - Aconteceu no Vale","og_description":"Pesquisa do Instituto Brasileiro de Geografia e Estat\u00edstica (IBGE) indica que cerca de 29,4 milh\u00f5es de domic\u00edlios brasileiros, ou seja, 43% do total, receberam, em junho deste ano, algum tipo de medida de prote\u00e7\u00e3o social para enfrentar a crise causada pela pandemia do novo coronav\u00edrus, como o Aux\u00edlio Emergencial e o Benef\u00edcio Emergencial de Preserva\u00e7\u00e3o [&hellip;]","og_url":"https:\/\/aconteceunovale.com.br\/portal\/?p=166268","og_site_name":"Aconteceu no Vale","article_publisher":"https:\/\/www.facebook.com\/aconteceunovale\/","article_published_time":"2020-07-23T15:14:56+00:00","article_modified_time":"2020-07-23T15:15:51+00:00","og_image":[{"width":678,"height":406,"url":"https:\/\/aconteceunovale.com.br\/portal\/wp-content\/uploads\/2020\/04\/app_renda_basica.jpg","type":"image\/jpeg"}],"author":"Aconteceu no Vale","twitter_card":"summary_large_image","twitter_creator":"@noticiadosvales","twitter_site":"@noticiadosvales","twitter_misc":{"Escrito por":"Aconteceu no Vale","Est. tempo de leitura":"6 minutos"},"schema":{"@context":"https:\/\/schema.org","@graph":[{"@type":"Article","@id":"https:\/\/aconteceunovale.com.br\/portal\/?p=166268#article","isPartOf":{"@id":"https:\/\/aconteceunovale.com.br\/portal\/?p=166268"},"author":{"name":"Aconteceu no Vale","@id":"https:\/\/aconteceunovale.com.br\/portal\/#\/schema\/person\/633529146f2c94272bef50ac2953d589"},"headline":"Aux\u00edlio emergencial chega a 29,4 milh\u00f5es de domic\u00edlios, indica pesquisa do IBGE","datePublished":"2020-07-23T15:14:56+00:00","dateModified":"2020-07-23T15:15:51+00:00","mainEntityOfPage":{"@id":"https:\/\/aconteceunovale.com.br\/portal\/?p=166268"},"wordCount":1197,"commentCount":0,"image":{"@id":"https:\/\/aconteceunovale.com.br\/portal\/?p=166268#primaryimage"},"thumbnailUrl":"https:\/\/aconteceunovale.com.br\/portal\/wp-content\/uploads\/2020\/04\/app_renda_basica.jpg","keywords":["Aux\u00edlio de R$ 600","aux\u00edlio emergencial","Aux\u00edlio emergencial chega a 29 milh\u00f5es de domic\u00edlios","Aux\u00edlio emergencial de R$ 600","Aux\u00edlio emergencial de R$ 600 elevou padr\u00e3o de vida em 23 milh\u00f5es de domic\u00edlios","Aux\u00edlio emergencial para agricultor familiar","Aux\u00edlio para agricultor familiar","Benef\u00edcio do Aux\u00edlio emergencial de R$ 600","Bloqueio de contas da poupan\u00e7a social","Bloqueio do aux\u00edlio emergencial","Bolsonaro","Caixa bloqueia contas da poupan\u00e7a social","Caixa paga quarta parcela do aux\u00edlio emergencial a benefici\u00e1rios do Bolsa Fam\u00edlia","Calend\u00e1rio para saque em dinheiro do aux\u00edlio emergencial","Calend\u00e1rio quarta parcela do aux\u00edlio emergencial","Calend\u00e1rio quinta parcela do aux\u00edlio emergencial","C\u00e2mara dos Deputados","C\u00e2mara dos Deputados aprova aux\u00edlio emergencial para agricultor familiar durante a pandemia","Confira o calend\u00e1rio para saque em dinheiro do aux\u00edlio emergencial de R$ 600","Desbloquear as contas digitais do aux\u00edlio emergencial","Fraude no aux\u00edlio emergencial","Fraudes no aux\u00edlio emergencial","Governo Bolsonaro","Governo Federal","Jair Bolsonaro","Mais de 700 mil receber\u00e3o amanh\u00e3 primeira parcela do auxilio emergencial","Minist\u00e9rio da Economia","Padr\u00e3o de vida Aux\u00edlio emergencial","Padr\u00e3o de vida Aux\u00edlio emergencial de R$ 600","Quarta parcela aux\u00edlio emergencial","Quinta parcela aux\u00edlio emergencial","Saiba como desbloquear as contas digitais do aux\u00edlio emergencial","Saque em dinheiro do aux\u00edlio emergencial","Veja os calend\u00e1rios dos novos pagamentos do aux\u00edlio emergencial de R$ 600"],"articleSection":["Brasil"],"inLanguage":"pt-BR","potentialAction":[{"@type":"CommentAction","name":"Comment","target":["https:\/\/aconteceunovale.com.br\/portal\/?p=166268#respond"]}]},{"@type":"WebPage","@id":"https:\/\/aconteceunovale.com.br\/portal\/?p=166268","url":"https:\/\/aconteceunovale.com.br\/portal\/?p=166268","name":"Aux\u00edlio emergencial chega a 29,4 milh\u00f5es de domic\u00edlios, indica pesquisa do IBGE - Aconteceu no Vale","isPartOf":{"@id":"https:\/\/aconteceunovale.com.br\/portal\/#website"},"primaryImageOfPage":{"@id":"https:\/\/aconteceunovale.com.br\/portal\/?p=166268#primaryimage"},"image":{"@id":"https:\/\/aconteceunovale.com.br\/portal\/?p=166268#primaryimage"},"thumbnailUrl":"https:\/\/aconteceunovale.com.br\/portal\/wp-content\/uploads\/2020\/04\/app_renda_basica.jpg","datePublished":"2020-07-23T15:14:56+00:00","dateModified":"2020-07-23T15:15:51+00:00","author":{"@id":"https:\/\/aconteceunovale.com.br\/portal\/#\/schema\/person\/633529146f2c94272bef50ac2953d589"},"breadcrumb":{"@id":"https:\/\/aconteceunovale.com.br\/portal\/?p=166268#breadcrumb"},"inLanguage":"pt-BR","potentialAction":[{"@type":"ReadAction","target":["https:\/\/aconteceunovale.com.br\/portal\/?p=166268"]}]},{"@type":"ImageObject","inLanguage":"pt-BR","@id":"https:\/\/aconteceunovale.com.br\/portal\/?p=166268#primaryimage","url":"https:\/\/aconteceunovale.com.br\/portal\/wp-content\/uploads\/2020\/04\/app_renda_basica.jpg","contentUrl":"https:\/\/aconteceunovale.com.br\/portal\/wp-content\/uploads\/2020\/04\/app_renda_basica.jpg","width":678,"height":406},{"@type":"BreadcrumbList","@id":"https:\/\/aconteceunovale.com.br\/portal\/?p=166268#breadcrumb","itemListElement":[{"@type":"ListItem","position":1,"name":"In\u00edcio","item":"https:\/\/aconteceunovale.com.br\/portal\/"},{"@type":"ListItem","position":2,"name":"Aux\u00edlio emergencial chega a 29,4 milh\u00f5es de domic\u00edlios, indica pesquisa do IBGE"}]},{"@type":"WebSite","@id":"https:\/\/aconteceunovale.com.br\/portal\/#website","url":"https:\/\/aconteceunovale.com.br\/portal\/","name":"Aconteceu no Vale","description":"Portal de Not\u00edcias","potentialAction":[{"@type":"SearchAction","target":{"@type":"EntryPoint","urlTemplate":"https:\/\/aconteceunovale.com.br\/portal\/?s={search_term_string}"},"query-input":{"@type":"PropertyValueSpecification","valueRequired":true,"valueName":"search_term_string"}}],"inLanguage":"pt-BR"},{"@type":"Person","@id":"https:\/\/aconteceunovale.com.br\/portal\/#\/schema\/person\/633529146f2c94272bef50ac2953d589","name":"Aconteceu no Vale","description":"Equipe de reportagem do Aconteceu no Vale, portal de not\u00edcias do Vale do Jequitinhonha, em Minas Gerais. Cobrimos as 51 cidades do Vale desde 2013. Sugest\u00f5es de pauta e pedidos de corre\u00e7\u00e3o: contato@aconteceunovale.com.br","sameAs":["http:\/\/www.aconteceunovale.com.br"],"url":"https:\/\/aconteceunovale.com.br\/portal\/?author=1"}]}},"_links":{"self":[{"href":"https:\/\/aconteceunovale.com.br\/portal\/index.php?rest_route=\/wp\/v2\/posts\/166268","targetHints":{"allow":["GET"]}}],"collection":[{"href":"https:\/\/aconteceunovale.com.br\/portal\/index.php?rest_route=\/wp\/v2\/posts"}],"about":[{"href":"https:\/\/aconteceunovale.com.br\/portal\/index.php?rest_route=\/wp\/v2\/types\/post"}],"author":[{"embeddable":true,"href":"https:\/\/aconteceunovale.com.br\/portal\/index.php?rest_route=\/wp\/v2\/users\/1"}],"replies":[{"embeddable":true,"href":"https:\/\/aconteceunovale.com.br\/portal\/index.php?rest_route=%2Fwp%2Fv2%2Fcomments&post=166268"}],"version-history":[{"count":1,"href":"https:\/\/aconteceunovale.com.br\/portal\/index.php?rest_route=\/wp\/v2\/posts\/166268\/revisions"}],"predecessor-version":[{"id":166269,"href":"https:\/\/aconteceunovale.com.br\/portal\/index.php?rest_route=\/wp\/v2\/posts\/166268\/revisions\/166269"}],"wp:featuredmedia":[{"embeddable":true,"href":"https:\/\/aconteceunovale.com.br\/portal\/index.php?rest_route=\/wp\/v2\/media\/160623"}],"wp:attachment":[{"href":"https:\/\/aconteceunovale.com.br\/portal\/index.php?rest_route=%2Fwp%2Fv2%2Fmedia&parent=166268"}],"wp:term":[{"taxonomy":"category","embeddable":true,"href":"https:\/\/aconteceunovale.com.br\/portal\/index.php?rest_route=%2Fwp%2Fv2%2Fcategories&post=166268"},{"taxonomy":"post_tag","embeddable":true,"href":"https:\/\/aconteceunovale.com.br\/portal\/index.php?rest_route=%2Fwp%2Fv2%2Ftags&post=166268"}],"curies":[{"name":"wp","href":"https:\/\/api.w.org\/{rel}","templated":true}]}}