{"id":166255,"date":"2020-07-23T10:47:28","date_gmt":"2020-07-23T13:47:28","guid":{"rendered":"https:\/\/aconteceunovale.com.br\/portal\/?p=166255"},"modified":"2020-07-23T10:48:06","modified_gmt":"2020-07-23T13:48:06","slug":"azul-devera-indenizar-cliente-do-norte-de-minas-em-r-10-mil","status":"publish","type":"post","link":"https:\/\/aconteceunovale.com.br\/portal\/?p=166255","title":{"rendered":"Azul dever\u00e1 indenizar cliente do Norte de Minas em R$ 10 mil"},"content":{"rendered":"\n<p class=\"wp-block-paragraph\">A Azul Linhas A\u00e9reas Brasileiras SA ter\u00e1 que indenizar em R$ 10 mil, por danos morais, uma cliente&nbsp;que teve sua bagagem extraviada e danificada.&nbsp;A decis\u00e3o \u00e9 da 15\u00aa C\u00e2mara C\u00edvel do Tribunal de Justi\u00e7a de Minas Gerais (TJMG), que manteve decis\u00e3o de primeira inst\u00e2ncia.<\/p>\n\n\n\n<p class=\"wp-block-paragraph\">A viajante&nbsp;comprou passagens da companhia a\u00e9rea para o trecho Montes Claros (MG) &#8211; Rio de Janeiro (RJ), com ida em 24\/11\/2012 e retorno em 28\/11\/2012. Ao chegar no destino, constatou que sua bagagem havia sido extraviada. A mala&nbsp;foi devolvida 18 horas depois do desembarque, em p\u00e9ssimo estado, com os pertences molhados. Por ser uma viagem a trabalho, a consumidora contou que teve que comprar roupas novas e n\u00e3o pode acessar documentos importantes que estavam na bagagem, o que lhe causou grande constrangimento.<\/p>\n\n\n\n<p class=\"wp-block-paragraph\">Quando a passageira retornou \u00e0 cidade de origem, teve novamente sua bagagem extraviada. Dessa vez, a mala n\u00e3o foi devolvida. Diante disso, ela recorreu \u00e0 Justi\u00e7a, e a companhia a\u00e9rea foi condenada ao pagamento de indeniza\u00e7\u00e3o por danos morais no valor de R$ 10 mil pela 3\u00aa Vara C\u00edvel da Comarca de Montes Claros.<\/p>\n\n\n\n<p class=\"wp-block-paragraph\">A Azul recorreu, alegando que a senten\u00e7a deveria ser reformada integralmente, uma vez que o caso n\u00e3o comporta qualquer indeniza\u00e7\u00e3o. Afirmou que &#8220;o valor indenizat\u00f3rio \u00e9 alcan\u00e7ado com base no peso da bagagem extraviada, procedimento justo que visa garantir que cada passageiro receba valores condizentes com o volume transportado\u2019\u2019 e pediu a diminui\u00e7\u00e3o do montante da indeniza\u00e7\u00e3o.<\/p>\n\n\n\n<p class=\"wp-block-paragraph\"><strong>Responsabilidade<\/strong><\/p>\n\n\n\n<p class=\"wp-block-paragraph\">O relator do caso, desembargador Jos\u00e9 Am\u00e9rico Martins da Costa, mostrou a responsabilidade da companhia, de acordo com o artigo 734 do C\u00f3digo Civil: \u2018\u2019O transportador responde pelos danos causados \u00e0s pessoas transportadas e suas bagagens, salvo motivo de for\u00e7a maior, sendo nula qualquer cl\u00e1usula excludente da responsabilidade.&#8221;<\/p>\n\n\n\n<p class=\"wp-block-paragraph\">Ele tamb\u00e9m citou o artigo 32 da Resolu\u00e7\u00e3o 400 da Anac, que diz que o transportador dever\u00e1 indenizar o passageiro no caso de viola\u00e7\u00e3o da bagagem.<\/p>\n\n\n\n<p class=\"wp-block-paragraph\">Sobre a caracteriza\u00e7\u00e3o dos danos morais, o relator argumentou que \u2018\u2019\u00e9 inconteste o transtorno e o abalo emocional da&nbsp;passageiro&nbsp;que, ao chegar ao destino, depara-se com sua mala violada e danificada, tendo ainda que se preocupar com as medidas e procedimentos de reembolso\u2019\u2019. Tal constrangimento, para o relator, reafirma o dever de indenizar.<\/p>\n\n\n\n<p class=\"wp-block-paragraph\">O desembargador decidiu tamb\u00e9m manter o valor fixado em primeira inst\u00e2ncia, negando provimento ao recurso interposto pela Azul. Ele foi acompanhado dos votos dos desembargadores Oct\u00e1vio Almeida Neves e Tiago Pinto.<\/p>\n\n\n\n<p class=\"wp-block-paragraph\">\u00a0Leia o\u00a0<a rel=\"noreferrer noopener\" target=\"_blank\" href=\"https:\/\/www5.tjmg.jus.br\/jurisprudencia\/pesquisaNumeroCNJEspelhoAcordao.do?numeroRegistro=1&amp;totalLinhas=1&amp;linhasPorPagina=10&amp;numeroUnico=1.0433.13.016586-6%2F001&amp;pesquisaNumeroCNJ=Pesquisar\">ac\u00f3rd\u00e3o<\/a>\u00a0e acompanhe a\u00a0<a rel=\"noreferrer noopener\" target=\"_blank\" href=\"https:\/\/www4.tjmg.jus.br\/juridico\/sf\/proc_resultado2.jsp?tipoPesquisa2=1&amp;txtProcesso=10433130165866001&amp;nomePessoa=&amp;tipoPessoa=X&amp;naturezaProcesso=0&amp;situacaoParte=X&amp;codigoOAB2=&amp;tipoOAB=N&amp;ufOAB=MG&amp;numero=20&amp;select=1&amp;listaProcessos=10433130165866001&amp;tipoConsulta=1&amp;natureza=0&amp;ativoBaixado=X&amp;comrCodigo=0024\">movimenta\u00e7\u00e3o processual<\/a>.<\/p>\n\n\n\n<p class=\"has-background has-very-light-gray-background-color wp-block-paragraph\">Quer saber as not\u00edcias do <strong>Aconteceu no Vale<\/strong> em primeira m\u00e3o? Siga-nos no Facebook <a rel=\"noreferrer noopener\" href=\"http:\/\/facebook.com\/aconteceunovale\" target=\"_blank\">@aconteceunovale<\/a>, Twitter <a rel=\"noreferrer noopener\" href=\"https:\/\/twitter.com\/noticiadosvales\" target=\"_blank\">@noticiadosvales<\/a> e Instagram <a rel=\"noreferrer noopener\" href=\"https:\/\/www.instagram.com\/aconteceunovale\" target=\"_blank\">@aconteceunovale<\/a>.<\/p>\n","protected":false},"excerpt":{"rendered":"<p>A Azul Linhas A\u00e9reas Brasileiras SA ter\u00e1 que indenizar em R$ 10 mil, por danos morais, uma cliente&nbsp;que teve sua bagagem extraviada e danificada.&nbsp;A decis\u00e3o \u00e9 da 15\u00aa C\u00e2mara C\u00edvel do Tribunal de Justi\u00e7a de Minas Gerais (TJMG), que manteve decis\u00e3o de primeira inst\u00e2ncia. A viajante&nbsp;comprou passagens da companhia a\u00e9rea para o trecho Montes Claros [&hellip;]<\/p>\n","protected":false},"author":1,"featured_media":141415,"comment_status":"open","ping_status":"closed","sticky":false,"template":"","format":"standard","meta":{"amp_status":"","footnotes":""},"categories":[1236],"tags":[225980,225979,195645,210,270,92646],"class_list":["post-166255","post","type-post","status-publish","format-standard","has-post-thumbnail","hentry","category-norte_de_minas","tag-azul-devera-indenizar-cliente-de-montes-claros-em-r-10-mil","tag-azul-devera-indenizar-cliente-do-norte-de-minas-em-r-10-mil","tag-azul-montes-claros","tag-montes-claros","tag-tjmg","tag-tribunal-de-justica-de-minas-gerais"],"yoast_head":"<!-- This site is optimized with the Yoast SEO plugin v28.3 - https:\/\/yoast.com\/product\/yoast-seo-wordpress\/ -->\n<title>Azul dever\u00e1 indenizar cliente do Norte de Minas em R$ 10 mil - Aconteceu no Vale<\/title>\n<meta name=\"robots\" content=\"index, follow, max-snippet:-1, max-image-preview:large, max-video-preview:-1\" \/>\n<link rel=\"canonical\" href=\"https:\/\/aconteceunovale.com.br\/portal\/?p=166255\" \/>\n<meta property=\"og:locale\" content=\"pt_BR\" \/>\n<meta property=\"og:type\" content=\"article\" \/>\n<meta property=\"og:title\" content=\"Azul dever\u00e1 indenizar cliente do Norte de Minas em R$ 10 mil - Aconteceu no Vale\" \/>\n<meta property=\"og:description\" content=\"A Azul Linhas A\u00e9reas Brasileiras SA ter\u00e1 que indenizar em R$ 10 mil, por danos morais, uma cliente&nbsp;que teve sua bagagem extraviada e danificada.&nbsp;A decis\u00e3o \u00e9 da 15\u00aa C\u00e2mara C\u00edvel do Tribunal de Justi\u00e7a de Minas Gerais (TJMG), que manteve decis\u00e3o de primeira inst\u00e2ncia. A viajante&nbsp;comprou passagens da companhia a\u00e9rea para o trecho Montes Claros [&hellip;]\" \/>\n<meta property=\"og:url\" content=\"https:\/\/aconteceunovale.com.br\/portal\/?p=166255\" \/>\n<meta property=\"og:site_name\" content=\"Aconteceu no Vale\" \/>\n<meta property=\"article:publisher\" content=\"https:\/\/www.facebook.com\/aconteceunovale\/\" \/>\n<meta property=\"article:published_time\" content=\"2020-07-23T13:47:28+00:00\" \/>\n<meta property=\"article:modified_time\" content=\"2020-07-23T13:48:06+00:00\" \/>\n<meta property=\"og:image\" content=\"https:\/\/aconteceunovale.com.br\/portal\/wp-content\/uploads\/2018\/12\/aviao_azul_moc.jpg\" \/>\n\t<meta property=\"og:image:width\" content=\"678\" \/>\n\t<meta property=\"og:image:height\" content=\"381\" \/>\n\t<meta property=\"og:image:type\" content=\"image\/jpeg\" \/>\n<meta name=\"author\" content=\"Aconteceu no Vale\" \/>\n<meta name=\"twitter:card\" content=\"summary_large_image\" \/>\n<meta name=\"twitter:creator\" content=\"@noticiadosvales\" \/>\n<meta name=\"twitter:site\" content=\"@noticiadosvales\" \/>\n<meta name=\"twitter:label1\" content=\"Escrito por\" \/>\n\t<meta name=\"twitter:data1\" content=\"Aconteceu no Vale\" \/>\n\t<meta name=\"twitter:label2\" content=\"Est. tempo de leitura\" \/>\n\t<meta name=\"twitter:data2\" content=\"2 minutos\" \/>\n<script type=\"application\/ld+json\" class=\"yoast-schema-graph\">{\"@context\":\"https:\\\/\\\/schema.org\",\"@graph\":[{\"@type\":\"Article\",\"@id\":\"https:\\\/\\\/aconteceunovale.com.br\\\/portal\\\/?p=166255#article\",\"isPartOf\":{\"@id\":\"https:\\\/\\\/aconteceunovale.com.br\\\/portal\\\/?p=166255\"},\"author\":{\"name\":\"Aconteceu no Vale\",\"@id\":\"https:\\\/\\\/aconteceunovale.com.br\\\/portal\\\/#\\\/schema\\\/person\\\/633529146f2c94272bef50ac2953d589\"},\"headline\":\"Azul dever\u00e1 indenizar cliente do Norte de Minas em R$ 10 mil\",\"datePublished\":\"2020-07-23T13:47:28+00:00\",\"dateModified\":\"2020-07-23T13:48:06+00:00\",\"mainEntityOfPage\":{\"@id\":\"https:\\\/\\\/aconteceunovale.com.br\\\/portal\\\/?p=166255\"},\"wordCount\":469,\"commentCount\":0,\"image\":{\"@id\":\"https:\\\/\\\/aconteceunovale.com.br\\\/portal\\\/?p=166255#primaryimage\"},\"thumbnailUrl\":\"https:\\\/\\\/aconteceunovale.com.br\\\/portal\\\/wp-content\\\/uploads\\\/2018\\\/12\\\/aviao_azul_moc.jpg\",\"keywords\":[\"Azul dever\u00e1 indenizar cliente de Montes Claros em R$ 10 mil\",\"Azul dever\u00e1 indenizar cliente do Norte de Minas em R$ 10 mil\",\"Azul Montes Claros\",\"Montes Claros\",\"TJMG\",\"Tribunal de Justi\u00e7a de Minas Gerais\"],\"articleSection\":[\"Norte de Minas\"],\"inLanguage\":\"pt-BR\",\"potentialAction\":[{\"@type\":\"CommentAction\",\"name\":\"Comment\",\"target\":[\"https:\\\/\\\/aconteceunovale.com.br\\\/portal\\\/?p=166255#respond\"]}]},{\"@type\":\"WebPage\",\"@id\":\"https:\\\/\\\/aconteceunovale.com.br\\\/portal\\\/?p=166255\",\"url\":\"https:\\\/\\\/aconteceunovale.com.br\\\/portal\\\/?p=166255\",\"name\":\"Azul dever\u00e1 indenizar cliente do Norte de Minas em R$ 10 mil - Aconteceu no Vale\",\"isPartOf\":{\"@id\":\"https:\\\/\\\/aconteceunovale.com.br\\\/portal\\\/#website\"},\"primaryImageOfPage\":{\"@id\":\"https:\\\/\\\/aconteceunovale.com.br\\\/portal\\\/?p=166255#primaryimage\"},\"image\":{\"@id\":\"https:\\\/\\\/aconteceunovale.com.br\\\/portal\\\/?p=166255#primaryimage\"},\"thumbnailUrl\":\"https:\\\/\\\/aconteceunovale.com.br\\\/portal\\\/wp-content\\\/uploads\\\/2018\\\/12\\\/aviao_azul_moc.jpg\",\"datePublished\":\"2020-07-23T13:47:28+00:00\",\"dateModified\":\"2020-07-23T13:48:06+00:00\",\"author\":{\"@id\":\"https:\\\/\\\/aconteceunovale.com.br\\\/portal\\\/#\\\/schema\\\/person\\\/633529146f2c94272bef50ac2953d589\"},\"breadcrumb\":{\"@id\":\"https:\\\/\\\/aconteceunovale.com.br\\\/portal\\\/?p=166255#breadcrumb\"},\"inLanguage\":\"pt-BR\",\"potentialAction\":[{\"@type\":\"ReadAction\",\"target\":[\"https:\\\/\\\/aconteceunovale.com.br\\\/portal\\\/?p=166255\"]}]},{\"@type\":\"ImageObject\",\"inLanguage\":\"pt-BR\",\"@id\":\"https:\\\/\\\/aconteceunovale.com.br\\\/portal\\\/?p=166255#primaryimage\",\"url\":\"https:\\\/\\\/aconteceunovale.com.br\\\/portal\\\/wp-content\\\/uploads\\\/2018\\\/12\\\/aviao_azul_moc.jpg\",\"contentUrl\":\"https:\\\/\\\/aconteceunovale.com.br\\\/portal\\\/wp-content\\\/uploads\\\/2018\\\/12\\\/aviao_azul_moc.jpg\",\"width\":678,\"height\":381},{\"@type\":\"BreadcrumbList\",\"@id\":\"https:\\\/\\\/aconteceunovale.com.br\\\/portal\\\/?p=166255#breadcrumb\",\"itemListElement\":[{\"@type\":\"ListItem\",\"position\":1,\"name\":\"In\u00edcio\",\"item\":\"https:\\\/\\\/aconteceunovale.com.br\\\/portal\\\/\"},{\"@type\":\"ListItem\",\"position\":2,\"name\":\"Azul dever\u00e1 indenizar cliente do Norte de Minas em R$ 10 mil\"}]},{\"@type\":\"WebSite\",\"@id\":\"https:\\\/\\\/aconteceunovale.com.br\\\/portal\\\/#website\",\"url\":\"https:\\\/\\\/aconteceunovale.com.br\\\/portal\\\/\",\"name\":\"Aconteceu no Vale\",\"description\":\"Portal de Not\u00edcias\",\"potentialAction\":[{\"@type\":\"SearchAction\",\"target\":{\"@type\":\"EntryPoint\",\"urlTemplate\":\"https:\\\/\\\/aconteceunovale.com.br\\\/portal\\\/?s={search_term_string}\"},\"query-input\":{\"@type\":\"PropertyValueSpecification\",\"valueRequired\":true,\"valueName\":\"search_term_string\"}}],\"inLanguage\":\"pt-BR\"},{\"@type\":\"Person\",\"@id\":\"https:\\\/\\\/aconteceunovale.com.br\\\/portal\\\/#\\\/schema\\\/person\\\/633529146f2c94272bef50ac2953d589\",\"name\":\"Aconteceu no Vale\",\"description\":\"Equipe de reportagem do Aconteceu no Vale, portal de not\u00edcias do Vale do Jequitinhonha, em Minas Gerais. Cobrimos as 51 cidades do Vale desde 2013. Sugest\u00f5es de pauta e pedidos de corre\u00e7\u00e3o: contato@aconteceunovale.com.br\",\"sameAs\":[\"http:\\\/\\\/www.aconteceunovale.com.br\"],\"url\":\"https:\\\/\\\/aconteceunovale.com.br\\\/portal\\\/?author=1\"}]}<\/script>\n<!-- \/ Yoast SEO plugin. -->","yoast_head_json":{"title":"Azul dever\u00e1 indenizar cliente do Norte de Minas em R$ 10 mil - Aconteceu no Vale","robots":{"index":"index","follow":"follow","max-snippet":"max-snippet:-1","max-image-preview":"max-image-preview:large","max-video-preview":"max-video-preview:-1"},"canonical":"https:\/\/aconteceunovale.com.br\/portal\/?p=166255","og_locale":"pt_BR","og_type":"article","og_title":"Azul dever\u00e1 indenizar cliente do Norte de Minas em R$ 10 mil - Aconteceu no Vale","og_description":"A Azul Linhas A\u00e9reas Brasileiras SA ter\u00e1 que indenizar em R$ 10 mil, por danos morais, uma cliente&nbsp;que teve sua bagagem extraviada e danificada.&nbsp;A decis\u00e3o \u00e9 da 15\u00aa C\u00e2mara C\u00edvel do Tribunal de Justi\u00e7a de Minas Gerais (TJMG), que manteve decis\u00e3o de primeira inst\u00e2ncia. A viajante&nbsp;comprou passagens da companhia a\u00e9rea para o trecho Montes Claros [&hellip;]","og_url":"https:\/\/aconteceunovale.com.br\/portal\/?p=166255","og_site_name":"Aconteceu no Vale","article_publisher":"https:\/\/www.facebook.com\/aconteceunovale\/","article_published_time":"2020-07-23T13:47:28+00:00","article_modified_time":"2020-07-23T13:48:06+00:00","og_image":[{"width":678,"height":381,"url":"https:\/\/aconteceunovale.com.br\/portal\/wp-content\/uploads\/2018\/12\/aviao_azul_moc.jpg","type":"image\/jpeg"}],"author":"Aconteceu no Vale","twitter_card":"summary_large_image","twitter_creator":"@noticiadosvales","twitter_site":"@noticiadosvales","twitter_misc":{"Escrito por":"Aconteceu no Vale","Est. tempo de leitura":"2 minutos"},"schema":{"@context":"https:\/\/schema.org","@graph":[{"@type":"Article","@id":"https:\/\/aconteceunovale.com.br\/portal\/?p=166255#article","isPartOf":{"@id":"https:\/\/aconteceunovale.com.br\/portal\/?p=166255"},"author":{"name":"Aconteceu no Vale","@id":"https:\/\/aconteceunovale.com.br\/portal\/#\/schema\/person\/633529146f2c94272bef50ac2953d589"},"headline":"Azul dever\u00e1 indenizar cliente do Norte de Minas em R$ 10 mil","datePublished":"2020-07-23T13:47:28+00:00","dateModified":"2020-07-23T13:48:06+00:00","mainEntityOfPage":{"@id":"https:\/\/aconteceunovale.com.br\/portal\/?p=166255"},"wordCount":469,"commentCount":0,"image":{"@id":"https:\/\/aconteceunovale.com.br\/portal\/?p=166255#primaryimage"},"thumbnailUrl":"https:\/\/aconteceunovale.com.br\/portal\/wp-content\/uploads\/2018\/12\/aviao_azul_moc.jpg","keywords":["Azul dever\u00e1 indenizar cliente de Montes Claros em R$ 10 mil","Azul dever\u00e1 indenizar cliente do Norte de Minas em R$ 10 mil","Azul Montes Claros","Montes Claros","TJMG","Tribunal de Justi\u00e7a de Minas Gerais"],"articleSection":["Norte de Minas"],"inLanguage":"pt-BR","potentialAction":[{"@type":"CommentAction","name":"Comment","target":["https:\/\/aconteceunovale.com.br\/portal\/?p=166255#respond"]}]},{"@type":"WebPage","@id":"https:\/\/aconteceunovale.com.br\/portal\/?p=166255","url":"https:\/\/aconteceunovale.com.br\/portal\/?p=166255","name":"Azul dever\u00e1 indenizar cliente do Norte de Minas em R$ 10 mil - Aconteceu no Vale","isPartOf":{"@id":"https:\/\/aconteceunovale.com.br\/portal\/#website"},"primaryImageOfPage":{"@id":"https:\/\/aconteceunovale.com.br\/portal\/?p=166255#primaryimage"},"image":{"@id":"https:\/\/aconteceunovale.com.br\/portal\/?p=166255#primaryimage"},"thumbnailUrl":"https:\/\/aconteceunovale.com.br\/portal\/wp-content\/uploads\/2018\/12\/aviao_azul_moc.jpg","datePublished":"2020-07-23T13:47:28+00:00","dateModified":"2020-07-23T13:48:06+00:00","author":{"@id":"https:\/\/aconteceunovale.com.br\/portal\/#\/schema\/person\/633529146f2c94272bef50ac2953d589"},"breadcrumb":{"@id":"https:\/\/aconteceunovale.com.br\/portal\/?p=166255#breadcrumb"},"inLanguage":"pt-BR","potentialAction":[{"@type":"ReadAction","target":["https:\/\/aconteceunovale.com.br\/portal\/?p=166255"]}]},{"@type":"ImageObject","inLanguage":"pt-BR","@id":"https:\/\/aconteceunovale.com.br\/portal\/?p=166255#primaryimage","url":"https:\/\/aconteceunovale.com.br\/portal\/wp-content\/uploads\/2018\/12\/aviao_azul_moc.jpg","contentUrl":"https:\/\/aconteceunovale.com.br\/portal\/wp-content\/uploads\/2018\/12\/aviao_azul_moc.jpg","width":678,"height":381},{"@type":"BreadcrumbList","@id":"https:\/\/aconteceunovale.com.br\/portal\/?p=166255#breadcrumb","itemListElement":[{"@type":"ListItem","position":1,"name":"In\u00edcio","item":"https:\/\/aconteceunovale.com.br\/portal\/"},{"@type":"ListItem","position":2,"name":"Azul dever\u00e1 indenizar cliente do Norte de Minas em R$ 10 mil"}]},{"@type":"WebSite","@id":"https:\/\/aconteceunovale.com.br\/portal\/#website","url":"https:\/\/aconteceunovale.com.br\/portal\/","name":"Aconteceu no Vale","description":"Portal de Not\u00edcias","potentialAction":[{"@type":"SearchAction","target":{"@type":"EntryPoint","urlTemplate":"https:\/\/aconteceunovale.com.br\/portal\/?s={search_term_string}"},"query-input":{"@type":"PropertyValueSpecification","valueRequired":true,"valueName":"search_term_string"}}],"inLanguage":"pt-BR"},{"@type":"Person","@id":"https:\/\/aconteceunovale.com.br\/portal\/#\/schema\/person\/633529146f2c94272bef50ac2953d589","name":"Aconteceu no Vale","description":"Equipe de reportagem do Aconteceu no Vale, portal de not\u00edcias do Vale do Jequitinhonha, em Minas Gerais. Cobrimos as 51 cidades do Vale desde 2013. Sugest\u00f5es de pauta e pedidos de corre\u00e7\u00e3o: contato@aconteceunovale.com.br","sameAs":["http:\/\/www.aconteceunovale.com.br"],"url":"https:\/\/aconteceunovale.com.br\/portal\/?author=1"}]}},"_links":{"self":[{"href":"https:\/\/aconteceunovale.com.br\/portal\/index.php?rest_route=\/wp\/v2\/posts\/166255","targetHints":{"allow":["GET"]}}],"collection":[{"href":"https:\/\/aconteceunovale.com.br\/portal\/index.php?rest_route=\/wp\/v2\/posts"}],"about":[{"href":"https:\/\/aconteceunovale.com.br\/portal\/index.php?rest_route=\/wp\/v2\/types\/post"}],"author":[{"embeddable":true,"href":"https:\/\/aconteceunovale.com.br\/portal\/index.php?rest_route=\/wp\/v2\/users\/1"}],"replies":[{"embeddable":true,"href":"https:\/\/aconteceunovale.com.br\/portal\/index.php?rest_route=%2Fwp%2Fv2%2Fcomments&post=166255"}],"version-history":[{"count":1,"href":"https:\/\/aconteceunovale.com.br\/portal\/index.php?rest_route=\/wp\/v2\/posts\/166255\/revisions"}],"predecessor-version":[{"id":166256,"href":"https:\/\/aconteceunovale.com.br\/portal\/index.php?rest_route=\/wp\/v2\/posts\/166255\/revisions\/166256"}],"wp:featuredmedia":[{"embeddable":true,"href":"https:\/\/aconteceunovale.com.br\/portal\/index.php?rest_route=\/wp\/v2\/media\/141415"}],"wp:attachment":[{"href":"https:\/\/aconteceunovale.com.br\/portal\/index.php?rest_route=%2Fwp%2Fv2%2Fmedia&parent=166255"}],"wp:term":[{"taxonomy":"category","embeddable":true,"href":"https:\/\/aconteceunovale.com.br\/portal\/index.php?rest_route=%2Fwp%2Fv2%2Fcategories&post=166255"},{"taxonomy":"post_tag","embeddable":true,"href":"https:\/\/aconteceunovale.com.br\/portal\/index.php?rest_route=%2Fwp%2Fv2%2Ftags&post=166255"}],"curies":[{"name":"wp","href":"https:\/\/api.w.org\/{rel}","templated":true}]}}