{"id":166236,"date":"2020-07-22T20:44:24","date_gmt":"2020-07-22T23:44:24","guid":{"rendered":"https:\/\/aconteceunovale.com.br\/portal\/?p=166236"},"modified":"2020-07-22T20:44:50","modified_gmt":"2020-07-22T23:44:50","slug":"montes-claros-tem-907-casos-confirmados-de-covid-19-e-13-obitos","status":"publish","type":"post","link":"https:\/\/aconteceunovale.com.br\/portal\/?p=166236","title":{"rendered":"Montes Claros tem 907 casos confirmados de Covid-19 e 13 \u00f3bitos"},"content":{"rendered":"\n<p class=\"wp-block-paragraph\">A Prefeitura de Montes Claros (MG) confirmou 69 casos de Covid-19 nas \u00faltimas 24 horas. Segundo informa\u00e7\u00f5es do boletim epidemiol\u00f3gico, atualizado na tarde desta quarta-feira (22\/7\/2020), o munic\u00edpio soma 907 pessoas atingidas pelo coronav\u00edrus. Treze pacientes morreram e 603 est\u00e3o recuperados.<\/p>\n\n\n\n<p class=\"wp-block-paragraph\">Dos 69 casos confirmados hoje, segundo a prefeitura, 36 s\u00e3o pacientes do sexo feminino (com idades entre dois e 62 anos) e 33 do sexo masculino (com idades entre 13 e 75 anos). Todos com estado de sa\u00fade est\u00e1vel e em isolamento domiciliar.<\/p>\n\n\n\n<p class=\"wp-block-paragraph\">A 13\u00aa morte por Covid-19 foi confirmada nesta quarta-feira. Segundo nota da Prefeitura, a v\u00edtima \u00e9 uma mulher de 41 anos, portadora de hipertens\u00e3o e diab\u00e9tica. Ela foi internada no dia 09\/07 e veio a \u00f3bito hoje.<\/p>\n\n\n\n<p class=\"wp-block-paragraph\"><strong>Confira o boletim de 22\/7\/2020:<\/strong><\/p>\n\n\n\n<figure class=\"wp-block-image size-large\"><img decoding=\"async\" src=\"https:\/\/aconteceu.info\/boletins\/corona_moc_22julho_1.jpg\" alt=\"\"\/><\/figure>\n\n\n\n<figure class=\"wp-block-image size-large\"><img decoding=\"async\" src=\"https:\/\/aconteceu.info\/boletins\/corona_moc_22julho_2.jpg\" alt=\"\"\/><\/figure>\n\n\n\n<h2 class=\"wp-block-heading\"><strong>Munic\u00edpios com mais casos nas regionais de Sa\u00fade de Montes Claros, Janu\u00e1ria e Pirapora (22\/7\/2020 &#8211; 20h30)<\/strong><\/h2>\n\n\n\n<figure class=\"wp-block-table\"><table><tbody><tr><td><strong>Munic\u00edpio<\/strong><\/td><td class=\"has-text-align-center\" data-align=\"center\"><strong>Casos<\/strong><\/td><td class=\"has-text-align-center\" data-align=\"center\"><strong>\u00d3bitos<\/strong><\/td><td class=\"has-text-align-center\" data-align=\"center\"><strong>Curados<\/strong><\/td><\/tr><tr><td>Montes Claros<\/td><td class=\"has-text-align-center\" data-align=\"center\">907<\/td><td class=\"has-text-align-center\" data-align=\"center\">13<\/td><td class=\"has-text-align-center\" data-align=\"center\">603<\/td><\/tr><tr><td>Jana\u00faba<\/td><td class=\"has-text-align-center\" data-align=\"center\">433<\/td><td class=\"has-text-align-center\" data-align=\"center\">11<\/td><td class=\"has-text-align-center\" data-align=\"center\">406<\/td><\/tr><tr><td>Salinas<\/td><td class=\"has-text-align-center\" data-align=\"center\">254<\/td><td class=\"has-text-align-center\" data-align=\"center\">10<\/td><td class=\"has-text-align-center\" data-align=\"center\">202<\/td><\/tr><tr><td>Pirapora<\/td><td class=\"has-text-align-center\" data-align=\"center\">151<\/td><td class=\"has-text-align-center\" data-align=\"center\">2<\/td><td class=\"has-text-align-center\" data-align=\"center\">138<\/td><\/tr><tr><td>Espinosa<\/td><td class=\"has-text-align-center\" data-align=\"center\">121<\/td><td class=\"has-text-align-center\" data-align=\"center\">6<\/td><td class=\"has-text-align-center\" data-align=\"center\">104<\/td><\/tr><tr><td>Taiobeiras<\/td><td class=\"has-text-align-center\" data-align=\"center\">89<\/td><td class=\"has-text-align-center\" data-align=\"center\">3<\/td><td class=\"has-text-align-center\" data-align=\"center\">82<\/td><\/tr><tr><td>Porteirinha<\/td><td class=\"has-text-align-center\" data-align=\"center\">82<\/td><td class=\"has-text-align-center\" data-align=\"center\">0<\/td><td class=\"has-text-align-center\" data-align=\"center\">57<\/td><\/tr><tr><td>Bocaiuva<\/td><td class=\"has-text-align-center\" data-align=\"center\">80<\/td><td class=\"has-text-align-center\" data-align=\"center\">2<\/td><td class=\"has-text-align-center\" data-align=\"center\">78<\/td><\/tr><tr><td>V\u00e1rzea da Palma<\/td><td class=\"has-text-align-center\" data-align=\"center\">77<\/td><td class=\"has-text-align-center\" data-align=\"center\">3<\/td><td class=\"has-text-align-center\" data-align=\"center\">62<\/td><\/tr><tr><td>Buritizeiro (21\/7)<\/td><td class=\"has-text-align-center\" data-align=\"center\">75<\/td><td class=\"has-text-align-center\" data-align=\"center\">3<\/td><td class=\"has-text-align-center\" data-align=\"center\">65<\/td><\/tr><tr><td>Ja\u00edba (21\/7)<\/td><td class=\"has-text-align-center\" data-align=\"center\">60<\/td><td class=\"has-text-align-center\" data-align=\"center\">0<\/td><td class=\"has-text-align-center\" data-align=\"center\">43<\/td><\/tr><tr><td>Francisco S\u00e1<\/td><td class=\"has-text-align-center\" data-align=\"center\">58<\/td><td class=\"has-text-align-center\" data-align=\"center\">1<\/td><td class=\"has-text-align-center\" data-align=\"center\">36<\/td><\/tr><tr><td>Monte Azul<\/td><td class=\"has-text-align-center\" data-align=\"center\">56<\/td><td class=\"has-text-align-center\" data-align=\"center\">2<\/td><td class=\"has-text-align-center\" data-align=\"center\">43<\/td><\/tr><tr><td>S\u00e3o Francisco (21\/7)<\/td><td class=\"has-text-align-center\" data-align=\"center\">50<\/td><td class=\"has-text-align-center\" data-align=\"center\">5<\/td><td class=\"has-text-align-center\" data-align=\"center\">36<\/td><\/tr><tr><td>S\u00e3o Jo\u00e3o do Para\u00edso (21\/7)<\/td><td class=\"has-text-align-center\" data-align=\"center\">49<\/td><td class=\"has-text-align-center\" data-align=\"center\">0<\/td><td class=\"has-text-align-center\" data-align=\"center\">36<\/td><\/tr><\/tbody><\/table><\/figure>\n\n\n\n<p class=\"has-background has-very-light-gray-background-color wp-block-paragraph\">Quer saber as not\u00edcias do <strong>Aconteceu no Vale<\/strong> em primeira m\u00e3o? Siga-nos no Facebook <a rel=\"noreferrer noopener\" href=\"http:\/\/facebook.com\/aconteceunovale\" target=\"_blank\">@aconteceunovale<\/a>, Twitter <a rel=\"noreferrer noopener\" href=\"https:\/\/twitter.com\/noticiadosvales\" target=\"_blank\">@noticiadosvales<\/a> e Instagram <a rel=\"noreferrer noopener\" href=\"https:\/\/www.instagram.com\/aconteceunovale\" target=\"_blank\">@aconteceunovale<\/a>.<\/p>\n","protected":false},"excerpt":{"rendered":"<p>A Prefeitura de Montes Claros (MG) confirmou 69 casos de Covid-19 nas \u00faltimas 24 horas. Segundo informa\u00e7\u00f5es do boletim epidemiol\u00f3gico, atualizado na tarde desta quarta-feira (22\/7\/2020), o munic\u00edpio soma 907 pessoas atingidas pelo coronav\u00edrus. Treze pacientes morreram e 603 est\u00e3o recuperados. Dos 69 casos confirmados hoje, segundo a prefeitura, 36 s\u00e3o pacientes do sexo feminino [&hellip;]<\/p>\n","protected":false},"author":1,"featured_media":166237,"comment_status":"open","ping_status":"closed","sticky":false,"template":"","format":"standard","meta":{"amp_status":"","footnotes":""},"categories":[1236,40242],"tags":[645,1535,218086,222764,224270,217228,220749,225519,225625,222765,1278,204,222763,1277,210,225313,225432,225774,225965,221820,222767,254,1194,222864,222766,190,1522,222846,222918,419,1340],"class_list":["post-166236","post","type-post","status-publish","format-standard","has-post-thumbnail","hentry","category-norte_de_minas","category-saude-2","tag-bocaiuva","tag-buritizeiro","tag-casos-de-coronavirus-em-montes-claros","tag-casos-de-covid-19-em-montes-claros","tag-casos-de-covid-19-estao-distribuidos-em-68-bairros-de-montes-claros","tag-coronavirus-em-montes-claros","tag-covid-19-em-montes-claros","tag-covid-19-montes-claros-registra-mais-36-casos","tag-covid-19-montes-claros-registra-mais-um-obito-e-36-casos","tag-curados-do-coronavirus-em-montes-claros","tag-espinosa","tag-janauba","tag-mais-de-60-dos-infectados-com-coronavirus-em-montes-claros-ja-estao-recuperados","tag-monte-azul","tag-montes-claros","tag-montes-claros-confirma-57-novos-casos-de-covid-19","tag-montes-claros-tem-623-casos-confirmados-de-covid-19-nove-pacientes-morreram-e-319-estao-recuperados","tag-montes-claros-tem-762-casos-confirmados-de-covid-19-e-11-mortes","tag-montes-claros-tem-907-casos-confirmados-de-covid-19-e-13-obitos","tag-mortes-por-coronavirus-em-montes-claros","tag-mortes-por-covid-19-em-montes-claros","tag-pirapora","tag-porteirinha","tag-prefeitura-de-montes-claros-confirma-mais-tres-casos-de-covid-19","tag-recuperados-do-coronavirus-em-montes-claros","tag-salinas","tag-sao-francisco","tag-sobe-para-69-o-numero-de-casos-confirmados-de-covid-19-em-montes-claros","tag-sobe-para-77-o-numero-de-casos-confirmados-de-covid-19-em-montes-claros","tag-taiobeiras","tag-varzea-da-palma"],"yoast_head":"<!-- This site is optimized with the Yoast SEO plugin v28.3 - https:\/\/yoast.com\/product\/yoast-seo-wordpress\/ -->\n<title>Montes Claros tem 907 casos confirmados de Covid-19 e 13 \u00f3bitos - Aconteceu no Vale<\/title>\n<meta name=\"robots\" content=\"index, follow, max-snippet:-1, max-image-preview:large, max-video-preview:-1\" \/>\n<link rel=\"canonical\" href=\"https:\/\/aconteceunovale.com.br\/portal\/?p=166236\" \/>\n<meta property=\"og:locale\" content=\"pt_BR\" \/>\n<meta property=\"og:type\" content=\"article\" \/>\n<meta property=\"og:title\" content=\"Montes Claros tem 907 casos confirmados de Covid-19 e 13 \u00f3bitos - Aconteceu no Vale\" \/>\n<meta property=\"og:description\" content=\"A Prefeitura de Montes Claros (MG) confirmou 69 casos de Covid-19 nas \u00faltimas 24 horas. Segundo informa\u00e7\u00f5es do boletim epidemiol\u00f3gico, atualizado na tarde desta quarta-feira (22\/7\/2020), o munic\u00edpio soma 907 pessoas atingidas pelo coronav\u00edrus. Treze pacientes morreram e 603 est\u00e3o recuperados. Dos 69 casos confirmados hoje, segundo a prefeitura, 36 s\u00e3o pacientes do sexo feminino [&hellip;]\" \/>\n<meta property=\"og:url\" content=\"https:\/\/aconteceunovale.com.br\/portal\/?p=166236\" \/>\n<meta property=\"og:site_name\" content=\"Aconteceu no Vale\" \/>\n<meta property=\"article:publisher\" content=\"https:\/\/www.facebook.com\/aconteceunovale\/\" \/>\n<meta property=\"article:published_time\" content=\"2020-07-22T23:44:24+00:00\" \/>\n<meta property=\"article:modified_time\" content=\"2020-07-22T23:44:50+00:00\" \/>\n<meta property=\"og:image\" content=\"https:\/\/aconteceunovale.com.br\/portal\/wp-content\/uploads\/2020\/07\/corona_moc_22julho_3.jpg\" \/>\n\t<meta property=\"og:image:width\" content=\"678\" \/>\n\t<meta property=\"og:image:height\" content=\"351\" \/>\n\t<meta property=\"og:image:type\" content=\"image\/jpeg\" \/>\n<meta name=\"author\" content=\"Aconteceu no Vale\" \/>\n<meta name=\"twitter:card\" content=\"summary_large_image\" \/>\n<meta name=\"twitter:creator\" content=\"@noticiadosvales\" \/>\n<meta name=\"twitter:site\" content=\"@noticiadosvales\" \/>\n<meta name=\"twitter:label1\" content=\"Escrito por\" \/>\n\t<meta name=\"twitter:data1\" content=\"Aconteceu no Vale\" \/>\n\t<meta name=\"twitter:label2\" content=\"Est. tempo de leitura\" \/>\n\t<meta name=\"twitter:data2\" content=\"1 minuto\" \/>\n<script type=\"application\/ld+json\" class=\"yoast-schema-graph\">{\"@context\":\"https:\\\/\\\/schema.org\",\"@graph\":[{\"@type\":\"Article\",\"@id\":\"https:\\\/\\\/aconteceunovale.com.br\\\/portal\\\/?p=166236#article\",\"isPartOf\":{\"@id\":\"https:\\\/\\\/aconteceunovale.com.br\\\/portal\\\/?p=166236\"},\"author\":{\"name\":\"Aconteceu no Vale\",\"@id\":\"https:\\\/\\\/aconteceunovale.com.br\\\/portal\\\/#\\\/schema\\\/person\\\/633529146f2c94272bef50ac2953d589\"},\"headline\":\"Montes Claros tem 907 casos confirmados de Covid-19 e 13 \u00f3bitos\",\"datePublished\":\"2020-07-22T23:44:24+00:00\",\"dateModified\":\"2020-07-22T23:44:50+00:00\",\"mainEntityOfPage\":{\"@id\":\"https:\\\/\\\/aconteceunovale.com.br\\\/portal\\\/?p=166236\"},\"wordCount\":207,\"commentCount\":0,\"image\":{\"@id\":\"https:\\\/\\\/aconteceunovale.com.br\\\/portal\\\/?p=166236#primaryimage\"},\"thumbnailUrl\":\"https:\\\/\\\/aconteceunovale.com.br\\\/portal\\\/wp-content\\\/uploads\\\/2020\\\/07\\\/corona_moc_22julho_3.jpg\",\"keywords\":[\"Bocai\u00fava\",\"Buritizeiro\",\"Casos de coronav\u00edrus em Montes Claros\",\"Casos de covid-19 em Montes Claros\",\"Casos de Covid-19 est\u00e3o distribu\u00eddos em 68 bairros de Montes Claros\",\"Coronav\u00edrus em Montes Claros\",\"Covid-19 em Montes Claros\",\"Covid-19: Montes Claros registra mais 36 casos\",\"Covid-19: Montes Claros registra mais um \u00f3bito e 36 casos\",\"Curados do coronav\u00edrus em Montes Claros\",\"espinosa\",\"Jana\u00faba\",\"Mais de 60% dos infectados com coronav\u00edrus em Montes Claros j\u00e1 est\u00e3o recuperados\",\"monte azul\",\"Montes Claros\",\"Montes Claros confirma 57 novos casos de Covid-19\",\"Montes Claros tem 623 casos confirmados de Covid-19; nove pacientes morreram e 319 est\u00e3o recuperados\",\"Montes Claros tem 762 casos confirmados de Covid-19 e 11 mortes\",\"Montes Claros tem 907 casos confirmados de Covid-19 e 13 \u00f3bitos\",\"Mortes por coronav\u00edrus em Montes Claros\",\"Mortes por Covid-19 em Montes Claros\",\"Pirapora\",\"porteirinha\",\"Prefeitura de Montes Claros confirma mais tr\u00eas casos de Covid-19\",\"Recuperados do coronav\u00edrus em Montes Claros\",\"Salinas\",\"S\u00e3o Francisco\",\"Sobe para 69 o n\u00famero de casos confirmados de Covid-19 em Montes Claros\",\"Sobe para 77 o n\u00famero de casos confirmados de Covid-19 em Montes Claros\",\"Taiobeiras\",\"v\u00e1rzea da palma\"],\"articleSection\":[\"Norte de Minas\",\"Sa\u00fade\"],\"inLanguage\":\"pt-BR\",\"potentialAction\":[{\"@type\":\"CommentAction\",\"name\":\"Comment\",\"target\":[\"https:\\\/\\\/aconteceunovale.com.br\\\/portal\\\/?p=166236#respond\"]}]},{\"@type\":\"WebPage\",\"@id\":\"https:\\\/\\\/aconteceunovale.com.br\\\/portal\\\/?p=166236\",\"url\":\"https:\\\/\\\/aconteceunovale.com.br\\\/portal\\\/?p=166236\",\"name\":\"Montes Claros tem 907 casos confirmados de Covid-19 e 13 \u00f3bitos - Aconteceu no Vale\",\"isPartOf\":{\"@id\":\"https:\\\/\\\/aconteceunovale.com.br\\\/portal\\\/#website\"},\"primaryImageOfPage\":{\"@id\":\"https:\\\/\\\/aconteceunovale.com.br\\\/portal\\\/?p=166236#primaryimage\"},\"image\":{\"@id\":\"https:\\\/\\\/aconteceunovale.com.br\\\/portal\\\/?p=166236#primaryimage\"},\"thumbnailUrl\":\"https:\\\/\\\/aconteceunovale.com.br\\\/portal\\\/wp-content\\\/uploads\\\/2020\\\/07\\\/corona_moc_22julho_3.jpg\",\"datePublished\":\"2020-07-22T23:44:24+00:00\",\"dateModified\":\"2020-07-22T23:44:50+00:00\",\"author\":{\"@id\":\"https:\\\/\\\/aconteceunovale.com.br\\\/portal\\\/#\\\/schema\\\/person\\\/633529146f2c94272bef50ac2953d589\"},\"breadcrumb\":{\"@id\":\"https:\\\/\\\/aconteceunovale.com.br\\\/portal\\\/?p=166236#breadcrumb\"},\"inLanguage\":\"pt-BR\",\"potentialAction\":[{\"@type\":\"ReadAction\",\"target\":[\"https:\\\/\\\/aconteceunovale.com.br\\\/portal\\\/?p=166236\"]}]},{\"@type\":\"ImageObject\",\"inLanguage\":\"pt-BR\",\"@id\":\"https:\\\/\\\/aconteceunovale.com.br\\\/portal\\\/?p=166236#primaryimage\",\"url\":\"https:\\\/\\\/aconteceunovale.com.br\\\/portal\\\/wp-content\\\/uploads\\\/2020\\\/07\\\/corona_moc_22julho_3.jpg\",\"contentUrl\":\"https:\\\/\\\/aconteceunovale.com.br\\\/portal\\\/wp-content\\\/uploads\\\/2020\\\/07\\\/corona_moc_22julho_3.jpg\",\"width\":678,\"height\":351},{\"@type\":\"BreadcrumbList\",\"@id\":\"https:\\\/\\\/aconteceunovale.com.br\\\/portal\\\/?p=166236#breadcrumb\",\"itemListElement\":[{\"@type\":\"ListItem\",\"position\":1,\"name\":\"In\u00edcio\",\"item\":\"https:\\\/\\\/aconteceunovale.com.br\\\/portal\\\/\"},{\"@type\":\"ListItem\",\"position\":2,\"name\":\"Montes Claros tem 907 casos confirmados de Covid-19 e 13 \u00f3bitos\"}]},{\"@type\":\"WebSite\",\"@id\":\"https:\\\/\\\/aconteceunovale.com.br\\\/portal\\\/#website\",\"url\":\"https:\\\/\\\/aconteceunovale.com.br\\\/portal\\\/\",\"name\":\"Aconteceu no Vale\",\"description\":\"Portal de Not\u00edcias\",\"potentialAction\":[{\"@type\":\"SearchAction\",\"target\":{\"@type\":\"EntryPoint\",\"urlTemplate\":\"https:\\\/\\\/aconteceunovale.com.br\\\/portal\\\/?s={search_term_string}\"},\"query-input\":{\"@type\":\"PropertyValueSpecification\",\"valueRequired\":true,\"valueName\":\"search_term_string\"}}],\"inLanguage\":\"pt-BR\"},{\"@type\":\"Person\",\"@id\":\"https:\\\/\\\/aconteceunovale.com.br\\\/portal\\\/#\\\/schema\\\/person\\\/633529146f2c94272bef50ac2953d589\",\"name\":\"Aconteceu no Vale\",\"description\":\"Equipe de reportagem do Aconteceu no Vale, portal de not\u00edcias do Vale do Jequitinhonha, em Minas Gerais. Cobrimos as 51 cidades do Vale desde 2013. Sugest\u00f5es de pauta e pedidos de corre\u00e7\u00e3o: contato@aconteceunovale.com.br\",\"sameAs\":[\"http:\\\/\\\/www.aconteceunovale.com.br\"],\"url\":\"https:\\\/\\\/aconteceunovale.com.br\\\/portal\\\/?author=1\"}]}<\/script>\n<!-- \/ Yoast SEO plugin. -->","yoast_head_json":{"title":"Montes Claros tem 907 casos confirmados de Covid-19 e 13 \u00f3bitos - Aconteceu no Vale","robots":{"index":"index","follow":"follow","max-snippet":"max-snippet:-1","max-image-preview":"max-image-preview:large","max-video-preview":"max-video-preview:-1"},"canonical":"https:\/\/aconteceunovale.com.br\/portal\/?p=166236","og_locale":"pt_BR","og_type":"article","og_title":"Montes Claros tem 907 casos confirmados de Covid-19 e 13 \u00f3bitos - Aconteceu no Vale","og_description":"A Prefeitura de Montes Claros (MG) confirmou 69 casos de Covid-19 nas \u00faltimas 24 horas. Segundo informa\u00e7\u00f5es do boletim epidemiol\u00f3gico, atualizado na tarde desta quarta-feira (22\/7\/2020), o munic\u00edpio soma 907 pessoas atingidas pelo coronav\u00edrus. Treze pacientes morreram e 603 est\u00e3o recuperados. Dos 69 casos confirmados hoje, segundo a prefeitura, 36 s\u00e3o pacientes do sexo feminino [&hellip;]","og_url":"https:\/\/aconteceunovale.com.br\/portal\/?p=166236","og_site_name":"Aconteceu no Vale","article_publisher":"https:\/\/www.facebook.com\/aconteceunovale\/","article_published_time":"2020-07-22T23:44:24+00:00","article_modified_time":"2020-07-22T23:44:50+00:00","og_image":[{"width":678,"height":351,"url":"https:\/\/aconteceunovale.com.br\/portal\/wp-content\/uploads\/2020\/07\/corona_moc_22julho_3.jpg","type":"image\/jpeg"}],"author":"Aconteceu no Vale","twitter_card":"summary_large_image","twitter_creator":"@noticiadosvales","twitter_site":"@noticiadosvales","twitter_misc":{"Escrito por":"Aconteceu no Vale","Est. tempo de leitura":"1 minuto"},"schema":{"@context":"https:\/\/schema.org","@graph":[{"@type":"Article","@id":"https:\/\/aconteceunovale.com.br\/portal\/?p=166236#article","isPartOf":{"@id":"https:\/\/aconteceunovale.com.br\/portal\/?p=166236"},"author":{"name":"Aconteceu no Vale","@id":"https:\/\/aconteceunovale.com.br\/portal\/#\/schema\/person\/633529146f2c94272bef50ac2953d589"},"headline":"Montes Claros tem 907 casos confirmados de Covid-19 e 13 \u00f3bitos","datePublished":"2020-07-22T23:44:24+00:00","dateModified":"2020-07-22T23:44:50+00:00","mainEntityOfPage":{"@id":"https:\/\/aconteceunovale.com.br\/portal\/?p=166236"},"wordCount":207,"commentCount":0,"image":{"@id":"https:\/\/aconteceunovale.com.br\/portal\/?p=166236#primaryimage"},"thumbnailUrl":"https:\/\/aconteceunovale.com.br\/portal\/wp-content\/uploads\/2020\/07\/corona_moc_22julho_3.jpg","keywords":["Bocai\u00fava","Buritizeiro","Casos de coronav\u00edrus em Montes Claros","Casos de covid-19 em Montes Claros","Casos de Covid-19 est\u00e3o distribu\u00eddos em 68 bairros de Montes Claros","Coronav\u00edrus em Montes Claros","Covid-19 em Montes Claros","Covid-19: Montes Claros registra mais 36 casos","Covid-19: Montes Claros registra mais um \u00f3bito e 36 casos","Curados do coronav\u00edrus em Montes Claros","espinosa","Jana\u00faba","Mais de 60% dos infectados com coronav\u00edrus em Montes Claros j\u00e1 est\u00e3o recuperados","monte azul","Montes Claros","Montes Claros confirma 57 novos casos de Covid-19","Montes Claros tem 623 casos confirmados de Covid-19; nove pacientes morreram e 319 est\u00e3o recuperados","Montes Claros tem 762 casos confirmados de Covid-19 e 11 mortes","Montes Claros tem 907 casos confirmados de Covid-19 e 13 \u00f3bitos","Mortes por coronav\u00edrus em Montes Claros","Mortes por Covid-19 em Montes Claros","Pirapora","porteirinha","Prefeitura de Montes Claros confirma mais tr\u00eas casos de Covid-19","Recuperados do coronav\u00edrus em Montes Claros","Salinas","S\u00e3o Francisco","Sobe para 69 o n\u00famero de casos confirmados de Covid-19 em Montes Claros","Sobe para 77 o n\u00famero de casos confirmados de Covid-19 em Montes Claros","Taiobeiras","v\u00e1rzea da palma"],"articleSection":["Norte de Minas","Sa\u00fade"],"inLanguage":"pt-BR","potentialAction":[{"@type":"CommentAction","name":"Comment","target":["https:\/\/aconteceunovale.com.br\/portal\/?p=166236#respond"]}]},{"@type":"WebPage","@id":"https:\/\/aconteceunovale.com.br\/portal\/?p=166236","url":"https:\/\/aconteceunovale.com.br\/portal\/?p=166236","name":"Montes Claros tem 907 casos confirmados de Covid-19 e 13 \u00f3bitos - Aconteceu no Vale","isPartOf":{"@id":"https:\/\/aconteceunovale.com.br\/portal\/#website"},"primaryImageOfPage":{"@id":"https:\/\/aconteceunovale.com.br\/portal\/?p=166236#primaryimage"},"image":{"@id":"https:\/\/aconteceunovale.com.br\/portal\/?p=166236#primaryimage"},"thumbnailUrl":"https:\/\/aconteceunovale.com.br\/portal\/wp-content\/uploads\/2020\/07\/corona_moc_22julho_3.jpg","datePublished":"2020-07-22T23:44:24+00:00","dateModified":"2020-07-22T23:44:50+00:00","author":{"@id":"https:\/\/aconteceunovale.com.br\/portal\/#\/schema\/person\/633529146f2c94272bef50ac2953d589"},"breadcrumb":{"@id":"https:\/\/aconteceunovale.com.br\/portal\/?p=166236#breadcrumb"},"inLanguage":"pt-BR","potentialAction":[{"@type":"ReadAction","target":["https:\/\/aconteceunovale.com.br\/portal\/?p=166236"]}]},{"@type":"ImageObject","inLanguage":"pt-BR","@id":"https:\/\/aconteceunovale.com.br\/portal\/?p=166236#primaryimage","url":"https:\/\/aconteceunovale.com.br\/portal\/wp-content\/uploads\/2020\/07\/corona_moc_22julho_3.jpg","contentUrl":"https:\/\/aconteceunovale.com.br\/portal\/wp-content\/uploads\/2020\/07\/corona_moc_22julho_3.jpg","width":678,"height":351},{"@type":"BreadcrumbList","@id":"https:\/\/aconteceunovale.com.br\/portal\/?p=166236#breadcrumb","itemListElement":[{"@type":"ListItem","position":1,"name":"In\u00edcio","item":"https:\/\/aconteceunovale.com.br\/portal\/"},{"@type":"ListItem","position":2,"name":"Montes Claros tem 907 casos confirmados de Covid-19 e 13 \u00f3bitos"}]},{"@type":"WebSite","@id":"https:\/\/aconteceunovale.com.br\/portal\/#website","url":"https:\/\/aconteceunovale.com.br\/portal\/","name":"Aconteceu no Vale","description":"Portal de Not\u00edcias","potentialAction":[{"@type":"SearchAction","target":{"@type":"EntryPoint","urlTemplate":"https:\/\/aconteceunovale.com.br\/portal\/?s={search_term_string}"},"query-input":{"@type":"PropertyValueSpecification","valueRequired":true,"valueName":"search_term_string"}}],"inLanguage":"pt-BR"},{"@type":"Person","@id":"https:\/\/aconteceunovale.com.br\/portal\/#\/schema\/person\/633529146f2c94272bef50ac2953d589","name":"Aconteceu no Vale","description":"Equipe de reportagem do Aconteceu no Vale, portal de not\u00edcias do Vale do Jequitinhonha, em Minas Gerais. Cobrimos as 51 cidades do Vale desde 2013. Sugest\u00f5es de pauta e pedidos de corre\u00e7\u00e3o: contato@aconteceunovale.com.br","sameAs":["http:\/\/www.aconteceunovale.com.br"],"url":"https:\/\/aconteceunovale.com.br\/portal\/?author=1"}]}},"_links":{"self":[{"href":"https:\/\/aconteceunovale.com.br\/portal\/index.php?rest_route=\/wp\/v2\/posts\/166236","targetHints":{"allow":["GET"]}}],"collection":[{"href":"https:\/\/aconteceunovale.com.br\/portal\/index.php?rest_route=\/wp\/v2\/posts"}],"about":[{"href":"https:\/\/aconteceunovale.com.br\/portal\/index.php?rest_route=\/wp\/v2\/types\/post"}],"author":[{"embeddable":true,"href":"https:\/\/aconteceunovale.com.br\/portal\/index.php?rest_route=\/wp\/v2\/users\/1"}],"replies":[{"embeddable":true,"href":"https:\/\/aconteceunovale.com.br\/portal\/index.php?rest_route=%2Fwp%2Fv2%2Fcomments&post=166236"}],"version-history":[{"count":1,"href":"https:\/\/aconteceunovale.com.br\/portal\/index.php?rest_route=\/wp\/v2\/posts\/166236\/revisions"}],"predecessor-version":[{"id":166238,"href":"https:\/\/aconteceunovale.com.br\/portal\/index.php?rest_route=\/wp\/v2\/posts\/166236\/revisions\/166238"}],"wp:featuredmedia":[{"embeddable":true,"href":"https:\/\/aconteceunovale.com.br\/portal\/index.php?rest_route=\/wp\/v2\/media\/166237"}],"wp:attachment":[{"href":"https:\/\/aconteceunovale.com.br\/portal\/index.php?rest_route=%2Fwp%2Fv2%2Fmedia&parent=166236"}],"wp:term":[{"taxonomy":"category","embeddable":true,"href":"https:\/\/aconteceunovale.com.br\/portal\/index.php?rest_route=%2Fwp%2Fv2%2Fcategories&post=166236"},{"taxonomy":"post_tag","embeddable":true,"href":"https:\/\/aconteceunovale.com.br\/portal\/index.php?rest_route=%2Fwp%2Fv2%2Ftags&post=166236"}],"curies":[{"name":"wp","href":"https:\/\/api.w.org\/{rel}","templated":true}]}}