{"id":166231,"date":"2020-07-22T19:35:19","date_gmt":"2020-07-22T22:35:19","guid":{"rendered":"https:\/\/aconteceunovale.com.br\/portal\/?p=166231"},"modified":"2020-07-22T19:36:00","modified_gmt":"2020-07-22T22:36:00","slug":"dolar-fecha-no-menor-nivel-em-cinco-semanas","status":"publish","type":"post","link":"https:\/\/aconteceunovale.com.br\/portal\/?p=166231","title":{"rendered":"D\u00f3lar fecha no menor n\u00edvel em cinco semanas"},"content":{"rendered":"\n<p class=\"wp-block-paragraph\">Em um dia de otimismo no mercado externo, a moeda norte-americana caiu para o menor n\u00edvel em cinco semanas. O d\u00f3lar comercial fechou esta quarta-feira (22) vendido a R$ 5,114, com forte recuo de R$ 0,097 (-1,87%). A divisa est\u00e1 no valor mais baixo desde 12 de junho, quando tinha fechado em R$ 5,045.<\/p>\n\n\n\n<p class=\"wp-block-paragraph\">O euro comercial encerrou o dia em baixa, sendo vendido a R$ 5,909, com queda de 0,91%. A libra esterlina comercial caiu 0,94% e fechou em R$ 6,522.<\/p>\n\n\n\n<p class=\"wp-block-paragraph\">Nos \u00faltimos meses, os investidores compraram d\u00f3lares para montarem posi\u00e7\u00f5es contra o real e protegerem aplica\u00e7\u00f5es em outros mercados (como bolsa e renda fixa). Com a melhora do ambiente global e sinais de fragilidade do d\u00f3lar no mundo, essa aposta estaria sendo desfeito, possibilitando o ajuste mais forte na cota\u00e7\u00e3o.<\/p>\n\n\n\n<p class=\"wp-block-paragraph\">O recuo da moeda norte-americana estendeu-se depois da queda expressiva de ontem (21). Nem o acirramento das tens\u00f5es entre os Estados Unidos e a China, com a ordem do governo norte-americano para que o pa\u00eds asi\u00e1tico feche o consulado em Houston, interferiu na cota\u00e7\u00e3o.<\/p>\n\n\n\n<p class=\"wp-block-paragraph\">Al\u00e9m de avan\u00e7os com pesquisas nas vacinas contra o novo coronav\u00edrus, o Federal Reserve (Banco Central norte-americano) est\u00e1 irrigando o sistema financeiro internacional com d\u00f3lares, aliviando a press\u00e3o sobre o c\u00e2mbio em pa\u00edses emergentes, como o Brasil.<\/p>\n\n\n\n<h2 class=\"wp-block-heading\">Bolsa<\/h2>\n\n\n\n<p class=\"wp-block-paragraph\">O otimismo no mercado cambial n\u00e3o se repetiu na bolsa. O \u00edndice Ibovespa, da B3 (a bolsa de valores brasileira), fechou esta quarta-feira aos 104.290 pontos, com leve queda de 0,02%. O indicador oscilou bastante durante o dia, alternando altas e baixas, at\u00e9 fechar pr\u00f3ximo da estabilidade.<\/p>\n\n\n\n<p class=\"has-background has-very-light-gray-background-color wp-block-paragraph\">Quer saber as not\u00edcias do <strong>Aconteceu no Vale<\/strong> em primeira m\u00e3o? Siga-nos no Facebook <a rel=\"noreferrer noopener\" href=\"http:\/\/facebook.com\/aconteceunovale\" target=\"_blank\">@aconteceunovale<\/a>, Twitter <a rel=\"noreferrer noopener\" href=\"https:\/\/twitter.com\/noticiadosvales\" target=\"_blank\">@noticiadosvales<\/a> e Instagram <a rel=\"noreferrer noopener\" href=\"https:\/\/www.instagram.com\/aconteceunovale\" target=\"_blank\">@aconteceunovale<\/a>.<\/p>\n","protected":false},"excerpt":{"rendered":"<p>Em um dia de otimismo no mercado externo, a moeda norte-americana caiu para o menor n\u00edvel em cinco semanas. O d\u00f3lar comercial fechou esta quarta-feira (22) vendido a R$ 5,114, com forte recuo de R$ 0,097 (-1,87%). A divisa est\u00e1 no valor mais baixo desde 12 de junho, quando tinha fechado em R$ 5,045. O [&hellip;]<\/p>\n","protected":false},"author":1,"featured_media":155335,"comment_status":"open","ping_status":"closed","sticky":false,"template":"","format":"standard","meta":{"amp_status":"","footnotes":""},"categories":[6,28848],"tags":[193222,22812,60204,214884,216498,36469,20087,209222,222668,225963,138905,21719,21715,140166,20863,33390,30962,76128],"class_list":["post-166231","post","type-post","status-publish","format-standard","has-post-thumbnail","hentry","category-br","category-mundo","tag-bolsa","tag-bolsa-de-valores","tag-cambio-dolar","tag-coronavirus","tag-covid-19","tag-desvalorizacao-do-dolar","tag-dolar","tag-dolar-dos-estados-unidos","tag-dolar-fecha-maio-com-primeira-queda-mensal-em-2020","tag-dolar-fecha-no-menor-nivel-em-cinco-semanas","tag-dolar-norte-americano","tag-ibovespa","tag-mercado-financeiro","tag-pandemia","tag-petroleo","tag-queda-do-dolar","tag-valor-do-dolar","tag-valorizacao-do-real"],"yoast_head":"<!-- This site is optimized with the Yoast SEO plugin v28.3 - https:\/\/yoast.com\/product\/yoast-seo-wordpress\/ -->\n<title>D\u00f3lar fecha no menor n\u00edvel em cinco semanas - Aconteceu no Vale<\/title>\n<meta name=\"robots\" content=\"index, follow, max-snippet:-1, max-image-preview:large, max-video-preview:-1\" \/>\n<link rel=\"canonical\" href=\"https:\/\/aconteceunovale.com.br\/portal\/?p=166231\" \/>\n<meta property=\"og:locale\" content=\"pt_BR\" \/>\n<meta property=\"og:type\" content=\"article\" \/>\n<meta property=\"og:title\" content=\"D\u00f3lar fecha no menor n\u00edvel em cinco semanas - Aconteceu no Vale\" \/>\n<meta property=\"og:description\" content=\"Em um dia de otimismo no mercado externo, a moeda norte-americana caiu para o menor n\u00edvel em cinco semanas. O d\u00f3lar comercial fechou esta quarta-feira (22) vendido a R$ 5,114, com forte recuo de R$ 0,097 (-1,87%). A divisa est\u00e1 no valor mais baixo desde 12 de junho, quando tinha fechado em R$ 5,045. O [&hellip;]\" \/>\n<meta property=\"og:url\" content=\"https:\/\/aconteceunovale.com.br\/portal\/?p=166231\" \/>\n<meta property=\"og:site_name\" content=\"Aconteceu no Vale\" \/>\n<meta property=\"article:publisher\" content=\"https:\/\/www.facebook.com\/aconteceunovale\/\" \/>\n<meta property=\"article:published_time\" content=\"2020-07-22T22:35:19+00:00\" \/>\n<meta property=\"article:modified_time\" content=\"2020-07-22T22:36:00+00:00\" \/>\n<meta property=\"og:image\" content=\"https:\/\/aconteceunovale.com.br\/portal\/wp-content\/uploads\/2019\/11\/dolar_usd.jpg\" \/>\n\t<meta property=\"og:image:width\" content=\"675\" \/>\n\t<meta property=\"og:image:height\" content=\"450\" \/>\n\t<meta property=\"og:image:type\" content=\"image\/jpeg\" \/>\n<meta name=\"author\" content=\"Aconteceu no Vale\" \/>\n<meta name=\"twitter:card\" content=\"summary_large_image\" \/>\n<meta name=\"twitter:creator\" content=\"@noticiadosvales\" \/>\n<meta name=\"twitter:site\" content=\"@noticiadosvales\" \/>\n<meta name=\"twitter:label1\" content=\"Escrito por\" \/>\n\t<meta name=\"twitter:data1\" content=\"Aconteceu no Vale\" \/>\n\t<meta name=\"twitter:label2\" content=\"Est. tempo de leitura\" \/>\n\t<meta name=\"twitter:data2\" content=\"1 minuto\" \/>\n<script type=\"application\/ld+json\" class=\"yoast-schema-graph\">{\"@context\":\"https:\\\/\\\/schema.org\",\"@graph\":[{\"@type\":\"Article\",\"@id\":\"https:\\\/\\\/aconteceunovale.com.br\\\/portal\\\/?p=166231#article\",\"isPartOf\":{\"@id\":\"https:\\\/\\\/aconteceunovale.com.br\\\/portal\\\/?p=166231\"},\"author\":{\"name\":\"Aconteceu no Vale\",\"@id\":\"https:\\\/\\\/aconteceunovale.com.br\\\/portal\\\/#\\\/schema\\\/person\\\/633529146f2c94272bef50ac2953d589\"},\"headline\":\"D\u00f3lar fecha no menor n\u00edvel em cinco semanas\",\"datePublished\":\"2020-07-22T22:35:19+00:00\",\"dateModified\":\"2020-07-22T22:36:00+00:00\",\"mainEntityOfPage\":{\"@id\":\"https:\\\/\\\/aconteceunovale.com.br\\\/portal\\\/?p=166231\"},\"wordCount\":301,\"commentCount\":0,\"image\":{\"@id\":\"https:\\\/\\\/aconteceunovale.com.br\\\/portal\\\/?p=166231#primaryimage\"},\"thumbnailUrl\":\"https:\\\/\\\/aconteceunovale.com.br\\\/portal\\\/wp-content\\\/uploads\\\/2019\\\/11\\\/dolar_usd.jpg\",\"keywords\":[\"bolsa\",\"Bolsa de Valores\",\"c\u00e2mbio d\u00f3lar\",\"Coronav\u00edrus\",\"COVID-19\",\"desvaloriza\u00e7\u00e3o do d\u00f3lar\",\"d\u00f3lar\",\"D\u00f3lar dos Estados Unidos\",\"D\u00f3lar fecha maio com primeira queda mensal em 2020\",\"D\u00f3lar fecha no menor n\u00edvel em cinco semanas\",\"D\u00f3lar norte-americano\",\"Ibovespa\",\"mercado financeiro\",\"pandemia\",\"Petr\u00f3leo\",\"queda do D\u00f3lar\",\"valor do D\u00f3lar\",\"valoriza\u00e7\u00e3o do real\"],\"articleSection\":[\"Brasil\",\"Mundo\"],\"inLanguage\":\"pt-BR\",\"potentialAction\":[{\"@type\":\"CommentAction\",\"name\":\"Comment\",\"target\":[\"https:\\\/\\\/aconteceunovale.com.br\\\/portal\\\/?p=166231#respond\"]}]},{\"@type\":\"WebPage\",\"@id\":\"https:\\\/\\\/aconteceunovale.com.br\\\/portal\\\/?p=166231\",\"url\":\"https:\\\/\\\/aconteceunovale.com.br\\\/portal\\\/?p=166231\",\"name\":\"D\u00f3lar fecha no menor n\u00edvel em cinco semanas - Aconteceu no Vale\",\"isPartOf\":{\"@id\":\"https:\\\/\\\/aconteceunovale.com.br\\\/portal\\\/#website\"},\"primaryImageOfPage\":{\"@id\":\"https:\\\/\\\/aconteceunovale.com.br\\\/portal\\\/?p=166231#primaryimage\"},\"image\":{\"@id\":\"https:\\\/\\\/aconteceunovale.com.br\\\/portal\\\/?p=166231#primaryimage\"},\"thumbnailUrl\":\"https:\\\/\\\/aconteceunovale.com.br\\\/portal\\\/wp-content\\\/uploads\\\/2019\\\/11\\\/dolar_usd.jpg\",\"datePublished\":\"2020-07-22T22:35:19+00:00\",\"dateModified\":\"2020-07-22T22:36:00+00:00\",\"author\":{\"@id\":\"https:\\\/\\\/aconteceunovale.com.br\\\/portal\\\/#\\\/schema\\\/person\\\/633529146f2c94272bef50ac2953d589\"},\"breadcrumb\":{\"@id\":\"https:\\\/\\\/aconteceunovale.com.br\\\/portal\\\/?p=166231#breadcrumb\"},\"inLanguage\":\"pt-BR\",\"potentialAction\":[{\"@type\":\"ReadAction\",\"target\":[\"https:\\\/\\\/aconteceunovale.com.br\\\/portal\\\/?p=166231\"]}]},{\"@type\":\"ImageObject\",\"inLanguage\":\"pt-BR\",\"@id\":\"https:\\\/\\\/aconteceunovale.com.br\\\/portal\\\/?p=166231#primaryimage\",\"url\":\"https:\\\/\\\/aconteceunovale.com.br\\\/portal\\\/wp-content\\\/uploads\\\/2019\\\/11\\\/dolar_usd.jpg\",\"contentUrl\":\"https:\\\/\\\/aconteceunovale.com.br\\\/portal\\\/wp-content\\\/uploads\\\/2019\\\/11\\\/dolar_usd.jpg\",\"width\":675,\"height\":450},{\"@type\":\"BreadcrumbList\",\"@id\":\"https:\\\/\\\/aconteceunovale.com.br\\\/portal\\\/?p=166231#breadcrumb\",\"itemListElement\":[{\"@type\":\"ListItem\",\"position\":1,\"name\":\"In\u00edcio\",\"item\":\"https:\\\/\\\/aconteceunovale.com.br\\\/portal\\\/\"},{\"@type\":\"ListItem\",\"position\":2,\"name\":\"D\u00f3lar fecha no menor n\u00edvel em cinco semanas\"}]},{\"@type\":\"WebSite\",\"@id\":\"https:\\\/\\\/aconteceunovale.com.br\\\/portal\\\/#website\",\"url\":\"https:\\\/\\\/aconteceunovale.com.br\\\/portal\\\/\",\"name\":\"Aconteceu no Vale\",\"description\":\"Portal de Not\u00edcias\",\"potentialAction\":[{\"@type\":\"SearchAction\",\"target\":{\"@type\":\"EntryPoint\",\"urlTemplate\":\"https:\\\/\\\/aconteceunovale.com.br\\\/portal\\\/?s={search_term_string}\"},\"query-input\":{\"@type\":\"PropertyValueSpecification\",\"valueRequired\":true,\"valueName\":\"search_term_string\"}}],\"inLanguage\":\"pt-BR\"},{\"@type\":\"Person\",\"@id\":\"https:\\\/\\\/aconteceunovale.com.br\\\/portal\\\/#\\\/schema\\\/person\\\/633529146f2c94272bef50ac2953d589\",\"name\":\"Aconteceu no Vale\",\"description\":\"Equipe de reportagem do Aconteceu no Vale, portal de not\u00edcias do Vale do Jequitinhonha, em Minas Gerais. Cobrimos as 51 cidades do Vale desde 2013. Sugest\u00f5es de pauta e pedidos de corre\u00e7\u00e3o: contato@aconteceunovale.com.br\",\"sameAs\":[\"http:\\\/\\\/www.aconteceunovale.com.br\"],\"url\":\"https:\\\/\\\/aconteceunovale.com.br\\\/portal\\\/?author=1\"}]}<\/script>\n<!-- \/ Yoast SEO plugin. -->","yoast_head_json":{"title":"D\u00f3lar fecha no menor n\u00edvel em cinco semanas - Aconteceu no Vale","robots":{"index":"index","follow":"follow","max-snippet":"max-snippet:-1","max-image-preview":"max-image-preview:large","max-video-preview":"max-video-preview:-1"},"canonical":"https:\/\/aconteceunovale.com.br\/portal\/?p=166231","og_locale":"pt_BR","og_type":"article","og_title":"D\u00f3lar fecha no menor n\u00edvel em cinco semanas - Aconteceu no Vale","og_description":"Em um dia de otimismo no mercado externo, a moeda norte-americana caiu para o menor n\u00edvel em cinco semanas. O d\u00f3lar comercial fechou esta quarta-feira (22) vendido a R$ 5,114, com forte recuo de R$ 0,097 (-1,87%). A divisa est\u00e1 no valor mais baixo desde 12 de junho, quando tinha fechado em R$ 5,045. O [&hellip;]","og_url":"https:\/\/aconteceunovale.com.br\/portal\/?p=166231","og_site_name":"Aconteceu no Vale","article_publisher":"https:\/\/www.facebook.com\/aconteceunovale\/","article_published_time":"2020-07-22T22:35:19+00:00","article_modified_time":"2020-07-22T22:36:00+00:00","og_image":[{"width":675,"height":450,"url":"https:\/\/aconteceunovale.com.br\/portal\/wp-content\/uploads\/2019\/11\/dolar_usd.jpg","type":"image\/jpeg"}],"author":"Aconteceu no Vale","twitter_card":"summary_large_image","twitter_creator":"@noticiadosvales","twitter_site":"@noticiadosvales","twitter_misc":{"Escrito por":"Aconteceu no Vale","Est. tempo de leitura":"1 minuto"},"schema":{"@context":"https:\/\/schema.org","@graph":[{"@type":"Article","@id":"https:\/\/aconteceunovale.com.br\/portal\/?p=166231#article","isPartOf":{"@id":"https:\/\/aconteceunovale.com.br\/portal\/?p=166231"},"author":{"name":"Aconteceu no Vale","@id":"https:\/\/aconteceunovale.com.br\/portal\/#\/schema\/person\/633529146f2c94272bef50ac2953d589"},"headline":"D\u00f3lar fecha no menor n\u00edvel em cinco semanas","datePublished":"2020-07-22T22:35:19+00:00","dateModified":"2020-07-22T22:36:00+00:00","mainEntityOfPage":{"@id":"https:\/\/aconteceunovale.com.br\/portal\/?p=166231"},"wordCount":301,"commentCount":0,"image":{"@id":"https:\/\/aconteceunovale.com.br\/portal\/?p=166231#primaryimage"},"thumbnailUrl":"https:\/\/aconteceunovale.com.br\/portal\/wp-content\/uploads\/2019\/11\/dolar_usd.jpg","keywords":["bolsa","Bolsa de Valores","c\u00e2mbio d\u00f3lar","Coronav\u00edrus","COVID-19","desvaloriza\u00e7\u00e3o do d\u00f3lar","d\u00f3lar","D\u00f3lar dos Estados Unidos","D\u00f3lar fecha maio com primeira queda mensal em 2020","D\u00f3lar fecha no menor n\u00edvel em cinco semanas","D\u00f3lar norte-americano","Ibovespa","mercado financeiro","pandemia","Petr\u00f3leo","queda do D\u00f3lar","valor do D\u00f3lar","valoriza\u00e7\u00e3o do real"],"articleSection":["Brasil","Mundo"],"inLanguage":"pt-BR","potentialAction":[{"@type":"CommentAction","name":"Comment","target":["https:\/\/aconteceunovale.com.br\/portal\/?p=166231#respond"]}]},{"@type":"WebPage","@id":"https:\/\/aconteceunovale.com.br\/portal\/?p=166231","url":"https:\/\/aconteceunovale.com.br\/portal\/?p=166231","name":"D\u00f3lar fecha no menor n\u00edvel em cinco semanas - Aconteceu no Vale","isPartOf":{"@id":"https:\/\/aconteceunovale.com.br\/portal\/#website"},"primaryImageOfPage":{"@id":"https:\/\/aconteceunovale.com.br\/portal\/?p=166231#primaryimage"},"image":{"@id":"https:\/\/aconteceunovale.com.br\/portal\/?p=166231#primaryimage"},"thumbnailUrl":"https:\/\/aconteceunovale.com.br\/portal\/wp-content\/uploads\/2019\/11\/dolar_usd.jpg","datePublished":"2020-07-22T22:35:19+00:00","dateModified":"2020-07-22T22:36:00+00:00","author":{"@id":"https:\/\/aconteceunovale.com.br\/portal\/#\/schema\/person\/633529146f2c94272bef50ac2953d589"},"breadcrumb":{"@id":"https:\/\/aconteceunovale.com.br\/portal\/?p=166231#breadcrumb"},"inLanguage":"pt-BR","potentialAction":[{"@type":"ReadAction","target":["https:\/\/aconteceunovale.com.br\/portal\/?p=166231"]}]},{"@type":"ImageObject","inLanguage":"pt-BR","@id":"https:\/\/aconteceunovale.com.br\/portal\/?p=166231#primaryimage","url":"https:\/\/aconteceunovale.com.br\/portal\/wp-content\/uploads\/2019\/11\/dolar_usd.jpg","contentUrl":"https:\/\/aconteceunovale.com.br\/portal\/wp-content\/uploads\/2019\/11\/dolar_usd.jpg","width":675,"height":450},{"@type":"BreadcrumbList","@id":"https:\/\/aconteceunovale.com.br\/portal\/?p=166231#breadcrumb","itemListElement":[{"@type":"ListItem","position":1,"name":"In\u00edcio","item":"https:\/\/aconteceunovale.com.br\/portal\/"},{"@type":"ListItem","position":2,"name":"D\u00f3lar fecha no menor n\u00edvel em cinco semanas"}]},{"@type":"WebSite","@id":"https:\/\/aconteceunovale.com.br\/portal\/#website","url":"https:\/\/aconteceunovale.com.br\/portal\/","name":"Aconteceu no Vale","description":"Portal de Not\u00edcias","potentialAction":[{"@type":"SearchAction","target":{"@type":"EntryPoint","urlTemplate":"https:\/\/aconteceunovale.com.br\/portal\/?s={search_term_string}"},"query-input":{"@type":"PropertyValueSpecification","valueRequired":true,"valueName":"search_term_string"}}],"inLanguage":"pt-BR"},{"@type":"Person","@id":"https:\/\/aconteceunovale.com.br\/portal\/#\/schema\/person\/633529146f2c94272bef50ac2953d589","name":"Aconteceu no Vale","description":"Equipe de reportagem do Aconteceu no Vale, portal de not\u00edcias do Vale do Jequitinhonha, em Minas Gerais. Cobrimos as 51 cidades do Vale desde 2013. Sugest\u00f5es de pauta e pedidos de corre\u00e7\u00e3o: contato@aconteceunovale.com.br","sameAs":["http:\/\/www.aconteceunovale.com.br"],"url":"https:\/\/aconteceunovale.com.br\/portal\/?author=1"}]}},"_links":{"self":[{"href":"https:\/\/aconteceunovale.com.br\/portal\/index.php?rest_route=\/wp\/v2\/posts\/166231","targetHints":{"allow":["GET"]}}],"collection":[{"href":"https:\/\/aconteceunovale.com.br\/portal\/index.php?rest_route=\/wp\/v2\/posts"}],"about":[{"href":"https:\/\/aconteceunovale.com.br\/portal\/index.php?rest_route=\/wp\/v2\/types\/post"}],"author":[{"embeddable":true,"href":"https:\/\/aconteceunovale.com.br\/portal\/index.php?rest_route=\/wp\/v2\/users\/1"}],"replies":[{"embeddable":true,"href":"https:\/\/aconteceunovale.com.br\/portal\/index.php?rest_route=%2Fwp%2Fv2%2Fcomments&post=166231"}],"version-history":[{"count":1,"href":"https:\/\/aconteceunovale.com.br\/portal\/index.php?rest_route=\/wp\/v2\/posts\/166231\/revisions"}],"predecessor-version":[{"id":166232,"href":"https:\/\/aconteceunovale.com.br\/portal\/index.php?rest_route=\/wp\/v2\/posts\/166231\/revisions\/166232"}],"wp:featuredmedia":[{"embeddable":true,"href":"https:\/\/aconteceunovale.com.br\/portal\/index.php?rest_route=\/wp\/v2\/media\/155335"}],"wp:attachment":[{"href":"https:\/\/aconteceunovale.com.br\/portal\/index.php?rest_route=%2Fwp%2Fv2%2Fmedia&parent=166231"}],"wp:term":[{"taxonomy":"category","embeddable":true,"href":"https:\/\/aconteceunovale.com.br\/portal\/index.php?rest_route=%2Fwp%2Fv2%2Fcategories&post=166231"},{"taxonomy":"post_tag","embeddable":true,"href":"https:\/\/aconteceunovale.com.br\/portal\/index.php?rest_route=%2Fwp%2Fv2%2Ftags&post=166231"}],"curies":[{"name":"wp","href":"https:\/\/api.w.org\/{rel}","templated":true}]}}