{"id":166169,"date":"2020-07-22T09:17:16","date_gmt":"2020-07-22T12:17:16","guid":{"rendered":"https:\/\/aconteceunovale.com.br\/portal\/?p=166169"},"modified":"2020-07-22T09:18:00","modified_gmt":"2020-07-22T12:18:00","slug":"governo-federal-propoe-trocar-pis-cofins-por-novo-imposto-de-12-sobre-consumo","status":"publish","type":"post","link":"https:\/\/aconteceunovale.com.br\/portal\/?p=166169","title":{"rendered":"Governo federal prop\u00f5e trocar PIS\/Cofins por novo imposto de 12% sobre consumo"},"content":{"rendered":"\n<p class=\"wp-block-paragraph\">A primeira parte da proposta da reforma tribut\u00e1ria do governo federal,\u00a0entregue nesta ter\u00e7a-feira (21\/7\/2020)\u00a0pelo ministro Paulo Guedes ao Congresso Nacional,\u00a0prev\u00ea a unifica\u00e7\u00e3o de dois impostos federais, o Programa de Integra\u00e7\u00e3o Social e de Forma\u00e7\u00e3o do Patrim\u00f4nio do Servidor P\u00fablico (PIS\/Pasep) e a Contribui\u00e7\u00e3o sobre o Financiamento da Seguridade Social (Cofins). Os dois tributos ser\u00e3o extintos para dar lugar \u00e0 Contribui\u00e7\u00e3o Social sobre Opera\u00e7\u00f5es com Bens e Servi\u00e7os (CBS), com al\u00edquota \u00fanica de 12%.<\/p>\n\n\n\n<p class=\"wp-block-paragraph\">De acordo com o secret\u00e1rio especial da Receita Federal, Jos\u00e9 Barroso Tostes Neto, essa proposta elimina cinco tributos diferentes: PIS\/Pasep sobre a folha de pagamentos, sobre a importa\u00e7\u00e3o, sobre a receita e a Cofins sobre a importa\u00e7\u00e3o e sobre a receita. Al\u00e9m disso, mais de uma centena de regimes tribut\u00e1rios para diferentes setores da economia ser\u00e3o extintos.<\/p>\n\n\n\n<p class=\"wp-block-paragraph\">\u201cEssas contribui\u00e7\u00f5es, que hoje s\u00e3o fonte de extrema complexidade, de grande lit\u00edgio, ser\u00e3o ent\u00e3o extintas e substitu\u00eddas por esse novo tributo, essa contribui\u00e7\u00e3o, permitindo uma revis\u00e3o completa dessa incid\u00eancia, eliminando as enormes diferencia\u00e7\u00f5es que existem para v\u00e1rios setores e produtos, composta por mais de um centena de regimes especiais que hoje vigoram nas duas contribui\u00e7\u00f5es do PIS e da Cofins\u201d, afirmou o secret\u00e1rio.<\/p>\n\n\n\n<h2 class=\"wp-block-heading\">Simplifica\u00e7\u00e3o<\/h2>\n\n\n\n<p class=\"wp-block-paragraph\">Segundo Tostes, empresas no pa\u00eds gastam mais de 1,5 mil horas por ano para declarar impostos, quase tr\u00eas vezes mais do que a m\u00e9dia de pa\u00edses da Am\u00e9rica Latina (cerca de 600 horas anuais) e muito superior \u00e0 de pa\u00edses desenvolvidos, que gastam, em m\u00e9dia, 400 horas por ano com o preenchimento de declara\u00e7\u00f5es e pagamentos de tributos.<\/p>\n\n\n\n<p class=\"wp-block-paragraph\">\u201cQuero destacar a enorme simplifica\u00e7\u00e3o decorrente destas substitui\u00e7\u00f5es de cinco contribui\u00e7\u00f5es por uma s\u00f3. Isso a\u00ed vai trazer ganhos enormes de facilidade, no preenchimento das declara\u00e7\u00f5es, das informa\u00e7\u00f5es, na apura\u00e7\u00e3o do tributo e no pagamento\u201d, acrescentou. Segundo o governo, o CBS permitir\u00e1 reduzir o n\u00famero de campos na nota fiscal de 52 para 9 e eliminar 70% das obriga\u00e7\u00f5es acess\u00f3rias.<\/p>\n\n\n\n<p class=\"wp-block-paragraph\">Pela proposta encaminhada, o CBS vai incidir apenas sobre a receita bruta do faturamento empresarial, e n\u00e3o pelo c\u00e1lculo da receita total, como ocorre atualmente com o PIS e a Cofins. A ideia \u00e9 dar mais seguran\u00e7a jur\u00eddica \u00e0 cobran\u00e7a de impostos, que atualmente gera disputas judiciais que representam 51% do Produto Interno Bruto (PIB, soma dos bens e servi\u00e7os do pa\u00eds) e um tempo m\u00e9dio de execu\u00e7\u00e3o fiscal na Justi\u00e7a que ultrapassa os oito anos. Atualmente, o sistema abre margem para diferentes interpreta\u00e7\u00f5es sobre quais receitas constituem o total.<\/p>\n\n\n\n<p class=\"wp-block-paragraph\">O texto enviado pelo governo trata apenas dos tributos federais. Segundo o ministro Paulo Guedes, essa proposta vai\u00a0complementar \u00e0s propostas que j\u00e1 tramitam na C\u00e2mara e no Senado, que tratam de mudan\u00e7as tamb\u00e9m no Imposto sobre a Circula\u00e7\u00e3o de Mercadorias e Servi\u00e7os (ICMS), administrado pelos estados, e o Imposto sobre Servi\u00e7os (ISS), de responsabilidade dos munic\u00edpios.<\/p>\n\n\n\n<h2 class=\"wp-block-heading\">Outras propostas<\/h2>\n\n\n\n<p class=\"wp-block-paragraph\">Al\u00e9m da unifica\u00e7\u00e3o da PIS-Cofins no CBS, o governo federal anunciou estar finalizando outras tr\u00eas propostas relacionadas \u00e0 reforma tribut\u00e1ria. Elas devem ser apresentadas em cerca de 30 dias. Uma dessas medidas ser\u00e1 a reestrutura\u00e7\u00e3o do Imposto sobre Produtos Industrializados (IPI), para transform\u00e1-lo em um \u201cimposto seletivo\u201d, que incidiria apenas sobre determinado conjunto de bens, especialmente aqueles que tem externalidades (consequ\u00eancias) negativas \u00e0 sociedade, como bebidas alco\u00f3licas, cigarros e alimentos \u00e0 base de a\u00e7\u00facar.<\/p>\n\n\n\n<p class=\"wp-block-paragraph\">Outro ponto adicional da reforma ser\u00e1 uma mudan\u00e7a no Imposto de Renda da Pessoa Jur\u00eddica (IRPJ), com a redu\u00e7\u00e3o da carga tribut\u00e1ria sobre as empresas em troca da tributa\u00e7\u00e3o dos dividendos (parcela dos lucros distribu\u00edda por uma empresa aos acionsitas). Segundo Tostes, a tributa\u00e7\u00e3o de dividendos nas empresas ajuda a diminuir a chamada pejotiza\u00e7\u00e3o, transforma\u00e7\u00e3o de pessoas f\u00edsicas em pessoas jur\u00eddicas como forma de burlar a legisla\u00e7\u00e3o tribut\u00e1ria e reduzir custos, uma distor\u00e7\u00e3o do atual modelo.<\/p>\n\n\n\n<p class=\"wp-block-paragraph\">A \u00faltima proposta pretende acabar com a contribui\u00e7\u00e3o patronal sobre a folha de sal\u00e1rios, uma forma de reduzir o custo da contrata\u00e7\u00e3o de trabalhadores com carteira assinada.<\/p>\n\n\n\n<p class=\"wp-block-paragraph\">Tostes destacou que a reforma tribut\u00e1ria tem como princ\u00edpio a manter o atual patamar de arrecada\u00e7\u00e3o do governo federal com impostos sobre o consumo. \u201cIndependentemente das v\u00e1rias altera\u00e7\u00f5es e propostas que ser\u00e3o implementadas, [vamos] manter no global o mesmo n\u00edvel carga tribut\u00e1ria atual\u201d, disse o secret\u00e1rio especial da Receita.&nbsp;&nbsp;<\/p>\n\n\n\n<h2 class=\"wp-block-heading\">Simples Nacional e outros regimes<\/h2>\n\n\n\n<p class=\"wp-block-paragraph\">A proposta que cria o CBS n\u00e3o mexe com o regime tribut\u00e1rio do Simples Nacional, que continuar\u00e1 funcionando nos moldes atuais. No entanto,as empresas que adquirirem bens e servi\u00e7os do&nbsp;optante do Simples poder\u00e1 acumular cr\u00e9dito para o novo imposto, para compens\u00e1-lo nas transa\u00e7\u00f5es dentro da cadeia produtiva. Em todo o pa\u00eds, cerca de 1,9 milh\u00e3o de micro e pequenas empresas integram o Simples.<\/p>\n\n\n\n<p class=\"wp-block-paragraph\">Tamb\u00e9m ser\u00e1 mantido, segundo o projeto do governo, o atual regime agr\u00edcola para dar&nbsp;condi\u00e7\u00f5es iguais de concorr\u00eancia para pequenos agricultores.&nbsp; Isso porque&nbsp;apenas empresas, n\u00e3o produtores rurais individuais,&nbsp;podem apurar e transferir cr\u00e9ditos da CBS. Cobrado para produtos como&nbsp;gasolina, diesel, GLP, g\u00e1s natural, querosene de avia\u00e7\u00e3o, biodiesel, \u00e1lcool e cigarros, o regime monof\u00e1sico (onde o tributo incide por unidade de medida) tamb\u00e9m n\u00e3o ser\u00e1 alterado.<\/p>\n\n\n\n<p class=\"wp-block-paragraph\">Est\u00e1 prevista a isen\u00e7\u00e3o de CBS para a venda de im\u00f3veis residenciais para pessoas f\u00edsicas, nos moldes do que ocorre hoje com o PIS\/Cofins. Prevista pela Constitui\u00e7\u00e3o, a Zona Franca de Manaus ficou fora da proposta. Foram mantidas as isen\u00e7\u00f5es para as opera\u00e7\u00f5es entre&nbsp;cooperativas e seus associados e para as receitas decorrentes da presta\u00e7\u00e3o de servi\u00e7os de transporte p\u00fablico coletivo.<\/p>\n\n\n\n<p class=\"wp-block-paragraph\">Ainda segundo a proposta, &#8220;por n\u00e3o gerarem ou se apropriarem de cr\u00e9dito&#8221;, entidades financeiras, como bancos planos de sa\u00fade e seguradoras, manter\u00e3o a forma de apura\u00e7\u00e3o antiga com al\u00edquota de 5,9%, em vez dos 12% propostos.<\/p>\n\n\n\n<p class=\"has-background has-very-light-gray-background-color wp-block-paragraph\">Quer saber as not\u00edcias do <strong>Aconteceu no Vale<\/strong> em primeira m\u00e3o? Siga-nos no Facebook <a rel=\"noreferrer noopener\" href=\"http:\/\/facebook.com\/aconteceunovale\" target=\"_blank\">@aconteceunovale<\/a>, Twitter <a rel=\"noreferrer noopener\" href=\"https:\/\/twitter.com\/noticiadosvales\" target=\"_blank\">@noticiadosvales<\/a> e Instagram <a rel=\"noreferrer noopener\" href=\"https:\/\/www.instagram.com\/aconteceunovale\" target=\"_blank\">@aconteceunovale<\/a>.<\/p>\n","protected":false},"excerpt":{"rendered":"<p>A primeira parte da proposta da reforma tribut\u00e1ria do governo federal,\u00a0entregue nesta ter\u00e7a-feira (21\/7\/2020)\u00a0pelo ministro Paulo Guedes ao Congresso Nacional,\u00a0prev\u00ea a unifica\u00e7\u00e3o de dois impostos federais, o Programa de Integra\u00e7\u00e3o Social e de Forma\u00e7\u00e3o do Patrim\u00f4nio do Servidor P\u00fablico (PIS\/Pasep) e a Contribui\u00e7\u00e3o sobre o Financiamento da Seguridade Social (Cofins). Os dois tributos ser\u00e3o extintos [&hellip;]<\/p>\n","protected":false},"author":1,"featured_media":166140,"comment_status":"open","ping_status":"closed","sticky":false,"template":"","format":"standard","meta":{"amp_status":"","footnotes":""},"categories":[6,40239,40240],"tags":[20922,48796,193841,1018,225854,225855,184661,194202,17364,225820,225821,157156,48373,21938,225856,225822],"class_list":["post-166169","post","type-post","status-publish","format-standard","has-post-thumbnail","hentry","category-br","category-economia-2","category-politica","tag-camara-dos-deputados","tag-congresso-nacional","tag-davi-alcolumbre","tag-destaque","tag-governo-federal-propoe-trocar-pis-cofins-por-novo-imposto-de-12-sobre-consumo","tag-imposto-de-12-sobre-consumo","tag-ministerio-da-economia","tag-ministro-da-economia","tag-paulo-guedes","tag-paulo-guedes-entrega-hoje-ao-congresso-nacional-proposta-de-reforma-tributaria","tag-proposta-de-reforma-tributaria","tag-reforma-tributaria","tag-rodrigo-maia","tag-senado","tag-trocar-pis-cofins-por-imposto-de-12-sobre-consumo","tag-unificacao-de-impostos"],"yoast_head":"<!-- This site is optimized with the Yoast SEO plugin v28.3 - https:\/\/yoast.com\/product\/yoast-seo-wordpress\/ -->\n<title>Governo federal prop\u00f5e trocar PIS\/Cofins por novo imposto de 12% sobre consumo - Aconteceu no Vale<\/title>\n<meta name=\"robots\" content=\"index, follow, max-snippet:-1, max-image-preview:large, max-video-preview:-1\" \/>\n<link rel=\"canonical\" href=\"https:\/\/aconteceunovale.com.br\/portal\/?p=166169\" \/>\n<meta property=\"og:locale\" content=\"pt_BR\" \/>\n<meta property=\"og:type\" content=\"article\" \/>\n<meta property=\"og:title\" content=\"Governo federal prop\u00f5e trocar PIS\/Cofins por novo imposto de 12% sobre consumo - Aconteceu no Vale\" \/>\n<meta property=\"og:description\" content=\"A primeira parte da proposta da reforma tribut\u00e1ria do governo federal,\u00a0entregue nesta ter\u00e7a-feira (21\/7\/2020)\u00a0pelo ministro Paulo Guedes ao Congresso Nacional,\u00a0prev\u00ea a unifica\u00e7\u00e3o de dois impostos federais, o Programa de Integra\u00e7\u00e3o Social e de Forma\u00e7\u00e3o do Patrim\u00f4nio do Servidor P\u00fablico (PIS\/Pasep) e a Contribui\u00e7\u00e3o sobre o Financiamento da Seguridade Social (Cofins). Os dois tributos ser\u00e3o extintos [&hellip;]\" \/>\n<meta property=\"og:url\" content=\"https:\/\/aconteceunovale.com.br\/portal\/?p=166169\" \/>\n<meta property=\"og:site_name\" content=\"Aconteceu no Vale\" \/>\n<meta property=\"article:publisher\" content=\"https:\/\/www.facebook.com\/aconteceunovale\/\" \/>\n<meta property=\"article:published_time\" content=\"2020-07-22T12:17:16+00:00\" \/>\n<meta property=\"article:modified_time\" content=\"2020-07-22T12:18:00+00:00\" \/>\n<meta property=\"og:image\" content=\"https:\/\/aconteceunovale.com.br\/portal\/wp-content\/uploads\/2020\/07\/paulo_guedes.jpg\" \/>\n\t<meta property=\"og:image:width\" content=\"678\" \/>\n\t<meta property=\"og:image:height\" content=\"406\" \/>\n\t<meta property=\"og:image:type\" content=\"image\/jpeg\" \/>\n<meta name=\"author\" content=\"Aconteceu no Vale\" \/>\n<meta name=\"twitter:card\" content=\"summary_large_image\" \/>\n<meta name=\"twitter:creator\" content=\"@noticiadosvales\" \/>\n<meta name=\"twitter:site\" content=\"@noticiadosvales\" \/>\n<meta name=\"twitter:label1\" content=\"Escrito por\" \/>\n\t<meta name=\"twitter:data1\" content=\"Aconteceu no Vale\" \/>\n\t<meta name=\"twitter:label2\" content=\"Est. tempo de leitura\" \/>\n\t<meta name=\"twitter:data2\" content=\"5 minutos\" \/>\n<script type=\"application\/ld+json\" class=\"yoast-schema-graph\">{\"@context\":\"https:\\\/\\\/schema.org\",\"@graph\":[{\"@type\":\"Article\",\"@id\":\"https:\\\/\\\/aconteceunovale.com.br\\\/portal\\\/?p=166169#article\",\"isPartOf\":{\"@id\":\"https:\\\/\\\/aconteceunovale.com.br\\\/portal\\\/?p=166169\"},\"author\":{\"name\":\"Aconteceu no Vale\",\"@id\":\"https:\\\/\\\/aconteceunovale.com.br\\\/portal\\\/#\\\/schema\\\/person\\\/633529146f2c94272bef50ac2953d589\"},\"headline\":\"Governo federal prop\u00f5e trocar PIS\\\/Cofins por novo imposto de 12% sobre consumo\",\"datePublished\":\"2020-07-22T12:17:16+00:00\",\"dateModified\":\"2020-07-22T12:18:00+00:00\",\"mainEntityOfPage\":{\"@id\":\"https:\\\/\\\/aconteceunovale.com.br\\\/portal\\\/?p=166169\"},\"wordCount\":1088,\"commentCount\":0,\"image\":{\"@id\":\"https:\\\/\\\/aconteceunovale.com.br\\\/portal\\\/?p=166169#primaryimage\"},\"thumbnailUrl\":\"https:\\\/\\\/aconteceunovale.com.br\\\/portal\\\/wp-content\\\/uploads\\\/2020\\\/07\\\/paulo_guedes.jpg\",\"keywords\":[\"C\u00e2mara dos Deputados\",\"Congresso Nacional\",\"Davi Alcolumbre\",\"destaque\",\"Governo federal prop\u00f5e trocar PIS\\\/Cofins por novo imposto de 12% sobre consumo\",\"Imposto de 12% sobre consumo\",\"Minist\u00e9rio da Economia\",\"ministro da Economia\",\"Paulo Guedes\",\"Paulo Guedes entrega hoje ao Congresso Nacional proposta de reforma tribut\u00e1ria\",\"Proposta de reforma tribut\u00e1ria\",\"reforma tribut\u00e1ria\",\"Rodrigo Maia\",\"Senado\",\"Trocar pis\\\/cofins por imposto de 12% sobre consumo\",\"Unifica\u00e7\u00e3o de impostos\"],\"articleSection\":[\"Brasil\",\"Economia\",\"Pol\u00edtica\"],\"inLanguage\":\"pt-BR\",\"potentialAction\":[{\"@type\":\"CommentAction\",\"name\":\"Comment\",\"target\":[\"https:\\\/\\\/aconteceunovale.com.br\\\/portal\\\/?p=166169#respond\"]}]},{\"@type\":\"WebPage\",\"@id\":\"https:\\\/\\\/aconteceunovale.com.br\\\/portal\\\/?p=166169\",\"url\":\"https:\\\/\\\/aconteceunovale.com.br\\\/portal\\\/?p=166169\",\"name\":\"Governo federal prop\u00f5e trocar PIS\\\/Cofins por novo imposto de 12% sobre consumo - Aconteceu no Vale\",\"isPartOf\":{\"@id\":\"https:\\\/\\\/aconteceunovale.com.br\\\/portal\\\/#website\"},\"primaryImageOfPage\":{\"@id\":\"https:\\\/\\\/aconteceunovale.com.br\\\/portal\\\/?p=166169#primaryimage\"},\"image\":{\"@id\":\"https:\\\/\\\/aconteceunovale.com.br\\\/portal\\\/?p=166169#primaryimage\"},\"thumbnailUrl\":\"https:\\\/\\\/aconteceunovale.com.br\\\/portal\\\/wp-content\\\/uploads\\\/2020\\\/07\\\/paulo_guedes.jpg\",\"datePublished\":\"2020-07-22T12:17:16+00:00\",\"dateModified\":\"2020-07-22T12:18:00+00:00\",\"author\":{\"@id\":\"https:\\\/\\\/aconteceunovale.com.br\\\/portal\\\/#\\\/schema\\\/person\\\/633529146f2c94272bef50ac2953d589\"},\"breadcrumb\":{\"@id\":\"https:\\\/\\\/aconteceunovale.com.br\\\/portal\\\/?p=166169#breadcrumb\"},\"inLanguage\":\"pt-BR\",\"potentialAction\":[{\"@type\":\"ReadAction\",\"target\":[\"https:\\\/\\\/aconteceunovale.com.br\\\/portal\\\/?p=166169\"]}]},{\"@type\":\"ImageObject\",\"inLanguage\":\"pt-BR\",\"@id\":\"https:\\\/\\\/aconteceunovale.com.br\\\/portal\\\/?p=166169#primaryimage\",\"url\":\"https:\\\/\\\/aconteceunovale.com.br\\\/portal\\\/wp-content\\\/uploads\\\/2020\\\/07\\\/paulo_guedes.jpg\",\"contentUrl\":\"https:\\\/\\\/aconteceunovale.com.br\\\/portal\\\/wp-content\\\/uploads\\\/2020\\\/07\\\/paulo_guedes.jpg\",\"width\":678,\"height\":406,\"caption\":\"O ministro da Economia, Paulo Guedes. fala \u00e0 imprensa no Pal\u00e1cio do Planalto\"},{\"@type\":\"BreadcrumbList\",\"@id\":\"https:\\\/\\\/aconteceunovale.com.br\\\/portal\\\/?p=166169#breadcrumb\",\"itemListElement\":[{\"@type\":\"ListItem\",\"position\":1,\"name\":\"In\u00edcio\",\"item\":\"https:\\\/\\\/aconteceunovale.com.br\\\/portal\\\/\"},{\"@type\":\"ListItem\",\"position\":2,\"name\":\"Governo federal prop\u00f5e trocar PIS\\\/Cofins por novo imposto de 12% sobre consumo\"}]},{\"@type\":\"WebSite\",\"@id\":\"https:\\\/\\\/aconteceunovale.com.br\\\/portal\\\/#website\",\"url\":\"https:\\\/\\\/aconteceunovale.com.br\\\/portal\\\/\",\"name\":\"Aconteceu no Vale\",\"description\":\"Portal de Not\u00edcias\",\"potentialAction\":[{\"@type\":\"SearchAction\",\"target\":{\"@type\":\"EntryPoint\",\"urlTemplate\":\"https:\\\/\\\/aconteceunovale.com.br\\\/portal\\\/?s={search_term_string}\"},\"query-input\":{\"@type\":\"PropertyValueSpecification\",\"valueRequired\":true,\"valueName\":\"search_term_string\"}}],\"inLanguage\":\"pt-BR\"},{\"@type\":\"Person\",\"@id\":\"https:\\\/\\\/aconteceunovale.com.br\\\/portal\\\/#\\\/schema\\\/person\\\/633529146f2c94272bef50ac2953d589\",\"name\":\"Aconteceu no Vale\",\"description\":\"Equipe de reportagem do Aconteceu no Vale, portal de not\u00edcias do Vale do Jequitinhonha, em Minas Gerais. Cobrimos as 51 cidades do Vale desde 2013. Sugest\u00f5es de pauta e pedidos de corre\u00e7\u00e3o: contato@aconteceunovale.com.br\",\"sameAs\":[\"http:\\\/\\\/www.aconteceunovale.com.br\"],\"url\":\"https:\\\/\\\/aconteceunovale.com.br\\\/portal\\\/?author=1\"}]}<\/script>\n<!-- \/ Yoast SEO plugin. -->","yoast_head_json":{"title":"Governo federal prop\u00f5e trocar PIS\/Cofins por novo imposto de 12% sobre consumo - Aconteceu no Vale","robots":{"index":"index","follow":"follow","max-snippet":"max-snippet:-1","max-image-preview":"max-image-preview:large","max-video-preview":"max-video-preview:-1"},"canonical":"https:\/\/aconteceunovale.com.br\/portal\/?p=166169","og_locale":"pt_BR","og_type":"article","og_title":"Governo federal prop\u00f5e trocar PIS\/Cofins por novo imposto de 12% sobre consumo - Aconteceu no Vale","og_description":"A primeira parte da proposta da reforma tribut\u00e1ria do governo federal,\u00a0entregue nesta ter\u00e7a-feira (21\/7\/2020)\u00a0pelo ministro Paulo Guedes ao Congresso Nacional,\u00a0prev\u00ea a unifica\u00e7\u00e3o de dois impostos federais, o Programa de Integra\u00e7\u00e3o Social e de Forma\u00e7\u00e3o do Patrim\u00f4nio do Servidor P\u00fablico (PIS\/Pasep) e a Contribui\u00e7\u00e3o sobre o Financiamento da Seguridade Social (Cofins). Os dois tributos ser\u00e3o extintos [&hellip;]","og_url":"https:\/\/aconteceunovale.com.br\/portal\/?p=166169","og_site_name":"Aconteceu no Vale","article_publisher":"https:\/\/www.facebook.com\/aconteceunovale\/","article_published_time":"2020-07-22T12:17:16+00:00","article_modified_time":"2020-07-22T12:18:00+00:00","og_image":[{"width":678,"height":406,"url":"https:\/\/aconteceunovale.com.br\/portal\/wp-content\/uploads\/2020\/07\/paulo_guedes.jpg","type":"image\/jpeg"}],"author":"Aconteceu no Vale","twitter_card":"summary_large_image","twitter_creator":"@noticiadosvales","twitter_site":"@noticiadosvales","twitter_misc":{"Escrito por":"Aconteceu no Vale","Est. tempo de leitura":"5 minutos"},"schema":{"@context":"https:\/\/schema.org","@graph":[{"@type":"Article","@id":"https:\/\/aconteceunovale.com.br\/portal\/?p=166169#article","isPartOf":{"@id":"https:\/\/aconteceunovale.com.br\/portal\/?p=166169"},"author":{"name":"Aconteceu no Vale","@id":"https:\/\/aconteceunovale.com.br\/portal\/#\/schema\/person\/633529146f2c94272bef50ac2953d589"},"headline":"Governo federal prop\u00f5e trocar PIS\/Cofins por novo imposto de 12% sobre consumo","datePublished":"2020-07-22T12:17:16+00:00","dateModified":"2020-07-22T12:18:00+00:00","mainEntityOfPage":{"@id":"https:\/\/aconteceunovale.com.br\/portal\/?p=166169"},"wordCount":1088,"commentCount":0,"image":{"@id":"https:\/\/aconteceunovale.com.br\/portal\/?p=166169#primaryimage"},"thumbnailUrl":"https:\/\/aconteceunovale.com.br\/portal\/wp-content\/uploads\/2020\/07\/paulo_guedes.jpg","keywords":["C\u00e2mara dos Deputados","Congresso Nacional","Davi Alcolumbre","destaque","Governo federal prop\u00f5e trocar PIS\/Cofins por novo imposto de 12% sobre consumo","Imposto de 12% sobre consumo","Minist\u00e9rio da Economia","ministro da Economia","Paulo Guedes","Paulo Guedes entrega hoje ao Congresso Nacional proposta de reforma tribut\u00e1ria","Proposta de reforma tribut\u00e1ria","reforma tribut\u00e1ria","Rodrigo Maia","Senado","Trocar pis\/cofins por imposto de 12% sobre consumo","Unifica\u00e7\u00e3o de impostos"],"articleSection":["Brasil","Economia","Pol\u00edtica"],"inLanguage":"pt-BR","potentialAction":[{"@type":"CommentAction","name":"Comment","target":["https:\/\/aconteceunovale.com.br\/portal\/?p=166169#respond"]}]},{"@type":"WebPage","@id":"https:\/\/aconteceunovale.com.br\/portal\/?p=166169","url":"https:\/\/aconteceunovale.com.br\/portal\/?p=166169","name":"Governo federal prop\u00f5e trocar PIS\/Cofins por novo imposto de 12% sobre consumo - Aconteceu no Vale","isPartOf":{"@id":"https:\/\/aconteceunovale.com.br\/portal\/#website"},"primaryImageOfPage":{"@id":"https:\/\/aconteceunovale.com.br\/portal\/?p=166169#primaryimage"},"image":{"@id":"https:\/\/aconteceunovale.com.br\/portal\/?p=166169#primaryimage"},"thumbnailUrl":"https:\/\/aconteceunovale.com.br\/portal\/wp-content\/uploads\/2020\/07\/paulo_guedes.jpg","datePublished":"2020-07-22T12:17:16+00:00","dateModified":"2020-07-22T12:18:00+00:00","author":{"@id":"https:\/\/aconteceunovale.com.br\/portal\/#\/schema\/person\/633529146f2c94272bef50ac2953d589"},"breadcrumb":{"@id":"https:\/\/aconteceunovale.com.br\/portal\/?p=166169#breadcrumb"},"inLanguage":"pt-BR","potentialAction":[{"@type":"ReadAction","target":["https:\/\/aconteceunovale.com.br\/portal\/?p=166169"]}]},{"@type":"ImageObject","inLanguage":"pt-BR","@id":"https:\/\/aconteceunovale.com.br\/portal\/?p=166169#primaryimage","url":"https:\/\/aconteceunovale.com.br\/portal\/wp-content\/uploads\/2020\/07\/paulo_guedes.jpg","contentUrl":"https:\/\/aconteceunovale.com.br\/portal\/wp-content\/uploads\/2020\/07\/paulo_guedes.jpg","width":678,"height":406,"caption":"O ministro da Economia, Paulo Guedes. fala \u00e0 imprensa no Pal\u00e1cio do Planalto"},{"@type":"BreadcrumbList","@id":"https:\/\/aconteceunovale.com.br\/portal\/?p=166169#breadcrumb","itemListElement":[{"@type":"ListItem","position":1,"name":"In\u00edcio","item":"https:\/\/aconteceunovale.com.br\/portal\/"},{"@type":"ListItem","position":2,"name":"Governo federal prop\u00f5e trocar PIS\/Cofins por novo imposto de 12% sobre consumo"}]},{"@type":"WebSite","@id":"https:\/\/aconteceunovale.com.br\/portal\/#website","url":"https:\/\/aconteceunovale.com.br\/portal\/","name":"Aconteceu no Vale","description":"Portal de Not\u00edcias","potentialAction":[{"@type":"SearchAction","target":{"@type":"EntryPoint","urlTemplate":"https:\/\/aconteceunovale.com.br\/portal\/?s={search_term_string}"},"query-input":{"@type":"PropertyValueSpecification","valueRequired":true,"valueName":"search_term_string"}}],"inLanguage":"pt-BR"},{"@type":"Person","@id":"https:\/\/aconteceunovale.com.br\/portal\/#\/schema\/person\/633529146f2c94272bef50ac2953d589","name":"Aconteceu no Vale","description":"Equipe de reportagem do Aconteceu no Vale, portal de not\u00edcias do Vale do Jequitinhonha, em Minas Gerais. Cobrimos as 51 cidades do Vale desde 2013. Sugest\u00f5es de pauta e pedidos de corre\u00e7\u00e3o: contato@aconteceunovale.com.br","sameAs":["http:\/\/www.aconteceunovale.com.br"],"url":"https:\/\/aconteceunovale.com.br\/portal\/?author=1"}]}},"_links":{"self":[{"href":"https:\/\/aconteceunovale.com.br\/portal\/index.php?rest_route=\/wp\/v2\/posts\/166169","targetHints":{"allow":["GET"]}}],"collection":[{"href":"https:\/\/aconteceunovale.com.br\/portal\/index.php?rest_route=\/wp\/v2\/posts"}],"about":[{"href":"https:\/\/aconteceunovale.com.br\/portal\/index.php?rest_route=\/wp\/v2\/types\/post"}],"author":[{"embeddable":true,"href":"https:\/\/aconteceunovale.com.br\/portal\/index.php?rest_route=\/wp\/v2\/users\/1"}],"replies":[{"embeddable":true,"href":"https:\/\/aconteceunovale.com.br\/portal\/index.php?rest_route=%2Fwp%2Fv2%2Fcomments&post=166169"}],"version-history":[{"count":1,"href":"https:\/\/aconteceunovale.com.br\/portal\/index.php?rest_route=\/wp\/v2\/posts\/166169\/revisions"}],"predecessor-version":[{"id":166170,"href":"https:\/\/aconteceunovale.com.br\/portal\/index.php?rest_route=\/wp\/v2\/posts\/166169\/revisions\/166170"}],"wp:featuredmedia":[{"embeddable":true,"href":"https:\/\/aconteceunovale.com.br\/portal\/index.php?rest_route=\/wp\/v2\/media\/166140"}],"wp:attachment":[{"href":"https:\/\/aconteceunovale.com.br\/portal\/index.php?rest_route=%2Fwp%2Fv2%2Fmedia&parent=166169"}],"wp:term":[{"taxonomy":"category","embeddable":true,"href":"https:\/\/aconteceunovale.com.br\/portal\/index.php?rest_route=%2Fwp%2Fv2%2Fcategories&post=166169"},{"taxonomy":"post_tag","embeddable":true,"href":"https:\/\/aconteceunovale.com.br\/portal\/index.php?rest_route=%2Fwp%2Fv2%2Ftags&post=166169"}],"curies":[{"name":"wp","href":"https:\/\/api.w.org\/{rel}","templated":true}]}}