{"id":166142,"date":"2020-07-21T11:03:16","date_gmt":"2020-07-21T14:03:16","guid":{"rendered":"https:\/\/aconteceunovale.com.br\/portal\/?p=166142"},"modified":"2020-07-21T11:03:30","modified_gmt":"2020-07-21T14:03:30","slug":"jose-serra-e-alvo-de-nova-operacao","status":"publish","type":"post","link":"https:\/\/aconteceunovale.com.br\/portal\/?p=166142","title":{"rendered":"Jos\u00e9 Serra \u00e9 alvo de nova opera\u00e7\u00e3o"},"content":{"rendered":"\n<p class=\"wp-block-paragraph\">O senador Jos\u00e9 Serra \u00e9 alvo de uma nova opera\u00e7\u00e3o na manh\u00e3 de hoje (21\/7\/2020) em uma investiga\u00e7\u00e3o sobre doa\u00e7\u00f5es ilegais de campanha. A Pol\u00edcia Federal cumpre quatro mandados de pris\u00e3o e 15 de busca e apreens\u00e3o em endere\u00e7os ligados ao parlamentar e outras pessoas suspeitas de envolvimento no esquema. As a\u00e7\u00f5es acontecem na capital paulista, em Bras\u00edlia, Itatiba (SP) e Itu (SP).<\/p>\n\n\n\n<p class=\"wp-block-paragraph\">Segundo o Minist\u00e9rio P\u00fablico de S\u00e3o Paulo, a investiga\u00e7\u00e3o \u00e9 baseada em informa\u00e7\u00f5es repassadas por pessoas que foram contratadas em 2014 para operacionalizar os pagamentos das doa\u00e7\u00f5es eleitorais n\u00e3o contabilizadas, em colabora\u00e7\u00e3o espont\u00e2nea com a Justi\u00e7a. O processo foi remetido pelo Supremo Tribunal Federal (STF) \u00e0 Justi\u00e7a Eleitoral de S\u00e3o Paulo, em 2019.<\/p>\n\n\n\n<p class=\"wp-block-paragraph\">A quebra de sigilos banc\u00e1rios e as informa\u00e7\u00f5es repassadas pelo Conselho de Controle de Atividades Financeiras (Coaf) indicam, segundo comunicado do Minist\u00e9rio P\u00fablico, que foram recebidos de forma ilegal R$ 5 milh\u00f5es. Os repasses foram, de acordo com a nota, feitos \u201ca mando de acionista controlador de importante grupo empresarial do ramo da comercializa\u00e7\u00e3o de planos de sa\u00fade\u201d, atrav\u00e9s de empresas de fachada para ocultar a origem dos recursos.<\/p>\n\n\n\n<p class=\"wp-block-paragraph\">Os investigados podem responder pelos crimes de associa\u00e7\u00e3o criminosa, falsidade ideol\u00f3gica eleitoral e lavagem de dinheiro.<\/p>\n\n\n\n<h2 class=\"wp-block-heading\">Lava Jato<\/h2>\n\n\n\n<p class=\"wp-block-paragraph\">No in\u00edcio do m\u00eas, o Minist\u00e9rio P\u00fablico Federal ofereceu den\u00fancia contra Jos\u00e9 Serra por lavagem de dinheiro \u00e0 \u00e9poca em que era governador de S\u00e3o Paulo. A filha do parlamentar, Vero\u0302nica Allende Serra, tamb\u00e9m foi denunciada.<\/p>\n\n\n\n<p class=\"wp-block-paragraph\">Segundo a den\u00fancia da for\u00e7a-tarefa da Opera\u00e7\u00e3o Lava Jato, entre 2006 e 2007, Serra recebeu v\u00e1rios pagamentos feitos pela empreiteira Odebrecht em contas no exterior em um total de R$ 4,5 milh\u00f5es. O MPF diz que \u201csupostamente\u201d o dinheiro seria usado para pagamento de despesas das campanhas eleitorais do ent\u00e3o governador.<\/p>\n\n\n\n<h2 class=\"wp-block-heading\">O que diz Serra<\/h2>\n\n\n\n<p class=\"wp-block-paragraph\">Por nota, Jos\u00e9 Serra disse que foi \u201csurpreendido\u201d pela a\u00e7\u00e3o de hoje, \u201ccom nova e abusiva opera\u00e7\u00e3o de busca e apreens\u00e3o em seus endere\u00e7os, dois dos quais j\u00e1 haviam sido vasculhados h\u00e1 menos de 20 dias pela Pol\u00edcia Federal\u201d.<\/p>\n\n\n\n<p class=\"wp-block-paragraph\">Segundo o senador, os mandados foram expedidos com base em \u201cfatos antigos\u201d em um processo em que Serra diz n\u00e3o ter sido ouvido. Ainda no comunicado, o senador afirma que \u201cjamais recebeu vantagens indevidas ao longo dos seus 40 anos de vida p\u00fablica e sempre pautou sua carreira pol\u00edtica na lisura e austeridade em rela\u00e7\u00e3o aos gastos p\u00fablicos\u201d.<\/p>\n\n\n\n<p class=\"wp-block-paragraph\">A nota enfatiza ainda que todas as suas contas de campanha sempre foram aprovadas pela Justi\u00e7a Eleitoral.<\/p>\n\n\n\n<p class=\"has-background has-very-light-gray-background-color wp-block-paragraph\">Quer saber as not\u00edcias do <strong>Aconteceu no Vale<\/strong> em primeira m\u00e3o? Siga-nos no Facebook <a rel=\"noreferrer noopener\" href=\"http:\/\/facebook.com\/aconteceunovale\" target=\"_blank\">@aconteceunovale<\/a>, Twitter <a rel=\"noreferrer noopener\" href=\"https:\/\/twitter.com\/noticiadosvales\" target=\"_blank\">@noticiadosvales<\/a> e Instagram <a rel=\"noreferrer noopener\" href=\"https:\/\/www.instagram.com\/aconteceunovale\" target=\"_blank\">@aconteceunovale<\/a>.<\/p>\n","protected":false},"excerpt":{"rendered":"<p>O senador Jos\u00e9 Serra \u00e9 alvo de uma nova opera\u00e7\u00e3o na manh\u00e3 de hoje (21\/7\/2020) em uma investiga\u00e7\u00e3o sobre doa\u00e7\u00f5es ilegais de campanha. A Pol\u00edcia Federal cumpre quatro mandados de pris\u00e3o e 15 de busca e apreens\u00e3o em endere\u00e7os ligados ao parlamentar e outras pessoas suspeitas de envolvimento no esquema. As a\u00e7\u00f5es acontecem na capital [&hellip;]<\/p>\n","protected":false},"author":1,"featured_media":166143,"comment_status":"open","ping_status":"closed","sticky":false,"template":"","format":"standard","meta":{"amp_status":"","footnotes":""},"categories":[6,40240],"tags":[4606,82139,90036,225825,225824,225823,82553,224746],"class_list":["post-166142","post","type-post","status-publish","format-standard","has-post-thumbnail","hentry","category-br","category-politica","tag-brasilia","tag-itatiba","tag-itu","tag-jose-serra-e-alvo-de-nova-operacao","tag-jose-serra-e-alvo-de-nova-operacao-da-pf","tag-jose-serra-e-alvo-de-nova-operacao-da-policia-federal","tag-ministerio-publico-de-sao-paulo","tag-veronica-allende-serra"],"yoast_head":"<!-- This site is optimized with the Yoast SEO plugin v28.3 - https:\/\/yoast.com\/product\/yoast-seo-wordpress\/ -->\n<title>Jos\u00e9 Serra \u00e9 alvo de nova opera\u00e7\u00e3o - Aconteceu no Vale<\/title>\n<meta name=\"robots\" content=\"index, follow, max-snippet:-1, max-image-preview:large, max-video-preview:-1\" \/>\n<link rel=\"canonical\" href=\"https:\/\/aconteceunovale.com.br\/portal\/?p=166142\" \/>\n<meta property=\"og:locale\" content=\"pt_BR\" \/>\n<meta property=\"og:type\" content=\"article\" \/>\n<meta property=\"og:title\" content=\"Jos\u00e9 Serra \u00e9 alvo de nova opera\u00e7\u00e3o - Aconteceu no Vale\" \/>\n<meta property=\"og:description\" content=\"O senador Jos\u00e9 Serra \u00e9 alvo de uma nova opera\u00e7\u00e3o na manh\u00e3 de hoje (21\/7\/2020) em uma investiga\u00e7\u00e3o sobre doa\u00e7\u00f5es ilegais de campanha. A Pol\u00edcia Federal cumpre quatro mandados de pris\u00e3o e 15 de busca e apreens\u00e3o em endere\u00e7os ligados ao parlamentar e outras pessoas suspeitas de envolvimento no esquema. As a\u00e7\u00f5es acontecem na capital [&hellip;]\" \/>\n<meta property=\"og:url\" content=\"https:\/\/aconteceunovale.com.br\/portal\/?p=166142\" \/>\n<meta property=\"og:site_name\" content=\"Aconteceu no Vale\" \/>\n<meta property=\"article:publisher\" content=\"https:\/\/www.facebook.com\/aconteceunovale\/\" \/>\n<meta property=\"article:published_time\" content=\"2020-07-21T14:03:16+00:00\" \/>\n<meta property=\"article:modified_time\" content=\"2020-07-21T14:03:30+00:00\" \/>\n<meta property=\"og:image\" content=\"https:\/\/aconteceunovale.com.br\/portal\/wp-content\/uploads\/2020\/07\/serra.jpg\" \/>\n\t<meta property=\"og:image:width\" content=\"678\" \/>\n\t<meta property=\"og:image:height\" content=\"406\" \/>\n\t<meta property=\"og:image:type\" content=\"image\/jpeg\" \/>\n<meta name=\"author\" content=\"Aconteceu no Vale\" \/>\n<meta name=\"twitter:card\" content=\"summary_large_image\" \/>\n<meta name=\"twitter:creator\" content=\"@noticiadosvales\" \/>\n<meta name=\"twitter:site\" content=\"@noticiadosvales\" \/>\n<meta name=\"twitter:label1\" content=\"Escrito por\" \/>\n\t<meta name=\"twitter:data1\" content=\"Aconteceu no Vale\" \/>\n\t<meta name=\"twitter:label2\" content=\"Est. tempo de leitura\" \/>\n\t<meta name=\"twitter:data2\" content=\"2 minutos\" \/>\n<script type=\"application\/ld+json\" class=\"yoast-schema-graph\">{\"@context\":\"https:\\\/\\\/schema.org\",\"@graph\":[{\"@type\":\"Article\",\"@id\":\"https:\\\/\\\/aconteceunovale.com.br\\\/portal\\\/?p=166142#article\",\"isPartOf\":{\"@id\":\"https:\\\/\\\/aconteceunovale.com.br\\\/portal\\\/?p=166142\"},\"author\":{\"name\":\"Aconteceu no Vale\",\"@id\":\"https:\\\/\\\/aconteceunovale.com.br\\\/portal\\\/#\\\/schema\\\/person\\\/633529146f2c94272bef50ac2953d589\"},\"headline\":\"Jos\u00e9 Serra \u00e9 alvo de nova opera\u00e7\u00e3o\",\"datePublished\":\"2020-07-21T14:03:16+00:00\",\"dateModified\":\"2020-07-21T14:03:30+00:00\",\"mainEntityOfPage\":{\"@id\":\"https:\\\/\\\/aconteceunovale.com.br\\\/portal\\\/?p=166142\"},\"wordCount\":479,\"commentCount\":0,\"image\":{\"@id\":\"https:\\\/\\\/aconteceunovale.com.br\\\/portal\\\/?p=166142#primaryimage\"},\"thumbnailUrl\":\"https:\\\/\\\/aconteceunovale.com.br\\\/portal\\\/wp-content\\\/uploads\\\/2020\\\/07\\\/serra.jpg\",\"keywords\":[\"Bras\u00edlia\",\"Itatiba\",\"Itu\",\"Jos\u00e9 Serra \u00e9 alvo de nova opera\u00e7\u00e3o\",\"Jos\u00e9 Serra \u00e9 alvo de nova opera\u00e7\u00e3o da PF\",\"Jos\u00e9 Serra \u00e9 alvo de nova opera\u00e7\u00e3o da Pol\u00edcia Federal\",\"Minist\u00e9rio P\u00fablico de S\u00e3o Paulo\",\"Ver\u00f4nica Allende Serra\"],\"articleSection\":[\"Brasil\",\"Pol\u00edtica\"],\"inLanguage\":\"pt-BR\",\"potentialAction\":[{\"@type\":\"CommentAction\",\"name\":\"Comment\",\"target\":[\"https:\\\/\\\/aconteceunovale.com.br\\\/portal\\\/?p=166142#respond\"]}]},{\"@type\":\"WebPage\",\"@id\":\"https:\\\/\\\/aconteceunovale.com.br\\\/portal\\\/?p=166142\",\"url\":\"https:\\\/\\\/aconteceunovale.com.br\\\/portal\\\/?p=166142\",\"name\":\"Jos\u00e9 Serra \u00e9 alvo de nova opera\u00e7\u00e3o - Aconteceu no Vale\",\"isPartOf\":{\"@id\":\"https:\\\/\\\/aconteceunovale.com.br\\\/portal\\\/#website\"},\"primaryImageOfPage\":{\"@id\":\"https:\\\/\\\/aconteceunovale.com.br\\\/portal\\\/?p=166142#primaryimage\"},\"image\":{\"@id\":\"https:\\\/\\\/aconteceunovale.com.br\\\/portal\\\/?p=166142#primaryimage\"},\"thumbnailUrl\":\"https:\\\/\\\/aconteceunovale.com.br\\\/portal\\\/wp-content\\\/uploads\\\/2020\\\/07\\\/serra.jpg\",\"datePublished\":\"2020-07-21T14:03:16+00:00\",\"dateModified\":\"2020-07-21T14:03:30+00:00\",\"author\":{\"@id\":\"https:\\\/\\\/aconteceunovale.com.br\\\/portal\\\/#\\\/schema\\\/person\\\/633529146f2c94272bef50ac2953d589\"},\"breadcrumb\":{\"@id\":\"https:\\\/\\\/aconteceunovale.com.br\\\/portal\\\/?p=166142#breadcrumb\"},\"inLanguage\":\"pt-BR\",\"potentialAction\":[{\"@type\":\"ReadAction\",\"target\":[\"https:\\\/\\\/aconteceunovale.com.br\\\/portal\\\/?p=166142\"]}]},{\"@type\":\"ImageObject\",\"inLanguage\":\"pt-BR\",\"@id\":\"https:\\\/\\\/aconteceunovale.com.br\\\/portal\\\/?p=166142#primaryimage\",\"url\":\"https:\\\/\\\/aconteceunovale.com.br\\\/portal\\\/wp-content\\\/uploads\\\/2020\\\/07\\\/serra.jpg\",\"contentUrl\":\"https:\\\/\\\/aconteceunovale.com.br\\\/portal\\\/wp-content\\\/uploads\\\/2020\\\/07\\\/serra.jpg\",\"width\":678,\"height\":406,\"caption\":\"Senador Jos\u00e9 Serra participa de reuni\u00e3o da Executiva Nacional do PSDB, para avalia\u00e7\u00e3o do resultado das elei\u00e7\u00f5es e defini\u00e7\u00e3o da posi\u00e7\u00e3o partid\u00e1ria frente ao segundo turno na elei\u00e7\u00e3o presidencial e nos estados.\"},{\"@type\":\"BreadcrumbList\",\"@id\":\"https:\\\/\\\/aconteceunovale.com.br\\\/portal\\\/?p=166142#breadcrumb\",\"itemListElement\":[{\"@type\":\"ListItem\",\"position\":1,\"name\":\"In\u00edcio\",\"item\":\"https:\\\/\\\/aconteceunovale.com.br\\\/portal\\\/\"},{\"@type\":\"ListItem\",\"position\":2,\"name\":\"Jos\u00e9 Serra \u00e9 alvo de nova opera\u00e7\u00e3o\"}]},{\"@type\":\"WebSite\",\"@id\":\"https:\\\/\\\/aconteceunovale.com.br\\\/portal\\\/#website\",\"url\":\"https:\\\/\\\/aconteceunovale.com.br\\\/portal\\\/\",\"name\":\"Aconteceu no Vale\",\"description\":\"Portal de Not\u00edcias\",\"potentialAction\":[{\"@type\":\"SearchAction\",\"target\":{\"@type\":\"EntryPoint\",\"urlTemplate\":\"https:\\\/\\\/aconteceunovale.com.br\\\/portal\\\/?s={search_term_string}\"},\"query-input\":{\"@type\":\"PropertyValueSpecification\",\"valueRequired\":true,\"valueName\":\"search_term_string\"}}],\"inLanguage\":\"pt-BR\"},{\"@type\":\"Person\",\"@id\":\"https:\\\/\\\/aconteceunovale.com.br\\\/portal\\\/#\\\/schema\\\/person\\\/633529146f2c94272bef50ac2953d589\",\"name\":\"Aconteceu no Vale\",\"description\":\"Equipe de reportagem do Aconteceu no Vale, portal de not\u00edcias do Vale do Jequitinhonha, em Minas Gerais. Cobrimos as 51 cidades do Vale desde 2013. Sugest\u00f5es de pauta e pedidos de corre\u00e7\u00e3o: contato@aconteceunovale.com.br\",\"sameAs\":[\"http:\\\/\\\/www.aconteceunovale.com.br\"],\"url\":\"https:\\\/\\\/aconteceunovale.com.br\\\/portal\\\/?author=1\"}]}<\/script>\n<!-- \/ Yoast SEO plugin. -->","yoast_head_json":{"title":"Jos\u00e9 Serra \u00e9 alvo de nova opera\u00e7\u00e3o - Aconteceu no Vale","robots":{"index":"index","follow":"follow","max-snippet":"max-snippet:-1","max-image-preview":"max-image-preview:large","max-video-preview":"max-video-preview:-1"},"canonical":"https:\/\/aconteceunovale.com.br\/portal\/?p=166142","og_locale":"pt_BR","og_type":"article","og_title":"Jos\u00e9 Serra \u00e9 alvo de nova opera\u00e7\u00e3o - Aconteceu no Vale","og_description":"O senador Jos\u00e9 Serra \u00e9 alvo de uma nova opera\u00e7\u00e3o na manh\u00e3 de hoje (21\/7\/2020) em uma investiga\u00e7\u00e3o sobre doa\u00e7\u00f5es ilegais de campanha. A Pol\u00edcia Federal cumpre quatro mandados de pris\u00e3o e 15 de busca e apreens\u00e3o em endere\u00e7os ligados ao parlamentar e outras pessoas suspeitas de envolvimento no esquema. As a\u00e7\u00f5es acontecem na capital [&hellip;]","og_url":"https:\/\/aconteceunovale.com.br\/portal\/?p=166142","og_site_name":"Aconteceu no Vale","article_publisher":"https:\/\/www.facebook.com\/aconteceunovale\/","article_published_time":"2020-07-21T14:03:16+00:00","article_modified_time":"2020-07-21T14:03:30+00:00","og_image":[{"width":678,"height":406,"url":"https:\/\/aconteceunovale.com.br\/portal\/wp-content\/uploads\/2020\/07\/serra.jpg","type":"image\/jpeg"}],"author":"Aconteceu no Vale","twitter_card":"summary_large_image","twitter_creator":"@noticiadosvales","twitter_site":"@noticiadosvales","twitter_misc":{"Escrito por":"Aconteceu no Vale","Est. tempo de leitura":"2 minutos"},"schema":{"@context":"https:\/\/schema.org","@graph":[{"@type":"Article","@id":"https:\/\/aconteceunovale.com.br\/portal\/?p=166142#article","isPartOf":{"@id":"https:\/\/aconteceunovale.com.br\/portal\/?p=166142"},"author":{"name":"Aconteceu no Vale","@id":"https:\/\/aconteceunovale.com.br\/portal\/#\/schema\/person\/633529146f2c94272bef50ac2953d589"},"headline":"Jos\u00e9 Serra \u00e9 alvo de nova opera\u00e7\u00e3o","datePublished":"2020-07-21T14:03:16+00:00","dateModified":"2020-07-21T14:03:30+00:00","mainEntityOfPage":{"@id":"https:\/\/aconteceunovale.com.br\/portal\/?p=166142"},"wordCount":479,"commentCount":0,"image":{"@id":"https:\/\/aconteceunovale.com.br\/portal\/?p=166142#primaryimage"},"thumbnailUrl":"https:\/\/aconteceunovale.com.br\/portal\/wp-content\/uploads\/2020\/07\/serra.jpg","keywords":["Bras\u00edlia","Itatiba","Itu","Jos\u00e9 Serra \u00e9 alvo de nova opera\u00e7\u00e3o","Jos\u00e9 Serra \u00e9 alvo de nova opera\u00e7\u00e3o da PF","Jos\u00e9 Serra \u00e9 alvo de nova opera\u00e7\u00e3o da Pol\u00edcia Federal","Minist\u00e9rio P\u00fablico de S\u00e3o Paulo","Ver\u00f4nica Allende Serra"],"articleSection":["Brasil","Pol\u00edtica"],"inLanguage":"pt-BR","potentialAction":[{"@type":"CommentAction","name":"Comment","target":["https:\/\/aconteceunovale.com.br\/portal\/?p=166142#respond"]}]},{"@type":"WebPage","@id":"https:\/\/aconteceunovale.com.br\/portal\/?p=166142","url":"https:\/\/aconteceunovale.com.br\/portal\/?p=166142","name":"Jos\u00e9 Serra \u00e9 alvo de nova opera\u00e7\u00e3o - Aconteceu no Vale","isPartOf":{"@id":"https:\/\/aconteceunovale.com.br\/portal\/#website"},"primaryImageOfPage":{"@id":"https:\/\/aconteceunovale.com.br\/portal\/?p=166142#primaryimage"},"image":{"@id":"https:\/\/aconteceunovale.com.br\/portal\/?p=166142#primaryimage"},"thumbnailUrl":"https:\/\/aconteceunovale.com.br\/portal\/wp-content\/uploads\/2020\/07\/serra.jpg","datePublished":"2020-07-21T14:03:16+00:00","dateModified":"2020-07-21T14:03:30+00:00","author":{"@id":"https:\/\/aconteceunovale.com.br\/portal\/#\/schema\/person\/633529146f2c94272bef50ac2953d589"},"breadcrumb":{"@id":"https:\/\/aconteceunovale.com.br\/portal\/?p=166142#breadcrumb"},"inLanguage":"pt-BR","potentialAction":[{"@type":"ReadAction","target":["https:\/\/aconteceunovale.com.br\/portal\/?p=166142"]}]},{"@type":"ImageObject","inLanguage":"pt-BR","@id":"https:\/\/aconteceunovale.com.br\/portal\/?p=166142#primaryimage","url":"https:\/\/aconteceunovale.com.br\/portal\/wp-content\/uploads\/2020\/07\/serra.jpg","contentUrl":"https:\/\/aconteceunovale.com.br\/portal\/wp-content\/uploads\/2020\/07\/serra.jpg","width":678,"height":406,"caption":"Senador Jos\u00e9 Serra participa de reuni\u00e3o da Executiva Nacional do PSDB, para avalia\u00e7\u00e3o do resultado das elei\u00e7\u00f5es e defini\u00e7\u00e3o da posi\u00e7\u00e3o partid\u00e1ria frente ao segundo turno na elei\u00e7\u00e3o presidencial e nos estados."},{"@type":"BreadcrumbList","@id":"https:\/\/aconteceunovale.com.br\/portal\/?p=166142#breadcrumb","itemListElement":[{"@type":"ListItem","position":1,"name":"In\u00edcio","item":"https:\/\/aconteceunovale.com.br\/portal\/"},{"@type":"ListItem","position":2,"name":"Jos\u00e9 Serra \u00e9 alvo de nova opera\u00e7\u00e3o"}]},{"@type":"WebSite","@id":"https:\/\/aconteceunovale.com.br\/portal\/#website","url":"https:\/\/aconteceunovale.com.br\/portal\/","name":"Aconteceu no Vale","description":"Portal de Not\u00edcias","potentialAction":[{"@type":"SearchAction","target":{"@type":"EntryPoint","urlTemplate":"https:\/\/aconteceunovale.com.br\/portal\/?s={search_term_string}"},"query-input":{"@type":"PropertyValueSpecification","valueRequired":true,"valueName":"search_term_string"}}],"inLanguage":"pt-BR"},{"@type":"Person","@id":"https:\/\/aconteceunovale.com.br\/portal\/#\/schema\/person\/633529146f2c94272bef50ac2953d589","name":"Aconteceu no Vale","description":"Equipe de reportagem do Aconteceu no Vale, portal de not\u00edcias do Vale do Jequitinhonha, em Minas Gerais. Cobrimos as 51 cidades do Vale desde 2013. Sugest\u00f5es de pauta e pedidos de corre\u00e7\u00e3o: contato@aconteceunovale.com.br","sameAs":["http:\/\/www.aconteceunovale.com.br"],"url":"https:\/\/aconteceunovale.com.br\/portal\/?author=1"}]}},"_links":{"self":[{"href":"https:\/\/aconteceunovale.com.br\/portal\/index.php?rest_route=\/wp\/v2\/posts\/166142","targetHints":{"allow":["GET"]}}],"collection":[{"href":"https:\/\/aconteceunovale.com.br\/portal\/index.php?rest_route=\/wp\/v2\/posts"}],"about":[{"href":"https:\/\/aconteceunovale.com.br\/portal\/index.php?rest_route=\/wp\/v2\/types\/post"}],"author":[{"embeddable":true,"href":"https:\/\/aconteceunovale.com.br\/portal\/index.php?rest_route=\/wp\/v2\/users\/1"}],"replies":[{"embeddable":true,"href":"https:\/\/aconteceunovale.com.br\/portal\/index.php?rest_route=%2Fwp%2Fv2%2Fcomments&post=166142"}],"version-history":[{"count":1,"href":"https:\/\/aconteceunovale.com.br\/portal\/index.php?rest_route=\/wp\/v2\/posts\/166142\/revisions"}],"predecessor-version":[{"id":166144,"href":"https:\/\/aconteceunovale.com.br\/portal\/index.php?rest_route=\/wp\/v2\/posts\/166142\/revisions\/166144"}],"wp:featuredmedia":[{"embeddable":true,"href":"https:\/\/aconteceunovale.com.br\/portal\/index.php?rest_route=\/wp\/v2\/media\/166143"}],"wp:attachment":[{"href":"https:\/\/aconteceunovale.com.br\/portal\/index.php?rest_route=%2Fwp%2Fv2%2Fmedia&parent=166142"}],"wp:term":[{"taxonomy":"category","embeddable":true,"href":"https:\/\/aconteceunovale.com.br\/portal\/index.php?rest_route=%2Fwp%2Fv2%2Fcategories&post=166142"},{"taxonomy":"post_tag","embeddable":true,"href":"https:\/\/aconteceunovale.com.br\/portal\/index.php?rest_route=%2Fwp%2Fv2%2Ftags&post=166142"}],"curies":[{"name":"wp","href":"https:\/\/api.w.org\/{rel}","templated":true}]}}