{"id":16609,"date":"2013-12-23T18:54:07","date_gmt":"2013-12-23T20:54:07","guid":{"rendered":"http:\/\/aconteceunovale.com.br\/portal\/?p=16609"},"modified":"2013-12-23T18:54:07","modified_gmt":"2013-12-23T20:54:07","slug":"cratera-em-ponte-interdita-a-mgc-120-proximo-a-sao-pedro-do-suacui","status":"publish","type":"post","link":"https:\/\/aconteceunovale.com.br\/portal\/?p=16609","title":{"rendered":"Cratera em ponte interdita a MGC-120 pr\u00f3ximo a S\u00e3o Pedro do Sua\u00e7u\u00ed"},"content":{"rendered":"<p>As fortes chuvas tamb\u00e9m t\u00eam feito estragos nas rodovias da regi\u00e3o. Na manh\u00e3 desta segunda-feira (23\/12), segundo a Pol\u00edcia Rodovi\u00e1ria, a MGC-120, ficou completamente interditada, na altura do KM238, pois parte da rodovia cedeu formando uma cratera pr\u00f3ximo a cabeceira de uma ponte, existente no local.<\/p>\n<p><strong>FOTOS:<\/strong><br \/>\n<em>(Fotos: Edilma Pires)<\/em><\/p>\n<p><img decoding=\"async\" src=\"http:\/\/aconteceunovale.com.br\/portal\/wp-content\/uploads\/2013\/12\/mgc_120_interditada_6.jpg\" alt=\"\" \/><\/p>\n<p><img decoding=\"async\" src=\"http:\/\/aconteceunovale.com.br\/portal\/wp-content\/uploads\/2013\/12\/mgc_120_interditada_5.jpg\" alt=\"\" \/><\/p>\n<p><img decoding=\"async\" src=\"http:\/\/aconteceunovale.com.br\/portal\/wp-content\/uploads\/2013\/12\/mgc_120_interditada_4.jpg\" alt=\"\" \/><\/p>\n<p><img decoding=\"async\" src=\"http:\/\/aconteceunovale.com.br\/portal\/wp-content\/uploads\/2013\/12\/mgc_120_interditada_3.jpg\" alt=\"\" \/><\/p>\n<p><img decoding=\"async\" src=\"http:\/\/aconteceunovale.com.br\/portal\/wp-content\/uploads\/2013\/12\/mgc_120_interditada_2.jpg\" alt=\"\" \/><\/p>\n","protected":false},"excerpt":{"rendered":"<p>As fortes chuvas tamb\u00e9m t\u00eam feito estragos nas rodovias da regi\u00e3o. Na manh\u00e3 desta segunda-feira (23\/12), segundo a Pol\u00edcia Rodovi\u00e1ria, a MGC-120, ficou completamente interditada, na altura do KM238, pois parte da rodovia cedeu formando uma cratera pr\u00f3ximo a cabeceira de uma ponte, existente no local. FOTOS: (Fotos: Edilma Pires)<\/p>\n","protected":false},"author":1,"featured_media":0,"comment_status":"open","ping_status":"closed","sticky":false,"template":"","format":"standard","meta":{"amp_status":"","footnotes":""},"categories":[121],"tags":[2077,2078,322],"class_list":["post-16609","post","type-post","status-publish","format-standard","hentry","category-leste","tag-cratera-em-ponte-interdita-a-mgc-120-proximo-a-sao-pedro-do-suacui","tag-restaurante-araras","tag-sao-pedro-do-suacui"],"yoast_head":"<!-- This site is optimized with the Yoast SEO plugin v28.3 - https:\/\/yoast.com\/product\/yoast-seo-wordpress\/ -->\n<title>Cratera em ponte interdita a MGC-120 pr\u00f3ximo a S\u00e3o Pedro do Sua\u00e7u\u00ed - Aconteceu no Vale<\/title>\n<meta name=\"robots\" content=\"index, follow, max-snippet:-1, max-image-preview:large, max-video-preview:-1\" \/>\n<link rel=\"canonical\" href=\"https:\/\/aconteceunovale.com.br\/portal\/?p=16609\" \/>\n<meta property=\"og:locale\" content=\"pt_BR\" \/>\n<meta property=\"og:type\" content=\"article\" \/>\n<meta property=\"og:title\" content=\"Cratera em ponte interdita a MGC-120 pr\u00f3ximo a S\u00e3o Pedro do Sua\u00e7u\u00ed - Aconteceu no Vale\" \/>\n<meta property=\"og:description\" content=\"As fortes chuvas tamb\u00e9m t\u00eam feito estragos nas rodovias da regi\u00e3o. Na manh\u00e3 desta segunda-feira (23\/12), segundo a Pol\u00edcia Rodovi\u00e1ria, a MGC-120, ficou completamente interditada, na altura do KM238, pois parte da rodovia cedeu formando uma cratera pr\u00f3ximo a cabeceira de uma ponte, existente no local. FOTOS: (Fotos: Edilma Pires)\" \/>\n<meta property=\"og:url\" content=\"https:\/\/aconteceunovale.com.br\/portal\/?p=16609\" \/>\n<meta property=\"og:site_name\" content=\"Aconteceu no Vale\" \/>\n<meta property=\"article:publisher\" content=\"https:\/\/www.facebook.com\/aconteceunovale\/\" \/>\n<meta property=\"article:published_time\" content=\"2013-12-23T20:54:07+00:00\" \/>\n<meta property=\"og:image\" content=\"http:\/\/aconteceunovale.com.br\/portal\/wp-content\/uploads\/2013\/12\/mgc_120_interditada_6.jpg\" \/>\n<meta name=\"author\" content=\"Aconteceu no Vale\" \/>\n<meta name=\"twitter:card\" content=\"summary_large_image\" \/>\n<meta name=\"twitter:creator\" content=\"@noticiadosvales\" \/>\n<meta name=\"twitter:site\" content=\"@noticiadosvales\" \/>\n<meta name=\"twitter:label1\" content=\"Escrito por\" \/>\n\t<meta name=\"twitter:data1\" content=\"Aconteceu no Vale\" \/>\n<script type=\"application\/ld+json\" class=\"yoast-schema-graph\">{\"@context\":\"https:\\\/\\\/schema.org\",\"@graph\":[{\"@type\":\"Article\",\"@id\":\"https:\\\/\\\/aconteceunovale.com.br\\\/portal\\\/?p=16609#article\",\"isPartOf\":{\"@id\":\"https:\\\/\\\/aconteceunovale.com.br\\\/portal\\\/?p=16609\"},\"author\":{\"name\":\"Aconteceu no Vale\",\"@id\":\"https:\\\/\\\/aconteceunovale.com.br\\\/portal\\\/#\\\/schema\\\/person\\\/633529146f2c94272bef50ac2953d589\"},\"headline\":\"Cratera em ponte interdita a MGC-120 pr\u00f3ximo a S\u00e3o Pedro do Sua\u00e7u\u00ed\",\"datePublished\":\"2013-12-23T20:54:07+00:00\",\"mainEntityOfPage\":{\"@id\":\"https:\\\/\\\/aconteceunovale.com.br\\\/portal\\\/?p=16609\"},\"wordCount\":70,\"commentCount\":0,\"image\":{\"@id\":\"https:\\\/\\\/aconteceunovale.com.br\\\/portal\\\/?p=16609#primaryimage\"},\"thumbnailUrl\":\"http:\\\/\\\/aconteceunovale.com.br\\\/portal\\\/wp-content\\\/uploads\\\/2013\\\/12\\\/mgc_120_interditada_6.jpg\",\"keywords\":[\"Cratera em ponte interdita a MGC-120 pr\u00f3ximo a S\u00e3o Pedro do Sua\u00e7u\u00ed\",\"Restaurante Araras\",\"S\u00e3o Pedro do Sua\u00e7u\u00ed\"],\"articleSection\":[\"Leste de Minas\"],\"inLanguage\":\"pt-BR\",\"potentialAction\":[{\"@type\":\"CommentAction\",\"name\":\"Comment\",\"target\":[\"https:\\\/\\\/aconteceunovale.com.br\\\/portal\\\/?p=16609#respond\"]}]},{\"@type\":\"WebPage\",\"@id\":\"https:\\\/\\\/aconteceunovale.com.br\\\/portal\\\/?p=16609\",\"url\":\"https:\\\/\\\/aconteceunovale.com.br\\\/portal\\\/?p=16609\",\"name\":\"Cratera em ponte interdita a MGC-120 pr\u00f3ximo a S\u00e3o Pedro do Sua\u00e7u\u00ed - Aconteceu no Vale\",\"isPartOf\":{\"@id\":\"https:\\\/\\\/aconteceunovale.com.br\\\/portal\\\/#website\"},\"primaryImageOfPage\":{\"@id\":\"https:\\\/\\\/aconteceunovale.com.br\\\/portal\\\/?p=16609#primaryimage\"},\"image\":{\"@id\":\"https:\\\/\\\/aconteceunovale.com.br\\\/portal\\\/?p=16609#primaryimage\"},\"thumbnailUrl\":\"http:\\\/\\\/aconteceunovale.com.br\\\/portal\\\/wp-content\\\/uploads\\\/2013\\\/12\\\/mgc_120_interditada_6.jpg\",\"datePublished\":\"2013-12-23T20:54:07+00:00\",\"author\":{\"@id\":\"https:\\\/\\\/aconteceunovale.com.br\\\/portal\\\/#\\\/schema\\\/person\\\/633529146f2c94272bef50ac2953d589\"},\"breadcrumb\":{\"@id\":\"https:\\\/\\\/aconteceunovale.com.br\\\/portal\\\/?p=16609#breadcrumb\"},\"inLanguage\":\"pt-BR\",\"potentialAction\":[{\"@type\":\"ReadAction\",\"target\":[\"https:\\\/\\\/aconteceunovale.com.br\\\/portal\\\/?p=16609\"]}]},{\"@type\":\"ImageObject\",\"inLanguage\":\"pt-BR\",\"@id\":\"https:\\\/\\\/aconteceunovale.com.br\\\/portal\\\/?p=16609#primaryimage\",\"url\":\"http:\\\/\\\/aconteceunovale.com.br\\\/portal\\\/wp-content\\\/uploads\\\/2013\\\/12\\\/mgc_120_interditada_6.jpg\",\"contentUrl\":\"http:\\\/\\\/aconteceunovale.com.br\\\/portal\\\/wp-content\\\/uploads\\\/2013\\\/12\\\/mgc_120_interditada_6.jpg\"},{\"@type\":\"BreadcrumbList\",\"@id\":\"https:\\\/\\\/aconteceunovale.com.br\\\/portal\\\/?p=16609#breadcrumb\",\"itemListElement\":[{\"@type\":\"ListItem\",\"position\":1,\"name\":\"In\u00edcio\",\"item\":\"https:\\\/\\\/aconteceunovale.com.br\\\/portal\\\/\"},{\"@type\":\"ListItem\",\"position\":2,\"name\":\"Cratera em ponte interdita a MGC-120 pr\u00f3ximo a S\u00e3o Pedro do Sua\u00e7u\u00ed\"}]},{\"@type\":\"WebSite\",\"@id\":\"https:\\\/\\\/aconteceunovale.com.br\\\/portal\\\/#website\",\"url\":\"https:\\\/\\\/aconteceunovale.com.br\\\/portal\\\/\",\"name\":\"Aconteceu no Vale\",\"description\":\"Portal de Not\u00edcias\",\"potentialAction\":[{\"@type\":\"SearchAction\",\"target\":{\"@type\":\"EntryPoint\",\"urlTemplate\":\"https:\\\/\\\/aconteceunovale.com.br\\\/portal\\\/?s={search_term_string}\"},\"query-input\":{\"@type\":\"PropertyValueSpecification\",\"valueRequired\":true,\"valueName\":\"search_term_string\"}}],\"inLanguage\":\"pt-BR\"},{\"@type\":\"Person\",\"@id\":\"https:\\\/\\\/aconteceunovale.com.br\\\/portal\\\/#\\\/schema\\\/person\\\/633529146f2c94272bef50ac2953d589\",\"name\":\"Aconteceu no Vale\",\"description\":\"Equipe de reportagem do Aconteceu no Vale, portal de not\u00edcias do Vale do Jequitinhonha, em Minas Gerais. Cobrimos as 51 cidades do Vale desde 2013. Sugest\u00f5es de pauta e pedidos de corre\u00e7\u00e3o: contato@aconteceunovale.com.br\",\"sameAs\":[\"http:\\\/\\\/www.aconteceunovale.com.br\"],\"url\":\"https:\\\/\\\/aconteceunovale.com.br\\\/portal\\\/?author=1\"}]}<\/script>\n<!-- \/ Yoast SEO plugin. -->","yoast_head_json":{"title":"Cratera em ponte interdita a MGC-120 pr\u00f3ximo a S\u00e3o Pedro do Sua\u00e7u\u00ed - Aconteceu no Vale","robots":{"index":"index","follow":"follow","max-snippet":"max-snippet:-1","max-image-preview":"max-image-preview:large","max-video-preview":"max-video-preview:-1"},"canonical":"https:\/\/aconteceunovale.com.br\/portal\/?p=16609","og_locale":"pt_BR","og_type":"article","og_title":"Cratera em ponte interdita a MGC-120 pr\u00f3ximo a S\u00e3o Pedro do Sua\u00e7u\u00ed - Aconteceu no Vale","og_description":"As fortes chuvas tamb\u00e9m t\u00eam feito estragos nas rodovias da regi\u00e3o. Na manh\u00e3 desta segunda-feira (23\/12), segundo a Pol\u00edcia Rodovi\u00e1ria, a MGC-120, ficou completamente interditada, na altura do KM238, pois parte da rodovia cedeu formando uma cratera pr\u00f3ximo a cabeceira de uma ponte, existente no local. FOTOS: (Fotos: Edilma Pires)","og_url":"https:\/\/aconteceunovale.com.br\/portal\/?p=16609","og_site_name":"Aconteceu no Vale","article_publisher":"https:\/\/www.facebook.com\/aconteceunovale\/","article_published_time":"2013-12-23T20:54:07+00:00","og_image":[{"url":"http:\/\/aconteceunovale.com.br\/portal\/wp-content\/uploads\/2013\/12\/mgc_120_interditada_6.jpg","type":"","width":"","height":""}],"author":"Aconteceu no Vale","twitter_card":"summary_large_image","twitter_creator":"@noticiadosvales","twitter_site":"@noticiadosvales","twitter_misc":{"Escrito por":"Aconteceu no Vale"},"schema":{"@context":"https:\/\/schema.org","@graph":[{"@type":"Article","@id":"https:\/\/aconteceunovale.com.br\/portal\/?p=16609#article","isPartOf":{"@id":"https:\/\/aconteceunovale.com.br\/portal\/?p=16609"},"author":{"name":"Aconteceu no Vale","@id":"https:\/\/aconteceunovale.com.br\/portal\/#\/schema\/person\/633529146f2c94272bef50ac2953d589"},"headline":"Cratera em ponte interdita a MGC-120 pr\u00f3ximo a S\u00e3o Pedro do Sua\u00e7u\u00ed","datePublished":"2013-12-23T20:54:07+00:00","mainEntityOfPage":{"@id":"https:\/\/aconteceunovale.com.br\/portal\/?p=16609"},"wordCount":70,"commentCount":0,"image":{"@id":"https:\/\/aconteceunovale.com.br\/portal\/?p=16609#primaryimage"},"thumbnailUrl":"http:\/\/aconteceunovale.com.br\/portal\/wp-content\/uploads\/2013\/12\/mgc_120_interditada_6.jpg","keywords":["Cratera em ponte interdita a MGC-120 pr\u00f3ximo a S\u00e3o Pedro do Sua\u00e7u\u00ed","Restaurante Araras","S\u00e3o Pedro do Sua\u00e7u\u00ed"],"articleSection":["Leste de Minas"],"inLanguage":"pt-BR","potentialAction":[{"@type":"CommentAction","name":"Comment","target":["https:\/\/aconteceunovale.com.br\/portal\/?p=16609#respond"]}]},{"@type":"WebPage","@id":"https:\/\/aconteceunovale.com.br\/portal\/?p=16609","url":"https:\/\/aconteceunovale.com.br\/portal\/?p=16609","name":"Cratera em ponte interdita a MGC-120 pr\u00f3ximo a S\u00e3o Pedro do Sua\u00e7u\u00ed - Aconteceu no Vale","isPartOf":{"@id":"https:\/\/aconteceunovale.com.br\/portal\/#website"},"primaryImageOfPage":{"@id":"https:\/\/aconteceunovale.com.br\/portal\/?p=16609#primaryimage"},"image":{"@id":"https:\/\/aconteceunovale.com.br\/portal\/?p=16609#primaryimage"},"thumbnailUrl":"http:\/\/aconteceunovale.com.br\/portal\/wp-content\/uploads\/2013\/12\/mgc_120_interditada_6.jpg","datePublished":"2013-12-23T20:54:07+00:00","author":{"@id":"https:\/\/aconteceunovale.com.br\/portal\/#\/schema\/person\/633529146f2c94272bef50ac2953d589"},"breadcrumb":{"@id":"https:\/\/aconteceunovale.com.br\/portal\/?p=16609#breadcrumb"},"inLanguage":"pt-BR","potentialAction":[{"@type":"ReadAction","target":["https:\/\/aconteceunovale.com.br\/portal\/?p=16609"]}]},{"@type":"ImageObject","inLanguage":"pt-BR","@id":"https:\/\/aconteceunovale.com.br\/portal\/?p=16609#primaryimage","url":"http:\/\/aconteceunovale.com.br\/portal\/wp-content\/uploads\/2013\/12\/mgc_120_interditada_6.jpg","contentUrl":"http:\/\/aconteceunovale.com.br\/portal\/wp-content\/uploads\/2013\/12\/mgc_120_interditada_6.jpg"},{"@type":"BreadcrumbList","@id":"https:\/\/aconteceunovale.com.br\/portal\/?p=16609#breadcrumb","itemListElement":[{"@type":"ListItem","position":1,"name":"In\u00edcio","item":"https:\/\/aconteceunovale.com.br\/portal\/"},{"@type":"ListItem","position":2,"name":"Cratera em ponte interdita a MGC-120 pr\u00f3ximo a S\u00e3o Pedro do Sua\u00e7u\u00ed"}]},{"@type":"WebSite","@id":"https:\/\/aconteceunovale.com.br\/portal\/#website","url":"https:\/\/aconteceunovale.com.br\/portal\/","name":"Aconteceu no Vale","description":"Portal de Not\u00edcias","potentialAction":[{"@type":"SearchAction","target":{"@type":"EntryPoint","urlTemplate":"https:\/\/aconteceunovale.com.br\/portal\/?s={search_term_string}"},"query-input":{"@type":"PropertyValueSpecification","valueRequired":true,"valueName":"search_term_string"}}],"inLanguage":"pt-BR"},{"@type":"Person","@id":"https:\/\/aconteceunovale.com.br\/portal\/#\/schema\/person\/633529146f2c94272bef50ac2953d589","name":"Aconteceu no Vale","description":"Equipe de reportagem do Aconteceu no Vale, portal de not\u00edcias do Vale do Jequitinhonha, em Minas Gerais. Cobrimos as 51 cidades do Vale desde 2013. Sugest\u00f5es de pauta e pedidos de corre\u00e7\u00e3o: contato@aconteceunovale.com.br","sameAs":["http:\/\/www.aconteceunovale.com.br"],"url":"https:\/\/aconteceunovale.com.br\/portal\/?author=1"}]}},"_links":{"self":[{"href":"https:\/\/aconteceunovale.com.br\/portal\/index.php?rest_route=\/wp\/v2\/posts\/16609","targetHints":{"allow":["GET"]}}],"collection":[{"href":"https:\/\/aconteceunovale.com.br\/portal\/index.php?rest_route=\/wp\/v2\/posts"}],"about":[{"href":"https:\/\/aconteceunovale.com.br\/portal\/index.php?rest_route=\/wp\/v2\/types\/post"}],"author":[{"embeddable":true,"href":"https:\/\/aconteceunovale.com.br\/portal\/index.php?rest_route=\/wp\/v2\/users\/1"}],"replies":[{"embeddable":true,"href":"https:\/\/aconteceunovale.com.br\/portal\/index.php?rest_route=%2Fwp%2Fv2%2Fcomments&post=16609"}],"version-history":[{"count":0,"href":"https:\/\/aconteceunovale.com.br\/portal\/index.php?rest_route=\/wp\/v2\/posts\/16609\/revisions"}],"wp:attachment":[{"href":"https:\/\/aconteceunovale.com.br\/portal\/index.php?rest_route=%2Fwp%2Fv2%2Fmedia&parent=16609"}],"wp:term":[{"taxonomy":"category","embeddable":true,"href":"https:\/\/aconteceunovale.com.br\/portal\/index.php?rest_route=%2Fwp%2Fv2%2Fcategories&post=16609"},{"taxonomy":"post_tag","embeddable":true,"href":"https:\/\/aconteceunovale.com.br\/portal\/index.php?rest_route=%2Fwp%2Fv2%2Ftags&post=16609"}],"curies":[{"name":"wp","href":"https:\/\/api.w.org\/{rel}","templated":true}]}}