{"id":166051,"date":"2020-07-20T10:39:16","date_gmt":"2020-07-20T13:39:16","guid":{"rendered":"https:\/\/aconteceunovale.com.br\/portal\/?p=166051"},"modified":"2020-07-20T10:39:45","modified_gmt":"2020-07-20T13:39:45","slug":"minas-gerais-ultrapassa-marca-de-2-mil-obitos-por-covid-19","status":"publish","type":"post","link":"https:\/\/aconteceunovale.com.br\/portal\/?p=166051","title":{"rendered":"Minas Gerais ultrapassa marca de 2 mil \u00f3bitos por Covid-19"},"content":{"rendered":"\n<p class=\"wp-block-paragraph\">A Secretaria de Sa\u00fade de Minas Gerais (SES-MG) confirmou 1.160 casos de Covid-19 nas \u00faltimas 24 horas. Segundo informa\u00e7\u00f5es do boletim epidemiol\u00f3gico, atualizado nesta segunda-feira (20\/7\/2020), o Estado soma 94.132 pessoas atingidas pelo novo coronav\u00edrus.<\/p>\n\n\n\n<p class=\"wp-block-paragraph\">Do total de casos confirmados, segundo a SES-MG, 25.271 pacientes est\u00e3o em acompanhamento (10.979 internados) e 66.369 se recuperaram da doen\u00e7a.<\/p>\n\n\n\n<p class=\"wp-block-paragraph\">O n\u00famero de \u00f3bitos causados pela doen\u00e7a subiu de 1.982 para 2.004 (22 novos). A taxa de letalidade ficou em 2,1%.<\/p>\n\n\n\n<p class=\"wp-block-paragraph\"><strong>Confira os relat\u00f3rios da SES-MG:<\/strong><\/p>\n\n\n\n<div class=\"wp-block-file\"><a href=\"https:\/\/aconteceunovale.com.br\/portal\/wp-content\/uploads\/2020\/07\/boletim_mg_20julho.pdf\"><span class=\"has-inline-color has-vivid-red-color\">&#8211; Boletim epidemiol\u00f3gico de 20\/7\/2020<\/span><\/a><a href=\"https:\/\/aconteceunovale.com.br\/portal\/wp-content\/uploads\/2020\/07\/boletim_mg_20julho.pdf\" class=\"wp-block-file__button\" download>Baixar<\/a><\/div>\n\n\n\n<p class=\"has-text-color has-vivid-red-color wp-block-paragraph\">&#8211; <a rel=\"noreferrer noopener\" href=\"http:\/\/aconteceunovale.com.br\/portal\/?p=159949\" target=\"_blank\">Distribui\u00e7\u00e3o geogr\u00e1fica dos casos (clique aqui)<\/a><\/p>\n\n\n\n<p class=\"has-background has-very-light-gray-background-color wp-block-paragraph\">Quer saber as not\u00edcias do <strong>Aconteceu no Vale<\/strong> em primeira m\u00e3o? Siga-nos no Facebook <a rel=\"noreferrer noopener\" href=\"http:\/\/facebook.com\/aconteceunovale\" target=\"_blank\">@aconteceunovale<\/a>, Twitter <a rel=\"noreferrer noopener\" href=\"https:\/\/twitter.com\/noticiadosvales\" target=\"_blank\">@noticiadosvales<\/a> e Instagram <a rel=\"noreferrer noopener\" href=\"https:\/\/www.instagram.com\/aconteceunovale\" target=\"_blank\">@aconteceunovale<\/a>.<\/p>\n","protected":false},"excerpt":{"rendered":"<p>A Secretaria de Sa\u00fade de Minas Gerais (SES-MG) confirmou 1.160 casos de Covid-19 nas \u00faltimas 24 horas. Segundo informa\u00e7\u00f5es do boletim epidemiol\u00f3gico, atualizado nesta segunda-feira (20\/7\/2020), o Estado soma 94.132 pessoas atingidas pelo novo coronav\u00edrus. Do total de casos confirmados, segundo a SES-MG, 25.271 pacientes est\u00e3o em acompanhamento (10.979 internados) e 66.369 se recuperaram da [&hellip;]<\/p>\n","protected":false},"author":1,"featured_media":166053,"comment_status":"open","ping_status":"closed","sticky":false,"template":"","format":"standard","meta":{"amp_status":"","footnotes":""},"categories":[123,40242],"tags":[217799,219851,219853,214884,216498,221718,219855,215653,221717,219854,219852,217692,221719,220285,220287,220286],"class_list":["post-166051","post","type-post","status-publish","format-standard","has-post-thumbnail","hentry","category-gerais","category-saude-2","tag-casos-de-coronavirus-em-minas-gerais","tag-casos-de-covid-19-em-minas-gerais","tag-cidades-com-casos-de-coronavirus-em-minas-gerais","tag-coronavirus","tag-covid-19","tag-curados-do-coronavirus-em-minas-gerais","tag-mortes-por-coronavirus-em-minas-gerais","tag-novo-coronavirus","tag-numero-de-curados-do-coronavirus-em-minas-gerais","tag-numeros-do-coronavirus-em-minas-gerais","tag-obitos-por-coronavirus-em-minas-gerias","tag-pandemia-de-coronavirus","tag-recuperados-do-coronavirus-em-minas-gerais","tag-secretaria-de-saude-atualiza-numeros-do-coronavirus-em-minas-gerais","tag-secretaria-de-saude-de-minas-gerais-atualiza-numeros-do-coronavirus","tag-ses-mg-atualiza-numeros-do-coronavirus"],"yoast_head":"<!-- This site is optimized with the Yoast SEO plugin v28.3 - https:\/\/yoast.com\/product\/yoast-seo-wordpress\/ -->\n<title>Minas Gerais ultrapassa marca de 2 mil \u00f3bitos por Covid-19 - Aconteceu no Vale<\/title>\n<meta name=\"robots\" content=\"index, follow, max-snippet:-1, max-image-preview:large, max-video-preview:-1\" \/>\n<link rel=\"canonical\" href=\"https:\/\/aconteceunovale.com.br\/portal\/?p=166051\" \/>\n<meta property=\"og:locale\" content=\"pt_BR\" \/>\n<meta property=\"og:type\" content=\"article\" \/>\n<meta property=\"og:title\" content=\"Minas Gerais ultrapassa marca de 2 mil \u00f3bitos por Covid-19 - Aconteceu no Vale\" \/>\n<meta property=\"og:description\" content=\"A Secretaria de Sa\u00fade de Minas Gerais (SES-MG) confirmou 1.160 casos de Covid-19 nas \u00faltimas 24 horas. Segundo informa\u00e7\u00f5es do boletim epidemiol\u00f3gico, atualizado nesta segunda-feira (20\/7\/2020), o Estado soma 94.132 pessoas atingidas pelo novo coronav\u00edrus. Do total de casos confirmados, segundo a SES-MG, 25.271 pacientes est\u00e3o em acompanhamento (10.979 internados) e 66.369 se recuperaram da [&hellip;]\" \/>\n<meta property=\"og:url\" content=\"https:\/\/aconteceunovale.com.br\/portal\/?p=166051\" \/>\n<meta property=\"og:site_name\" content=\"Aconteceu no Vale\" \/>\n<meta property=\"article:publisher\" content=\"https:\/\/www.facebook.com\/aconteceunovale\/\" \/>\n<meta property=\"article:published_time\" content=\"2020-07-20T13:39:16+00:00\" \/>\n<meta property=\"article:modified_time\" content=\"2020-07-20T13:39:45+00:00\" \/>\n<meta property=\"og:image\" content=\"https:\/\/aconteceunovale.com.br\/portal\/wp-content\/uploads\/2020\/07\/corona_mg_20julho.png\" \/>\n\t<meta property=\"og:image:width\" content=\"678\" \/>\n\t<meta property=\"og:image:height\" content=\"343\" \/>\n\t<meta property=\"og:image:type\" content=\"image\/png\" \/>\n<meta name=\"author\" content=\"Aconteceu no Vale\" \/>\n<meta name=\"twitter:card\" content=\"summary_large_image\" \/>\n<meta name=\"twitter:creator\" content=\"@noticiadosvales\" \/>\n<meta name=\"twitter:site\" content=\"@noticiadosvales\" \/>\n<meta name=\"twitter:label1\" content=\"Escrito por\" \/>\n\t<meta name=\"twitter:data1\" content=\"Aconteceu no Vale\" \/>\n\t<meta name=\"twitter:label2\" content=\"Est. tempo de leitura\" \/>\n\t<meta name=\"twitter:data2\" content=\"1 minuto\" \/>\n<script type=\"application\/ld+json\" class=\"yoast-schema-graph\">{\"@context\":\"https:\\\/\\\/schema.org\",\"@graph\":[{\"@type\":\"Article\",\"@id\":\"https:\\\/\\\/aconteceunovale.com.br\\\/portal\\\/?p=166051#article\",\"isPartOf\":{\"@id\":\"https:\\\/\\\/aconteceunovale.com.br\\\/portal\\\/?p=166051\"},\"author\":{\"name\":\"Aconteceu no Vale\",\"@id\":\"https:\\\/\\\/aconteceunovale.com.br\\\/portal\\\/#\\\/schema\\\/person\\\/633529146f2c94272bef50ac2953d589\"},\"headline\":\"Minas Gerais ultrapassa marca de 2 mil \u00f3bitos por Covid-19\",\"datePublished\":\"2020-07-20T13:39:16+00:00\",\"dateModified\":\"2020-07-20T13:39:45+00:00\",\"mainEntityOfPage\":{\"@id\":\"https:\\\/\\\/aconteceunovale.com.br\\\/portal\\\/?p=166051\"},\"wordCount\":126,\"commentCount\":0,\"image\":{\"@id\":\"https:\\\/\\\/aconteceunovale.com.br\\\/portal\\\/?p=166051#primaryimage\"},\"thumbnailUrl\":\"https:\\\/\\\/aconteceunovale.com.br\\\/portal\\\/wp-content\\\/uploads\\\/2020\\\/07\\\/corona_mg_20julho.png\",\"keywords\":[\"Casos de coronav\u00edrus em Minas Gerais\",\"Casos de covid-19 em Minas Gerais\",\"Cidades com casos de coronav\u00edrus em Minas Gerais\",\"Coronav\u00edrus\",\"COVID-19\",\"Curados do coronav\u00edrus em Minas Gerais\",\"Mortes por coronav\u00edrus em Minas Gerais\",\"Novo coronav\u00edrus\",\"N\u00famero de curados do coronav\u00edrus em Minas Gerais\",\"N\u00fameros do coronav\u00edrus em Minas Gerais\",\"\u00d3bitos por coronav\u00edrus em Minas Gerias\",\"Pandemia de coronav\u00edrus\",\"Recuperados do coronav\u00edrus em Minas Gerais\",\"Secretaria de Sa\u00fade atualiza n\u00fameros do coronav\u00edrus em Minas Gerais\",\"Secretaria de Sa\u00fade de Minas Gerais atualiza n\u00fameros do coronav\u00edrus\",\"SES-MG atualiza n\u00fameros do coronav\u00edrus\"],\"articleSection\":[\"Minas Gerais\",\"Sa\u00fade\"],\"inLanguage\":\"pt-BR\",\"potentialAction\":[{\"@type\":\"CommentAction\",\"name\":\"Comment\",\"target\":[\"https:\\\/\\\/aconteceunovale.com.br\\\/portal\\\/?p=166051#respond\"]}]},{\"@type\":\"WebPage\",\"@id\":\"https:\\\/\\\/aconteceunovale.com.br\\\/portal\\\/?p=166051\",\"url\":\"https:\\\/\\\/aconteceunovale.com.br\\\/portal\\\/?p=166051\",\"name\":\"Minas Gerais ultrapassa marca de 2 mil \u00f3bitos por Covid-19 - Aconteceu no Vale\",\"isPartOf\":{\"@id\":\"https:\\\/\\\/aconteceunovale.com.br\\\/portal\\\/#website\"},\"primaryImageOfPage\":{\"@id\":\"https:\\\/\\\/aconteceunovale.com.br\\\/portal\\\/?p=166051#primaryimage\"},\"image\":{\"@id\":\"https:\\\/\\\/aconteceunovale.com.br\\\/portal\\\/?p=166051#primaryimage\"},\"thumbnailUrl\":\"https:\\\/\\\/aconteceunovale.com.br\\\/portal\\\/wp-content\\\/uploads\\\/2020\\\/07\\\/corona_mg_20julho.png\",\"datePublished\":\"2020-07-20T13:39:16+00:00\",\"dateModified\":\"2020-07-20T13:39:45+00:00\",\"author\":{\"@id\":\"https:\\\/\\\/aconteceunovale.com.br\\\/portal\\\/#\\\/schema\\\/person\\\/633529146f2c94272bef50ac2953d589\"},\"breadcrumb\":{\"@id\":\"https:\\\/\\\/aconteceunovale.com.br\\\/portal\\\/?p=166051#breadcrumb\"},\"inLanguage\":\"pt-BR\",\"potentialAction\":[{\"@type\":\"ReadAction\",\"target\":[\"https:\\\/\\\/aconteceunovale.com.br\\\/portal\\\/?p=166051\"]}]},{\"@type\":\"ImageObject\",\"inLanguage\":\"pt-BR\",\"@id\":\"https:\\\/\\\/aconteceunovale.com.br\\\/portal\\\/?p=166051#primaryimage\",\"url\":\"https:\\\/\\\/aconteceunovale.com.br\\\/portal\\\/wp-content\\\/uploads\\\/2020\\\/07\\\/corona_mg_20julho.png\",\"contentUrl\":\"https:\\\/\\\/aconteceunovale.com.br\\\/portal\\\/wp-content\\\/uploads\\\/2020\\\/07\\\/corona_mg_20julho.png\",\"width\":678,\"height\":343},{\"@type\":\"BreadcrumbList\",\"@id\":\"https:\\\/\\\/aconteceunovale.com.br\\\/portal\\\/?p=166051#breadcrumb\",\"itemListElement\":[{\"@type\":\"ListItem\",\"position\":1,\"name\":\"In\u00edcio\",\"item\":\"https:\\\/\\\/aconteceunovale.com.br\\\/portal\\\/\"},{\"@type\":\"ListItem\",\"position\":2,\"name\":\"Minas Gerais ultrapassa marca de 2 mil \u00f3bitos por Covid-19\"}]},{\"@type\":\"WebSite\",\"@id\":\"https:\\\/\\\/aconteceunovale.com.br\\\/portal\\\/#website\",\"url\":\"https:\\\/\\\/aconteceunovale.com.br\\\/portal\\\/\",\"name\":\"Aconteceu no Vale\",\"description\":\"Portal de Not\u00edcias\",\"potentialAction\":[{\"@type\":\"SearchAction\",\"target\":{\"@type\":\"EntryPoint\",\"urlTemplate\":\"https:\\\/\\\/aconteceunovale.com.br\\\/portal\\\/?s={search_term_string}\"},\"query-input\":{\"@type\":\"PropertyValueSpecification\",\"valueRequired\":true,\"valueName\":\"search_term_string\"}}],\"inLanguage\":\"pt-BR\"},{\"@type\":\"Person\",\"@id\":\"https:\\\/\\\/aconteceunovale.com.br\\\/portal\\\/#\\\/schema\\\/person\\\/633529146f2c94272bef50ac2953d589\",\"name\":\"Aconteceu no Vale\",\"description\":\"Equipe de reportagem do Aconteceu no Vale, portal de not\u00edcias do Vale do Jequitinhonha, em Minas Gerais. Cobrimos as 51 cidades do Vale desde 2013. Sugest\u00f5es de pauta e pedidos de corre\u00e7\u00e3o: contato@aconteceunovale.com.br\",\"sameAs\":[\"http:\\\/\\\/www.aconteceunovale.com.br\"],\"url\":\"https:\\\/\\\/aconteceunovale.com.br\\\/portal\\\/?author=1\"}]}<\/script>\n<!-- \/ Yoast SEO plugin. -->","yoast_head_json":{"title":"Minas Gerais ultrapassa marca de 2 mil \u00f3bitos por Covid-19 - Aconteceu no Vale","robots":{"index":"index","follow":"follow","max-snippet":"max-snippet:-1","max-image-preview":"max-image-preview:large","max-video-preview":"max-video-preview:-1"},"canonical":"https:\/\/aconteceunovale.com.br\/portal\/?p=166051","og_locale":"pt_BR","og_type":"article","og_title":"Minas Gerais ultrapassa marca de 2 mil \u00f3bitos por Covid-19 - Aconteceu no Vale","og_description":"A Secretaria de Sa\u00fade de Minas Gerais (SES-MG) confirmou 1.160 casos de Covid-19 nas \u00faltimas 24 horas. Segundo informa\u00e7\u00f5es do boletim epidemiol\u00f3gico, atualizado nesta segunda-feira (20\/7\/2020), o Estado soma 94.132 pessoas atingidas pelo novo coronav\u00edrus. Do total de casos confirmados, segundo a SES-MG, 25.271 pacientes est\u00e3o em acompanhamento (10.979 internados) e 66.369 se recuperaram da [&hellip;]","og_url":"https:\/\/aconteceunovale.com.br\/portal\/?p=166051","og_site_name":"Aconteceu no Vale","article_publisher":"https:\/\/www.facebook.com\/aconteceunovale\/","article_published_time":"2020-07-20T13:39:16+00:00","article_modified_time":"2020-07-20T13:39:45+00:00","og_image":[{"width":678,"height":343,"url":"https:\/\/aconteceunovale.com.br\/portal\/wp-content\/uploads\/2020\/07\/corona_mg_20julho.png","type":"image\/png"}],"author":"Aconteceu no Vale","twitter_card":"summary_large_image","twitter_creator":"@noticiadosvales","twitter_site":"@noticiadosvales","twitter_misc":{"Escrito por":"Aconteceu no Vale","Est. tempo de leitura":"1 minuto"},"schema":{"@context":"https:\/\/schema.org","@graph":[{"@type":"Article","@id":"https:\/\/aconteceunovale.com.br\/portal\/?p=166051#article","isPartOf":{"@id":"https:\/\/aconteceunovale.com.br\/portal\/?p=166051"},"author":{"name":"Aconteceu no Vale","@id":"https:\/\/aconteceunovale.com.br\/portal\/#\/schema\/person\/633529146f2c94272bef50ac2953d589"},"headline":"Minas Gerais ultrapassa marca de 2 mil \u00f3bitos por Covid-19","datePublished":"2020-07-20T13:39:16+00:00","dateModified":"2020-07-20T13:39:45+00:00","mainEntityOfPage":{"@id":"https:\/\/aconteceunovale.com.br\/portal\/?p=166051"},"wordCount":126,"commentCount":0,"image":{"@id":"https:\/\/aconteceunovale.com.br\/portal\/?p=166051#primaryimage"},"thumbnailUrl":"https:\/\/aconteceunovale.com.br\/portal\/wp-content\/uploads\/2020\/07\/corona_mg_20julho.png","keywords":["Casos de coronav\u00edrus em Minas Gerais","Casos de covid-19 em Minas Gerais","Cidades com casos de coronav\u00edrus em Minas Gerais","Coronav\u00edrus","COVID-19","Curados do coronav\u00edrus em Minas Gerais","Mortes por coronav\u00edrus em Minas Gerais","Novo coronav\u00edrus","N\u00famero de curados do coronav\u00edrus em Minas Gerais","N\u00fameros do coronav\u00edrus em Minas Gerais","\u00d3bitos por coronav\u00edrus em Minas Gerias","Pandemia de coronav\u00edrus","Recuperados do coronav\u00edrus em Minas Gerais","Secretaria de Sa\u00fade atualiza n\u00fameros do coronav\u00edrus em Minas Gerais","Secretaria de Sa\u00fade de Minas Gerais atualiza n\u00fameros do coronav\u00edrus","SES-MG atualiza n\u00fameros do coronav\u00edrus"],"articleSection":["Minas Gerais","Sa\u00fade"],"inLanguage":"pt-BR","potentialAction":[{"@type":"CommentAction","name":"Comment","target":["https:\/\/aconteceunovale.com.br\/portal\/?p=166051#respond"]}]},{"@type":"WebPage","@id":"https:\/\/aconteceunovale.com.br\/portal\/?p=166051","url":"https:\/\/aconteceunovale.com.br\/portal\/?p=166051","name":"Minas Gerais ultrapassa marca de 2 mil \u00f3bitos por Covid-19 - Aconteceu no Vale","isPartOf":{"@id":"https:\/\/aconteceunovale.com.br\/portal\/#website"},"primaryImageOfPage":{"@id":"https:\/\/aconteceunovale.com.br\/portal\/?p=166051#primaryimage"},"image":{"@id":"https:\/\/aconteceunovale.com.br\/portal\/?p=166051#primaryimage"},"thumbnailUrl":"https:\/\/aconteceunovale.com.br\/portal\/wp-content\/uploads\/2020\/07\/corona_mg_20julho.png","datePublished":"2020-07-20T13:39:16+00:00","dateModified":"2020-07-20T13:39:45+00:00","author":{"@id":"https:\/\/aconteceunovale.com.br\/portal\/#\/schema\/person\/633529146f2c94272bef50ac2953d589"},"breadcrumb":{"@id":"https:\/\/aconteceunovale.com.br\/portal\/?p=166051#breadcrumb"},"inLanguage":"pt-BR","potentialAction":[{"@type":"ReadAction","target":["https:\/\/aconteceunovale.com.br\/portal\/?p=166051"]}]},{"@type":"ImageObject","inLanguage":"pt-BR","@id":"https:\/\/aconteceunovale.com.br\/portal\/?p=166051#primaryimage","url":"https:\/\/aconteceunovale.com.br\/portal\/wp-content\/uploads\/2020\/07\/corona_mg_20julho.png","contentUrl":"https:\/\/aconteceunovale.com.br\/portal\/wp-content\/uploads\/2020\/07\/corona_mg_20julho.png","width":678,"height":343},{"@type":"BreadcrumbList","@id":"https:\/\/aconteceunovale.com.br\/portal\/?p=166051#breadcrumb","itemListElement":[{"@type":"ListItem","position":1,"name":"In\u00edcio","item":"https:\/\/aconteceunovale.com.br\/portal\/"},{"@type":"ListItem","position":2,"name":"Minas Gerais ultrapassa marca de 2 mil \u00f3bitos por Covid-19"}]},{"@type":"WebSite","@id":"https:\/\/aconteceunovale.com.br\/portal\/#website","url":"https:\/\/aconteceunovale.com.br\/portal\/","name":"Aconteceu no Vale","description":"Portal de Not\u00edcias","potentialAction":[{"@type":"SearchAction","target":{"@type":"EntryPoint","urlTemplate":"https:\/\/aconteceunovale.com.br\/portal\/?s={search_term_string}"},"query-input":{"@type":"PropertyValueSpecification","valueRequired":true,"valueName":"search_term_string"}}],"inLanguage":"pt-BR"},{"@type":"Person","@id":"https:\/\/aconteceunovale.com.br\/portal\/#\/schema\/person\/633529146f2c94272bef50ac2953d589","name":"Aconteceu no Vale","description":"Equipe de reportagem do Aconteceu no Vale, portal de not\u00edcias do Vale do Jequitinhonha, em Minas Gerais. Cobrimos as 51 cidades do Vale desde 2013. Sugest\u00f5es de pauta e pedidos de corre\u00e7\u00e3o: contato@aconteceunovale.com.br","sameAs":["http:\/\/www.aconteceunovale.com.br"],"url":"https:\/\/aconteceunovale.com.br\/portal\/?author=1"}]}},"_links":{"self":[{"href":"https:\/\/aconteceunovale.com.br\/portal\/index.php?rest_route=\/wp\/v2\/posts\/166051","targetHints":{"allow":["GET"]}}],"collection":[{"href":"https:\/\/aconteceunovale.com.br\/portal\/index.php?rest_route=\/wp\/v2\/posts"}],"about":[{"href":"https:\/\/aconteceunovale.com.br\/portal\/index.php?rest_route=\/wp\/v2\/types\/post"}],"author":[{"embeddable":true,"href":"https:\/\/aconteceunovale.com.br\/portal\/index.php?rest_route=\/wp\/v2\/users\/1"}],"replies":[{"embeddable":true,"href":"https:\/\/aconteceunovale.com.br\/portal\/index.php?rest_route=%2Fwp%2Fv2%2Fcomments&post=166051"}],"version-history":[{"count":1,"href":"https:\/\/aconteceunovale.com.br\/portal\/index.php?rest_route=\/wp\/v2\/posts\/166051\/revisions"}],"predecessor-version":[{"id":166054,"href":"https:\/\/aconteceunovale.com.br\/portal\/index.php?rest_route=\/wp\/v2\/posts\/166051\/revisions\/166054"}],"wp:featuredmedia":[{"embeddable":true,"href":"https:\/\/aconteceunovale.com.br\/portal\/index.php?rest_route=\/wp\/v2\/media\/166053"}],"wp:attachment":[{"href":"https:\/\/aconteceunovale.com.br\/portal\/index.php?rest_route=%2Fwp%2Fv2%2Fmedia&parent=166051"}],"wp:term":[{"taxonomy":"category","embeddable":true,"href":"https:\/\/aconteceunovale.com.br\/portal\/index.php?rest_route=%2Fwp%2Fv2%2Fcategories&post=166051"},{"taxonomy":"post_tag","embeddable":true,"href":"https:\/\/aconteceunovale.com.br\/portal\/index.php?rest_route=%2Fwp%2Fv2%2Ftags&post=166051"}],"curies":[{"name":"wp","href":"https:\/\/api.w.org\/{rel}","templated":true}]}}