{"id":165959,"date":"2020-07-18T20:21:59","date_gmt":"2020-07-18T23:21:59","guid":{"rendered":"https:\/\/aconteceunovale.com.br\/portal\/?p=165959"},"modified":"2020-07-18T20:32:38","modified_gmt":"2020-07-18T23:32:38","slug":"covid-19-montes-claros-registra-mais-um-obito-e-36-casos","status":"publish","type":"post","link":"https:\/\/aconteceunovale.com.br\/portal\/?p=165959","title":{"rendered":"Covid-19: Montes Claros registra mais um \u00f3bito e 36 casos"},"content":{"rendered":"\n<p class=\"wp-block-paragraph\">A Prefeitura de Montes Claros (MG) confirmou 36 casos de Covid-19 nas \u00faltimas 24 horas. Segundo informa\u00e7\u00f5es divulgadas nas p\u00e1ginas oficiais do munic\u00edpio, na noite deste s\u00e1bado (18\/7\/2020), 734 moradores j\u00e1 foram atingidos pelo coronav\u00edrus. Desse total, 11 morreram e 355 est\u00e3o recuperados.<\/p>\n\n\n\n<p class=\"wp-block-paragraph\">A 11\u00aa morte por Covid-19 foi confirmada hoje. Segundo nota da Prefeitura, a v\u00edtima \u00e9 uma crian\u00e7a de apenas sete meses. <em>&#8220;Foi coletado material para exame PCR no dia 16 deste m\u00eas. O resultado saiu na tarde deste s\u00e1bado, 18, e confirmou a suspeita aumentando para 11 o n\u00famero de \u00f3bitos positivos para Covid-19.&#8221;<\/em><\/p>\n\n\n\n<h2 class=\"wp-block-heading\"><strong>Munic\u00edpios com mais casos nas regionais de Sa\u00fade de Montes Claros, Janu\u00e1ria e Pirapora (18\/7\/2020 &#8211; 20h)<\/strong><\/h2>\n\n\n\n<figure class=\"wp-block-table\"><table><tbody><tr><td><strong>Munic\u00edpio<\/strong><\/td><td class=\"has-text-align-center\" data-align=\"center\"><strong>Casos<\/strong><\/td><td class=\"has-text-align-center\" data-align=\"center\"><strong>\u00d3bitos<\/strong><\/td><td class=\"has-text-align-center\" data-align=\"center\"><strong>Curados<\/strong><\/td><\/tr><tr><td>Montes Claros<\/td><td class=\"has-text-align-center\" data-align=\"center\">734<\/td><td class=\"has-text-align-center\" data-align=\"center\">11<\/td><td class=\"has-text-align-center\" data-align=\"center\">355<\/td><\/tr><tr><td>Jana\u00faba (17\/7)<\/td><td class=\"has-text-align-center\" data-align=\"center\">385<\/td><td class=\"has-text-align-center\" data-align=\"center\">10<\/td><td class=\"has-text-align-center\" data-align=\"center\">344<\/td><\/tr><tr><td>Salinas (17\/7)<\/td><td class=\"has-text-align-center\" data-align=\"center\">246<\/td><td class=\"has-text-align-center\" data-align=\"center\">10<\/td><td class=\"has-text-align-center\" data-align=\"center\">169<\/td><\/tr><tr><td>Pirapora<\/td><td class=\"has-text-align-center\" data-align=\"center\">145<\/td><td class=\"has-text-align-center\" data-align=\"center\">2<\/td><td class=\"has-text-align-center\" data-align=\"center\">126<\/td><\/tr><tr><td>Espinosa<\/td><td class=\"has-text-align-center\" data-align=\"center\">116<\/td><td class=\"has-text-align-center\" data-align=\"center\">6<\/td><td class=\"has-text-align-center\" data-align=\"center\">93<\/td><\/tr><tr><td>Taiobeiras<\/td><td class=\"has-text-align-center\" data-align=\"center\">84<\/td><td class=\"has-text-align-center\" data-align=\"center\">3<\/td><td class=\"has-text-align-center\" data-align=\"center\">72<\/td><\/tr><tr><td>Bocaiuva (17\/7)<\/td><td class=\"has-text-align-center\" data-align=\"center\">79<\/td><td class=\"has-text-align-center\" data-align=\"center\">2<\/td><td class=\"has-text-align-center\" data-align=\"center\">52<\/td><\/tr><tr><td>V\u00e1rzea da Palma<\/td><td class=\"has-text-align-center\" data-align=\"center\">73<\/td><td class=\"has-text-align-center\" data-align=\"center\">3<\/td><td class=\"has-text-align-center\" data-align=\"center\">55<\/td><\/tr><tr><td>Buritizeiro (17\/7)<\/td><td class=\"has-text-align-center\" data-align=\"center\">69<\/td><td class=\"has-text-align-center\" data-align=\"center\">3<\/td><td class=\"has-text-align-center\" data-align=\"center\">58<\/td><\/tr><tr><td>Porteirinha<\/td><td class=\"has-text-align-center\" data-align=\"center\">59<\/td><td class=\"has-text-align-center\" data-align=\"center\">0<\/td><td class=\"has-text-align-center\" data-align=\"center\">46<\/td><\/tr><tr><td>Francisco S\u00e1 (17\/7)<\/td><td class=\"has-text-align-center\" data-align=\"center\">51<\/td><td class=\"has-text-align-center\" data-align=\"center\">1<\/td><td class=\"has-text-align-center\" data-align=\"center\">29<\/td><\/tr><tr><td>Ja\u00edba (17\/7)<\/td><td class=\"has-text-align-center\" data-align=\"center\">51<\/td><td class=\"has-text-align-center\" data-align=\"center\">0<\/td><td class=\"has-text-align-center\" data-align=\"center\">38<\/td><\/tr><tr><td>Monte Azul (17\/7)<\/td><td class=\"has-text-align-center\" data-align=\"center\">48<\/td><td class=\"has-text-align-center\" data-align=\"center\">2<\/td><td class=\"has-text-align-center\" data-align=\"center\">41<\/td><\/tr><tr><td>S\u00e3o Francisco (SES-MG)<\/td><td class=\"has-text-align-center\" data-align=\"center\">44<\/td><td class=\"has-text-align-center\" data-align=\"center\">5<\/td><td class=\"has-text-align-center\" data-align=\"center\">34<\/td><\/tr><tr><td>S\u00e3o Jo\u00e3o do Para\u00edso (SES-MG)<\/td><td class=\"has-text-align-center\" data-align=\"center\">42<\/td><td class=\"has-text-align-center\" data-align=\"center\">0<\/td><td class=\"has-text-align-center\" data-align=\"center\">26<\/td><\/tr><\/tbody><\/table><\/figure>\n\n\n\n<p class=\"has-background has-very-light-gray-background-color wp-block-paragraph\">Quer saber as not\u00edcias do <strong>Aconteceu no Vale<\/strong> em primeira m\u00e3o? Siga-nos no Facebook <a rel=\"noreferrer noopener\" href=\"http:\/\/facebook.com\/aconteceunovale\" target=\"_blank\">@aconteceunovale<\/a>, Twitter <a rel=\"noreferrer noopener\" href=\"https:\/\/twitter.com\/noticiadosvales\" target=\"_blank\">@noticiadosvales<\/a> e Instagram <a rel=\"noreferrer noopener\" href=\"https:\/\/www.instagram.com\/aconteceunovale\" target=\"_blank\">@aconteceunovale<\/a>.<\/p>\n","protected":false},"excerpt":{"rendered":"<p>A Prefeitura de Montes Claros (MG) confirmou 36 casos de Covid-19 nas \u00faltimas 24 horas. Segundo informa\u00e7\u00f5es divulgadas nas p\u00e1ginas oficiais do munic\u00edpio, na noite deste s\u00e1bado (18\/7\/2020), 734 moradores j\u00e1 foram atingidos pelo coronav\u00edrus. Desse total, 11 morreram e 355 est\u00e3o recuperados. A 11\u00aa morte por Covid-19 foi confirmada hoje. Segundo nota da Prefeitura, [&hellip;]<\/p>\n","protected":false},"author":1,"featured_media":163427,"comment_status":"open","ping_status":"closed","sticky":false,"template":"","format":"standard","meta":{"amp_status":"","footnotes":""},"categories":[1236,40242],"tags":[645,1535,218086,222764,224270,217228,220749,225519,225625,222765,1278,204,222763,1277,210,225313,225432,221820,222767,254,1194,222864,222766,190,1522,222846,222918,419,1340],"class_list":["post-165959","post","type-post","status-publish","format-standard","has-post-thumbnail","hentry","category-norte_de_minas","category-saude-2","tag-bocaiuva","tag-buritizeiro","tag-casos-de-coronavirus-em-montes-claros","tag-casos-de-covid-19-em-montes-claros","tag-casos-de-covid-19-estao-distribuidos-em-68-bairros-de-montes-claros","tag-coronavirus-em-montes-claros","tag-covid-19-em-montes-claros","tag-covid-19-montes-claros-registra-mais-36-casos","tag-covid-19-montes-claros-registra-mais-um-obito-e-36-casos","tag-curados-do-coronavirus-em-montes-claros","tag-espinosa","tag-janauba","tag-mais-de-60-dos-infectados-com-coronavirus-em-montes-claros-ja-estao-recuperados","tag-monte-azul","tag-montes-claros","tag-montes-claros-confirma-57-novos-casos-de-covid-19","tag-montes-claros-tem-623-casos-confirmados-de-covid-19-nove-pacientes-morreram-e-319-estao-recuperados","tag-mortes-por-coronavirus-em-montes-claros","tag-mortes-por-covid-19-em-montes-claros","tag-pirapora","tag-porteirinha","tag-prefeitura-de-montes-claros-confirma-mais-tres-casos-de-covid-19","tag-recuperados-do-coronavirus-em-montes-claros","tag-salinas","tag-sao-francisco","tag-sobe-para-69-o-numero-de-casos-confirmados-de-covid-19-em-montes-claros","tag-sobe-para-77-o-numero-de-casos-confirmados-de-covid-19-em-montes-claros","tag-taiobeiras","tag-varzea-da-palma"],"yoast_head":"<!-- This site is optimized with the Yoast SEO plugin v28.3 - https:\/\/yoast.com\/product\/yoast-seo-wordpress\/ -->\n<title>Covid-19: Montes Claros registra mais um \u00f3bito e 36 casos - Aconteceu no Vale<\/title>\n<meta name=\"robots\" content=\"index, follow, max-snippet:-1, max-image-preview:large, max-video-preview:-1\" \/>\n<link rel=\"canonical\" href=\"https:\/\/aconteceunovale.com.br\/portal\/?p=165959\" \/>\n<meta property=\"og:locale\" content=\"pt_BR\" \/>\n<meta property=\"og:type\" content=\"article\" \/>\n<meta property=\"og:title\" content=\"Covid-19: Montes Claros registra mais um \u00f3bito e 36 casos - Aconteceu no Vale\" \/>\n<meta property=\"og:description\" content=\"A Prefeitura de Montes Claros (MG) confirmou 36 casos de Covid-19 nas \u00faltimas 24 horas. Segundo informa\u00e7\u00f5es divulgadas nas p\u00e1ginas oficiais do munic\u00edpio, na noite deste s\u00e1bado (18\/7\/2020), 734 moradores j\u00e1 foram atingidos pelo coronav\u00edrus. Desse total, 11 morreram e 355 est\u00e3o recuperados. A 11\u00aa morte por Covid-19 foi confirmada hoje. Segundo nota da Prefeitura, [&hellip;]\" \/>\n<meta property=\"og:url\" content=\"https:\/\/aconteceunovale.com.br\/portal\/?p=165959\" \/>\n<meta property=\"og:site_name\" content=\"Aconteceu no Vale\" \/>\n<meta property=\"article:publisher\" content=\"https:\/\/www.facebook.com\/aconteceunovale\/\" \/>\n<meta property=\"article:published_time\" content=\"2020-07-18T23:21:59+00:00\" \/>\n<meta property=\"article:modified_time\" content=\"2020-07-18T23:32:38+00:00\" \/>\n<meta property=\"og:image\" content=\"https:\/\/aconteceunovale.com.br\/portal\/wp-content\/uploads\/2020\/06\/montes_claros_new.jpg\" \/>\n\t<meta property=\"og:image:width\" content=\"678\" \/>\n\t<meta property=\"og:image:height\" content=\"381\" \/>\n\t<meta property=\"og:image:type\" content=\"image\/jpeg\" \/>\n<meta name=\"author\" content=\"Aconteceu no Vale\" \/>\n<meta name=\"twitter:card\" content=\"summary_large_image\" \/>\n<meta name=\"twitter:creator\" content=\"@noticiadosvales\" \/>\n<meta name=\"twitter:site\" content=\"@noticiadosvales\" \/>\n<meta name=\"twitter:label1\" content=\"Escrito por\" \/>\n\t<meta name=\"twitter:data1\" content=\"Aconteceu no Vale\" \/>\n\t<meta name=\"twitter:label2\" content=\"Est. tempo de leitura\" \/>\n\t<meta name=\"twitter:data2\" content=\"1 minuto\" \/>\n<script type=\"application\/ld+json\" class=\"yoast-schema-graph\">{\"@context\":\"https:\\\/\\\/schema.org\",\"@graph\":[{\"@type\":\"Article\",\"@id\":\"https:\\\/\\\/aconteceunovale.com.br\\\/portal\\\/?p=165959#article\",\"isPartOf\":{\"@id\":\"https:\\\/\\\/aconteceunovale.com.br\\\/portal\\\/?p=165959\"},\"author\":{\"name\":\"Aconteceu no Vale\",\"@id\":\"https:\\\/\\\/aconteceunovale.com.br\\\/portal\\\/#\\\/schema\\\/person\\\/633529146f2c94272bef50ac2953d589\"},\"headline\":\"Covid-19: Montes Claros registra mais um \u00f3bito e 36 casos\",\"datePublished\":\"2020-07-18T23:21:59+00:00\",\"dateModified\":\"2020-07-18T23:32:38+00:00\",\"mainEntityOfPage\":{\"@id\":\"https:\\\/\\\/aconteceunovale.com.br\\\/portal\\\/?p=165959\"},\"wordCount\":185,\"commentCount\":0,\"image\":{\"@id\":\"https:\\\/\\\/aconteceunovale.com.br\\\/portal\\\/?p=165959#primaryimage\"},\"thumbnailUrl\":\"https:\\\/\\\/aconteceunovale.com.br\\\/portal\\\/wp-content\\\/uploads\\\/2020\\\/06\\\/montes_claros_new.jpg\",\"keywords\":[\"Bocai\u00fava\",\"Buritizeiro\",\"Casos de coronav\u00edrus em Montes Claros\",\"Casos de covid-19 em Montes Claros\",\"Casos de Covid-19 est\u00e3o distribu\u00eddos em 68 bairros de Montes Claros\",\"Coronav\u00edrus em Montes Claros\",\"Covid-19 em Montes Claros\",\"Covid-19: Montes Claros registra mais 36 casos\",\"Covid-19: Montes Claros registra mais um \u00f3bito e 36 casos\",\"Curados do coronav\u00edrus em Montes Claros\",\"espinosa\",\"Jana\u00faba\",\"Mais de 60% dos infectados com coronav\u00edrus em Montes Claros j\u00e1 est\u00e3o recuperados\",\"monte azul\",\"Montes Claros\",\"Montes Claros confirma 57 novos casos de Covid-19\",\"Montes Claros tem 623 casos confirmados de Covid-19; nove pacientes morreram e 319 est\u00e3o recuperados\",\"Mortes por coronav\u00edrus em Montes Claros\",\"Mortes por Covid-19 em Montes Claros\",\"Pirapora\",\"porteirinha\",\"Prefeitura de Montes Claros confirma mais tr\u00eas casos de Covid-19\",\"Recuperados do coronav\u00edrus em Montes Claros\",\"Salinas\",\"S\u00e3o Francisco\",\"Sobe para 69 o n\u00famero de casos confirmados de Covid-19 em Montes Claros\",\"Sobe para 77 o n\u00famero de casos confirmados de Covid-19 em Montes Claros\",\"Taiobeiras\",\"v\u00e1rzea da palma\"],\"articleSection\":[\"Norte de Minas\",\"Sa\u00fade\"],\"inLanguage\":\"pt-BR\",\"potentialAction\":[{\"@type\":\"CommentAction\",\"name\":\"Comment\",\"target\":[\"https:\\\/\\\/aconteceunovale.com.br\\\/portal\\\/?p=165959#respond\"]}]},{\"@type\":\"WebPage\",\"@id\":\"https:\\\/\\\/aconteceunovale.com.br\\\/portal\\\/?p=165959\",\"url\":\"https:\\\/\\\/aconteceunovale.com.br\\\/portal\\\/?p=165959\",\"name\":\"Covid-19: Montes Claros registra mais um \u00f3bito e 36 casos - Aconteceu no Vale\",\"isPartOf\":{\"@id\":\"https:\\\/\\\/aconteceunovale.com.br\\\/portal\\\/#website\"},\"primaryImageOfPage\":{\"@id\":\"https:\\\/\\\/aconteceunovale.com.br\\\/portal\\\/?p=165959#primaryimage\"},\"image\":{\"@id\":\"https:\\\/\\\/aconteceunovale.com.br\\\/portal\\\/?p=165959#primaryimage\"},\"thumbnailUrl\":\"https:\\\/\\\/aconteceunovale.com.br\\\/portal\\\/wp-content\\\/uploads\\\/2020\\\/06\\\/montes_claros_new.jpg\",\"datePublished\":\"2020-07-18T23:21:59+00:00\",\"dateModified\":\"2020-07-18T23:32:38+00:00\",\"author\":{\"@id\":\"https:\\\/\\\/aconteceunovale.com.br\\\/portal\\\/#\\\/schema\\\/person\\\/633529146f2c94272bef50ac2953d589\"},\"breadcrumb\":{\"@id\":\"https:\\\/\\\/aconteceunovale.com.br\\\/portal\\\/?p=165959#breadcrumb\"},\"inLanguage\":\"pt-BR\",\"potentialAction\":[{\"@type\":\"ReadAction\",\"target\":[\"https:\\\/\\\/aconteceunovale.com.br\\\/portal\\\/?p=165959\"]}]},{\"@type\":\"ImageObject\",\"inLanguage\":\"pt-BR\",\"@id\":\"https:\\\/\\\/aconteceunovale.com.br\\\/portal\\\/?p=165959#primaryimage\",\"url\":\"https:\\\/\\\/aconteceunovale.com.br\\\/portal\\\/wp-content\\\/uploads\\\/2020\\\/06\\\/montes_claros_new.jpg\",\"contentUrl\":\"https:\\\/\\\/aconteceunovale.com.br\\\/portal\\\/wp-content\\\/uploads\\\/2020\\\/06\\\/montes_claros_new.jpg\",\"width\":678,\"height\":381},{\"@type\":\"BreadcrumbList\",\"@id\":\"https:\\\/\\\/aconteceunovale.com.br\\\/portal\\\/?p=165959#breadcrumb\",\"itemListElement\":[{\"@type\":\"ListItem\",\"position\":1,\"name\":\"In\u00edcio\",\"item\":\"https:\\\/\\\/aconteceunovale.com.br\\\/portal\\\/\"},{\"@type\":\"ListItem\",\"position\":2,\"name\":\"Covid-19: Montes Claros registra mais um \u00f3bito e 36 casos\"}]},{\"@type\":\"WebSite\",\"@id\":\"https:\\\/\\\/aconteceunovale.com.br\\\/portal\\\/#website\",\"url\":\"https:\\\/\\\/aconteceunovale.com.br\\\/portal\\\/\",\"name\":\"Aconteceu no Vale\",\"description\":\"Portal de Not\u00edcias\",\"potentialAction\":[{\"@type\":\"SearchAction\",\"target\":{\"@type\":\"EntryPoint\",\"urlTemplate\":\"https:\\\/\\\/aconteceunovale.com.br\\\/portal\\\/?s={search_term_string}\"},\"query-input\":{\"@type\":\"PropertyValueSpecification\",\"valueRequired\":true,\"valueName\":\"search_term_string\"}}],\"inLanguage\":\"pt-BR\"},{\"@type\":\"Person\",\"@id\":\"https:\\\/\\\/aconteceunovale.com.br\\\/portal\\\/#\\\/schema\\\/person\\\/633529146f2c94272bef50ac2953d589\",\"name\":\"Aconteceu no Vale\",\"description\":\"Equipe de reportagem do Aconteceu no Vale, portal de not\u00edcias do Vale do Jequitinhonha, em Minas Gerais. Cobrimos as 51 cidades do Vale desde 2013. Sugest\u00f5es de pauta e pedidos de corre\u00e7\u00e3o: contato@aconteceunovale.com.br\",\"sameAs\":[\"http:\\\/\\\/www.aconteceunovale.com.br\"],\"url\":\"https:\\\/\\\/aconteceunovale.com.br\\\/portal\\\/?author=1\"}]}<\/script>\n<!-- \/ Yoast SEO plugin. -->","yoast_head_json":{"title":"Covid-19: Montes Claros registra mais um \u00f3bito e 36 casos - Aconteceu no Vale","robots":{"index":"index","follow":"follow","max-snippet":"max-snippet:-1","max-image-preview":"max-image-preview:large","max-video-preview":"max-video-preview:-1"},"canonical":"https:\/\/aconteceunovale.com.br\/portal\/?p=165959","og_locale":"pt_BR","og_type":"article","og_title":"Covid-19: Montes Claros registra mais um \u00f3bito e 36 casos - Aconteceu no Vale","og_description":"A Prefeitura de Montes Claros (MG) confirmou 36 casos de Covid-19 nas \u00faltimas 24 horas. Segundo informa\u00e7\u00f5es divulgadas nas p\u00e1ginas oficiais do munic\u00edpio, na noite deste s\u00e1bado (18\/7\/2020), 734 moradores j\u00e1 foram atingidos pelo coronav\u00edrus. Desse total, 11 morreram e 355 est\u00e3o recuperados. A 11\u00aa morte por Covid-19 foi confirmada hoje. Segundo nota da Prefeitura, [&hellip;]","og_url":"https:\/\/aconteceunovale.com.br\/portal\/?p=165959","og_site_name":"Aconteceu no Vale","article_publisher":"https:\/\/www.facebook.com\/aconteceunovale\/","article_published_time":"2020-07-18T23:21:59+00:00","article_modified_time":"2020-07-18T23:32:38+00:00","og_image":[{"width":678,"height":381,"url":"https:\/\/aconteceunovale.com.br\/portal\/wp-content\/uploads\/2020\/06\/montes_claros_new.jpg","type":"image\/jpeg"}],"author":"Aconteceu no Vale","twitter_card":"summary_large_image","twitter_creator":"@noticiadosvales","twitter_site":"@noticiadosvales","twitter_misc":{"Escrito por":"Aconteceu no Vale","Est. tempo de leitura":"1 minuto"},"schema":{"@context":"https:\/\/schema.org","@graph":[{"@type":"Article","@id":"https:\/\/aconteceunovale.com.br\/portal\/?p=165959#article","isPartOf":{"@id":"https:\/\/aconteceunovale.com.br\/portal\/?p=165959"},"author":{"name":"Aconteceu no Vale","@id":"https:\/\/aconteceunovale.com.br\/portal\/#\/schema\/person\/633529146f2c94272bef50ac2953d589"},"headline":"Covid-19: Montes Claros registra mais um \u00f3bito e 36 casos","datePublished":"2020-07-18T23:21:59+00:00","dateModified":"2020-07-18T23:32:38+00:00","mainEntityOfPage":{"@id":"https:\/\/aconteceunovale.com.br\/portal\/?p=165959"},"wordCount":185,"commentCount":0,"image":{"@id":"https:\/\/aconteceunovale.com.br\/portal\/?p=165959#primaryimage"},"thumbnailUrl":"https:\/\/aconteceunovale.com.br\/portal\/wp-content\/uploads\/2020\/06\/montes_claros_new.jpg","keywords":["Bocai\u00fava","Buritizeiro","Casos de coronav\u00edrus em Montes Claros","Casos de covid-19 em Montes Claros","Casos de Covid-19 est\u00e3o distribu\u00eddos em 68 bairros de Montes Claros","Coronav\u00edrus em Montes Claros","Covid-19 em Montes Claros","Covid-19: Montes Claros registra mais 36 casos","Covid-19: Montes Claros registra mais um \u00f3bito e 36 casos","Curados do coronav\u00edrus em Montes Claros","espinosa","Jana\u00faba","Mais de 60% dos infectados com coronav\u00edrus em Montes Claros j\u00e1 est\u00e3o recuperados","monte azul","Montes Claros","Montes Claros confirma 57 novos casos de Covid-19","Montes Claros tem 623 casos confirmados de Covid-19; nove pacientes morreram e 319 est\u00e3o recuperados","Mortes por coronav\u00edrus em Montes Claros","Mortes por Covid-19 em Montes Claros","Pirapora","porteirinha","Prefeitura de Montes Claros confirma mais tr\u00eas casos de Covid-19","Recuperados do coronav\u00edrus em Montes Claros","Salinas","S\u00e3o Francisco","Sobe para 69 o n\u00famero de casos confirmados de Covid-19 em Montes Claros","Sobe para 77 o n\u00famero de casos confirmados de Covid-19 em Montes Claros","Taiobeiras","v\u00e1rzea da palma"],"articleSection":["Norte de Minas","Sa\u00fade"],"inLanguage":"pt-BR","potentialAction":[{"@type":"CommentAction","name":"Comment","target":["https:\/\/aconteceunovale.com.br\/portal\/?p=165959#respond"]}]},{"@type":"WebPage","@id":"https:\/\/aconteceunovale.com.br\/portal\/?p=165959","url":"https:\/\/aconteceunovale.com.br\/portal\/?p=165959","name":"Covid-19: Montes Claros registra mais um \u00f3bito e 36 casos - Aconteceu no Vale","isPartOf":{"@id":"https:\/\/aconteceunovale.com.br\/portal\/#website"},"primaryImageOfPage":{"@id":"https:\/\/aconteceunovale.com.br\/portal\/?p=165959#primaryimage"},"image":{"@id":"https:\/\/aconteceunovale.com.br\/portal\/?p=165959#primaryimage"},"thumbnailUrl":"https:\/\/aconteceunovale.com.br\/portal\/wp-content\/uploads\/2020\/06\/montes_claros_new.jpg","datePublished":"2020-07-18T23:21:59+00:00","dateModified":"2020-07-18T23:32:38+00:00","author":{"@id":"https:\/\/aconteceunovale.com.br\/portal\/#\/schema\/person\/633529146f2c94272bef50ac2953d589"},"breadcrumb":{"@id":"https:\/\/aconteceunovale.com.br\/portal\/?p=165959#breadcrumb"},"inLanguage":"pt-BR","potentialAction":[{"@type":"ReadAction","target":["https:\/\/aconteceunovale.com.br\/portal\/?p=165959"]}]},{"@type":"ImageObject","inLanguage":"pt-BR","@id":"https:\/\/aconteceunovale.com.br\/portal\/?p=165959#primaryimage","url":"https:\/\/aconteceunovale.com.br\/portal\/wp-content\/uploads\/2020\/06\/montes_claros_new.jpg","contentUrl":"https:\/\/aconteceunovale.com.br\/portal\/wp-content\/uploads\/2020\/06\/montes_claros_new.jpg","width":678,"height":381},{"@type":"BreadcrumbList","@id":"https:\/\/aconteceunovale.com.br\/portal\/?p=165959#breadcrumb","itemListElement":[{"@type":"ListItem","position":1,"name":"In\u00edcio","item":"https:\/\/aconteceunovale.com.br\/portal\/"},{"@type":"ListItem","position":2,"name":"Covid-19: Montes Claros registra mais um \u00f3bito e 36 casos"}]},{"@type":"WebSite","@id":"https:\/\/aconteceunovale.com.br\/portal\/#website","url":"https:\/\/aconteceunovale.com.br\/portal\/","name":"Aconteceu no Vale","description":"Portal de Not\u00edcias","potentialAction":[{"@type":"SearchAction","target":{"@type":"EntryPoint","urlTemplate":"https:\/\/aconteceunovale.com.br\/portal\/?s={search_term_string}"},"query-input":{"@type":"PropertyValueSpecification","valueRequired":true,"valueName":"search_term_string"}}],"inLanguage":"pt-BR"},{"@type":"Person","@id":"https:\/\/aconteceunovale.com.br\/portal\/#\/schema\/person\/633529146f2c94272bef50ac2953d589","name":"Aconteceu no Vale","description":"Equipe de reportagem do Aconteceu no Vale, portal de not\u00edcias do Vale do Jequitinhonha, em Minas Gerais. Cobrimos as 51 cidades do Vale desde 2013. Sugest\u00f5es de pauta e pedidos de corre\u00e7\u00e3o: contato@aconteceunovale.com.br","sameAs":["http:\/\/www.aconteceunovale.com.br"],"url":"https:\/\/aconteceunovale.com.br\/portal\/?author=1"}]}},"_links":{"self":[{"href":"https:\/\/aconteceunovale.com.br\/portal\/index.php?rest_route=\/wp\/v2\/posts\/165959","targetHints":{"allow":["GET"]}}],"collection":[{"href":"https:\/\/aconteceunovale.com.br\/portal\/index.php?rest_route=\/wp\/v2\/posts"}],"about":[{"href":"https:\/\/aconteceunovale.com.br\/portal\/index.php?rest_route=\/wp\/v2\/types\/post"}],"author":[{"embeddable":true,"href":"https:\/\/aconteceunovale.com.br\/portal\/index.php?rest_route=\/wp\/v2\/users\/1"}],"replies":[{"embeddable":true,"href":"https:\/\/aconteceunovale.com.br\/portal\/index.php?rest_route=%2Fwp%2Fv2%2Fcomments&post=165959"}],"version-history":[{"count":2,"href":"https:\/\/aconteceunovale.com.br\/portal\/index.php?rest_route=\/wp\/v2\/posts\/165959\/revisions"}],"predecessor-version":[{"id":165961,"href":"https:\/\/aconteceunovale.com.br\/portal\/index.php?rest_route=\/wp\/v2\/posts\/165959\/revisions\/165961"}],"wp:featuredmedia":[{"embeddable":true,"href":"https:\/\/aconteceunovale.com.br\/portal\/index.php?rest_route=\/wp\/v2\/media\/163427"}],"wp:attachment":[{"href":"https:\/\/aconteceunovale.com.br\/portal\/index.php?rest_route=%2Fwp%2Fv2%2Fmedia&parent=165959"}],"wp:term":[{"taxonomy":"category","embeddable":true,"href":"https:\/\/aconteceunovale.com.br\/portal\/index.php?rest_route=%2Fwp%2Fv2%2Fcategories&post=165959"},{"taxonomy":"post_tag","embeddable":true,"href":"https:\/\/aconteceunovale.com.br\/portal\/index.php?rest_route=%2Fwp%2Fv2%2Ftags&post=165959"}],"curies":[{"name":"wp","href":"https:\/\/api.w.org\/{rel}","templated":true}]}}