{"id":165621,"date":"2020-07-12T19:54:20","date_gmt":"2020-07-12T22:54:20","guid":{"rendered":"https:\/\/aconteceunovale.com.br\/portal\/?p=165621"},"modified":"2020-07-12T19:58:06","modified_gmt":"2020-07-12T22:58:06","slug":"guanhaes-tem-102-casos-confirmados-de-covid-19-um-paciente-morreu-e-37-estao-recuperados","status":"publish","type":"post","link":"https:\/\/aconteceunovale.com.br\/portal\/?p=165621","title":{"rendered":"Guanh\u00e3es tem 102 casos confirmados de Covid-19; um paciente morreu e 37 est\u00e3o recuperados"},"content":{"rendered":"\n<p>A Prefeitura de Guanh\u00e3es (MG) informou, no in\u00edcio da noite deste domingo (12\/7\/2020), que o munic\u00edpio tem 102 casos confirmados de Covid-19. Desse total, 64 pacientes est\u00e3o em isolamento domiciliar, 37 se recuperaram da doen\u00e7a e um veio a \u00f3bito. Outros 11 moradores aguardam resultado de exame.<\/p>\n\n\n\n<p>Al\u00e9m dos 102 casos confirmados, o boletim epidemiol\u00f3gico de Guanh\u00e3es tamb\u00e9m contabiliza 17 pacientes de outros munic\u00edpios que testaram positivo para a Covid-19 na cidade.<\/p>\n\n\n\n<p><strong>Confira o boletim de 12\/7\/2020:<\/strong><\/p>\n\n\n\n<figure class=\"wp-block-image size-large\"><img decoding=\"async\" src=\"https:\/\/aconteceu.info\/boletins\/corona_guanhaes_12julho.jpg\" alt=\"\"\/><\/figure>\n\n\n\n<h2 class=\"wp-block-heading\"><strong>Munic\u00edpios com mais casos na Regional de Sa\u00fade de Itabira (12\/7\/2020 &#8211; 19h)<\/strong><\/h2>\n\n\n\n<figure class=\"wp-block-table\"><table><tbody><tr><td><strong>Munic\u00edpio<\/strong><\/td><td class=\"has-text-align-center\" data-align=\"center\"><strong>Casos<\/strong><\/td><td class=\"has-text-align-center\" data-align=\"center\"><strong>\u00d3bitos<\/strong><\/td><td class=\"has-text-align-center\" data-align=\"center\"><strong>Curados<\/strong><\/td><\/tr><tr><td>Itabira<\/td><td class=\"has-text-align-center\" data-align=\"center\">907<\/td><td class=\"has-text-align-center\" data-align=\"center\">3<\/td><td class=\"has-text-align-center\" data-align=\"center\">729<\/td><\/tr><tr><td>Jo\u00e3o Monlevade<\/td><td class=\"has-text-align-center\" data-align=\"center\">364<\/td><td class=\"has-text-align-center\" data-align=\"center\">0<\/td><td class=\"has-text-align-center\" data-align=\"center\">338<\/td><\/tr><tr><td>Bar\u00e3o de Cocais<\/td><td class=\"has-text-align-center\" data-align=\"center\">157<\/td><td class=\"has-text-align-center\" data-align=\"center\">0<\/td><td class=\"has-text-align-center\" data-align=\"center\">13<\/td><\/tr><tr><td>Santa B\u00e1rbara<\/td><td class=\"has-text-align-center\" data-align=\"center\">147<\/td><td class=\"has-text-align-center\" data-align=\"center\">0<\/td><td class=\"has-text-align-center\" data-align=\"center\">132<\/td><\/tr><tr><td>Rio Piracicaba<\/td><td class=\"has-text-align-center\" data-align=\"center\">105<\/td><td class=\"has-text-align-center\" data-align=\"center\">0<\/td><td class=\"has-text-align-center\" data-align=\"center\">87<\/td><\/tr><tr><td>Guanh\u00e3es<\/td><td class=\"has-text-align-center\" data-align=\"center\">102<\/td><td class=\"has-text-align-center\" data-align=\"center\">1<\/td><td class=\"has-text-align-center\" data-align=\"center\">37<\/td><\/tr><tr><td>S\u00e3o Gon\u00e7alo do Rio Abaixo<\/td><td class=\"has-text-align-center\" data-align=\"center\">58<\/td><td class=\"has-text-align-center\" data-align=\"center\">1<\/td><td class=\"has-text-align-center\" data-align=\"center\">45<\/td><\/tr><tr><td>Nova Era<\/td><td class=\"has-text-align-center\" data-align=\"center\">56<\/td><td class=\"has-text-align-center\" data-align=\"center\">0<\/td><td class=\"has-text-align-center\" data-align=\"center\">51<\/td><\/tr><tr><td>Dom Joaquim<\/td><td class=\"has-text-align-center\" data-align=\"center\">38<\/td><td class=\"has-text-align-center\" data-align=\"center\">0<\/td><td class=\"has-text-align-center\" data-align=\"center\">23<\/td><\/tr><tr><td>Ferros<\/td><td class=\"has-text-align-center\" data-align=\"center\">38<\/td><td class=\"has-text-align-center\" data-align=\"center\">0<\/td><td class=\"has-text-align-center\" data-align=\"center\">19<\/td><\/tr><\/tbody><\/table><\/figure>\n\n\n\n<p class=\"has-background has-very-light-gray-background-color\">Quer saber as not\u00edcias do <strong>Aconteceu no Vale<\/strong> em primeira m\u00e3o? Siga-nos no Facebook <a rel=\"noreferrer noopener\" href=\"http:\/\/facebook.com\/aconteceunovale\" target=\"_blank\">@aconteceunovale<\/a>, Twitter <a rel=\"noreferrer noopener\" href=\"https:\/\/twitter.com\/noticiadosvales\" target=\"_blank\">@noticiadosvales<\/a> e Instagram <a rel=\"noreferrer noopener\" href=\"https:\/\/www.instagram.com\/aconteceunovale\" target=\"_blank\">@aconteceunovale<\/a>.<\/p>\n","protected":false},"excerpt":{"rendered":"<p>A Prefeitura de Guanh\u00e3es (MG) informou, no in\u00edcio da noite deste domingo (12\/7\/2020), que o munic\u00edpio tem 102 casos confirmados de Covid-19. Desse total, 64 pacientes est\u00e3o em isolamento domiciliar, 37 se recuperaram da doen\u00e7a e um veio a \u00f3bito. Outros 11 moradores aguardam resultado de exame. Al\u00e9m dos 102 casos confirmados, o boletim epidemiol\u00f3gico [&hellip;]<\/p>\n","protected":false},"author":1,"featured_media":165622,"comment_status":"open","ping_status":"closed","sticky":false,"template":"","format":"standard","meta":{"amp_status":"","footnotes":""},"categories":[121,40242],"tags":[130,972,224520,224511,224512,224507,224510,224508,224518,224514,224517,224515,224519,224513,224521,224516,224509,224522,276,222433,222430,628,224533,224525,224526,224523,224524,218097,222170,224528,224531,224529,224532,224527,218109,224530,223065,224534,224546,224538,224539,224535,224537,222432,222171,224541,224544,224542,224545,224540,224057,224543,224536,224547,775,155,222431,225325,225007,301,224506,306,445,310,240,3957,162,325,154,332],"class_list":["post-165621","post","type-post","status-publish","format-standard","has-post-thumbnail","hentry","category-leste","category-saude-2","tag-agua-boa","tag-alvorada-de-minas","tag-boletim-epidemiologico-de-agua-boa","tag-boletim-epidemiologico-de-alvorada-de-minas","tag-boletim-epidemiologico-de-braunas","tag-boletim-epidemiologico-de-conceicao-do-mato-dentro","tag-boletim-epidemiologico-de-dom-joaquim","tag-boletim-epidemiologico-de-guanhaes","tag-boletim-epidemiologico-de-materlandia","tag-boletim-epidemiologico-de-pecanha","tag-boletim-epidemiologico-de-rio-vermelho","tag-boletim-epidemiologico-de-sabinopolis","tag-boletim-epidemiologico-de-santa-maria-do-suacui","tag-boletim-epidemiologico-de-santo-antonio-do-rio-abaixo","tag-boletim-epidemiologico-de-sao-joao-evangelista","tag-boletim-epidemiologico-de-sardoa","tag-boletim-epidemiologico-de-serro","tag-boletim-epidemiologico-de-virginopolis","tag-braunas","tag-caso-de-coronavirus-em-guanhaes","tag-caso-de-covid-19","tag-conceicao-do-mato-dentro","tag-coronavirus-em-agua-boa","tag-coronavirus-em-alvorada-de-minas","tag-coronavirus-em-braunas","tag-coronavirus-em-conceicao-do-mato-dentro","tag-coronavirus-em-dom-joaquim","tag-coronavirus-em-guanhaes","tag-coronavirus-em-materlandia","tag-coronavirus-em-pecanha","tag-coronavirus-em-rio-vermelho","tag-coronavirus-em-sabinopolis","tag-coronavirus-em-santa-maria-do-suacui","tag-coronavirus-em-santo-antonio-do-rio-abaixo","tag-coronavirus-em-sao-joao-evangelista","tag-coronavirus-em-sardoa","tag-coronavirus-em-serro","tag-coronavirus-em-virginopolis","tag-covid-19-em-agua-boa","tag-covid-19-em-alvorada-de-minas","tag-covid-19-em-braunas","tag-covid-19-em-conceicao-do-mato-dentro","tag-covid-19-em-dom-joaquim","tag-covid-19-em-guanhaes","tag-covid-19-em-materlandia","tag-covid-19-em-pecanha","tag-covid-19-em-rio-vermelho","tag-covid-19-em-sabinopolis","tag-covid-19-em-santa-maria-do-suacui","tag-covid-19-em-santo-antonio-do-rio-abaixo","tag-covid-19-em-sao-joao-evangelista","tag-covid-19-em-sardoa","tag-covid-19-em-serro","tag-covid-19-em-virginopolis","tag-dom-joaquim","tag-guanhaes","tag-guanhaes-registra-quarto-caso-positivo-de-coronavirus","tag-guanhaes-tem-102-casos-confirmados-de-covid-19-um-paciente-morreu-e-37-estao-recuperados","tag-guanhaes-tem-88-casos-confirmados-de-covid-19","tag-materlandia","tag-microrregioes-de-guanhaes-e-conceicao-do-mato-dentro-tem-211-casos-confirmados-e-nove-mortes-por-covid-19","tag-pecanha","tag-rio-vermelho","tag-sabinopolis","tag-santa-maria-do-suacui","tag-santo-antonio-do-rio-abaixo","tag-sao-joao-evangelista","tag-sardoa","tag-serro","tag-virginopolis"],"_links":{"self":[{"href":"https:\/\/aconteceunovale.com.br\/portal\/index.php?rest_route=\/wp\/v2\/posts\/165621","targetHints":{"allow":["GET"]}}],"collection":[{"href":"https:\/\/aconteceunovale.com.br\/portal\/index.php?rest_route=\/wp\/v2\/posts"}],"about":[{"href":"https:\/\/aconteceunovale.com.br\/portal\/index.php?rest_route=\/wp\/v2\/types\/post"}],"author":[{"embeddable":true,"href":"https:\/\/aconteceunovale.com.br\/portal\/index.php?rest_route=\/wp\/v2\/users\/1"}],"replies":[{"embeddable":true,"href":"https:\/\/aconteceunovale.com.br\/portal\/index.php?rest_route=%2Fwp%2Fv2%2Fcomments&post=165621"}],"version-history":[{"count":1,"href":"https:\/\/aconteceunovale.com.br\/portal\/index.php?rest_route=\/wp\/v2\/posts\/165621\/revisions"}],"predecessor-version":[{"id":165623,"href":"https:\/\/aconteceunovale.com.br\/portal\/index.php?rest_route=\/wp\/v2\/posts\/165621\/revisions\/165623"}],"wp:featuredmedia":[{"embeddable":true,"href":"https:\/\/aconteceunovale.com.br\/portal\/index.php?rest_route=\/wp\/v2\/media\/165622"}],"wp:attachment":[{"href":"https:\/\/aconteceunovale.com.br\/portal\/index.php?rest_route=%2Fwp%2Fv2%2Fmedia&parent=165621"}],"wp:term":[{"taxonomy":"category","embeddable":true,"href":"https:\/\/aconteceunovale.com.br\/portal\/index.php?rest_route=%2Fwp%2Fv2%2Fcategories&post=165621"},{"taxonomy":"post_tag","embeddable":true,"href":"https:\/\/aconteceunovale.com.br\/portal\/index.php?rest_route=%2Fwp%2Fv2%2Ftags&post=165621"}],"curies":[{"name":"wp","href":"https:\/\/api.w.org\/{rel}","templated":true}]}}