{"id":165618,"date":"2020-07-12T19:09:54","date_gmt":"2020-07-12T22:09:54","guid":{"rendered":"https:\/\/aconteceunovale.com.br\/portal\/?p=165618"},"modified":"2020-07-12T19:10:11","modified_gmt":"2020-07-12T22:10:11","slug":"covid-19-ipatinga-registra-mais-tres-mortes-e-33-casos","status":"publish","type":"post","link":"https:\/\/aconteceunovale.com.br\/portal\/?p=165618","title":{"rendered":"Covid-19: Ipatinga registra mais tr\u00eas mortes e 33 casos"},"content":{"rendered":"\n<p>A Prefeitura de Ipatinga (MG) confirmou 33 novos casos de Covid-19 nas \u00faltimas 24 horas. Segundo informa\u00e7\u00f5es do boletim epidemiol\u00f3gico, atualizado na tarde deste domingo (12\/7\/2020), o munic\u00edpio soma 3.725 pessoas atingidas pelo coronav\u00edrus.<\/p>\n\n\n\n<p>Segundo a prefeitura, 2.901 pacientes do munic\u00edpio est\u00e3o recuperados (curados) da doen\u00e7a. O n\u00famero de \u00f3bitos subiu de 62 para 65.<\/p>\n\n\n\n<p><strong>Confira o boletim de 12\/7\/2020:<\/strong><\/p>\n\n\n\n<figure class=\"wp-block-image size-large\"><img decoding=\"async\" src=\"https:\/\/aconteceu.info\/boletins\/corona_ipa_12julho_1.jpeg\" alt=\"\"\/><\/figure>\n\n\n\n<figure class=\"wp-block-image size-large\"><img decoding=\"async\" src=\"https:\/\/aconteceu.info\/boletins\/corona_ipa_12julho_2.jpeg\" alt=\"\"\/><\/figure>\n\n\n\n<figure class=\"wp-block-image size-large\"><img decoding=\"async\" src=\"https:\/\/aconteceu.info\/boletins\/corona_ipa_12julho_3.jpeg\" alt=\"\"\/><\/figure>\n\n\n\n<h3 class=\"wp-block-heading\"><strong>Mais tr\u00eas mortes em decorr\u00eancia da Covid-19<\/strong><\/h3>\n\n\n\n<p>O munic\u00edpio de Ipatinga registrou, neste domingo, tr\u00eas novos \u00f3bitos em decorr\u00eancia de complica\u00e7\u00f5es por Coronav\u00edrus. Todos possu\u00edam comorbidades.<\/p>\n\n\n\n<p>Uma das v\u00edtimas \u00e9 uma mulher de 56 anos, do bairro Vagalume, que estava internada no Hospital M\u00e1rcio Cunha.<\/p>\n\n\n\n<p>Outro paciente que veio a \u00f3bito, homem de 46 anos, tamb\u00e9m estava internado no Hospital M\u00e1rcio Cunha e era morador do bairro Bom Jardim.<\/p>\n\n\n\n<p>Um homem de 74 anos, internado no Hospital Municipal, que residia no bairro Cana\u00e3, tamb\u00e9m veio a \u00f3bito.<\/p>\n\n\n\n<p>Segundo a prefeitura, os familiares das v\u00edtimas receberam as orienta\u00e7\u00f5es protocolares quanto aos procedimentos para realiza\u00e7\u00e3o dos vel\u00f3rios e sepultamentos.<\/p>\n\n\n\n<h2 class=\"wp-block-heading\"><strong>Munic\u00edpios com mais casos na Regional de Sa\u00fade de Coronel Fabriciano (12\/7\/2020 &#8211; 18h40)<\/strong><\/h2>\n\n\n\n<figure class=\"wp-block-table\"><table><tbody><tr><td><strong>Munic\u00edpio<\/strong><\/td><td class=\"has-text-align-center\" data-align=\"center\"><strong>Casos<\/strong><\/td><td class=\"has-text-align-center\" data-align=\"center\"><strong>\u00d3bitos<\/strong><\/td><td class=\"has-text-align-center\" data-align=\"center\"><strong>Curados<\/strong><\/td><\/tr><tr><td>Ipatinga<\/td><td class=\"has-text-align-center\" data-align=\"center\">3.725<\/td><td class=\"has-text-align-center\" data-align=\"center\">65<\/td><td class=\"has-text-align-center\" data-align=\"center\">2.901<\/td><\/tr><tr><td>Coronel Fabriciano<\/td><td class=\"has-text-align-center\" data-align=\"center\">1.070<\/td><td class=\"has-text-align-center\" data-align=\"center\">17<\/td><td class=\"has-text-align-center\" data-align=\"center\">910<\/td><\/tr><tr><td>Santana do Para\u00edso<\/td><td class=\"has-text-align-center\" data-align=\"center\">862<\/td><td class=\"has-text-align-center\" data-align=\"center\">17<\/td><td class=\"has-text-align-center\" data-align=\"center\">432<\/td><\/tr><tr><td>Tim\u00f3teo (11\/7)<\/td><td class=\"has-text-align-center\" data-align=\"center\">526<\/td><td class=\"has-text-align-center\" data-align=\"center\">14<\/td><td class=\"has-text-align-center\" data-align=\"center\">153<\/td><\/tr><tr><td>Caratinga (11\/7)<\/td><td class=\"has-text-align-center\" data-align=\"center\">491<\/td><td class=\"has-text-align-center\" data-align=\"center\">15<\/td><td class=\"has-text-align-center\" data-align=\"center\">303<\/td><\/tr><tr><td>Belo Oriente<\/td><td class=\"has-text-align-center\" data-align=\"center\">159<\/td><td class=\"has-text-align-center\" data-align=\"center\">6<\/td><td class=\"has-text-align-center\" data-align=\"center\">62<\/td><\/tr><tr><td>Ipaba (10\/7)<\/td><td class=\"has-text-align-center\" data-align=\"center\">96<\/td><td class=\"has-text-align-center\" data-align=\"center\">5<\/td><td class=\"has-text-align-center\" data-align=\"center\">82<\/td><\/tr><tr><td>Ubaporanga (10\/7)<\/td><td class=\"has-text-align-center\" data-align=\"center\">68<\/td><td class=\"has-text-align-center\" data-align=\"center\">0<\/td><td class=\"has-text-align-center\" data-align=\"center\">40<\/td><\/tr><tr><td>Santa Rita de Minas<\/td><td class=\"has-text-align-center\" data-align=\"center\">49<\/td><td class=\"has-text-align-center\" data-align=\"center\">1<\/td><td class=\"has-text-align-center\" data-align=\"center\">33<\/td><\/tr><\/tbody><\/table><\/figure>\n\n\n\n<p class=\"has-background has-very-light-gray-background-color\">Quer saber as not\u00edcias do <strong>Aconteceu no Vale<\/strong> em primeira m\u00e3o? Siga-nos no Facebook <a rel=\"noreferrer noopener\" href=\"http:\/\/facebook.com\/aconteceunovale\" target=\"_blank\">@aconteceunovale<\/a>, Twitter <a rel=\"noreferrer noopener\" href=\"https:\/\/twitter.com\/noticiadosvales\" target=\"_blank\">@noticiadosvales<\/a> e Instagram <a rel=\"noreferrer noopener\" href=\"https:\/\/www.instagram.com\/aconteceunovale\" target=\"_blank\">@aconteceunovale<\/a>.<\/p>\n","protected":false},"excerpt":{"rendered":"<p>A Prefeitura de Ipatinga (MG) confirmou 33 novos casos de Covid-19 nas \u00faltimas 24 horas. Segundo informa\u00e7\u00f5es do boletim epidemiol\u00f3gico, atualizado na tarde deste domingo (12\/7\/2020), o munic\u00edpio soma 3.725 pessoas atingidas pelo coronav\u00edrus. Segundo a prefeitura, 2.901 pacientes do munic\u00edpio est\u00e3o recuperados (curados) da doen\u00e7a. O n\u00famero de \u00f3bitos subiu de 62 para 65. [&hellip;]<\/p>\n","protected":false},"author":1,"featured_media":165619,"comment_status":"open","ping_status":"closed","sticky":false,"template":"","format":"standard","meta":{"amp_status":"","footnotes":""},"categories":[121,40242],"tags":[222294,222296,214884,217741,223138,216498,223477,224936,225324,223378,222878,225312,222972,224788,222975,223135,223136,223134,201,223028,225140,222974,223926,222596,222641,223207,223290,223341,222754,223698,222370,222849,223078,224676,225001,225141,222917,223137,222369,222368,46322,223961,222852,223133,222295,223435,222417,223029,223027,222973,225142],"class_list":["post-165618","post","type-post","status-publish","format-standard","has-post-thumbnail","hentry","category-leste","category-saude-2","tag-casos-confirmados-de-coronavirus-em-ipatinga","tag-casos-confirmados-de-covid-19-em-ipatinga","tag-coronavirus","tag-coronavirus-em-ipatinga","tag-coronavirus-em-ipatinga-numero-de-casos-confirmados-passa-de-500","tag-covid-19","tag-covid-19-ipatinga-registra-mais-49-casos-e-dois-obitos","tag-covid-19-ipatinga-registra-mais-77-casos-e-dois-obitos","tag-covid-19-ipatinga-registra-mais-tres-mortes-e-33-casos","tag-covid-19-ipatinga-tem-13-obitos-e-650-casos-confirmados","tag-covid-19-ipatinga-tem-319-casos-confirmados-e-4-obitos","tag-covid-19-ipatinga-tem-62-obitos-confirmados-e-2-851-recuperados","tag-covid-19-prefeitura-de-ipatinga-confirma-mais-30-casos-e-dois-obitos","tag-curados-da-covid-19-em-ipatinga-representam-69-dos-casos-positivos","tag-equipe-do-ibope-realiza-segunda-fase-de-pesquisa-sobre-coronavirus-em-ipatinga","tag-hospital-de-campanha-em-ipatinga","tag-hospital-de-retaguarda-em-ipatinga","tag-hospital-de-retaguarda-ja-esta-instalado-em-ipatinga","tag-ipatinga","tag-ipatinga-atinge-100-da-taxa-de-ocupacao-de-leitos-uti-covid-19-sus","tag-ipatinga-ativa-15-novos-leitos-de-uti-covid-19-sus","tag-ipatinga-ativa-barreiras-sanitarias","tag-ipatinga-bate-recorde-de-novos-casos-de-covid-19-em-24-horas","tag-ipatinga-chega-a-200-casos-de-covid-19","tag-ipatinga-confirma-mais-dois-obitos-por-covid-19","tag-ipatinga-registra-68-novos-casos-de-covid-19","tag-ipatinga-registra-a-12a-morte-em-decorrencia-da-covid-19","tag-ipatinga-registra-a-13a-morte-em-decorrencia-da-covid-19","tag-ipatinga-registra-mais-29-casos-de-covid-19","tag-ipatinga-registra-mais-cinco-mortes-por-covid-19-e-soma-851-pessoas-infectadas","tag-ipatinga-registra-o-primeiro-obito-por-covid-19","tag-ipatinga-registra-o-quarto-obito-por-covid-19","tag-ipatinga-tem-476-casos-de-covid-19-249-pacientes-estao-recuperados-e-nove-morreram","tag-ipatinga-tem-quase-2-mil-casos-confirmados-de-covid-19-42-pacientes-morreram-e-1-463-estao-recuperados","tag-ipatinga-tem-quase-3-mil-moradores-diagnosticados-com-covid-19","tag-leitos-de-uti-em-ipatinga","tag-numero-de-casos-confirmados-de-covid-19-em-ipatinga-chega-a-340","tag-numero-de-casos-confirmados-de-covid-19-passa-de-500-em-ipatinga","tag-obito-por-coronavirus-em-ipatinga","tag-obito-por-covid-19-em-ipatinga","tag-prefeitura-de-ipatinga","tag-prefeitura-de-ipatinga-confirma-102-novos-casos-de-covid-19","tag-prefeitura-de-ipatinga-confirma-mais-27-casos-de-covid-19","tag-prefeitura-de-ipatinga-confirma-mais-duas-mortes-por-covid-19","tag-sobe-para-102-o-numero-de-casos-confirmados-de-covid-19-em-ipatinga","tag-sobe-para-14-o-numero-de-mortes-por-covid-19-em-ipatinga","tag-sobe-para-149-o-numero-de-casos-confirmados-de-coronavirus-em-ipatinga","tag-sobe-para-oito-o-numero-de-mortes-por-covid-19-em-ipatinga","tag-sobem-para-oito-os-obitos-por-covid-19-em-ipatinga","tag-sobem-para-seis-os-obitos-por-covid-19-em-ipatinga","tag-uti-em-ipatinga"],"_links":{"self":[{"href":"https:\/\/aconteceunovale.com.br\/portal\/index.php?rest_route=\/wp\/v2\/posts\/165618","targetHints":{"allow":["GET"]}}],"collection":[{"href":"https:\/\/aconteceunovale.com.br\/portal\/index.php?rest_route=\/wp\/v2\/posts"}],"about":[{"href":"https:\/\/aconteceunovale.com.br\/portal\/index.php?rest_route=\/wp\/v2\/types\/post"}],"author":[{"embeddable":true,"href":"https:\/\/aconteceunovale.com.br\/portal\/index.php?rest_route=\/wp\/v2\/users\/1"}],"replies":[{"embeddable":true,"href":"https:\/\/aconteceunovale.com.br\/portal\/index.php?rest_route=%2Fwp%2Fv2%2Fcomments&post=165618"}],"version-history":[{"count":1,"href":"https:\/\/aconteceunovale.com.br\/portal\/index.php?rest_route=\/wp\/v2\/posts\/165618\/revisions"}],"predecessor-version":[{"id":165620,"href":"https:\/\/aconteceunovale.com.br\/portal\/index.php?rest_route=\/wp\/v2\/posts\/165618\/revisions\/165620"}],"wp:featuredmedia":[{"embeddable":true,"href":"https:\/\/aconteceunovale.com.br\/portal\/index.php?rest_route=\/wp\/v2\/media\/165619"}],"wp:attachment":[{"href":"https:\/\/aconteceunovale.com.br\/portal\/index.php?rest_route=%2Fwp%2Fv2%2Fmedia&parent=165618"}],"wp:term":[{"taxonomy":"category","embeddable":true,"href":"https:\/\/aconteceunovale.com.br\/portal\/index.php?rest_route=%2Fwp%2Fv2%2Fcategories&post=165618"},{"taxonomy":"post_tag","embeddable":true,"href":"https:\/\/aconteceunovale.com.br\/portal\/index.php?rest_route=%2Fwp%2Fv2%2Ftags&post=165618"}],"curies":[{"name":"wp","href":"https:\/\/api.w.org\/{rel}","templated":true}]}}