{"id":165605,"date":"2020-07-12T00:35:46","date_gmt":"2020-07-12T03:35:46","guid":{"rendered":"https:\/\/aconteceunovale.com.br\/portal\/?p=165605"},"modified":"2020-07-12T00:36:13","modified_gmt":"2020-07-12T03:36:13","slug":"montes-claros-confirma-57-novos-casos-de-covid-19","status":"publish","type":"post","link":"https:\/\/aconteceunovale.com.br\/portal\/?p=165605","title":{"rendered":"Montes Claros confirma 57 novos casos de Covid-19"},"content":{"rendered":"\n<p>A Prefeitura de Montes Claros (MG) confirmou 57 novos casos de Covid-19 nas \u00faltimas 24 horas. Segundo informa\u00e7\u00f5es do boletim epidemiol\u00f3gico, atualizado no in\u00edcio da noite deste s\u00e1bado (11\/7\/2020), o munic\u00edpio soma 475 pessoas atingidas pelo coronav\u00edrus. Cinco pacientes morreram e 249 est\u00e3o recuperados.<\/p>\n\n\n\n<p>Segundo a prefeitura, os novos casos confirmados s\u00e3o 39 do sexo feminino (com idades entre 7 e 77 anos) e 18 do sexo masculino (com idades entre 21 e 76 anos). Dos 57 pacientes diagnosticados com a doen\u00e7a nas \u00faltimas 24h, cinco mulheres e sete homens est\u00e3o internados (est\u00e1veis).<\/p>\n\n\n\n<p><strong>Confira o boletim de 11\/7\/2020:<\/strong><\/p>\n\n\n\n<figure class=\"wp-block-gallery columns-1 is-cropped wp-block-gallery-1 is-layout-flex wp-block-gallery-is-layout-flex\"><ul class=\"blocks-gallery-grid\"><li class=\"blocks-gallery-item\"><figure><img loading=\"lazy\" decoding=\"async\" width=\"450\" height=\"450\" src=\"https:\/\/aconteceunovale.com.br\/portal\/wp-content\/uploads\/2020\/07\/corona_moc_11julho.jpg\" alt=\"\" data-id=\"165606\" data-full-url=\"https:\/\/aconteceunovale.com.br\/portal\/wp-content\/uploads\/2020\/07\/corona_moc_11julho.jpg\" data-link=\"https:\/\/aconteceunovale.com.br\/portal\/?attachment_id=165606\" class=\"wp-image-165606\" srcset=\"https:\/\/aconteceunovale.com.br\/portal\/wp-content\/uploads\/2020\/07\/corona_moc_11julho.jpg 450w, https:\/\/aconteceunovale.com.br\/portal\/wp-content\/uploads\/2020\/07\/corona_moc_11julho-300x300.jpg 300w, https:\/\/aconteceunovale.com.br\/portal\/wp-content\/uploads\/2020\/07\/corona_moc_11julho-150x150.jpg 150w, https:\/\/aconteceunovale.com.br\/portal\/wp-content\/uploads\/2020\/07\/corona_moc_11julho-420x420.jpg 420w\" sizes=\"auto, (max-width: 450px) 100vw, 450px\" \/><\/figure><\/li><\/ul><\/figure>\n\n\n\n<h2 class=\"wp-block-heading\"><strong>Munic\u00edpios com mais casos na Regional de Sa\u00fade de Montes Claros (11\/7\/2020 &#8211; 22h)<\/strong><\/h2>\n\n\n\n<figure class=\"wp-block-table\"><table><tbody><tr><td><strong>Munic\u00edpio<\/strong><\/td><td class=\"has-text-align-center\" data-align=\"center\"><strong>Casos<\/strong><\/td><td class=\"has-text-align-center\" data-align=\"center\"><strong>\u00d3bitos<\/strong><\/td><td class=\"has-text-align-center\" data-align=\"center\"><strong>Curados<\/strong><\/td><\/tr><tr><td>Montes Claros<\/td><td class=\"has-text-align-center\" data-align=\"center\">475<\/td><td class=\"has-text-align-center\" data-align=\"center\">5<\/td><td class=\"has-text-align-center\" data-align=\"center\">249<\/td><\/tr><tr><td>Jana\u00faba<\/td><td class=\"has-text-align-center\" data-align=\"center\">322<\/td><td class=\"has-text-align-center\" data-align=\"center\">8<\/td><td class=\"has-text-align-center\" data-align=\"center\">283<\/td><\/tr><tr><td>Salinas<\/td><td class=\"has-text-align-center\" data-align=\"center\">216<\/td><td class=\"has-text-align-center\" data-align=\"center\">10<\/td><td class=\"has-text-align-center\" data-align=\"center\">131<\/td><\/tr><tr><td>Espinosa<\/td><td class=\"has-text-align-center\" data-align=\"center\">98<\/td><td class=\"has-text-align-center\" data-align=\"center\">4<\/td><td class=\"has-text-align-center\" data-align=\"center\">77<\/td><\/tr><tr><td>Bocaiuva<\/td><td class=\"has-text-align-center\" data-align=\"center\">75<\/td><td class=\"has-text-align-center\" data-align=\"center\">2<\/td><td class=\"has-text-align-center\" data-align=\"center\">45<\/td><\/tr><tr><td>Taiobeiras<\/td><td class=\"has-text-align-center\" data-align=\"center\">73<\/td><td class=\"has-text-align-center\" data-align=\"center\">2<\/td><td class=\"has-text-align-center\" data-align=\"center\">65<\/td><\/tr><tr><td>Porteirinha<\/td><td class=\"has-text-align-center\" data-align=\"center\">40<\/td><td class=\"has-text-align-center\" data-align=\"center\">0<\/td><td class=\"has-text-align-center\" data-align=\"center\">36<\/td><\/tr><tr><td>Monte Azul<\/td><td class=\"has-text-align-center\" data-align=\"center\">37<\/td><td class=\"has-text-align-center\" data-align=\"center\">1<\/td><td class=\"has-text-align-center\" data-align=\"center\">28<\/td><\/tr><tr><td>Ja\u00edba<\/td><td class=\"has-text-align-center\" data-align=\"center\">31<\/td><td class=\"has-text-align-center\" data-align=\"center\">0<\/td><td class=\"has-text-align-center\" data-align=\"center\">6<\/td><\/tr><tr><td>Francisco S\u00e1<\/td><td class=\"has-text-align-center\" data-align=\"center\">31<\/td><td class=\"has-text-align-center\" data-align=\"center\">1<\/td><td class=\"has-text-align-center\" data-align=\"center\">26<\/td><\/tr><tr><td>S\u00e3o Jo\u00e3o do Para\u00edso<\/td><td class=\"has-text-align-center\" data-align=\"center\">27<\/td><td class=\"has-text-align-center\" data-align=\"center\">0<\/td><td class=\"has-text-align-center\" data-align=\"center\">15<\/td><\/tr><tr><td>Nova Porteirinha<\/td><td class=\"has-text-align-center\" data-align=\"center\">26<\/td><td class=\"has-text-align-center\" data-align=\"center\">2<\/td><td class=\"has-text-align-center\" data-align=\"center\">15<\/td><\/tr><\/tbody><\/table><\/figure>\n\n\n\n<p class=\"has-background has-very-light-gray-background-color\">Quer saber as not\u00edcias do <strong>Aconteceu no Vale<\/strong> em primeira m\u00e3o? Siga-nos no Facebook <a rel=\"noreferrer noopener\" href=\"http:\/\/facebook.com\/aconteceunovale\" target=\"_blank\">@aconteceunovale<\/a>, Twitter <a rel=\"noreferrer noopener\" href=\"https:\/\/twitter.com\/noticiadosvales\" target=\"_blank\">@noticiadosvales<\/a> e Instagram <a rel=\"noreferrer noopener\" href=\"https:\/\/www.instagram.com\/aconteceunovale\" target=\"_blank\">@aconteceunovale<\/a>.<\/p>\n","protected":false},"excerpt":{"rendered":"<p>A Prefeitura de Montes Claros (MG) confirmou 57 novos casos de Covid-19 nas \u00faltimas 24 horas. Segundo informa\u00e7\u00f5es do boletim epidemiol\u00f3gico, atualizado no in\u00edcio da noite deste s\u00e1bado (11\/7\/2020), o munic\u00edpio soma 475 pessoas atingidas pelo coronav\u00edrus. Cinco pacientes morreram e 249 est\u00e3o recuperados. Segundo a prefeitura, os novos casos confirmados s\u00e3o 39 do sexo [&hellip;]<\/p>\n","protected":false},"author":1,"featured_media":163358,"comment_status":"open","ping_status":"closed","sticky":false,"template":"","format":"standard","meta":{"amp_status":"","footnotes":""},"categories":[1236,40242],"tags":[218086,222764,224270,217228,220749,222765,1018,222763,210,225313,221820,222767,222864,222766,222846,222918],"class_list":["post-165605","post","type-post","status-publish","format-standard","has-post-thumbnail","hentry","category-norte_de_minas","category-saude-2","tag-casos-de-coronavirus-em-montes-claros","tag-casos-de-covid-19-em-montes-claros","tag-casos-de-covid-19-estao-distribuidos-em-68-bairros-de-montes-claros","tag-coronavirus-em-montes-claros","tag-covid-19-em-montes-claros","tag-curados-do-coronavirus-em-montes-claros","tag-destaque","tag-mais-de-60-dos-infectados-com-coronavirus-em-montes-claros-ja-estao-recuperados","tag-montes-claros","tag-montes-claros-confirma-57-novos-casos-de-covid-19","tag-mortes-por-coronavirus-em-montes-claros","tag-mortes-por-covid-19-em-montes-claros","tag-prefeitura-de-montes-claros-confirma-mais-tres-casos-de-covid-19","tag-recuperados-do-coronavirus-em-montes-claros","tag-sobe-para-69-o-numero-de-casos-confirmados-de-covid-19-em-montes-claros","tag-sobe-para-77-o-numero-de-casos-confirmados-de-covid-19-em-montes-claros"],"_links":{"self":[{"href":"https:\/\/aconteceunovale.com.br\/portal\/index.php?rest_route=\/wp\/v2\/posts\/165605","targetHints":{"allow":["GET"]}}],"collection":[{"href":"https:\/\/aconteceunovale.com.br\/portal\/index.php?rest_route=\/wp\/v2\/posts"}],"about":[{"href":"https:\/\/aconteceunovale.com.br\/portal\/index.php?rest_route=\/wp\/v2\/types\/post"}],"author":[{"embeddable":true,"href":"https:\/\/aconteceunovale.com.br\/portal\/index.php?rest_route=\/wp\/v2\/users\/1"}],"replies":[{"embeddable":true,"href":"https:\/\/aconteceunovale.com.br\/portal\/index.php?rest_route=%2Fwp%2Fv2%2Fcomments&post=165605"}],"version-history":[{"count":1,"href":"https:\/\/aconteceunovale.com.br\/portal\/index.php?rest_route=\/wp\/v2\/posts\/165605\/revisions"}],"predecessor-version":[{"id":165607,"href":"https:\/\/aconteceunovale.com.br\/portal\/index.php?rest_route=\/wp\/v2\/posts\/165605\/revisions\/165607"}],"wp:featuredmedia":[{"embeddable":true,"href":"https:\/\/aconteceunovale.com.br\/portal\/index.php?rest_route=\/wp\/v2\/media\/163358"}],"wp:attachment":[{"href":"https:\/\/aconteceunovale.com.br\/portal\/index.php?rest_route=%2Fwp%2Fv2%2Fmedia&parent=165605"}],"wp:term":[{"taxonomy":"category","embeddable":true,"href":"https:\/\/aconteceunovale.com.br\/portal\/index.php?rest_route=%2Fwp%2Fv2%2Fcategories&post=165605"},{"taxonomy":"post_tag","embeddable":true,"href":"https:\/\/aconteceunovale.com.br\/portal\/index.php?rest_route=%2Fwp%2Fv2%2Ftags&post=165605"}],"curies":[{"name":"wp","href":"https:\/\/api.w.org\/{rel}","templated":true}]}}