{"id":165600,"date":"2020-07-11T23:38:10","date_gmt":"2020-07-12T02:38:10","guid":{"rendered":"https:\/\/aconteceunovale.com.br\/portal\/?p=165600"},"modified":"2020-07-11T23:44:44","modified_gmt":"2020-07-12T02:44:44","slug":"covid-19-governador-valadares-tem-82-obitos-confirmados-e-1-718-recuperados","status":"publish","type":"post","link":"https:\/\/aconteceunovale.com.br\/portal\/?p=165600","title":{"rendered":"Covid-19: Governador Valadares tem 82 \u00f3bitos confirmados e 1.718 recuperados"},"content":{"rendered":"\n<p>A Prefeitura de Governador Valadares (MG) confirmou 80 novos casos de Covid-19 nas \u00faltimas 24 horas. Segundo informa\u00e7\u00f5es do boletim epidemiol\u00f3gico, atualizado na noite deste s\u00e1bado (11\/7\/2020), o munic\u00edpio soma 2.297 pessoas atingidas pelo coronav\u00edrus.<\/p>\n\n\n\n<p>De acordo com a prefeitura, 79 pacientes est\u00e3o internados (43 em UTI) e 418 em isolamento domiciliar. Dentro das estat\u00edsticas de confirmados, Governador Valadares tem 1.718 recuperados e 82 \u00f3bitos (tr\u00eas a mais que ontem).<\/p>\n\n\n\n<p>Ainda segundo o boletim epidemiol\u00f3gico, 727 pessoas est\u00e3o classificadas como suspeitas de terem contra\u00eddo a doen\u00e7a. Dessas, 685 est\u00e3o em isolamento domiciliar e 25 internadas (12 em UTI). 17 \u00f3bitos est\u00e3o em investiga\u00e7\u00e3o.<\/p>\n\n\n\n<p>At\u00e9 hoje, conforme o boletim n\u00ba 117, 324 casos foram descartados por exames laboratoriais e 4.179 conclu\u00edram o monitoramento por crit\u00e9rio cl\u00ednico. O n\u00famero total de notifica\u00e7\u00f5es desde o in\u00edcio da pandemia \u00e9 de 7.527.<\/p>\n\n\n\n<p><strong>Confira o boletim de 11\/7\/2020:<\/strong><\/p>\n\n\n\n<figure class=\"wp-block-image size-large\"><img decoding=\"async\" src=\"https:\/\/aconteceu.info\/boletins\/corona_gv_11julho_1.jpg\" alt=\"\"\/><\/figure>\n\n\n\n<figure class=\"wp-block-image size-large\"><img decoding=\"async\" src=\"https:\/\/aconteceu.info\/boletins\/corona_gv_11julho_2.jpg\" alt=\"\"\/><\/figure>\n\n\n\n<h3 class=\"wp-block-heading\"><strong>Munic\u00edpios com mais casos na Regional de Sa\u00fade de Governador Valadares (11\/7\/2020 &#8211; 22h)<\/strong><\/h3>\n\n\n\n<figure class=\"wp-block-table\"><table><tbody><tr><td><strong>Munic\u00edpio<\/strong><\/td><td class=\"has-text-align-center\" data-align=\"center\"><strong>Casos<\/strong><\/td><td class=\"has-text-align-center\" data-align=\"center\"><strong>\u00d3bitos<\/strong><\/td><td class=\"has-text-align-center\" data-align=\"center\"><strong>Curados<\/strong><\/td><\/tr><tr><td>Governador Valadares<\/td><td class=\"has-text-align-center\" data-align=\"center\">2.297<\/td><td class=\"has-text-align-center\" data-align=\"center\">82<\/td><td class=\"has-text-align-center\" data-align=\"center\">1.718<\/td><\/tr><tr><td>Mantena<\/td><td class=\"has-text-align-center\" data-align=\"center\">184<\/td><td class=\"has-text-align-center\" data-align=\"center\">8<\/td><td class=\"has-text-align-center\" data-align=\"center\">140<\/td><\/tr><tr><td>Aimor\u00e9s<\/td><td class=\"has-text-align-center\" data-align=\"center\">115<\/td><td class=\"has-text-align-center\" data-align=\"center\">0<\/td><td class=\"has-text-align-center\" data-align=\"center\">89<\/td><\/tr><tr><td>Alvarenga<\/td><td class=\"has-text-align-center\" data-align=\"center\">107<\/td><td class=\"has-text-align-center\" data-align=\"center\">1<\/td><td class=\"has-text-align-center\" data-align=\"center\">100<\/td><\/tr><tr><td>Alpercata<\/td><td class=\"has-text-align-center\" data-align=\"center\">91<\/td><td class=\"has-text-align-center\" data-align=\"center\">2<\/td><td class=\"has-text-align-center\" data-align=\"center\">75<\/td><\/tr><tr><td>S\u00e3o Jo\u00e3o do Manteninha<\/td><td class=\"has-text-align-center\" data-align=\"center\">63<\/td><td class=\"has-text-align-center\" data-align=\"center\">0<\/td><td class=\"has-text-align-center\" data-align=\"center\">50<\/td><\/tr><tr><td>Frei Inoc\u00eancio<\/td><td class=\"has-text-align-center\" data-align=\"center\">61<\/td><td class=\"has-text-align-center\" data-align=\"center\">0<\/td><td class=\"has-text-align-center\" data-align=\"center\">30<\/td><\/tr><tr><td>S\u00e3o Jos\u00e9 da Safira<\/td><td class=\"has-text-align-center\" data-align=\"center\">59<\/td><td class=\"has-text-align-center\" data-align=\"center\">0<\/td><td class=\"has-text-align-center\" data-align=\"center\">56<\/td><\/tr><tr><td>Resplendor<\/td><td class=\"has-text-align-center\" data-align=\"center\">44<\/td><td class=\"has-text-align-center\" data-align=\"center\">1<\/td><td class=\"has-text-align-center\" data-align=\"center\">24<\/td><\/tr><tr><td>Conselheiro Pena<\/td><td class=\"has-text-align-center\" data-align=\"center\">25<\/td><td class=\"has-text-align-center\" data-align=\"center\">1<\/td><td class=\"has-text-align-center\" data-align=\"center\">19<\/td><\/tr><\/tbody><\/table><\/figure>\n\n\n\n<p class=\"has-background has-very-light-gray-background-color\">Quer saber as not\u00edcias do <strong>Aconteceu no Vale<\/strong> em primeira m\u00e3o? Siga-nos no Facebook <a rel=\"noreferrer noopener\" href=\"http:\/\/facebook.com\/aconteceunovale\" target=\"_blank\">@aconteceunovale<\/a>, Twitter <a rel=\"noreferrer noopener\" href=\"https:\/\/twitter.com\/noticiadosvales\" target=\"_blank\">@noticiadosvales<\/a> e Instagram <a rel=\"noreferrer noopener\" href=\"https:\/\/www.instagram.com\/aconteceunovale\" target=\"_blank\">@aconteceunovale<\/a>.<\/p>\n","protected":false},"excerpt":{"rendered":"<p>A Prefeitura de Governador Valadares (MG) confirmou 80 novos casos de Covid-19 nas \u00faltimas 24 horas. Segundo informa\u00e7\u00f5es do boletim epidemiol\u00f3gico, atualizado na noite deste s\u00e1bado (11\/7\/2020), o munic\u00edpio soma 2.297 pessoas atingidas pelo coronav\u00edrus. De acordo com a prefeitura, 79 pacientes est\u00e3o internados (43 em UTI) e 418 em isolamento domiciliar. Dentro das estat\u00edsticas [&hellip;]<\/p>\n","protected":false},"author":1,"featured_media":164462,"comment_status":"open","ping_status":"closed","sticky":false,"template":"","format":"standard","meta":{"amp_status":"","footnotes":""},"categories":[121,40242],"tags":[220829,225145,214884,218094,220825,216498,218304,224548,223531,223293,222873,223206,223479,224938,223376,223962,222851,223026,223730,225147,225144,222875,247,220827,222678,222297,220828,220826,224675,222976,222915,223139,223080,18800,220832,222366,220831,222874,220830,225143,221816,225146,35082,221918,223055,216458,222595,222753,18801,222876],"class_list":["post-165600","post","type-post","status-publish","format-standard","has-post-thumbnail","hentry","category-leste","category-saude-2","tag-casos-de-coronavirus-em-governador-valadares","tag-comercio-em-governador-valadares","tag-coronavirus","tag-coronavirus-em-governador-valadares","tag-coronavirus-governador-valadares-tem-21-casos-confirmados-e-4-obitos","tag-covid-19","tag-covid-19-em-governador-valadares","tag-covid-19-governador-valadares-confirma-mais-dois-obitos-e-42-casos","tag-covid-19-governador-valadares-confirma-mais-nove-casos-e-um-obito","tag-covid-19-governador-valadares-registra-23-novos-casos-e-um-obito","tag-covid-19-governador-valadares-registra-mais-18-casos-e-dois-obitos","tag-covid-19-governador-valadares-registra-mais-24-casos-e-3-obitos","tag-covid-19-governador-valadares-registra-mais-33-casos-e-dois-obitos","tag-covid-19-governador-valadares-registra-mais-36-casos-e-seis-obitos","tag-covid-19-governador-valadares-tem-22-obitos-e-351-casos-confirmados","tag-covid-19-governador-valadares-tem-34-obitos-e-357-recuperados","tag-covid-19-prefeitura-de-governador-valadares-confirma-mais-10-casos-e-dois-obitos","tag-covid-19-prefeitura-de-governador-valadares-confirma-mais-14-casos-e-dois-obitos","tag-covid-19-prefeitura-de-governador-valadares-confirma-mais-34-casos-e-dois-obitos","tag-funcionamento-das-autoescolas-em-governador-valadares","tag-funcionamento-do-comercio-em-governador-valadares","tag-funcionario-da-prefeitura-de-governador-valadares","tag-governador-valadares","tag-governador-valadares-confirma-21-casos-de-covid-19","tag-governador-valadares-confirma-mais-13-casos-de-covid-19","tag-governador-valadares-confirma-mais-dois-obitos-por-covid-19","tag-governador-valadares-coronavirus","tag-governador-valadares-covid-19","tag-governador-valadares-passa-de-1-200-casos-confirmados-de-covid-19-53-pacientes-morreram-e-783-estao-recuperados","tag-governador-valadares-registra-15-novos-casos-de-covid-19","tag-governador-valadares-registra-mais-11-casos-de-covid-19","tag-governador-valadares-tem-200-pacientes-recuperados-da-covid-19","tag-governador-valadares-tem-271-casos-de-covid-19-180-pacientes-estao-recuperados-e-18-morreram","tag-gv","tag-isolamento-social-em-governador-valadares","tag-mais-de-60-dos-infectados-com-coronavirus-em-governador-valadares-ja-estao-recuperados","tag-monitoramento-do-isolamento-social-em-valadares","tag-morte-de-funcionario-da-prefeitura-de-governador-valadares","tag-mortes-por-coronavirus-em-governador-valadares","tag-novo-decreto-da-prefeitura-de-governador-valadares-permite-praticas-esportivas-individuais-e-funcionamento-de-autoescolas","tag-numero-de-infectados-por-coronavirus-em-governador-valadares-sobe-para-76","tag-praticas-esportivas-em-governador-valadares","tag-prefeitura-de-governador-valadares","tag-prefeitura-de-governador-valadares-confirma-mais-8-casos-de-covid-19","tag-prefeitura-de-governador-valadares-confirma-mais-oito-casos-de-covid-19","tag-servidor-da-prefeitura-de-governador-valadares","tag-sobe-para-167-o-numero-de-casos-confirmados-de-coronavirus-em-governador-valadares","tag-sobe-para-193-o-numero-de-casos-confirmados-de-covid-19-em-governador-valadares","tag-valadares","tag-willian-coelho-almeida"],"_links":{"self":[{"href":"https:\/\/aconteceunovale.com.br\/portal\/index.php?rest_route=\/wp\/v2\/posts\/165600","targetHints":{"allow":["GET"]}}],"collection":[{"href":"https:\/\/aconteceunovale.com.br\/portal\/index.php?rest_route=\/wp\/v2\/posts"}],"about":[{"href":"https:\/\/aconteceunovale.com.br\/portal\/index.php?rest_route=\/wp\/v2\/types\/post"}],"author":[{"embeddable":true,"href":"https:\/\/aconteceunovale.com.br\/portal\/index.php?rest_route=\/wp\/v2\/users\/1"}],"replies":[{"embeddable":true,"href":"https:\/\/aconteceunovale.com.br\/portal\/index.php?rest_route=%2Fwp%2Fv2%2Fcomments&post=165600"}],"version-history":[{"count":2,"href":"https:\/\/aconteceunovale.com.br\/portal\/index.php?rest_route=\/wp\/v2\/posts\/165600\/revisions"}],"predecessor-version":[{"id":165602,"href":"https:\/\/aconteceunovale.com.br\/portal\/index.php?rest_route=\/wp\/v2\/posts\/165600\/revisions\/165602"}],"wp:featuredmedia":[{"embeddable":true,"href":"https:\/\/aconteceunovale.com.br\/portal\/index.php?rest_route=\/wp\/v2\/media\/164462"}],"wp:attachment":[{"href":"https:\/\/aconteceunovale.com.br\/portal\/index.php?rest_route=%2Fwp%2Fv2%2Fmedia&parent=165600"}],"wp:term":[{"taxonomy":"category","embeddable":true,"href":"https:\/\/aconteceunovale.com.br\/portal\/index.php?rest_route=%2Fwp%2Fv2%2Fcategories&post=165600"},{"taxonomy":"post_tag","embeddable":true,"href":"https:\/\/aconteceunovale.com.br\/portal\/index.php?rest_route=%2Fwp%2Fv2%2Ftags&post=165600"}],"curies":[{"name":"wp","href":"https:\/\/api.w.org\/{rel}","templated":true}]}}